{"id":17849,"date":"2021-10-21T12:15:11","date_gmt":"2021-10-21T10:15:11","guid":{"rendered":"https:\/?p=17849"},"modified":"2021-10-21T12:23:12","modified_gmt":"2021-10-21T10:23:12","slug":"fender-y-lexus-colaboran-para-producir-la-guitarra-fender-lexus-lc-stratocaster","status":"publish","type":"post","link":"https:\/\/luxonomy.net\/es\/fender-y-lexus-colaboran-para-producir-la-guitarra-fender-lexus-lc-stratocaster\/","title":{"rendered":"Fender\u00ae y Lexus colaboran para producir la guitarra Fender\u00ae Lexus LC Stratocaster\u00ae"},"content":{"rendered":"<p>\u201cLa colaboraci\u00f3n con Lexus para conceptualizar, dise\u00f1ar y fabricar la Fender<span style=\"font-size: 8pt;\"><sup>\u00ae<\/sup><\/span> Lexus LC Stratocaster<span style=\"font-size: 8pt;\"><sup>\u00ae<\/sup><\/span> ha sido una aventura incre\u00edble\u201d, declar\u00f3 Mike Lewis, vicepresidente de Desarrollo de producto de Fender Custom Shop<span style=\"font-size: 8pt;\"><sup>TM<\/sup><\/span>. \u201cEl proceso seguido por nuestro equipo para dise\u00f1ar esta Strato se ha movido por la pasi\u00f3n, y ha sido fuente de inspiraci\u00f3n y de entusiasmo en el taller\u201d. Nuestro equipo est\u00e1 constantemente creando productos innovadores y este lanzamiento es otra gran muestra de la artesan\u00eda y la creatividad en Fender<span style=\"font-size: 8pt;\"><sup>\u00ae<\/sup><\/span> \u201c.<\/p>\n<p>La guitarra Stratocaster<span style=\"font-size: 8pt;\"><sup>\u00ae<\/sup><\/span> presenta un acabado en azul estructural, un rango espectral que da lugar a un azul metalizado intenso, inspirado originalmente en la mariposa morpho. La pintura de la guitarra Stratocaster<span style=\"font-size: 8pt;\"><sup>\u00ae<\/sup><\/span> es la misma empleada en el coup\u00e9 Lexus LC 500. La pintura azul estructural da vida a las pronunciadas curvas de la carrocer\u00eda del LC 500, y ahora al cuerpo de la guitarra. La pintura no contiene ning\u00fan material azul, pero tiene un aspecto azulado por la interferencia de la luz. Para generar el color definitivo, se combinan varias capas de materiales incoloros; de ah\u00ed el calificativo de \u201cestructural\u201d.<\/p>\n<div class=\"flex-video widescreen youtube\"><iframe loading=\"lazy\" title=\"Fender Lexus LC Stratocaster\u00ae | Fender Custom Shop | Fender\" width=\"1170\" height=\"658\" src=\"https:\/\/www.youtube.com\/embed\/id--sl6xL3Q?feature=oembed\" frameborder=\"0\" allow=\"accelerometer; autoplay; clipboard-write; encrypted-media; gyroscope; picture-in-picture\" allowfullscreen><\/iframe><\/div>\n<p>El m\u00e1stil se ha modelado a partir de una hermosa madera de arce flameado 3A, con acabados de uretano brillante, y deja entrever la tradici\u00f3n ebanista de Fender<span style=\"font-size: 8pt;\"><sup>\u00ae<\/sup><\/span>, en contraste con otros elementos visuales del instrumento m\u00e1s avanzados. El diapas\u00f3n est\u00e1 hecho de Richlite pulido en azul intenso, un material compuesto conocido por sus propiedades tonales, su estabilidad estructural y su resistencia al desgaste y a la humedad; y utilizada por Fender Custom Shop<span style=\"font-size: 8pt;\"><sup>TM<\/sup><\/span> por primera vez. El diapas\u00f3n tiene un radio m\u00e1s plano, de 12\u201d, y 22 trastes de acero inoxidable de tama\u00f1o medio-grande. En los escenarios menos iluminados, las inserciones del diapas\u00f3n Luminlay blanco brillan con un azul intenso.<\/p><div id=\"luxon-1251224969\" class=\"luxon-3er-parrafo luxon-entity-placement\" style=\"margin-top: 20px;margin-bottom: 20px;margin-left: auto;margin-right: auto;text-align: center;\"><a href=\"https:\/\/luxonomy.university\/course\/master-turismo-de-lujo\" target=\"_blank\" aria-label=\"master-turismo-lujo-2026-2027\"><img loading=\"lazy\" decoding=\"async\" src=\"https:\/\/i0.wp.com\/luxonomy.net\/wp-content\/uploads\/2020\/07\/master-turismo-lujo-2026-2027.jpg?fit=1672%2C941&#038;ssl=1\" alt=\"\"  srcset=\"https:\/\/i0.wp.com\/luxonomy.net\/wp-content\/uploads\/2020\/07\/master-turismo-lujo-2026-2027.jpg?w=1672&ssl=1 1672w, https:\/\/i0.wp.com\/luxonomy.net\/wp-content\/uploads\/2020\/07\/master-turismo-lujo-2026-2027.jpg?resize=300%2C169&ssl=1 300w, https:\/\/i0.wp.com\/luxonomy.net\/wp-content\/uploads\/2020\/07\/master-turismo-lujo-2026-2027.jpg?resize=1024%2C576&ssl=1 1024w, https:\/\/i0.wp.com\/luxonomy.net\/wp-content\/uploads\/2020\/07\/master-turismo-lujo-2026-2027.jpg?resize=768%2C432&ssl=1 768w, https:\/\/i0.wp.com\/luxonomy.net\/wp-content\/uploads\/2020\/07\/master-turismo-lujo-2026-2027.jpg?resize=1536%2C864&ssl=1 1536w, https:\/\/i0.wp.com\/luxonomy.net\/wp-content\/uploads\/2020\/07\/master-turismo-lujo-2026-2027.jpg?resize=370%2C208&ssl=1 370w, https:\/\/i0.wp.com\/luxonomy.net\/wp-content\/uploads\/2020\/07\/master-turismo-lujo-2026-2027.jpg?resize=800%2C450&ssl=1 800w, https:\/\/i0.wp.com\/luxonomy.net\/wp-content\/uploads\/2020\/07\/master-turismo-lujo-2026-2027.jpg?resize=20%2C11&ssl=1 20w, https:\/\/i0.wp.com\/luxonomy.net\/wp-content\/uploads\/2020\/07\/master-turismo-lujo-2026-2027.jpg?resize=740%2C416&ssl=1 740w, https:\/\/i0.wp.com\/luxonomy.net\/wp-content\/uploads\/2020\/07\/master-turismo-lujo-2026-2027.jpg?resize=1600%2C900&ssl=1 1600w, https:\/\/i0.wp.com\/luxonomy.net\/wp-content\/uploads\/2020\/07\/master-turismo-lujo-2026-2027.jpg?resize=1200%2C675&ssl=1 1200w, https:\/\/i0.wp.com\/luxonomy.net\/wp-content\/uploads\/2020\/07\/master-turismo-lujo-2026-2027.jpg?resize=85%2C48&ssl=1 85w\" sizes=\"(max-width: 1170px) 100vw, 1170px\" class=\"no-lazyload\" width=\"1672\" height=\"941\"   \/><\/a><\/div>\n<p><img loading=\"lazy\" decoding=\"async\" data-attachment-id=\"17854\" data-permalink=\"https:\/\/luxonomy.net\/es\/fender-y-lexus-colaboran-para-producir-la-guitarra-fender-lexus-lc-stratocaster\/fender-lexus\/\" data-orig-file=\"https:\/\/i0.wp.com\/luxonomy.net\/wp-content\/uploads\/2021\/10\/fender-lexus.jpg?fit=710%2C399&amp;ssl=1\" data-orig-size=\"710,399\" data-comments-opened=\"1\" data-image-title=\"fender-lexus\" data-image-description=\"\" data-image-caption=\"\" data-large-file=\"https:\/\/i0.wp.com\/luxonomy.net\/wp-content\/uploads\/2021\/10\/fender-lexus.jpg?fit=710%2C399&amp;ssl=1\" class=\"aligncenter wp-image-17854 size-full lazyload\" src=\"data:image\/gif;base64,R0lGODlhAQABAAAAACH5BAEKAAEALAAAAAABAAEAAAICTAEAOw==\" data-src=\"http:\/\/luxonomy.net\/wp-content\/uploads\/2021\/10\/fender-lexus.jpg\" alt=\"\" width=\"710\" height=\"399\" data-sizes=\"auto\" data-srcset=\"https:\/\/i0.wp.com\/luxonomy.net\/wp-content\/uploads\/2021\/10\/fender-lexus.jpg?w=710&amp;ssl=1 710w, https:\/\/i0.wp.com\/luxonomy.net\/wp-content\/uploads\/2021\/10\/fender-lexus.jpg?resize=300%2C169&amp;ssl=1 300w, https:\/\/i0.wp.com\/luxonomy.net\/wp-content\/uploads\/2021\/10\/fender-lexus.jpg?resize=370%2C208&amp;ssl=1 370w, https:\/\/i0.wp.com\/luxonomy.net\/wp-content\/uploads\/2021\/10\/fender-lexus.jpg?resize=20%2C11&amp;ssl=1 20w, https:\/\/i0.wp.com\/luxonomy.net\/wp-content\/uploads\/2021\/10\/fender-lexus.jpg?resize=185%2C104&amp;ssl=1 185w, https:\/\/i0.wp.com\/luxonomy.net\/wp-content\/uploads\/2021\/10\/fender-lexus.jpg?resize=400%2C225&amp;ssl=1 400w, https:\/\/i0.wp.com\/luxonomy.net\/wp-content\/uploads\/2021\/10\/fender-lexus.jpg?resize=600%2C337&amp;ssl=1 600w, https:\/\/i0.wp.com\/luxonomy.net\/wp-content\/uploads\/2021\/10\/fender-lexus.jpg?resize=85%2C48&amp;ssl=1 85w\" sizes=\"auto, (max-width: 710px) 100vw, 710px\" \/><\/p>\n<p>Por otra parte, el golpeador est\u00e1 sujeto mediante tornillos mecanizados con cabeza plana negra que recuerdan a un autom\u00f3vil, mientras que las pastillas son las m\u00e1s recientes de bobinado simple silencioso de Fender\u00ae, otra novedad de Fender Custom ShopTM. Para rematarlo, la cabeza presenta un acabado en azul estructural con el logotipo cromado de Fender\u00ae, mientras que la funda personalizada que acompa\u00f1a a la guitarra est\u00e1 revestida de vinilo texturizado con fibra de carbono, con letras negras y el logotipo de Lexus bordado en la parte interior de la tapa.<\/p>\n<p>\u201cFender<span style=\"font-size: 8pt;\"><sup>\u00ae<\/sup><\/span> es una marca legendaria que ha dejado una huella imborrable en el mundo de la m\u00fasica. Por eso, es para Lexus un honor colaborar con ellos en el desarrollo de esta singular guitarra que hace gala de las caracter\u00edsticas de dise\u00f1o \u00fanicas de nuestra marca y la tecnolog\u00eda de pintura azul estructural\u201d, declar\u00f3 Brian Bolain, director general de Lexus International. \u201cCon esta alianza, esperamos dar a conocer el gran nivel de artesan\u00eda que comparten Fender Custom Shop<span style=\"font-size: 8pt;\"><sup>TM<\/sup><\/span> y Lexus en su intento por crear una experiencia m\u00e1s personal para sus clientes\u201d.<\/p>\n<p>D\u00eda tras d\u00eda, los prestigiosos Maestros constructores de Fender Custom Shop<span style=\"font-size: 8pt;\"><sup>TM<\/sup><\/span> afrontan el desaf\u00edo de crear guitarras y bajos sin l\u00edmites. En l\u00ednea con la configuraci\u00f3n de los equipos de sonido de Lexus, Ron Thorn, Principal Master Builder, ha incorporado unas perillas de aluminio pulido mecanizado que recuerdan a los mandos de los equipos de alta fidelidad Mark Levinson, y adem\u00e1s ha reducido la cantidad, de los tres que suelen encontrarse en una guitarra Stratocaster<span style=\"font-size: 8pt;\"><sup>\u00ae<\/sup><\/span> a dos: volumen principal y tono principal.<\/p>\n<p>Para conocer las especificaciones t\u00e9cnicas, as\u00ed como informaci\u00f3n adicional sobre nuevos productos Fender, y para buscar el distribuidor m\u00e1s pr\u00f3ximo, visite <a href=\"https:\/\/www.fendercustomshop.com\" target=\"_blank\" rel=\"noopener\">www.fendercustomshop.com<\/a><\/p><div id=\"luxon-2338229876\" class=\"luxon-7-parrafo luxon-entity-placement\" style=\"margin-top: 20px;margin-bottom: 20px;margin-left: auto;margin-right: auto;text-align: center;\"><a href=\"https:\/\/theintelligence.institute\/course\/inteligencia-artificial-para-directivos\" target=\"_blank\" aria-label=\"CSIAD_empresas_THEI_horizontal_4x3_v5\"><img loading=\"lazy\" decoding=\"async\" src=\"https:\/\/i0.wp.com\/luxonomy.net\/wp-content\/uploads\/2025\/08\/CSIAD_empresas_THEI_horizontal_4x3_v5.png?fit=2000%2C1500&#038;ssl=1\" alt=\"\"  srcset=\"https:\/\/i0.wp.com\/luxonomy.net\/wp-content\/uploads\/2025\/08\/CSIAD_empresas_THEI_horizontal_4x3_v5.png?w=2000&ssl=1 2000w, https:\/\/i0.wp.com\/luxonomy.net\/wp-content\/uploads\/2025\/08\/CSIAD_empresas_THEI_horizontal_4x3_v5.png?resize=300%2C225&ssl=1 300w, https:\/\/i0.wp.com\/luxonomy.net\/wp-content\/uploads\/2025\/08\/CSIAD_empresas_THEI_horizontal_4x3_v5.png?resize=1024%2C768&ssl=1 1024w, https:\/\/i0.wp.com\/luxonomy.net\/wp-content\/uploads\/2025\/08\/CSIAD_empresas_THEI_horizontal_4x3_v5.png?resize=768%2C576&ssl=1 768w, https:\/\/i0.wp.com\/luxonomy.net\/wp-content\/uploads\/2025\/08\/CSIAD_empresas_THEI_horizontal_4x3_v5.png?resize=1536%2C1152&ssl=1 1536w, https:\/\/i0.wp.com\/luxonomy.net\/wp-content\/uploads\/2025\/08\/CSIAD_empresas_THEI_horizontal_4x3_v5.png?resize=370%2C278&ssl=1 370w, https:\/\/i0.wp.com\/luxonomy.net\/wp-content\/uploads\/2025\/08\/CSIAD_empresas_THEI_horizontal_4x3_v5.png?resize=800%2C600&ssl=1 800w, https:\/\/i0.wp.com\/luxonomy.net\/wp-content\/uploads\/2025\/08\/CSIAD_empresas_THEI_horizontal_4x3_v5.png?resize=20%2C15&ssl=1 20w, https:\/\/i0.wp.com\/luxonomy.net\/wp-content\/uploads\/2025\/08\/CSIAD_empresas_THEI_horizontal_4x3_v5.png?resize=740%2C555&ssl=1 740w, https:\/\/i0.wp.com\/luxonomy.net\/wp-content\/uploads\/2025\/08\/CSIAD_empresas_THEI_horizontal_4x3_v5.png?resize=1600%2C1200&ssl=1 1600w, https:\/\/i0.wp.com\/luxonomy.net\/wp-content\/uploads\/2025\/08\/CSIAD_empresas_THEI_horizontal_4x3_v5.png?resize=1200%2C900&ssl=1 1200w, https:\/\/i0.wp.com\/luxonomy.net\/wp-content\/uploads\/2025\/08\/CSIAD_empresas_THEI_horizontal_4x3_v5.png?resize=64%2C48&ssl=1 64w\" sizes=\"(max-width: 1170px) 100vw, 1170px\" class=\"no-lazyload\" width=\"2000\" height=\"1500\"   \/><\/a><\/div>\n","protected":false},"excerpt":{"rendered":"<p>\u201cLa colaboraci\u00f3n con Lexus para conceptualizar, dise\u00f1ar y fabricar la Fender\u00ae Lexus LC Stratocaster\u00ae ha sido una aventura incre\u00edble\u201d, declar\u00f3 Mike Lewis, vicepresidente de Desarrollo de producto de Fender Custom ShopTM. \u201cEl proceso seguido por nuestro equipo para dise\u00f1ar esta Strato se ha movido por la pasi\u00f3n, y ha sido fuente de inspiraci\u00f3n y de&hellip;<\/p>\n","protected":false},"author":10,"featured_media":17850,"comment_status":"open","ping_status":"open","sticky":false,"template":"","format":"standard","meta":{"_jetpack_newsletter_access":"","_jetpack_dont_email_post_to_subs":false,"_jetpack_newsletter_tier_id":0,"_jetpack_memberships_contains_paywalled_content":false,"_jetpack_feature_clip_id":0,"_jetpack_memberships_contains_paid_content":false,"footnotes":"","jetpack_publicize_message":"","jetpack_publicize_feature_enabled":true,"jetpack_social_post_already_shared":true,"jetpack_social_options":{"image_generator_settings":{"template":"edge","default_image_id":0,"font":"","enabled":false},"version":2},"jetpack_post_was_ever_published":false},"categories":[505],"tags":[1215,295],"thb-sponsors":[],"class_list":["post-17849","post","type-post","status-publish","format-standard","has-post-thumbnail","hentry","category-sin-categorizar","tag-fender","tag-lexus"],"yoast_head":"<!-- This site is optimized with the Yoast SEO plugin v28.4 - https:\/\/yoast.com\/product\/yoast-seo-wordpress\/ -->\n<title>Fender\u00ae y Lexus colaboran para producir la guitarra Fender\u00ae Lexus LC Stratocaster\u00ae | LUXONOMY<\/title>\n<meta name=\"robots\" content=\"index, follow, max-snippet:-1, max-image-preview:large, max-video-preview:-1\" \/>\n<link rel=\"canonical\" href=\"https:\/\/luxonomy.net\/es\/fender-y-lexus-colaboran-para-producir-la-guitarra-fender-lexus-lc-stratocaster\/\" \/>\n<meta property=\"og:locale\" content=\"es_ES\" \/>\n<meta property=\"og:type\" content=\"article\" \/>\n<meta property=\"og:title\" content=\"Fender\u00ae y Lexus colaboran para producir la guitarra Fender\u00ae Lexus LC Stratocaster\u00ae | LUXONOMY\" \/>\n<meta property=\"og:description\" content=\"\u201cLa colaboraci\u00f3n con Lexus para conceptualizar, dise\u00f1ar y fabricar la Fender\u00ae Lexus LC Stratocaster\u00ae ha sido una aventura incre\u00edble\u201d, declar\u00f3 Mike Lewis, vicepresidente de Desarrollo de producto de Fender Custom ShopTM. \u201cEl proceso seguido por nuestro equipo para dise\u00f1ar esta Strato se ha movido por la pasi\u00f3n, y ha sido fuente de inspiraci\u00f3n y de&hellip;\" \/>\n<meta property=\"og:url\" content=\"https:\/\/luxonomy.net\/es\/fender-y-lexus-colaboran-para-producir-la-guitarra-fender-lexus-lc-stratocaster\/\" \/>\n<meta property=\"og:site_name\" content=\"LUXONOMY\" \/>\n<meta property=\"article:publisher\" content=\"https:\/\/www.facebook.com\/luxonomy\" \/>\n<meta property=\"article:published_time\" content=\"2021-10-21T10:15:11+00:00\" \/>\n<meta property=\"article:modified_time\" content=\"2021-10-21T10:23:12+00:00\" \/>\n<meta property=\"og:image\" content=\"https:\/\/i0.wp.com\/luxonomy.net\/wp-content\/uploads\/2021\/10\/Fender%C2%AE-y-Lexus-colaboran-para-producir-la-guitarra-Fender%C2%AE-Lexus-LC-Stratocaster%C2%AE.jpg?fit=1920%2C1080&quality=89&ssl=1\" \/>\n\t<meta property=\"og:image:width\" content=\"1920\" \/>\n\t<meta property=\"og:image:height\" content=\"1080\" \/>\n\t<meta property=\"og:image:type\" content=\"image\/jpeg\" \/>\n<meta name=\"author\" content=\"Chiara Gabardi\" \/>\n<meta name=\"twitter:card\" content=\"summary_large_image\" \/>\n<meta name=\"twitter:label1\" content=\"Escrito por\" \/>\n\t<meta name=\"twitter:data1\" content=\"Chiara Gabardi\" \/>\n\t<meta name=\"twitter:label2\" content=\"Tiempo de lectura\" \/>\n\t<meta name=\"twitter:data2\" content=\"3 minutos\" \/>\n<script type=\"application\/ld+json\" class=\"yoast-schema-graph\">{\"@context\":\"https:\\\/\\\/schema.org\",\"@graph\":[{\"@type\":\"Article\",\"@id\":\"https:\\\/\\\/luxonomy.net\\\/es\\\/fender-y-lexus-colaboran-para-producir-la-guitarra-fender-lexus-lc-stratocaster\\\/#article\",\"isPartOf\":{\"@id\":\"https:\\\/\\\/luxonomy.net\\\/es\\\/fender-y-lexus-colaboran-para-producir-la-guitarra-fender-lexus-lc-stratocaster\\\/\"},\"author\":{\"name\":\"Chiara Gabardi\",\"@id\":\"https:\\\/\\\/luxonomy.net\\\/es\\\/#\\\/schema\\\/person\\\/9d526ffe93a0cc9cecc91760f49da3ef\"},\"headline\":\"Fender\u00ae y Lexus colaboran para producir la guitarra Fender\u00ae Lexus LC Stratocaster\u00ae\",\"datePublished\":\"2021-10-21T10:15:11+00:00\",\"dateModified\":\"2021-10-21T10:23:12+00:00\",\"mainEntityOfPage\":{\"@id\":\"https:\\\/\\\/luxonomy.net\\\/es\\\/fender-y-lexus-colaboran-para-producir-la-guitarra-fender-lexus-lc-stratocaster\\\/\"},\"wordCount\":638,\"commentCount\":0,\"publisher\":{\"@id\":\"https:\\\/\\\/luxonomy.net\\\/es\\\/#organization\"},\"image\":{\"@id\":\"https:\\\/\\\/luxonomy.net\\\/es\\\/fender-y-lexus-colaboran-para-producir-la-guitarra-fender-lexus-lc-stratocaster\\\/#primaryimage\"},\"thumbnailUrl\":\"https:\\\/\\\/i0.wp.com\\\/luxonomy.net\\\/wp-content\\\/uploads\\\/2021\\\/10\\\/Fender%C2%AE-y-Lexus-colaboran-para-producir-la-guitarra-Fender%C2%AE-Lexus-LC-Stratocaster%C2%AE.jpg?fit=1920%2C1080&ssl=1\",\"keywords\":[\"Fender\",\"Lexus\"],\"articleSection\":[\"Sin categorizar\"],\"inLanguage\":\"es\",\"potentialAction\":[{\"@type\":\"CommentAction\",\"name\":\"Comment\",\"target\":[\"https:\\\/\\\/luxonomy.net\\\/es\\\/fender-y-lexus-colaboran-para-producir-la-guitarra-fender-lexus-lc-stratocaster\\\/#respond\"]}]},{\"@type\":\"WebPage\",\"@id\":\"https:\\\/\\\/luxonomy.net\\\/es\\\/fender-y-lexus-colaboran-para-producir-la-guitarra-fender-lexus-lc-stratocaster\\\/\",\"url\":\"https:\\\/\\\/luxonomy.net\\\/es\\\/fender-y-lexus-colaboran-para-producir-la-guitarra-fender-lexus-lc-stratocaster\\\/\",\"name\":\"Fender\u00ae y Lexus colaboran para producir la guitarra Fender\u00ae Lexus LC Stratocaster\u00ae | LUXONOMY\",\"isPartOf\":{\"@id\":\"https:\\\/\\\/luxonomy.net\\\/es\\\/#website\"},\"primaryImageOfPage\":{\"@id\":\"https:\\\/\\\/luxonomy.net\\\/es\\\/fender-y-lexus-colaboran-para-producir-la-guitarra-fender-lexus-lc-stratocaster\\\/#primaryimage\"},\"image\":{\"@id\":\"https:\\\/\\\/luxonomy.net\\\/es\\\/fender-y-lexus-colaboran-para-producir-la-guitarra-fender-lexus-lc-stratocaster\\\/#primaryimage\"},\"thumbnailUrl\":\"https:\\\/\\\/i0.wp.com\\\/luxonomy.net\\\/wp-content\\\/uploads\\\/2021\\\/10\\\/Fender%C2%AE-y-Lexus-colaboran-para-producir-la-guitarra-Fender%C2%AE-Lexus-LC-Stratocaster%C2%AE.jpg?fit=1920%2C1080&ssl=1\",\"datePublished\":\"2021-10-21T10:15:11+00:00\",\"dateModified\":\"2021-10-21T10:23:12+00:00\",\"breadcrumb\":{\"@id\":\"https:\\\/\\\/luxonomy.net\\\/es\\\/fender-y-lexus-colaboran-para-producir-la-guitarra-fender-lexus-lc-stratocaster\\\/#breadcrumb\"},\"inLanguage\":\"es\",\"potentialAction\":[{\"@type\":\"ReadAction\",\"target\":[\"https:\\\/\\\/luxonomy.net\\\/es\\\/fender-y-lexus-colaboran-para-producir-la-guitarra-fender-lexus-lc-stratocaster\\\/\"]}]},{\"@type\":\"ImageObject\",\"inLanguage\":\"es\",\"@id\":\"https:\\\/\\\/luxonomy.net\\\/es\\\/fender-y-lexus-colaboran-para-producir-la-guitarra-fender-lexus-lc-stratocaster\\\/#primaryimage\",\"url\":\"https:\\\/\\\/i0.wp.com\\\/luxonomy.net\\\/wp-content\\\/uploads\\\/2021\\\/10\\\/Fender%C2%AE-y-Lexus-colaboran-para-producir-la-guitarra-Fender%C2%AE-Lexus-LC-Stratocaster%C2%AE.jpg?fit=1920%2C1080&ssl=1\",\"contentUrl\":\"https:\\\/\\\/i0.wp.com\\\/luxonomy.net\\\/wp-content\\\/uploads\\\/2021\\\/10\\\/Fender%C2%AE-y-Lexus-colaboran-para-producir-la-guitarra-Fender%C2%AE-Lexus-LC-Stratocaster%C2%AE.jpg?fit=1920%2C1080&ssl=1\",\"width\":1920,\"height\":1080},{\"@type\":\"BreadcrumbList\",\"@id\":\"https:\\\/\\\/luxonomy.net\\\/es\\\/fender-y-lexus-colaboran-para-producir-la-guitarra-fender-lexus-lc-stratocaster\\\/#breadcrumb\",\"itemListElement\":[{\"@type\":\"ListItem\",\"position\":1,\"name\":\"Portada\",\"item\":\"https:\\\/\\\/luxonomy.net\\\/es\\\/\"},{\"@type\":\"ListItem\",\"position\":2,\"name\":\"Fender\u00ae y Lexus colaboran para producir la guitarra Fender\u00ae Lexus LC Stratocaster\u00ae\"}]},{\"@type\":\"WebSite\",\"@id\":\"https:\\\/\\\/luxonomy.net\\\/es\\\/#website\",\"url\":\"https:\\\/\\\/luxonomy.net\\\/es\\\/\",\"name\":\"LUXONOMY\",\"description\":\"The Economy of Fashion &amp; Luxury\",\"publisher\":{\"@id\":\"https:\\\/\\\/luxonomy.net\\\/es\\\/#organization\"},\"potentialAction\":[{\"@type\":\"SearchAction\",\"target\":{\"@type\":\"EntryPoint\",\"urlTemplate\":\"https:\\\/\\\/luxonomy.net\\\/es\\\/?s={search_term_string}\"},\"query-input\":{\"@type\":\"PropertyValueSpecification\",\"valueRequired\":true,\"valueName\":\"search_term_string\"}}],\"inLanguage\":\"es\"},{\"@type\":\"Organization\",\"@id\":\"https:\\\/\\\/luxonomy.net\\\/es\\\/#organization\",\"name\":\"LUXONOMY\",\"url\":\"https:\\\/\\\/luxonomy.net\\\/es\\\/\",\"logo\":{\"@type\":\"ImageObject\",\"inLanguage\":\"es\",\"@id\":\"https:\\\/\\\/luxonomy.net\\\/es\\\/#\\\/schema\\\/logo\\\/image\\\/\",\"url\":\"https:\\\/\\\/i2.wp.com\\\/luxonomy.net\\\/wp-content\\\/uploads\\\/2021\\\/09\\\/MOCKUP-TODOS-LUXONOMY.jpg?fit=1000%2C515&ssl=1\",\"contentUrl\":\"https:\\\/\\\/i2.wp.com\\\/luxonomy.net\\\/wp-content\\\/uploads\\\/2021\\\/09\\\/MOCKUP-TODOS-LUXONOMY.jpg?fit=1000%2C515&ssl=1\",\"width\":1000,\"height\":515,\"caption\":\"LUXONOMY\"},\"image\":{\"@id\":\"https:\\\/\\\/luxonomy.net\\\/es\\\/#\\\/schema\\\/logo\\\/image\\\/\"},\"sameAs\":[\"https:\\\/\\\/www.facebook.com\\\/luxonomy\",\"https:\\\/\\\/www.instagram.com\\\/luxonomy\\\/\",\"https:\\\/\\\/www.linkedin.com\\\/company\\\/luxonomy\\\/\"]},{\"@type\":\"Person\",\"@id\":\"https:\\\/\\\/luxonomy.net\\\/es\\\/#\\\/schema\\\/person\\\/9d526ffe93a0cc9cecc91760f49da3ef\",\"name\":\"Chiara Gabardi\",\"image\":{\"@type\":\"ImageObject\",\"inLanguage\":\"es\",\"@id\":\"https:\\\/\\\/luxonomy.net\\\/wp-content\\\/litespeed\\\/avatar\\\/548640c4e2c34544e66c65ab1641a5d7.jpg?ver=1788581172\",\"url\":\"https:\\\/\\\/luxonomy.net\\\/wp-content\\\/litespeed\\\/avatar\\\/548640c4e2c34544e66c65ab1641a5d7.jpg?ver=1788581172\",\"contentUrl\":\"https:\\\/\\\/luxonomy.net\\\/wp-content\\\/litespeed\\\/avatar\\\/548640c4e2c34544e66c65ab1641a5d7.jpg?ver=1788581172\",\"caption\":\"Chiara Gabardi\"},\"description\":\"Editor at LUXONOMY\u2122 Group\",\"url\":\"https:\\\/\\\/luxonomy.net\\\/es\\\/author\\\/chiara-gabardi\\\/\"}]}<\/script>\n<!-- \/ Yoast SEO plugin. -->","yoast_head_json":{"title":"Fender\u00ae y Lexus colaboran para producir la guitarra Fender\u00ae Lexus LC Stratocaster\u00ae | LUXONOMY","robots":{"index":"index","follow":"follow","max-snippet":"max-snippet:-1","max-image-preview":"max-image-preview:large","max-video-preview":"max-video-preview:-1"},"canonical":"https:\/\/luxonomy.net\/es\/fender-y-lexus-colaboran-para-producir-la-guitarra-fender-lexus-lc-stratocaster\/","og_locale":"es_ES","og_type":"article","og_title":"Fender\u00ae y Lexus colaboran para producir la guitarra Fender\u00ae Lexus LC Stratocaster\u00ae | LUXONOMY","og_description":"\u201cLa colaboraci\u00f3n con Lexus para conceptualizar, dise\u00f1ar y fabricar la Fender\u00ae Lexus LC Stratocaster\u00ae ha sido una aventura incre\u00edble\u201d, declar\u00f3 Mike Lewis, vicepresidente de Desarrollo de producto de Fender Custom ShopTM. \u201cEl proceso seguido por nuestro equipo para dise\u00f1ar esta Strato se ha movido por la pasi\u00f3n, y ha sido fuente de inspiraci\u00f3n y de&hellip;","og_url":"https:\/\/luxonomy.net\/es\/fender-y-lexus-colaboran-para-producir-la-guitarra-fender-lexus-lc-stratocaster\/","og_site_name":"LUXONOMY","article_publisher":"https:\/\/www.facebook.com\/luxonomy","article_published_time":"2021-10-21T10:15:11+00:00","article_modified_time":"2021-10-21T10:23:12+00:00","og_image":[{"width":1920,"height":1080,"url":"https:\/\/i0.wp.com\/luxonomy.net\/wp-content\/uploads\/2021\/10\/Fender%C2%AE-y-Lexus-colaboran-para-producir-la-guitarra-Fender%C2%AE-Lexus-LC-Stratocaster%C2%AE.jpg?fit=1920%2C1080&quality=89&ssl=1","type":"image\/jpeg"}],"author":"Chiara Gabardi","twitter_card":"summary_large_image","twitter_misc":{"Escrito por":"Chiara Gabardi","Tiempo de lectura":"3 minutos"},"schema":{"@context":"https:\/\/schema.org","@graph":[{"@type":"Article","@id":"https:\/\/luxonomy.net\/es\/fender-y-lexus-colaboran-para-producir-la-guitarra-fender-lexus-lc-stratocaster\/#article","isPartOf":{"@id":"https:\/\/luxonomy.net\/es\/fender-y-lexus-colaboran-para-producir-la-guitarra-fender-lexus-lc-stratocaster\/"},"author":{"name":"Chiara Gabardi","@id":"https:\/\/luxonomy.net\/es\/#\/schema\/person\/9d526ffe93a0cc9cecc91760f49da3ef"},"headline":"Fender\u00ae y Lexus colaboran para producir la guitarra Fender\u00ae Lexus LC Stratocaster\u00ae","datePublished":"2021-10-21T10:15:11+00:00","dateModified":"2021-10-21T10:23:12+00:00","mainEntityOfPage":{"@id":"https:\/\/luxonomy.net\/es\/fender-y-lexus-colaboran-para-producir-la-guitarra-fender-lexus-lc-stratocaster\/"},"wordCount":638,"commentCount":0,"publisher":{"@id":"https:\/\/luxonomy.net\/es\/#organization"},"image":{"@id":"https:\/\/luxonomy.net\/es\/fender-y-lexus-colaboran-para-producir-la-guitarra-fender-lexus-lc-stratocaster\/#primaryimage"},"thumbnailUrl":"https:\/\/i0.wp.com\/luxonomy.net\/wp-content\/uploads\/2021\/10\/Fender%C2%AE-y-Lexus-colaboran-para-producir-la-guitarra-Fender%C2%AE-Lexus-LC-Stratocaster%C2%AE.jpg?fit=1920%2C1080&ssl=1","keywords":["Fender","Lexus"],"articleSection":["Sin categorizar"],"inLanguage":"es","potentialAction":[{"@type":"CommentAction","name":"Comment","target":["https:\/\/luxonomy.net\/es\/fender-y-lexus-colaboran-para-producir-la-guitarra-fender-lexus-lc-stratocaster\/#respond"]}]},{"@type":"WebPage","@id":"https:\/\/luxonomy.net\/es\/fender-y-lexus-colaboran-para-producir-la-guitarra-fender-lexus-lc-stratocaster\/","url":"https:\/\/luxonomy.net\/es\/fender-y-lexus-colaboran-para-producir-la-guitarra-fender-lexus-lc-stratocaster\/","name":"Fender\u00ae y Lexus colaboran para producir la guitarra Fender\u00ae Lexus LC Stratocaster\u00ae | LUXONOMY","isPartOf":{"@id":"https:\/\/luxonomy.net\/es\/#website"},"primaryImageOfPage":{"@id":"https:\/\/luxonomy.net\/es\/fender-y-lexus-colaboran-para-producir-la-guitarra-fender-lexus-lc-stratocaster\/#primaryimage"},"image":{"@id":"https:\/\/luxonomy.net\/es\/fender-y-lexus-colaboran-para-producir-la-guitarra-fender-lexus-lc-stratocaster\/#primaryimage"},"thumbnailUrl":"https:\/\/i0.wp.com\/luxonomy.net\/wp-content\/uploads\/2021\/10\/Fender%C2%AE-y-Lexus-colaboran-para-producir-la-guitarra-Fender%C2%AE-Lexus-LC-Stratocaster%C2%AE.jpg?fit=1920%2C1080&ssl=1","datePublished":"2021-10-21T10:15:11+00:00","dateModified":"2021-10-21T10:23:12+00:00","breadcrumb":{"@id":"https:\/\/luxonomy.net\/es\/fender-y-lexus-colaboran-para-producir-la-guitarra-fender-lexus-lc-stratocaster\/#breadcrumb"},"inLanguage":"es","potentialAction":[{"@type":"ReadAction","target":["https:\/\/luxonomy.net\/es\/fender-y-lexus-colaboran-para-producir-la-guitarra-fender-lexus-lc-stratocaster\/"]}]},{"@type":"ImageObject","inLanguage":"es","@id":"https:\/\/luxonomy.net\/es\/fender-y-lexus-colaboran-para-producir-la-guitarra-fender-lexus-lc-stratocaster\/#primaryimage","url":"https:\/\/i0.wp.com\/luxonomy.net\/wp-content\/uploads\/2021\/10\/Fender%C2%AE-y-Lexus-colaboran-para-producir-la-guitarra-Fender%C2%AE-Lexus-LC-Stratocaster%C2%AE.jpg?fit=1920%2C1080&ssl=1","contentUrl":"https:\/\/i0.wp.com\/luxonomy.net\/wp-content\/uploads\/2021\/10\/Fender%C2%AE-y-Lexus-colaboran-para-producir-la-guitarra-Fender%C2%AE-Lexus-LC-Stratocaster%C2%AE.jpg?fit=1920%2C1080&ssl=1","width":1920,"height":1080},{"@type":"BreadcrumbList","@id":"https:\/\/luxonomy.net\/es\/fender-y-lexus-colaboran-para-producir-la-guitarra-fender-lexus-lc-stratocaster\/#breadcrumb","itemListElement":[{"@type":"ListItem","position":1,"name":"Portada","item":"https:\/\/luxonomy.net\/es\/"},{"@type":"ListItem","position":2,"name":"Fender\u00ae y Lexus colaboran para producir la guitarra Fender\u00ae Lexus LC Stratocaster\u00ae"}]},{"@type":"WebSite","@id":"https:\/\/luxonomy.net\/es\/#website","url":"https:\/\/luxonomy.net\/es\/","name":"LUXONOMY","description":"The Economy of Fashion &amp; Luxury","publisher":{"@id":"https:\/\/luxonomy.net\/es\/#organization"},"potentialAction":[{"@type":"SearchAction","target":{"@type":"EntryPoint","urlTemplate":"https:\/\/luxonomy.net\/es\/?s={search_term_string}"},"query-input":{"@type":"PropertyValueSpecification","valueRequired":true,"valueName":"search_term_string"}}],"inLanguage":"es"},{"@type":"Organization","@id":"https:\/\/luxonomy.net\/es\/#organization","name":"LUXONOMY","url":"https:\/\/luxonomy.net\/es\/","logo":{"@type":"ImageObject","inLanguage":"es","@id":"https:\/\/luxonomy.net\/es\/#\/schema\/logo\/image\/","url":"https:\/\/i2.wp.com\/luxonomy.net\/wp-content\/uploads\/2021\/09\/MOCKUP-TODOS-LUXONOMY.jpg?fit=1000%2C515&ssl=1","contentUrl":"https:\/\/i2.wp.com\/luxonomy.net\/wp-content\/uploads\/2021\/09\/MOCKUP-TODOS-LUXONOMY.jpg?fit=1000%2C515&ssl=1","width":1000,"height":515,"caption":"LUXONOMY"},"image":{"@id":"https:\/\/luxonomy.net\/es\/#\/schema\/logo\/image\/"},"sameAs":["https:\/\/www.facebook.com\/luxonomy","https:\/\/www.instagram.com\/luxonomy\/","https:\/\/www.linkedin.com\/company\/luxonomy\/"]},{"@type":"Person","@id":"https:\/\/luxonomy.net\/es\/#\/schema\/person\/9d526ffe93a0cc9cecc91760f49da3ef","name":"Chiara Gabardi","image":{"@type":"ImageObject","inLanguage":"es","@id":"https:\/\/luxonomy.net\/wp-content\/litespeed\/avatar\/548640c4e2c34544e66c65ab1641a5d7.jpg?ver=1788581172","url":"https:\/\/luxonomy.net\/wp-content\/litespeed\/avatar\/548640c4e2c34544e66c65ab1641a5d7.jpg?ver=1788581172","contentUrl":"https:\/\/luxonomy.net\/wp-content\/litespeed\/avatar\/548640c4e2c34544e66c65ab1641a5d7.jpg?ver=1788581172","caption":"Chiara Gabardi"},"description":"Editor at LUXONOMY\u2122 Group","url":"https:\/\/luxonomy.net\/es\/author\/chiara-gabardi\/"}]}},"jetpack_publicize_connections":[],"jetpack_shortlink":"https:\/\/wp.me\/paPhBa-4DT","jetpack_sharing_enabled":true,"jetpack_featured_media_url":"https:\/\/i0.wp.com\/luxonomy.net\/wp-content\/uploads\/2021\/10\/Fender%C2%AE-y-Lexus-colaboran-para-producir-la-guitarra-Fender%C2%AE-Lexus-LC-Stratocaster%C2%AE.jpg?fit=1920%2C1080&ssl=1","_links":{"self":[{"href":"https:\/\/luxonomy.net\/es\/wp-json\/wp\/v2\/posts\/17849","targetHints":{"allow":["GET"]}}],"collection":[{"href":"https:\/\/luxonomy.net\/es\/wp-json\/wp\/v2\/posts"}],"about":[{"href":"https:\/\/luxonomy.net\/es\/wp-json\/wp\/v2\/types\/post"}],"author":[{"embeddable":true,"href":"https:\/\/luxonomy.net\/es\/wp-json\/wp\/v2\/users\/10"}],"replies":[{"embeddable":true,"href":"https:\/\/luxonomy.net\/es\/wp-json\/wp\/v2\/comments?post=17849"}],"version-history":[{"count":4,"href":"https:\/\/luxonomy.net\/es\/wp-json\/wp\/v2\/posts\/17849\/revisions"}],"predecessor-version":[{"id":17855,"href":"https:\/\/luxonomy.net\/es\/wp-json\/wp\/v2\/posts\/17849\/revisions\/17855"}],"wp:featuredmedia":[{"embeddable":true,"href":"https:\/\/luxonomy.net\/es\/wp-json\/wp\/v2\/media\/17850"}],"wp:attachment":[{"href":"https:\/\/luxonomy.net\/es\/wp-json\/wp\/v2\/media?parent=17849"}],"wp:term":[{"taxonomy":"category","embeddable":true,"href":"https:\/\/luxonomy.net\/es\/wp-json\/wp\/v2\/categories?post=17849"},{"taxonomy":"post_tag","embeddable":true,"href":"https:\/\/luxonomy.net\/es\/wp-json\/wp\/v2\/tags?post=17849"},{"taxonomy":"thb-sponsors","embeddable":true,"href":"https:\/\/luxonomy.net\/es\/wp-json\/wp\/v2\/thb-sponsors?post=17849"}],"curies":[{"name":"wp","href":"https:\/\/api.w.org\/{rel}","templated":true}]}}