{"id":17844,"date":"2021-10-21T11:31:44","date_gmt":"2021-10-21T09:31:44","guid":{"rendered":"https:\/?p=17844"},"modified":"2021-10-21T11:31:44","modified_gmt":"2021-10-21T09:31:44","slug":"farfetch-lanza-su-propia-firma-de-moda-y-por-supuesto-es-sostenible","status":"publish","type":"post","link":"https:\/\/luxonomy.net\/es\/farfetch-lanza-su-propia-firma-de-moda-y-por-supuesto-es-sostenible\/","title":{"rendered":"Farfetch lanza su propia firma de moda, y por supuesto es sostenible"},"content":{"rendered":"<p>Farfetch quiere seguir avanzando en la industria de la moda. No conforme con incluir en su p\u00e1gina web una gran variedad de prendas y objetos de lujo de m\u00faltiples etiquetas de renombre, la compa\u00f1\u00eda ecommerce de lujo, siguiendo los pasos de otras similares como Asos, ha lanzado su propia marca.<\/p>\n<p>Bajo el nombre There Was One, est\u00e1 enfocada en la moda de mujer, concretamente en las piezas que conforman cualquier fondo de armario femenino y que no conocen de temporadas ni tendencias. Hablamos de una inversi\u00f3n a futuro, un concepto cada vez m\u00e1s instaurado en la sociedad y que ha logrado poner en alerta al fast fashion.<\/p>\n<blockquote class=\"instagram-media\" style=\"background: #FFF; border: 0; border-radius: 3px; box-shadow: 0 0 1px 0 rgba(0,0,0,0.5),0 1px 10px 0 rgba(0,0,0,0.15); margin: 1px; max-width: 540px; min-width: 326px; padding: 0; width: calc(100% - 2px);\" data-instgrm-captioned=\"\" data-instgrm-permalink=\"https:\/\/www.instagram.com\/p\/CVON-nvgZnb\/?utm_source=ig_embed&amp;utm_campaign=loading\" data-instgrm-version=\"14\">\n<div style=\"padding: 16px;\">\n<p>&nbsp;<\/p>\n<div style=\"display: flex; flex-direction: row; align-items: center;\">\n<div style=\"background-color: #f4f4f4; border-radius: 50%; flex-grow: 0; height: 40px; margin-right: 14px; width: 40px;\"><\/div>\n<div style=\"display: flex; flex-direction: column; flex-grow: 1; justify-content: center;\">\n<div style=\"background-color: #f4f4f4; border-radius: 4px; flex-grow: 0; height: 14px; margin-bottom: 6px; width: 100px;\"><\/div>\n<div style=\"background-color: #f4f4f4; border-radius: 4px; flex-grow: 0; height: 14px; width: 60px;\"><\/div>\n<\/div>\n<\/div>\n<div style=\"padding: 19% 0;\"><\/div>\n<div style=\"display: block; height: 50px; margin: 0 auto 12px; width: 50px;\"><\/div>\n<div style=\"padding-top: 8px;\">\n<div style=\"color: #3897f0; font-family: Arial,sans-serif; font-size: 14px; font-style: normal; font-weight: 550; line-height: 18px;\">Ver esta publicaci\u00f3n en Instagram<\/div>\n<\/div>\n<div style=\"padding: 12.5% 0;\"><\/div>\n<div style=\"display: flex; flex-direction: row; margin-bottom: 14px; align-items: center;\">\n<div>\n<div style=\"background-color: #f4f4f4; border-radius: 50%; height: 12.5px; width: 12.5px; transform: translateX(0px) translateY(7px);\"><\/div>\n<div style=\"background-color: #f4f4f4; height: 12.5px; transform: rotate(-45deg) translateX(3px) translateY(1px); width: 12.5px; flex-grow: 0; margin-right: 14px; margin-left: 2px;\"><\/div>\n<div style=\"background-color: #f4f4f4; border-radius: 50%; height: 12.5px; width: 12.5px; transform: translateX(9px) translateY(-18px);\"><\/div>\n<\/div>\n<div style=\"margin-left: 8px;\">\n<div style=\"background-color: #f4f4f4; border-radius: 50%; flex-grow: 0; height: 20px; width: 20px;\"><\/div>\n<div style=\"width: 0; height: 0; border-top: 2px solid transparent; border-left: 6px solid #f4f4f4; border-bottom: 2px solid transparent; transform: translateX(16px) translateY(-4px) rotate(30deg);\"><\/div>\n<\/div>\n<div style=\"margin-left: auto;\">\n<div style=\"width: 0px; border-top: 8px solid #F4F4F4; border-right: 8px solid transparent; transform: translateY(16px);\"><\/div>\n<div style=\"background-color: #f4f4f4; flex-grow: 0; height: 12px; width: 16px; transform: translateY(-4px);\"><\/div>\n<div style=\"width: 0; height: 0; border-top: 8px solid #F4F4F4; border-left: 8px solid transparent; transform: translateY(-4px) translateX(8px);\"><\/div>\n<\/div>\n<\/div>\n<div style=\"display: flex; flex-direction: column; flex-grow: 1; justify-content: center; margin-bottom: 24px;\">\n<div style=\"background-color: #f4f4f4; border-radius: 4px; flex-grow: 0; height: 14px; margin-bottom: 6px; width: 224px;\"><\/div>\n<div style=\"background-color: #f4f4f4; border-radius: 4px; flex-grow: 0; height: 14px; width: 144px;\"><\/div>\n<\/div>\n<p>&nbsp;<\/p>\n<p style=\"color: #c9c8cd; font-family: Arial,sans-serif; font-size: 14px; line-height: 17px; margin-bottom: 0; margin-top: 8px; overflow: hidden; padding: 8px 0 7px; text-align: center; text-overflow: ellipsis; white-space: nowrap;\"><a style=\"color: #c9c8cd; font-family: Arial,sans-serif; font-size: 14px; font-style: normal; font-weight: normal; line-height: 17px; text-decoration: none;\" href=\"https:\/\/www.instagram.com\/p\/CVON-nvgZnb\/?utm_source=ig_embed&amp;utm_campaign=loading\" target=\"_blank\" rel=\"noopener\">Una publicaci\u00f3n compartida de FARFETCH (@farfetch)<\/a><\/p>\n<\/div>\n<\/blockquote>\n<p><script async src=\"\/\/www.instagram.com\/embed.js\"><\/script><\/p>\n<p>Por el momento son 69 piezas diferentes las que han visto la luz, que incluyen desde blazers y abrigos a pantalones y camisas, y ya est\u00e1n disponibles de forma exclusiva a trav\u00e9s de farfetch.com. Los precios van desde los 70 euros de un sencillo top sin mangas de canal\u00e9 a los 985 euros de un cl\u00e1sico abrigo largo.<\/p><div id=\"luxon-2466361440\" class=\"luxon-3er-parrafo luxon-entity-placement\" style=\"margin-top: 20px;margin-bottom: 20px;margin-left: auto;margin-right: auto;text-align: center;\"><a href=\"https:\/\/luxonomy.university\/course\/master-turismo-de-lujo\" target=\"_blank\" aria-label=\"master-turismo-lujo-2026-2027\"><img loading=\"lazy\" decoding=\"async\" src=\"https:\/\/i0.wp.com\/luxonomy.net\/wp-content\/uploads\/2020\/07\/master-turismo-lujo-2026-2027.jpg?fit=1672%2C941&#038;ssl=1\" alt=\"\"  srcset=\"https:\/\/i0.wp.com\/luxonomy.net\/wp-content\/uploads\/2020\/07\/master-turismo-lujo-2026-2027.jpg?w=1672&ssl=1 1672w, https:\/\/i0.wp.com\/luxonomy.net\/wp-content\/uploads\/2020\/07\/master-turismo-lujo-2026-2027.jpg?resize=300%2C169&ssl=1 300w, https:\/\/i0.wp.com\/luxonomy.net\/wp-content\/uploads\/2020\/07\/master-turismo-lujo-2026-2027.jpg?resize=1024%2C576&ssl=1 1024w, https:\/\/i0.wp.com\/luxonomy.net\/wp-content\/uploads\/2020\/07\/master-turismo-lujo-2026-2027.jpg?resize=768%2C432&ssl=1 768w, https:\/\/i0.wp.com\/luxonomy.net\/wp-content\/uploads\/2020\/07\/master-turismo-lujo-2026-2027.jpg?resize=1536%2C864&ssl=1 1536w, https:\/\/i0.wp.com\/luxonomy.net\/wp-content\/uploads\/2020\/07\/master-turismo-lujo-2026-2027.jpg?resize=370%2C208&ssl=1 370w, https:\/\/i0.wp.com\/luxonomy.net\/wp-content\/uploads\/2020\/07\/master-turismo-lujo-2026-2027.jpg?resize=800%2C450&ssl=1 800w, https:\/\/i0.wp.com\/luxonomy.net\/wp-content\/uploads\/2020\/07\/master-turismo-lujo-2026-2027.jpg?resize=20%2C11&ssl=1 20w, https:\/\/i0.wp.com\/luxonomy.net\/wp-content\/uploads\/2020\/07\/master-turismo-lujo-2026-2027.jpg?resize=740%2C416&ssl=1 740w, https:\/\/i0.wp.com\/luxonomy.net\/wp-content\/uploads\/2020\/07\/master-turismo-lujo-2026-2027.jpg?resize=1600%2C900&ssl=1 1600w, https:\/\/i0.wp.com\/luxonomy.net\/wp-content\/uploads\/2020\/07\/master-turismo-lujo-2026-2027.jpg?resize=1200%2C675&ssl=1 1200w, https:\/\/i0.wp.com\/luxonomy.net\/wp-content\/uploads\/2020\/07\/master-turismo-lujo-2026-2027.jpg?resize=85%2C48&ssl=1 85w\" sizes=\"(max-width: 1170px) 100vw, 1170px\" class=\"no-lazyload\" width=\"1672\" height=\"941\"   \/><\/a><\/div>\n<p>Para este nuevo lanzamiento, sorprendente y a su vez positivo para sus clientes m\u00e1s fieles, Farfetch se ha asociado con New Guards Group, conglomerado que adquiri\u00f3 hace dos a\u00f1os y que actualmente tiene en su propiedad marcas tan populares como Off-White o Palm Angels.<\/p>\n","protected":false},"excerpt":{"rendered":"<p>Farfetch quiere seguir avanzando en la industria de la moda. No conforme con incluir en su p\u00e1gina web una gran variedad de prendas y objetos de lujo de m\u00faltiples etiquetas de renombre, la compa\u00f1\u00eda ecommerce de lujo, siguiendo los pasos de otras similares como Asos, ha lanzado su propia marca. Bajo el nombre There Was&hellip;<\/p>\n","protected":false},"author":12,"featured_media":17847,"comment_status":"open","ping_status":"open","sticky":false,"template":"","format":"standard","meta":{"_jetpack_newsletter_access":"","_jetpack_dont_email_post_to_subs":false,"_jetpack_newsletter_tier_id":0,"_jetpack_memberships_contains_paywalled_content":false,"_jetpack_feature_clip_id":0,"_jetpack_memberships_contains_paid_content":false,"footnotes":"","jetpack_publicize_message":"","jetpack_publicize_feature_enabled":true,"jetpack_social_post_already_shared":true,"jetpack_social_options":{"image_generator_settings":{"template":"edge","default_image_id":0,"font":"","enabled":false},"version":2},"jetpack_post_was_ever_published":false},"categories":[534,266],"tags":[721,586,371,1214],"thb-sponsors":[],"class_list":["post-17844","post","type-post","status-publish","format-standard","has-post-thumbnail","hentry","category-moda","category-slow-fashion","tag-farfetch","tag-moda","tag-slow-fashion","tag-there-was-one"],"yoast_head":"<!-- This site is optimized with the Yoast SEO plugin v28.4 - https:\/\/yoast.com\/product\/yoast-seo-wordpress\/ -->\n<title>Farfetch lanza su propia firma de moda, y por supuesto es sostenible | LUXONOMY<\/title>\n<meta name=\"robots\" content=\"index, follow, max-snippet:-1, max-image-preview:large, max-video-preview:-1\" \/>\n<link rel=\"canonical\" href=\"https:\/\/luxonomy.net\/es\/farfetch-lanza-su-propia-firma-de-moda-y-por-supuesto-es-sostenible\/\" \/>\n<meta property=\"og:locale\" content=\"es_ES\" \/>\n<meta property=\"og:type\" content=\"article\" \/>\n<meta property=\"og:title\" content=\"Farfetch lanza su propia firma de moda, y por supuesto es sostenible | LUXONOMY\" \/>\n<meta property=\"og:description\" content=\"Farfetch quiere seguir avanzando en la industria de la moda. No conforme con incluir en su p\u00e1gina web una gran variedad de prendas y objetos de lujo de m\u00faltiples etiquetas de renombre, la compa\u00f1\u00eda ecommerce de lujo, siguiendo los pasos de otras similares como Asos, ha lanzado su propia marca. Bajo el nombre There Was&hellip;\" \/>\n<meta property=\"og:url\" content=\"https:\/\/luxonomy.net\/es\/farfetch-lanza-su-propia-firma-de-moda-y-por-supuesto-es-sostenible\/\" \/>\n<meta property=\"og:site_name\" content=\"LUXONOMY\" \/>\n<meta property=\"article:publisher\" content=\"https:\/\/www.facebook.com\/luxonomy\" \/>\n<meta property=\"article:published_time\" content=\"2021-10-21T09:31:44+00:00\" \/>\n<meta property=\"og:image\" content=\"https:\/\/i0.wp.com\/luxonomy.net\/wp-content\/uploads\/2021\/10\/there-was-one.jpg?fit=1388%2C781&quality=89&ssl=1\" \/>\n\t<meta property=\"og:image:width\" content=\"1388\" \/>\n\t<meta property=\"og:image:height\" content=\"781\" \/>\n\t<meta property=\"og:image:type\" content=\"image\/jpeg\" \/>\n<meta name=\"author\" content=\"Lin Ying\" \/>\n<meta name=\"twitter:card\" content=\"summary_large_image\" \/>\n<meta name=\"twitter:label1\" content=\"Escrito por\" \/>\n\t<meta name=\"twitter:data1\" content=\"Lin Ying\" \/>\n\t<meta name=\"twitter:label2\" content=\"Tiempo de lectura\" \/>\n\t<meta name=\"twitter:data2\" content=\"1 minuto\" \/>\n<script type=\"application\/ld+json\" class=\"yoast-schema-graph\">{\"@context\":\"https:\\\/\\\/schema.org\",\"@graph\":[{\"@type\":\"Article\",\"@id\":\"https:\\\/\\\/luxonomy.net\\\/es\\\/farfetch-lanza-su-propia-firma-de-moda-y-por-supuesto-es-sostenible\\\/#article\",\"isPartOf\":{\"@id\":\"https:\\\/\\\/luxonomy.net\\\/es\\\/farfetch-lanza-su-propia-firma-de-moda-y-por-supuesto-es-sostenible\\\/\"},\"author\":{\"name\":\"Lin Ying\",\"@id\":\"https:\\\/\\\/luxonomy.net\\\/es\\\/#\\\/schema\\\/person\\\/b2dbc8197a778be067290f9b1c0d325c\"},\"headline\":\"Farfetch lanza su propia firma de moda, y por supuesto es sostenible\",\"datePublished\":\"2021-10-21T09:31:44+00:00\",\"mainEntityOfPage\":{\"@id\":\"https:\\\/\\\/luxonomy.net\\\/es\\\/farfetch-lanza-su-propia-firma-de-moda-y-por-supuesto-es-sostenible\\\/\"},\"wordCount\":244,\"commentCount\":0,\"publisher\":{\"@id\":\"https:\\\/\\\/luxonomy.net\\\/es\\\/#organization\"},\"image\":{\"@id\":\"https:\\\/\\\/luxonomy.net\\\/es\\\/farfetch-lanza-su-propia-firma-de-moda-y-por-supuesto-es-sostenible\\\/#primaryimage\"},\"thumbnailUrl\":\"https:\\\/\\\/i0.wp.com\\\/luxonomy.net\\\/wp-content\\\/uploads\\\/2021\\\/10\\\/there-was-one.jpg?fit=1388%2C781&ssl=1\",\"keywords\":[\"Farfetch\",\"Moda\",\"slow fashion\",\"There Was One\"],\"articleSection\":[\"Moda\",\"SlowFashion\"],\"inLanguage\":\"es\",\"potentialAction\":[{\"@type\":\"CommentAction\",\"name\":\"Comment\",\"target\":[\"https:\\\/\\\/luxonomy.net\\\/es\\\/farfetch-lanza-su-propia-firma-de-moda-y-por-supuesto-es-sostenible\\\/#respond\"]}]},{\"@type\":\"WebPage\",\"@id\":\"https:\\\/\\\/luxonomy.net\\\/es\\\/farfetch-lanza-su-propia-firma-de-moda-y-por-supuesto-es-sostenible\\\/\",\"url\":\"https:\\\/\\\/luxonomy.net\\\/es\\\/farfetch-lanza-su-propia-firma-de-moda-y-por-supuesto-es-sostenible\\\/\",\"name\":\"Farfetch lanza su propia firma de moda, y por supuesto es sostenible | LUXONOMY\",\"isPartOf\":{\"@id\":\"https:\\\/\\\/luxonomy.net\\\/es\\\/#website\"},\"primaryImageOfPage\":{\"@id\":\"https:\\\/\\\/luxonomy.net\\\/es\\\/farfetch-lanza-su-propia-firma-de-moda-y-por-supuesto-es-sostenible\\\/#primaryimage\"},\"image\":{\"@id\":\"https:\\\/\\\/luxonomy.net\\\/es\\\/farfetch-lanza-su-propia-firma-de-moda-y-por-supuesto-es-sostenible\\\/#primaryimage\"},\"thumbnailUrl\":\"https:\\\/\\\/i0.wp.com\\\/luxonomy.net\\\/wp-content\\\/uploads\\\/2021\\\/10\\\/there-was-one.jpg?fit=1388%2C781&ssl=1\",\"datePublished\":\"2021-10-21T09:31:44+00:00\",\"breadcrumb\":{\"@id\":\"https:\\\/\\\/luxonomy.net\\\/es\\\/farfetch-lanza-su-propia-firma-de-moda-y-por-supuesto-es-sostenible\\\/#breadcrumb\"},\"inLanguage\":\"es\",\"potentialAction\":[{\"@type\":\"ReadAction\",\"target\":[\"https:\\\/\\\/luxonomy.net\\\/es\\\/farfetch-lanza-su-propia-firma-de-moda-y-por-supuesto-es-sostenible\\\/\"]}]},{\"@type\":\"ImageObject\",\"inLanguage\":\"es\",\"@id\":\"https:\\\/\\\/luxonomy.net\\\/es\\\/farfetch-lanza-su-propia-firma-de-moda-y-por-supuesto-es-sostenible\\\/#primaryimage\",\"url\":\"https:\\\/\\\/i0.wp.com\\\/luxonomy.net\\\/wp-content\\\/uploads\\\/2021\\\/10\\\/there-was-one.jpg?fit=1388%2C781&ssl=1\",\"contentUrl\":\"https:\\\/\\\/i0.wp.com\\\/luxonomy.net\\\/wp-content\\\/uploads\\\/2021\\\/10\\\/there-was-one.jpg?fit=1388%2C781&ssl=1\",\"width\":1388,\"height\":781},{\"@type\":\"BreadcrumbList\",\"@id\":\"https:\\\/\\\/luxonomy.net\\\/es\\\/farfetch-lanza-su-propia-firma-de-moda-y-por-supuesto-es-sostenible\\\/#breadcrumb\",\"itemListElement\":[{\"@type\":\"ListItem\",\"position\":1,\"name\":\"Portada\",\"item\":\"https:\\\/\\\/luxonomy.net\\\/es\\\/\"},{\"@type\":\"ListItem\",\"position\":2,\"name\":\"Farfetch lanza su propia firma de moda, y por supuesto es sostenible\"}]},{\"@type\":\"WebSite\",\"@id\":\"https:\\\/\\\/luxonomy.net\\\/es\\\/#website\",\"url\":\"https:\\\/\\\/luxonomy.net\\\/es\\\/\",\"name\":\"LUXONOMY\",\"description\":\"The Economy of Fashion &amp; Luxury\",\"publisher\":{\"@id\":\"https:\\\/\\\/luxonomy.net\\\/es\\\/#organization\"},\"potentialAction\":[{\"@type\":\"SearchAction\",\"target\":{\"@type\":\"EntryPoint\",\"urlTemplate\":\"https:\\\/\\\/luxonomy.net\\\/es\\\/?s={search_term_string}\"},\"query-input\":{\"@type\":\"PropertyValueSpecification\",\"valueRequired\":true,\"valueName\":\"search_term_string\"}}],\"inLanguage\":\"es\"},{\"@type\":\"Organization\",\"@id\":\"https:\\\/\\\/luxonomy.net\\\/es\\\/#organization\",\"name\":\"LUXONOMY\",\"url\":\"https:\\\/\\\/luxonomy.net\\\/es\\\/\",\"logo\":{\"@type\":\"ImageObject\",\"inLanguage\":\"es\",\"@id\":\"https:\\\/\\\/luxonomy.net\\\/es\\\/#\\\/schema\\\/logo\\\/image\\\/\",\"url\":\"https:\\\/\\\/i2.wp.com\\\/luxonomy.net\\\/wp-content\\\/uploads\\\/2021\\\/09\\\/MOCKUP-TODOS-LUXONOMY.jpg?fit=1000%2C515&ssl=1\",\"contentUrl\":\"https:\\\/\\\/i2.wp.com\\\/luxonomy.net\\\/wp-content\\\/uploads\\\/2021\\\/09\\\/MOCKUP-TODOS-LUXONOMY.jpg?fit=1000%2C515&ssl=1\",\"width\":1000,\"height\":515,\"caption\":\"LUXONOMY\"},\"image\":{\"@id\":\"https:\\\/\\\/luxonomy.net\\\/es\\\/#\\\/schema\\\/logo\\\/image\\\/\"},\"sameAs\":[\"https:\\\/\\\/www.facebook.com\\\/luxonomy\",\"https:\\\/\\\/www.instagram.com\\\/luxonomy\\\/\",\"https:\\\/\\\/www.linkedin.com\\\/company\\\/luxonomy\\\/\"]},{\"@type\":\"Person\",\"@id\":\"https:\\\/\\\/luxonomy.net\\\/es\\\/#\\\/schema\\\/person\\\/b2dbc8197a778be067290f9b1c0d325c\",\"name\":\"Lin Ying\",\"image\":{\"@type\":\"ImageObject\",\"inLanguage\":\"es\",\"@id\":\"https:\\\/\\\/luxonomy.net\\\/wp-content\\\/litespeed\\\/avatar\\\/9377a5a1a950be96450e20ff0cd047de.jpg?ver=1788523777\",\"url\":\"https:\\\/\\\/luxonomy.net\\\/wp-content\\\/litespeed\\\/avatar\\\/9377a5a1a950be96450e20ff0cd047de.jpg?ver=1788523777\",\"contentUrl\":\"https:\\\/\\\/luxonomy.net\\\/wp-content\\\/litespeed\\\/avatar\\\/9377a5a1a950be96450e20ff0cd047de.jpg?ver=1788523777\",\"caption\":\"Lin Ying\"},\"url\":\"https:\\\/\\\/luxonomy.net\\\/es\\\/author\\\/maria-jose-flores-de-santis\\\/\"}]}<\/script>\n<!-- \/ Yoast SEO plugin. -->","yoast_head_json":{"title":"Farfetch lanza su propia firma de moda, y por supuesto es sostenible | LUXONOMY","robots":{"index":"index","follow":"follow","max-snippet":"max-snippet:-1","max-image-preview":"max-image-preview:large","max-video-preview":"max-video-preview:-1"},"canonical":"https:\/\/luxonomy.net\/es\/farfetch-lanza-su-propia-firma-de-moda-y-por-supuesto-es-sostenible\/","og_locale":"es_ES","og_type":"article","og_title":"Farfetch lanza su propia firma de moda, y por supuesto es sostenible | LUXONOMY","og_description":"Farfetch quiere seguir avanzando en la industria de la moda. No conforme con incluir en su p\u00e1gina web una gran variedad de prendas y objetos de lujo de m\u00faltiples etiquetas de renombre, la compa\u00f1\u00eda ecommerce de lujo, siguiendo los pasos de otras similares como Asos, ha lanzado su propia marca. Bajo el nombre There Was&hellip;","og_url":"https:\/\/luxonomy.net\/es\/farfetch-lanza-su-propia-firma-de-moda-y-por-supuesto-es-sostenible\/","og_site_name":"LUXONOMY","article_publisher":"https:\/\/www.facebook.com\/luxonomy","article_published_time":"2021-10-21T09:31:44+00:00","og_image":[{"width":1388,"height":781,"url":"https:\/\/i0.wp.com\/luxonomy.net\/wp-content\/uploads\/2021\/10\/there-was-one.jpg?fit=1388%2C781&quality=89&ssl=1","type":"image\/jpeg"}],"author":"Lin Ying","twitter_card":"summary_large_image","twitter_misc":{"Escrito por":"Lin Ying","Tiempo de lectura":"1 minuto"},"schema":{"@context":"https:\/\/schema.org","@graph":[{"@type":"Article","@id":"https:\/\/luxonomy.net\/es\/farfetch-lanza-su-propia-firma-de-moda-y-por-supuesto-es-sostenible\/#article","isPartOf":{"@id":"https:\/\/luxonomy.net\/es\/farfetch-lanza-su-propia-firma-de-moda-y-por-supuesto-es-sostenible\/"},"author":{"name":"Lin Ying","@id":"https:\/\/luxonomy.net\/es\/#\/schema\/person\/b2dbc8197a778be067290f9b1c0d325c"},"headline":"Farfetch lanza su propia firma de moda, y por supuesto es sostenible","datePublished":"2021-10-21T09:31:44+00:00","mainEntityOfPage":{"@id":"https:\/\/luxonomy.net\/es\/farfetch-lanza-su-propia-firma-de-moda-y-por-supuesto-es-sostenible\/"},"wordCount":244,"commentCount":0,"publisher":{"@id":"https:\/\/luxonomy.net\/es\/#organization"},"image":{"@id":"https:\/\/luxonomy.net\/es\/farfetch-lanza-su-propia-firma-de-moda-y-por-supuesto-es-sostenible\/#primaryimage"},"thumbnailUrl":"https:\/\/i0.wp.com\/luxonomy.net\/wp-content\/uploads\/2021\/10\/there-was-one.jpg?fit=1388%2C781&ssl=1","keywords":["Farfetch","Moda","slow fashion","There Was One"],"articleSection":["Moda","SlowFashion"],"inLanguage":"es","potentialAction":[{"@type":"CommentAction","name":"Comment","target":["https:\/\/luxonomy.net\/es\/farfetch-lanza-su-propia-firma-de-moda-y-por-supuesto-es-sostenible\/#respond"]}]},{"@type":"WebPage","@id":"https:\/\/luxonomy.net\/es\/farfetch-lanza-su-propia-firma-de-moda-y-por-supuesto-es-sostenible\/","url":"https:\/\/luxonomy.net\/es\/farfetch-lanza-su-propia-firma-de-moda-y-por-supuesto-es-sostenible\/","name":"Farfetch lanza su propia firma de moda, y por supuesto es sostenible | LUXONOMY","isPartOf":{"@id":"https:\/\/luxonomy.net\/es\/#website"},"primaryImageOfPage":{"@id":"https:\/\/luxonomy.net\/es\/farfetch-lanza-su-propia-firma-de-moda-y-por-supuesto-es-sostenible\/#primaryimage"},"image":{"@id":"https:\/\/luxonomy.net\/es\/farfetch-lanza-su-propia-firma-de-moda-y-por-supuesto-es-sostenible\/#primaryimage"},"thumbnailUrl":"https:\/\/i0.wp.com\/luxonomy.net\/wp-content\/uploads\/2021\/10\/there-was-one.jpg?fit=1388%2C781&ssl=1","datePublished":"2021-10-21T09:31:44+00:00","breadcrumb":{"@id":"https:\/\/luxonomy.net\/es\/farfetch-lanza-su-propia-firma-de-moda-y-por-supuesto-es-sostenible\/#breadcrumb"},"inLanguage":"es","potentialAction":[{"@type":"ReadAction","target":["https:\/\/luxonomy.net\/es\/farfetch-lanza-su-propia-firma-de-moda-y-por-supuesto-es-sostenible\/"]}]},{"@type":"ImageObject","inLanguage":"es","@id":"https:\/\/luxonomy.net\/es\/farfetch-lanza-su-propia-firma-de-moda-y-por-supuesto-es-sostenible\/#primaryimage","url":"https:\/\/i0.wp.com\/luxonomy.net\/wp-content\/uploads\/2021\/10\/there-was-one.jpg?fit=1388%2C781&ssl=1","contentUrl":"https:\/\/i0.wp.com\/luxonomy.net\/wp-content\/uploads\/2021\/10\/there-was-one.jpg?fit=1388%2C781&ssl=1","width":1388,"height":781},{"@type":"BreadcrumbList","@id":"https:\/\/luxonomy.net\/es\/farfetch-lanza-su-propia-firma-de-moda-y-por-supuesto-es-sostenible\/#breadcrumb","itemListElement":[{"@type":"ListItem","position":1,"name":"Portada","item":"https:\/\/luxonomy.net\/es\/"},{"@type":"ListItem","position":2,"name":"Farfetch lanza su propia firma de moda, y por supuesto es sostenible"}]},{"@type":"WebSite","@id":"https:\/\/luxonomy.net\/es\/#website","url":"https:\/\/luxonomy.net\/es\/","name":"LUXONOMY","description":"The Economy of Fashion &amp; Luxury","publisher":{"@id":"https:\/\/luxonomy.net\/es\/#organization"},"potentialAction":[{"@type":"SearchAction","target":{"@type":"EntryPoint","urlTemplate":"https:\/\/luxonomy.net\/es\/?s={search_term_string}"},"query-input":{"@type":"PropertyValueSpecification","valueRequired":true,"valueName":"search_term_string"}}],"inLanguage":"es"},{"@type":"Organization","@id":"https:\/\/luxonomy.net\/es\/#organization","name":"LUXONOMY","url":"https:\/\/luxonomy.net\/es\/","logo":{"@type":"ImageObject","inLanguage":"es","@id":"https:\/\/luxonomy.net\/es\/#\/schema\/logo\/image\/","url":"https:\/\/i2.wp.com\/luxonomy.net\/wp-content\/uploads\/2021\/09\/MOCKUP-TODOS-LUXONOMY.jpg?fit=1000%2C515&ssl=1","contentUrl":"https:\/\/i2.wp.com\/luxonomy.net\/wp-content\/uploads\/2021\/09\/MOCKUP-TODOS-LUXONOMY.jpg?fit=1000%2C515&ssl=1","width":1000,"height":515,"caption":"LUXONOMY"},"image":{"@id":"https:\/\/luxonomy.net\/es\/#\/schema\/logo\/image\/"},"sameAs":["https:\/\/www.facebook.com\/luxonomy","https:\/\/www.instagram.com\/luxonomy\/","https:\/\/www.linkedin.com\/company\/luxonomy\/"]},{"@type":"Person","@id":"https:\/\/luxonomy.net\/es\/#\/schema\/person\/b2dbc8197a778be067290f9b1c0d325c","name":"Lin Ying","image":{"@type":"ImageObject","inLanguage":"es","@id":"https:\/\/luxonomy.net\/wp-content\/litespeed\/avatar\/9377a5a1a950be96450e20ff0cd047de.jpg?ver=1788523777","url":"https:\/\/luxonomy.net\/wp-content\/litespeed\/avatar\/9377a5a1a950be96450e20ff0cd047de.jpg?ver=1788523777","contentUrl":"https:\/\/luxonomy.net\/wp-content\/litespeed\/avatar\/9377a5a1a950be96450e20ff0cd047de.jpg?ver=1788523777","caption":"Lin Ying"},"url":"https:\/\/luxonomy.net\/es\/author\/maria-jose-flores-de-santis\/"}]}},"jetpack_publicize_connections":[],"jetpack_shortlink":"https:\/\/wp.me\/paPhBa-4DO","jetpack_sharing_enabled":true,"jetpack_featured_media_url":"https:\/\/i0.wp.com\/luxonomy.net\/wp-content\/uploads\/2021\/10\/there-was-one.jpg?fit=1388%2C781&ssl=1","_links":{"self":[{"href":"https:\/\/luxonomy.net\/es\/wp-json\/wp\/v2\/posts\/17844","targetHints":{"allow":["GET"]}}],"collection":[{"href":"https:\/\/luxonomy.net\/es\/wp-json\/wp\/v2\/posts"}],"about":[{"href":"https:\/\/luxonomy.net\/es\/wp-json\/wp\/v2\/types\/post"}],"author":[{"embeddable":true,"href":"https:\/\/luxonomy.net\/es\/wp-json\/wp\/v2\/users\/12"}],"replies":[{"embeddable":true,"href":"https:\/\/luxonomy.net\/es\/wp-json\/wp\/v2\/comments?post=17844"}],"version-history":[{"count":3,"href":"https:\/\/luxonomy.net\/es\/wp-json\/wp\/v2\/posts\/17844\/revisions"}],"predecessor-version":[{"id":17848,"href":"https:\/\/luxonomy.net\/es\/wp-json\/wp\/v2\/posts\/17844\/revisions\/17848"}],"wp:featuredmedia":[{"embeddable":true,"href":"https:\/\/luxonomy.net\/es\/wp-json\/wp\/v2\/media\/17847"}],"wp:attachment":[{"href":"https:\/\/luxonomy.net\/es\/wp-json\/wp\/v2\/media?parent=17844"}],"wp:term":[{"taxonomy":"category","embeddable":true,"href":"https:\/\/luxonomy.net\/es\/wp-json\/wp\/v2\/categories?post=17844"},{"taxonomy":"post_tag","embeddable":true,"href":"https:\/\/luxonomy.net\/es\/wp-json\/wp\/v2\/tags?post=17844"},{"taxonomy":"thb-sponsors","embeddable":true,"href":"https:\/\/luxonomy.net\/es\/wp-json\/wp\/v2\/thb-sponsors?post=17844"}],"curies":[{"name":"wp","href":"https:\/\/api.w.org\/{rel}","templated":true}]}}