{"id":17506,"date":"2021-10-07T14:10:59","date_gmt":"2021-10-07T12:10:59","guid":{"rendered":"https:\/?p=17506"},"modified":"2021-10-07T14:10:59","modified_gmt":"2021-10-07T12:10:59","slug":"jony-ive-el-genio-de-apple-se-une-a-ferrari-para-disenar-su-primer-coche-electrico","status":"publish","type":"post","link":"https:\/\/luxonomy.net\/es\/jony-ive-el-genio-de-apple-se-une-a-ferrari-para-disenar-su-primer-coche-electrico\/","title":{"rendered":"Jony Ive, el genio de Apple, se une a Ferrari para dise\u00f1ar su primer coche el\u00e9ctrico"},"content":{"rendered":"<p>Ferrari, a trav\u00e9s de su matriz Exor, ha anunciado una alianza creativa con LoveFrom. Esta \u00faltima es la compa\u00f1\u00eda fundada por Sir Jony Ive y Marc Newson cuando el primero abandon\u00f3 Apple a finales de 2019. En ese momento se asegur\u00f3 que Ive seguir\u00eda trabajando con Apple desde su nueva compa\u00f1\u00eda, sin cerrarse a \u00e9sta como cliente exclusivo.<\/p>\n<p>Este brit\u00e1nico, nacido en 1967, ha dejado su impronta en la mayor\u00eda de los productos que han hecho de Apple un referente del dise\u00f1o en las \u00faltimas d\u00e9cadas. Si Steve Jobs fue el gran visionario que condujo Apple a la tierra prometida, Jony Ive fue su mano derecha creativa (y tambi\u00e9n la de su sucesor). En 1992, el ingl\u00e9s se incorpor\u00f3 al equipo de dise\u00f1o de Apple en California y en 1998 se convirti\u00f3 en vicepresidente de dise\u00f1o industrial.<\/p>\n<p>Entre sus creaciones sobresalen el iMac (1998), de forma redondeada y un caparaz\u00f3n de pl\u00e1stico transl\u00facido en distintos colores; el ordenador port\u00e1til iBook G3 (1999); el iPod (2001); el primer iPhone (2007); el MacBook Air (2008); el primer iPad (2010) y el Apple Watch (2014). Pero tambi\u00e9n colabor\u00f3 con Foster+Partners en el dise\u00f1o de Apple Park, la sede en forma de anillo que la compa\u00f1\u00eda de la manzana tiene en Cupertino.<\/p><div id=\"luxon-372647039\" class=\"luxon-3er-parrafo luxon-entity-placement\" style=\"margin-top: 20px;margin-bottom: 20px;margin-left: auto;margin-right: auto;text-align: center;\"><a href=\"https:\/\/luxonomy.university\/course\/master-turismo-de-lujo\" target=\"_blank\" aria-label=\"master-turismo-lujo-2026-2027\"><img loading=\"lazy\" decoding=\"async\" src=\"https:\/\/i0.wp.com\/luxonomy.net\/wp-content\/uploads\/2020\/07\/master-turismo-lujo-2026-2027.jpg?fit=1672%2C941&#038;ssl=1\" alt=\"\"  srcset=\"https:\/\/i0.wp.com\/luxonomy.net\/wp-content\/uploads\/2020\/07\/master-turismo-lujo-2026-2027.jpg?w=1672&ssl=1 1672w, https:\/\/i0.wp.com\/luxonomy.net\/wp-content\/uploads\/2020\/07\/master-turismo-lujo-2026-2027.jpg?resize=300%2C169&ssl=1 300w, https:\/\/i0.wp.com\/luxonomy.net\/wp-content\/uploads\/2020\/07\/master-turismo-lujo-2026-2027.jpg?resize=1024%2C576&ssl=1 1024w, https:\/\/i0.wp.com\/luxonomy.net\/wp-content\/uploads\/2020\/07\/master-turismo-lujo-2026-2027.jpg?resize=768%2C432&ssl=1 768w, https:\/\/i0.wp.com\/luxonomy.net\/wp-content\/uploads\/2020\/07\/master-turismo-lujo-2026-2027.jpg?resize=1536%2C864&ssl=1 1536w, https:\/\/i0.wp.com\/luxonomy.net\/wp-content\/uploads\/2020\/07\/master-turismo-lujo-2026-2027.jpg?resize=370%2C208&ssl=1 370w, https:\/\/i0.wp.com\/luxonomy.net\/wp-content\/uploads\/2020\/07\/master-turismo-lujo-2026-2027.jpg?resize=800%2C450&ssl=1 800w, https:\/\/i0.wp.com\/luxonomy.net\/wp-content\/uploads\/2020\/07\/master-turismo-lujo-2026-2027.jpg?resize=20%2C11&ssl=1 20w, https:\/\/i0.wp.com\/luxonomy.net\/wp-content\/uploads\/2020\/07\/master-turismo-lujo-2026-2027.jpg?resize=740%2C416&ssl=1 740w, https:\/\/i0.wp.com\/luxonomy.net\/wp-content\/uploads\/2020\/07\/master-turismo-lujo-2026-2027.jpg?resize=1600%2C900&ssl=1 1600w, https:\/\/i0.wp.com\/luxonomy.net\/wp-content\/uploads\/2020\/07\/master-turismo-lujo-2026-2027.jpg?resize=1200%2C675&ssl=1 1200w, https:\/\/i0.wp.com\/luxonomy.net\/wp-content\/uploads\/2020\/07\/master-turismo-lujo-2026-2027.jpg?resize=85%2C48&ssl=1 85w\" sizes=\"(max-width: 1170px) 100vw, 1170px\" class=\"no-lazyload\" width=\"1672\" height=\"941\"   \/><\/a><\/div>\n<p>Hace unos d\u00edas, Exor, el holding de la familia Agnelli -accionistas en Ferrari y Stellantis- anunci\u00f3 un acuerdo de varios a\u00f1os con LoveFrom para contribuir al desarrollo del primer autom\u00f3vil el\u00e9ctrico del Cavallino Rampante, esperado para 2025. Una colaboraci\u00f3n que se extender\u00e1 a otros proyectos del grupo Exor en el futuro.<\/p>\n<p>Esta leyenda viva del dise\u00f1o contempor\u00e1neo va a trabajar inicialmente con Ferrari, una de las joyas del imperio de la familia Agnelli junto a Stellantis (resultante de la fusi\u00f3n entre el grupo PSA y Fiat-Chrysler) y la Juventus de Tur\u00edn. Pero tambi\u00e9n va a &#8220;explorar una serie de proyectos creativos en el sector del lujo&#8221;, seg\u00fan el comunicado conjunto.<\/p>\n<p>La firma del Cavallino Rampante emiti\u00f3 un comunicado muy halagador: &#8220;La primera expresi\u00f3n de esta nueva asociaci\u00f3n reunir\u00e1 las legendarias prestaciones y la excelencia de Ferrari con la experiencia y la creatividad inigualables de LoveForm [la firma de dise\u00f1o de Jony Ive], que ha creado productos extraordinarios que han cambiado el mundo\u201d. Pero no ser\u00e1 la \u00fanica marca de Exor con la que Ive colaborar\u00e1, seg\u00fan el comunicado.<\/p>\n<p>Hacia el final de su vida, Steve Jobs le cont\u00f3 esto a su bi\u00f3grafo Walter Isaacson: &#8220;Si tuve un compa\u00f1ero espiritual en Apple, es Jony&#8221;, seg\u00fan recoge un art\u00edculo de The New Yorker de 2015. &#8220;Jony y yo pensamos juntos en la mayor\u00eda de los productos y luego tiramos de otros y decimos, hey, \u00bfqu\u00e9 pens\u00e1is de esto? \u00c9l ve tanto la imagen del conjunto como los detalles m\u00e1s infinitesimales de cada producto. Y entiende que Apple es una compa\u00f1\u00eda de producto. No es solo un dise\u00f1ador. Eso es por lo que trabaja directamente para m\u00ed. Tiene m\u00e1s poder operacional que ning\u00fan otro en Apple salvo yo&#8221;.<\/p><div id=\"luxon-234902611\" class=\"luxon-7-parrafo luxon-entity-placement\" style=\"margin-top: 20px;margin-bottom: 20px;margin-left: auto;margin-right: auto;text-align: center;\"><a href=\"https:\/\/theintelligence.institute\/course\/inteligencia-artificial-para-directivos\" target=\"_blank\" aria-label=\"CSIAD_empresas_THEI_horizontal_4x3_v5\"><img loading=\"lazy\" decoding=\"async\" src=\"https:\/\/i0.wp.com\/luxonomy.net\/wp-content\/uploads\/2025\/08\/CSIAD_empresas_THEI_horizontal_4x3_v5.png?fit=2000%2C1500&#038;ssl=1\" alt=\"\"  srcset=\"https:\/\/i0.wp.com\/luxonomy.net\/wp-content\/uploads\/2025\/08\/CSIAD_empresas_THEI_horizontal_4x3_v5.png?w=2000&ssl=1 2000w, https:\/\/i0.wp.com\/luxonomy.net\/wp-content\/uploads\/2025\/08\/CSIAD_empresas_THEI_horizontal_4x3_v5.png?resize=300%2C225&ssl=1 300w, https:\/\/i0.wp.com\/luxonomy.net\/wp-content\/uploads\/2025\/08\/CSIAD_empresas_THEI_horizontal_4x3_v5.png?resize=1024%2C768&ssl=1 1024w, https:\/\/i0.wp.com\/luxonomy.net\/wp-content\/uploads\/2025\/08\/CSIAD_empresas_THEI_horizontal_4x3_v5.png?resize=768%2C576&ssl=1 768w, https:\/\/i0.wp.com\/luxonomy.net\/wp-content\/uploads\/2025\/08\/CSIAD_empresas_THEI_horizontal_4x3_v5.png?resize=1536%2C1152&ssl=1 1536w, https:\/\/i0.wp.com\/luxonomy.net\/wp-content\/uploads\/2025\/08\/CSIAD_empresas_THEI_horizontal_4x3_v5.png?resize=370%2C278&ssl=1 370w, https:\/\/i0.wp.com\/luxonomy.net\/wp-content\/uploads\/2025\/08\/CSIAD_empresas_THEI_horizontal_4x3_v5.png?resize=800%2C600&ssl=1 800w, https:\/\/i0.wp.com\/luxonomy.net\/wp-content\/uploads\/2025\/08\/CSIAD_empresas_THEI_horizontal_4x3_v5.png?resize=20%2C15&ssl=1 20w, https:\/\/i0.wp.com\/luxonomy.net\/wp-content\/uploads\/2025\/08\/CSIAD_empresas_THEI_horizontal_4x3_v5.png?resize=740%2C555&ssl=1 740w, https:\/\/i0.wp.com\/luxonomy.net\/wp-content\/uploads\/2025\/08\/CSIAD_empresas_THEI_horizontal_4x3_v5.png?resize=1600%2C1200&ssl=1 1600w, https:\/\/i0.wp.com\/luxonomy.net\/wp-content\/uploads\/2025\/08\/CSIAD_empresas_THEI_horizontal_4x3_v5.png?resize=1200%2C900&ssl=1 1200w, https:\/\/i0.wp.com\/luxonomy.net\/wp-content\/uploads\/2025\/08\/CSIAD_empresas_THEI_horizontal_4x3_v5.png?resize=64%2C48&ssl=1 64w\" sizes=\"(max-width: 1170px) 100vw, 1170px\" class=\"no-lazyload\" width=\"2000\" height=\"1500\"   \/><\/a><\/div>\n","protected":false},"excerpt":{"rendered":"<p>Ferrari, a trav\u00e9s de su matriz Exor, ha anunciado una alianza creativa con LoveFrom. Esta \u00faltima es la compa\u00f1\u00eda fundada por Sir Jony Ive y Marc Newson cuando el primero abandon\u00f3 Apple a finales de 2019. En ese momento se asegur\u00f3 que Ive seguir\u00eda trabajando con Apple desde su nueva compa\u00f1\u00eda, sin cerrarse a \u00e9sta&hellip;<\/p>\n","protected":false},"author":1,"featured_media":17507,"comment_status":"open","ping_status":"open","sticky":false,"template":"","format":"standard","meta":{"_jetpack_newsletter_access":"","_jetpack_dont_email_post_to_subs":false,"_jetpack_newsletter_tier_id":0,"_jetpack_memberships_contains_paywalled_content":false,"_jetpack_feature_clip_id":0,"_jetpack_memberships_contains_paid_content":false,"footnotes":"","jetpack_publicize_message":"","jetpack_publicize_feature_enabled":true,"jetpack_social_post_already_shared":true,"jetpack_social_options":{"image_generator_settings":{"template":"edge","default_image_id":0,"font":"","enabled":false},"version":2},"jetpack_post_was_ever_published":false},"categories":[296,688],"tags":[842,808,233,864,1192,222],"thb-sponsors":[],"class_list":["post-17506","post","type-post","status-publish","format-standard","has-post-thumbnail","hentry","category-motor","category-sostenibilidad","tag-apple","tag-ecolujo","tag-ecoluxury","tag-ferrari","tag-jony-ive","tag-motor"],"yoast_head":"<!-- This site is optimized with the Yoast SEO plugin v28.4 - https:\/\/yoast.com\/product\/yoast-seo-wordpress\/ -->\n<title>Jony Ive, el genio de Apple, se une a Ferrari para dise\u00f1ar su primer coche el\u00e9ctrico | LUXONOMY<\/title>\n<meta name=\"robots\" content=\"index, follow, max-snippet:-1, max-image-preview:large, max-video-preview:-1\" \/>\n<link rel=\"canonical\" href=\"https:\/\/luxonomy.net\/es\/jony-ive-el-genio-de-apple-se-une-a-ferrari-para-disenar-su-primer-coche-electrico\/\" \/>\n<meta property=\"og:locale\" content=\"es_ES\" \/>\n<meta property=\"og:type\" content=\"article\" \/>\n<meta property=\"og:title\" content=\"Jony Ive, el genio de Apple, se une a Ferrari para dise\u00f1ar su primer coche el\u00e9ctrico | LUXONOMY\" \/>\n<meta property=\"og:description\" content=\"Ferrari, a trav\u00e9s de su matriz Exor, ha anunciado una alianza creativa con LoveFrom. Esta \u00faltima es la compa\u00f1\u00eda fundada por Sir Jony Ive y Marc Newson cuando el primero abandon\u00f3 Apple a finales de 2019. En ese momento se asegur\u00f3 que Ive seguir\u00eda trabajando con Apple desde su nueva compa\u00f1\u00eda, sin cerrarse a \u00e9sta&hellip;\" \/>\n<meta property=\"og:url\" content=\"https:\/\/luxonomy.net\/es\/jony-ive-el-genio-de-apple-se-une-a-ferrari-para-disenar-su-primer-coche-electrico\/\" \/>\n<meta property=\"og:site_name\" content=\"LUXONOMY\" \/>\n<meta property=\"article:publisher\" content=\"https:\/\/www.facebook.com\/luxonomy\" \/>\n<meta property=\"article:published_time\" content=\"2021-10-07T12:10:59+00:00\" \/>\n<meta property=\"og:image\" content=\"https:\/\/i0.wp.com\/luxonomy.net\/wp-content\/uploads\/2021\/10\/jony-ive.jpg?fit=1280%2C720&quality=89&ssl=1\" \/>\n\t<meta property=\"og:image:width\" content=\"1280\" \/>\n\t<meta property=\"og:image:height\" content=\"720\" \/>\n\t<meta property=\"og:image:type\" content=\"image\/jpeg\" \/>\n<meta name=\"author\" content=\"LUXONOMY\" \/>\n<meta name=\"twitter:card\" content=\"summary_large_image\" \/>\n<meta name=\"twitter:label1\" content=\"Escrito por\" \/>\n\t<meta name=\"twitter:data1\" content=\"LUXONOMY\" \/>\n\t<meta name=\"twitter:label2\" content=\"Tiempo de lectura\" \/>\n\t<meta name=\"twitter:data2\" content=\"3 minutos\" \/>\n<script type=\"application\/ld+json\" class=\"yoast-schema-graph\">{\"@context\":\"https:\\\/\\\/schema.org\",\"@graph\":[{\"@type\":\"Article\",\"@id\":\"https:\\\/\\\/luxonomy.net\\\/es\\\/jony-ive-el-genio-de-apple-se-une-a-ferrari-para-disenar-su-primer-coche-electrico\\\/#article\",\"isPartOf\":{\"@id\":\"https:\\\/\\\/luxonomy.net\\\/es\\\/jony-ive-el-genio-de-apple-se-une-a-ferrari-para-disenar-su-primer-coche-electrico\\\/\"},\"author\":{\"name\":\"LUXONOMY\",\"@id\":\"https:\\\/\\\/luxonomy.net\\\/es\\\/#\\\/schema\\\/person\\\/ca588d8b741a1fdd9065289c8d98ee8c\"},\"headline\":\"Jony Ive, el genio de Apple, se une a Ferrari para dise\u00f1ar su primer coche el\u00e9ctrico\",\"datePublished\":\"2021-10-07T12:10:59+00:00\",\"mainEntityOfPage\":{\"@id\":\"https:\\\/\\\/luxonomy.net\\\/es\\\/jony-ive-el-genio-de-apple-se-une-a-ferrari-para-disenar-su-primer-coche-electrico\\\/\"},\"wordCount\":544,\"commentCount\":0,\"publisher\":{\"@id\":\"https:\\\/\\\/luxonomy.net\\\/es\\\/#organization\"},\"image\":{\"@id\":\"https:\\\/\\\/luxonomy.net\\\/es\\\/jony-ive-el-genio-de-apple-se-une-a-ferrari-para-disenar-su-primer-coche-electrico\\\/#primaryimage\"},\"thumbnailUrl\":\"https:\\\/\\\/i0.wp.com\\\/luxonomy.net\\\/wp-content\\\/uploads\\\/2021\\\/10\\\/jony-ive.jpg?fit=1280%2C720&ssl=1\",\"keywords\":[\"Apple\",\"Ecolujo\",\"ecoluxury\",\"Ferrari\",\"Jony Ive\",\"motor\"],\"articleSection\":[\"Motor\",\"Sostenibilidad\"],\"inLanguage\":\"es\",\"potentialAction\":[{\"@type\":\"CommentAction\",\"name\":\"Comment\",\"target\":[\"https:\\\/\\\/luxonomy.net\\\/es\\\/jony-ive-el-genio-de-apple-se-une-a-ferrari-para-disenar-su-primer-coche-electrico\\\/#respond\"]}]},{\"@type\":\"WebPage\",\"@id\":\"https:\\\/\\\/luxonomy.net\\\/es\\\/jony-ive-el-genio-de-apple-se-une-a-ferrari-para-disenar-su-primer-coche-electrico\\\/\",\"url\":\"https:\\\/\\\/luxonomy.net\\\/es\\\/jony-ive-el-genio-de-apple-se-une-a-ferrari-para-disenar-su-primer-coche-electrico\\\/\",\"name\":\"Jony Ive, el genio de Apple, se une a Ferrari para dise\u00f1ar su primer coche el\u00e9ctrico | LUXONOMY\",\"isPartOf\":{\"@id\":\"https:\\\/\\\/luxonomy.net\\\/es\\\/#website\"},\"primaryImageOfPage\":{\"@id\":\"https:\\\/\\\/luxonomy.net\\\/es\\\/jony-ive-el-genio-de-apple-se-une-a-ferrari-para-disenar-su-primer-coche-electrico\\\/#primaryimage\"},\"image\":{\"@id\":\"https:\\\/\\\/luxonomy.net\\\/es\\\/jony-ive-el-genio-de-apple-se-une-a-ferrari-para-disenar-su-primer-coche-electrico\\\/#primaryimage\"},\"thumbnailUrl\":\"https:\\\/\\\/i0.wp.com\\\/luxonomy.net\\\/wp-content\\\/uploads\\\/2021\\\/10\\\/jony-ive.jpg?fit=1280%2C720&ssl=1\",\"datePublished\":\"2021-10-07T12:10:59+00:00\",\"breadcrumb\":{\"@id\":\"https:\\\/\\\/luxonomy.net\\\/es\\\/jony-ive-el-genio-de-apple-se-une-a-ferrari-para-disenar-su-primer-coche-electrico\\\/#breadcrumb\"},\"inLanguage\":\"es\",\"potentialAction\":[{\"@type\":\"ReadAction\",\"target\":[\"https:\\\/\\\/luxonomy.net\\\/es\\\/jony-ive-el-genio-de-apple-se-une-a-ferrari-para-disenar-su-primer-coche-electrico\\\/\"]}]},{\"@type\":\"ImageObject\",\"inLanguage\":\"es\",\"@id\":\"https:\\\/\\\/luxonomy.net\\\/es\\\/jony-ive-el-genio-de-apple-se-une-a-ferrari-para-disenar-su-primer-coche-electrico\\\/#primaryimage\",\"url\":\"https:\\\/\\\/i0.wp.com\\\/luxonomy.net\\\/wp-content\\\/uploads\\\/2021\\\/10\\\/jony-ive.jpg?fit=1280%2C720&ssl=1\",\"contentUrl\":\"https:\\\/\\\/i0.wp.com\\\/luxonomy.net\\\/wp-content\\\/uploads\\\/2021\\\/10\\\/jony-ive.jpg?fit=1280%2C720&ssl=1\",\"width\":1280,\"height\":720},{\"@type\":\"BreadcrumbList\",\"@id\":\"https:\\\/\\\/luxonomy.net\\\/es\\\/jony-ive-el-genio-de-apple-se-une-a-ferrari-para-disenar-su-primer-coche-electrico\\\/#breadcrumb\",\"itemListElement\":[{\"@type\":\"ListItem\",\"position\":1,\"name\":\"Portada\",\"item\":\"https:\\\/\\\/luxonomy.net\\\/es\\\/\"},{\"@type\":\"ListItem\",\"position\":2,\"name\":\"Jony Ive, el genio de Apple, se une a Ferrari para dise\u00f1ar su primer coche el\u00e9ctrico\"}]},{\"@type\":\"WebSite\",\"@id\":\"https:\\\/\\\/luxonomy.net\\\/es\\\/#website\",\"url\":\"https:\\\/\\\/luxonomy.net\\\/es\\\/\",\"name\":\"LUXONOMY\",\"description\":\"The Economy of Fashion &amp; Luxury\",\"publisher\":{\"@id\":\"https:\\\/\\\/luxonomy.net\\\/es\\\/#organization\"},\"potentialAction\":[{\"@type\":\"SearchAction\",\"target\":{\"@type\":\"EntryPoint\",\"urlTemplate\":\"https:\\\/\\\/luxonomy.net\\\/es\\\/?s={search_term_string}\"},\"query-input\":{\"@type\":\"PropertyValueSpecification\",\"valueRequired\":true,\"valueName\":\"search_term_string\"}}],\"inLanguage\":\"es\"},{\"@type\":\"Organization\",\"@id\":\"https:\\\/\\\/luxonomy.net\\\/es\\\/#organization\",\"name\":\"LUXONOMY\",\"url\":\"https:\\\/\\\/luxonomy.net\\\/es\\\/\",\"logo\":{\"@type\":\"ImageObject\",\"inLanguage\":\"es\",\"@id\":\"https:\\\/\\\/luxonomy.net\\\/es\\\/#\\\/schema\\\/logo\\\/image\\\/\",\"url\":\"https:\\\/\\\/i2.wp.com\\\/luxonomy.net\\\/wp-content\\\/uploads\\\/2021\\\/09\\\/MOCKUP-TODOS-LUXONOMY.jpg?fit=1000%2C515&ssl=1\",\"contentUrl\":\"https:\\\/\\\/i2.wp.com\\\/luxonomy.net\\\/wp-content\\\/uploads\\\/2021\\\/09\\\/MOCKUP-TODOS-LUXONOMY.jpg?fit=1000%2C515&ssl=1\",\"width\":1000,\"height\":515,\"caption\":\"LUXONOMY\"},\"image\":{\"@id\":\"https:\\\/\\\/luxonomy.net\\\/es\\\/#\\\/schema\\\/logo\\\/image\\\/\"},\"sameAs\":[\"https:\\\/\\\/www.facebook.com\\\/luxonomy\",\"https:\\\/\\\/www.instagram.com\\\/luxonomy\\\/\",\"https:\\\/\\\/www.linkedin.com\\\/company\\\/luxonomy\\\/\"]},{\"@type\":\"Person\",\"@id\":\"https:\\\/\\\/luxonomy.net\\\/es\\\/#\\\/schema\\\/person\\\/ca588d8b741a1fdd9065289c8d98ee8c\",\"name\":\"LUXONOMY\",\"image\":{\"@type\":\"ImageObject\",\"inLanguage\":\"es\",\"@id\":\"https:\\\/\\\/luxonomy.net\\\/wp-content\\\/litespeed\\\/avatar\\\/a6436cdb14fdaf9c21808e63d0da2055.jpg?ver=1788366758\",\"url\":\"https:\\\/\\\/luxonomy.net\\\/wp-content\\\/litespeed\\\/avatar\\\/a6436cdb14fdaf9c21808e63d0da2055.jpg?ver=1788366758\",\"contentUrl\":\"https:\\\/\\\/luxonomy.net\\\/wp-content\\\/litespeed\\\/avatar\\\/a6436cdb14fdaf9c21808e63d0da2055.jpg?ver=1788366758\",\"caption\":\"LUXONOMY\"},\"sameAs\":[\"https:\\\/\"],\"url\":\"https:\\\/\\\/luxonomy.net\\\/es\\\/author\\\/luxonomy\\\/\"}]}<\/script>\n<!-- \/ Yoast SEO plugin. -->","yoast_head_json":{"title":"Jony Ive, el genio de Apple, se une a Ferrari para dise\u00f1ar su primer coche el\u00e9ctrico | LUXONOMY","robots":{"index":"index","follow":"follow","max-snippet":"max-snippet:-1","max-image-preview":"max-image-preview:large","max-video-preview":"max-video-preview:-1"},"canonical":"https:\/\/luxonomy.net\/es\/jony-ive-el-genio-de-apple-se-une-a-ferrari-para-disenar-su-primer-coche-electrico\/","og_locale":"es_ES","og_type":"article","og_title":"Jony Ive, el genio de Apple, se une a Ferrari para dise\u00f1ar su primer coche el\u00e9ctrico | LUXONOMY","og_description":"Ferrari, a trav\u00e9s de su matriz Exor, ha anunciado una alianza creativa con LoveFrom. Esta \u00faltima es la compa\u00f1\u00eda fundada por Sir Jony Ive y Marc Newson cuando el primero abandon\u00f3 Apple a finales de 2019. En ese momento se asegur\u00f3 que Ive seguir\u00eda trabajando con Apple desde su nueva compa\u00f1\u00eda, sin cerrarse a \u00e9sta&hellip;","og_url":"https:\/\/luxonomy.net\/es\/jony-ive-el-genio-de-apple-se-une-a-ferrari-para-disenar-su-primer-coche-electrico\/","og_site_name":"LUXONOMY","article_publisher":"https:\/\/www.facebook.com\/luxonomy","article_published_time":"2021-10-07T12:10:59+00:00","og_image":[{"width":1280,"height":720,"url":"https:\/\/i0.wp.com\/luxonomy.net\/wp-content\/uploads\/2021\/10\/jony-ive.jpg?fit=1280%2C720&quality=89&ssl=1","type":"image\/jpeg"}],"author":"LUXONOMY","twitter_card":"summary_large_image","twitter_misc":{"Escrito por":"LUXONOMY","Tiempo de lectura":"3 minutos"},"schema":{"@context":"https:\/\/schema.org","@graph":[{"@type":"Article","@id":"https:\/\/luxonomy.net\/es\/jony-ive-el-genio-de-apple-se-une-a-ferrari-para-disenar-su-primer-coche-electrico\/#article","isPartOf":{"@id":"https:\/\/luxonomy.net\/es\/jony-ive-el-genio-de-apple-se-une-a-ferrari-para-disenar-su-primer-coche-electrico\/"},"author":{"name":"LUXONOMY","@id":"https:\/\/luxonomy.net\/es\/#\/schema\/person\/ca588d8b741a1fdd9065289c8d98ee8c"},"headline":"Jony Ive, el genio de Apple, se une a Ferrari para dise\u00f1ar su primer coche el\u00e9ctrico","datePublished":"2021-10-07T12:10:59+00:00","mainEntityOfPage":{"@id":"https:\/\/luxonomy.net\/es\/jony-ive-el-genio-de-apple-se-une-a-ferrari-para-disenar-su-primer-coche-electrico\/"},"wordCount":544,"commentCount":0,"publisher":{"@id":"https:\/\/luxonomy.net\/es\/#organization"},"image":{"@id":"https:\/\/luxonomy.net\/es\/jony-ive-el-genio-de-apple-se-une-a-ferrari-para-disenar-su-primer-coche-electrico\/#primaryimage"},"thumbnailUrl":"https:\/\/i0.wp.com\/luxonomy.net\/wp-content\/uploads\/2021\/10\/jony-ive.jpg?fit=1280%2C720&ssl=1","keywords":["Apple","Ecolujo","ecoluxury","Ferrari","Jony Ive","motor"],"articleSection":["Motor","Sostenibilidad"],"inLanguage":"es","potentialAction":[{"@type":"CommentAction","name":"Comment","target":["https:\/\/luxonomy.net\/es\/jony-ive-el-genio-de-apple-se-une-a-ferrari-para-disenar-su-primer-coche-electrico\/#respond"]}]},{"@type":"WebPage","@id":"https:\/\/luxonomy.net\/es\/jony-ive-el-genio-de-apple-se-une-a-ferrari-para-disenar-su-primer-coche-electrico\/","url":"https:\/\/luxonomy.net\/es\/jony-ive-el-genio-de-apple-se-une-a-ferrari-para-disenar-su-primer-coche-electrico\/","name":"Jony Ive, el genio de Apple, se une a Ferrari para dise\u00f1ar su primer coche el\u00e9ctrico | LUXONOMY","isPartOf":{"@id":"https:\/\/luxonomy.net\/es\/#website"},"primaryImageOfPage":{"@id":"https:\/\/luxonomy.net\/es\/jony-ive-el-genio-de-apple-se-une-a-ferrari-para-disenar-su-primer-coche-electrico\/#primaryimage"},"image":{"@id":"https:\/\/luxonomy.net\/es\/jony-ive-el-genio-de-apple-se-une-a-ferrari-para-disenar-su-primer-coche-electrico\/#primaryimage"},"thumbnailUrl":"https:\/\/i0.wp.com\/luxonomy.net\/wp-content\/uploads\/2021\/10\/jony-ive.jpg?fit=1280%2C720&ssl=1","datePublished":"2021-10-07T12:10:59+00:00","breadcrumb":{"@id":"https:\/\/luxonomy.net\/es\/jony-ive-el-genio-de-apple-se-une-a-ferrari-para-disenar-su-primer-coche-electrico\/#breadcrumb"},"inLanguage":"es","potentialAction":[{"@type":"ReadAction","target":["https:\/\/luxonomy.net\/es\/jony-ive-el-genio-de-apple-se-une-a-ferrari-para-disenar-su-primer-coche-electrico\/"]}]},{"@type":"ImageObject","inLanguage":"es","@id":"https:\/\/luxonomy.net\/es\/jony-ive-el-genio-de-apple-se-une-a-ferrari-para-disenar-su-primer-coche-electrico\/#primaryimage","url":"https:\/\/i0.wp.com\/luxonomy.net\/wp-content\/uploads\/2021\/10\/jony-ive.jpg?fit=1280%2C720&ssl=1","contentUrl":"https:\/\/i0.wp.com\/luxonomy.net\/wp-content\/uploads\/2021\/10\/jony-ive.jpg?fit=1280%2C720&ssl=1","width":1280,"height":720},{"@type":"BreadcrumbList","@id":"https:\/\/luxonomy.net\/es\/jony-ive-el-genio-de-apple-se-une-a-ferrari-para-disenar-su-primer-coche-electrico\/#breadcrumb","itemListElement":[{"@type":"ListItem","position":1,"name":"Portada","item":"https:\/\/luxonomy.net\/es\/"},{"@type":"ListItem","position":2,"name":"Jony Ive, el genio de Apple, se une a Ferrari para dise\u00f1ar su primer coche el\u00e9ctrico"}]},{"@type":"WebSite","@id":"https:\/\/luxonomy.net\/es\/#website","url":"https:\/\/luxonomy.net\/es\/","name":"LUXONOMY","description":"The Economy of Fashion &amp; Luxury","publisher":{"@id":"https:\/\/luxonomy.net\/es\/#organization"},"potentialAction":[{"@type":"SearchAction","target":{"@type":"EntryPoint","urlTemplate":"https:\/\/luxonomy.net\/es\/?s={search_term_string}"},"query-input":{"@type":"PropertyValueSpecification","valueRequired":true,"valueName":"search_term_string"}}],"inLanguage":"es"},{"@type":"Organization","@id":"https:\/\/luxonomy.net\/es\/#organization","name":"LUXONOMY","url":"https:\/\/luxonomy.net\/es\/","logo":{"@type":"ImageObject","inLanguage":"es","@id":"https:\/\/luxonomy.net\/es\/#\/schema\/logo\/image\/","url":"https:\/\/i2.wp.com\/luxonomy.net\/wp-content\/uploads\/2021\/09\/MOCKUP-TODOS-LUXONOMY.jpg?fit=1000%2C515&ssl=1","contentUrl":"https:\/\/i2.wp.com\/luxonomy.net\/wp-content\/uploads\/2021\/09\/MOCKUP-TODOS-LUXONOMY.jpg?fit=1000%2C515&ssl=1","width":1000,"height":515,"caption":"LUXONOMY"},"image":{"@id":"https:\/\/luxonomy.net\/es\/#\/schema\/logo\/image\/"},"sameAs":["https:\/\/www.facebook.com\/luxonomy","https:\/\/www.instagram.com\/luxonomy\/","https:\/\/www.linkedin.com\/company\/luxonomy\/"]},{"@type":"Person","@id":"https:\/\/luxonomy.net\/es\/#\/schema\/person\/ca588d8b741a1fdd9065289c8d98ee8c","name":"LUXONOMY","image":{"@type":"ImageObject","inLanguage":"es","@id":"https:\/\/luxonomy.net\/wp-content\/litespeed\/avatar\/a6436cdb14fdaf9c21808e63d0da2055.jpg?ver=1788366758","url":"https:\/\/luxonomy.net\/wp-content\/litespeed\/avatar\/a6436cdb14fdaf9c21808e63d0da2055.jpg?ver=1788366758","contentUrl":"https:\/\/luxonomy.net\/wp-content\/litespeed\/avatar\/a6436cdb14fdaf9c21808e63d0da2055.jpg?ver=1788366758","caption":"LUXONOMY"},"sameAs":["https:\/"],"url":"https:\/\/luxonomy.net\/es\/author\/luxonomy\/"}]}},"jetpack_publicize_connections":[],"jetpack_shortlink":"https:\/\/wp.me\/paPhBa-4ym","jetpack_sharing_enabled":true,"jetpack_featured_media_url":"https:\/\/i0.wp.com\/luxonomy.net\/wp-content\/uploads\/2021\/10\/jony-ive.jpg?fit=1280%2C720&ssl=1","_links":{"self":[{"href":"https:\/\/luxonomy.net\/es\/wp-json\/wp\/v2\/posts\/17506","targetHints":{"allow":["GET"]}}],"collection":[{"href":"https:\/\/luxonomy.net\/es\/wp-json\/wp\/v2\/posts"}],"about":[{"href":"https:\/\/luxonomy.net\/es\/wp-json\/wp\/v2\/types\/post"}],"author":[{"embeddable":true,"href":"https:\/\/luxonomy.net\/es\/wp-json\/wp\/v2\/users\/1"}],"replies":[{"embeddable":true,"href":"https:\/\/luxonomy.net\/es\/wp-json\/wp\/v2\/comments?post=17506"}],"version-history":[{"count":1,"href":"https:\/\/luxonomy.net\/es\/wp-json\/wp\/v2\/posts\/17506\/revisions"}],"predecessor-version":[{"id":17508,"href":"https:\/\/luxonomy.net\/es\/wp-json\/wp\/v2\/posts\/17506\/revisions\/17508"}],"wp:featuredmedia":[{"embeddable":true,"href":"https:\/\/luxonomy.net\/es\/wp-json\/wp\/v2\/media\/17507"}],"wp:attachment":[{"href":"https:\/\/luxonomy.net\/es\/wp-json\/wp\/v2\/media?parent=17506"}],"wp:term":[{"taxonomy":"category","embeddable":true,"href":"https:\/\/luxonomy.net\/es\/wp-json\/wp\/v2\/categories?post=17506"},{"taxonomy":"post_tag","embeddable":true,"href":"https:\/\/luxonomy.net\/es\/wp-json\/wp\/v2\/tags?post=17506"},{"taxonomy":"thb-sponsors","embeddable":true,"href":"https:\/\/luxonomy.net\/es\/wp-json\/wp\/v2\/thb-sponsors?post=17506"}],"curies":[{"name":"wp","href":"https:\/\/api.w.org\/{rel}","templated":true}]}}