{"id":17470,"date":"2021-10-06T14:55:27","date_gmt":"2021-10-06T12:55:27","guid":{"rendered":"https:\/?p=17470"},"modified":"2021-10-06T14:55:27","modified_gmt":"2021-10-06T12:55:27","slug":"los-simpsons-irrumpen-en-el-desfile-de-balenciaga-en-la-semana-de-la-moda-de-paris","status":"publish","type":"post","link":"https:\/\/luxonomy.net\/es\/los-simpsons-irrumpen-en-el-desfile-de-balenciaga-en-la-semana-de-la-moda-de-paris\/","title":{"rendered":"Los Simpsons irrumpen en el desfile de Balenciaga en la Semana de la Moda de Par\u00eds"},"content":{"rendered":"<p>Olv\u00eddese de las hermanas Hadid por un momento porque una familia nueva y bastante inesperada acaba de irrumpir en la pasarela de Balenciaga: los Simpson. La firma innova y rompe por completo con todas las &#8220;reglas del juego&#8221;.<\/p>\n<p>Los asistentes al muy esperado desfile de la Semana de la Moda de Par\u00eds pudieron disfrutar de un episodio de Los Simpson con tem\u00e1tica de Balenciaga de 10 minutos en el que Homer, Marge, Bart, Lisa y Maggie Simpson subieron a la pasarela frente a invitados como Kim Kardashian, Kanye West y Justin Bieber.<\/p>\n<p>Durante el episodio, los personajes de dibujos animados bromearon con la reputaci\u00f3n de la casa de modas de dise\u00f1os grandes, audaces y algo caros, con Marge atascada en una puerta (culpa a las hombreras de gran tama\u00f1o de su vestido verde) y Homer que casi se desmaya despu\u00e9s de ver el precio.<\/p><div id=\"luxon-2021998832\" class=\"luxon-3er-parrafo luxon-entity-placement\" style=\"margin-top: 20px;margin-bottom: 20px;margin-left: auto;margin-right: auto;text-align: center;\"><a href=\"https:\/\/luxonomy.university\/course\/master-turismo-de-lujo\" target=\"_blank\" aria-label=\"master-turismo-lujo-2026-2027\"><img loading=\"lazy\" decoding=\"async\" src=\"https:\/\/i0.wp.com\/luxonomy.net\/wp-content\/uploads\/2020\/07\/master-turismo-lujo-2026-2027.jpg?fit=1672%2C941&#038;ssl=1\" alt=\"\"  srcset=\"https:\/\/i0.wp.com\/luxonomy.net\/wp-content\/uploads\/2020\/07\/master-turismo-lujo-2026-2027.jpg?w=1672&ssl=1 1672w, https:\/\/i0.wp.com\/luxonomy.net\/wp-content\/uploads\/2020\/07\/master-turismo-lujo-2026-2027.jpg?resize=300%2C169&ssl=1 300w, https:\/\/i0.wp.com\/luxonomy.net\/wp-content\/uploads\/2020\/07\/master-turismo-lujo-2026-2027.jpg?resize=1024%2C576&ssl=1 1024w, https:\/\/i0.wp.com\/luxonomy.net\/wp-content\/uploads\/2020\/07\/master-turismo-lujo-2026-2027.jpg?resize=768%2C432&ssl=1 768w, https:\/\/i0.wp.com\/luxonomy.net\/wp-content\/uploads\/2020\/07\/master-turismo-lujo-2026-2027.jpg?resize=1536%2C864&ssl=1 1536w, https:\/\/i0.wp.com\/luxonomy.net\/wp-content\/uploads\/2020\/07\/master-turismo-lujo-2026-2027.jpg?resize=370%2C208&ssl=1 370w, https:\/\/i0.wp.com\/luxonomy.net\/wp-content\/uploads\/2020\/07\/master-turismo-lujo-2026-2027.jpg?resize=800%2C450&ssl=1 800w, https:\/\/i0.wp.com\/luxonomy.net\/wp-content\/uploads\/2020\/07\/master-turismo-lujo-2026-2027.jpg?resize=20%2C11&ssl=1 20w, https:\/\/i0.wp.com\/luxonomy.net\/wp-content\/uploads\/2020\/07\/master-turismo-lujo-2026-2027.jpg?resize=740%2C416&ssl=1 740w, https:\/\/i0.wp.com\/luxonomy.net\/wp-content\/uploads\/2020\/07\/master-turismo-lujo-2026-2027.jpg?resize=1600%2C900&ssl=1 1600w, https:\/\/i0.wp.com\/luxonomy.net\/wp-content\/uploads\/2020\/07\/master-turismo-lujo-2026-2027.jpg?resize=1200%2C675&ssl=1 1200w, https:\/\/i0.wp.com\/luxonomy.net\/wp-content\/uploads\/2020\/07\/master-turismo-lujo-2026-2027.jpg?resize=85%2C48&ssl=1 85w\" sizes=\"(max-width: 1170px) 100vw, 1170px\" class=\"no-lazyload\" width=\"1672\" height=\"941\"   \/><\/a><\/div>\n<p>Le facilitamos el v\u00eddeo completo:<\/p>\n<div class=\"flex-video widescreen youtube\"><iframe loading=\"lazy\" title=\"The Simpsons | Balenciaga\" width=\"1170\" height=\"658\" src=\"https:\/\/www.youtube.com\/embed\/PZHESOq-Gkw?feature=oembed\" frameborder=\"0\" allow=\"accelerometer; autoplay; clipboard-write; encrypted-media; gyroscope; picture-in-picture\" allowfullscreen><\/iframe><\/div>\n","protected":false},"excerpt":{"rendered":"<p>Olv\u00eddese de las hermanas Hadid por un momento porque una familia nueva y bastante inesperada acaba de irrumpir en la pasarela de Balenciaga: los Simpson. La firma innova y rompe por completo con todas las &#8220;reglas del juego&#8221;. Los asistentes al muy esperado desfile de la Semana de la Moda de Par\u00eds pudieron disfrutar de&hellip;<\/p>\n","protected":false},"author":1,"featured_media":17471,"comment_status":"open","ping_status":"open","sticky":false,"template":"","format":"standard","meta":{"_jetpack_newsletter_access":"","_jetpack_dont_email_post_to_subs":false,"_jetpack_newsletter_tier_id":0,"_jetpack_memberships_contains_paywalled_content":false,"_jetpack_feature_clip_id":0,"_jetpack_memberships_contains_paid_content":false,"footnotes":"","jetpack_publicize_message":"","jetpack_publicize_feature_enabled":true,"jetpack_social_post_already_shared":true,"jetpack_social_options":{"image_generator_settings":{"template":"edge","default_image_id":0,"font":"","enabled":false},"version":2},"jetpack_post_was_ever_published":false},"categories":[534,541],"tags":[969,718,1190,586],"thb-sponsors":[],"class_list":["post-17470","post","type-post","status-publish","format-standard","has-post-thumbnail","hentry","category-moda","category-tech","tag-balenciaga","tag-innovacion","tag-los-simpsons","tag-moda"],"yoast_head":"<!-- This site is optimized with the Yoast SEO plugin v28.4 - https:\/\/yoast.com\/product\/yoast-seo-wordpress\/ -->\n<title>Los Simpsons irrumpen en el desfile de Balenciaga en la Semana de la Moda de Par\u00eds | LUXONOMY<\/title>\n<meta name=\"robots\" content=\"index, follow, max-snippet:-1, max-image-preview:large, max-video-preview:-1\" \/>\n<link rel=\"canonical\" href=\"https:\/\/luxonomy.net\/es\/los-simpsons-irrumpen-en-el-desfile-de-balenciaga-en-la-semana-de-la-moda-de-paris\/\" \/>\n<meta property=\"og:locale\" content=\"es_ES\" \/>\n<meta property=\"og:type\" content=\"article\" \/>\n<meta property=\"og:title\" content=\"Los Simpsons irrumpen en el desfile de Balenciaga en la Semana de la Moda de Par\u00eds | LUXONOMY\" \/>\n<meta property=\"og:description\" content=\"Olv\u00eddese de las hermanas Hadid por un momento porque una familia nueva y bastante inesperada acaba de irrumpir en la pasarela de Balenciaga: los Simpson. La firma innova y rompe por completo con todas las &#8220;reglas del juego&#8221;. Los asistentes al muy esperado desfile de la Semana de la Moda de Par\u00eds pudieron disfrutar de&hellip;\" \/>\n<meta property=\"og:url\" content=\"https:\/\/luxonomy.net\/es\/los-simpsons-irrumpen-en-el-desfile-de-balenciaga-en-la-semana-de-la-moda-de-paris\/\" \/>\n<meta property=\"og:site_name\" content=\"LUXONOMY\" \/>\n<meta property=\"article:publisher\" content=\"https:\/\/www.facebook.com\/luxonomy\" \/>\n<meta property=\"article:published_time\" content=\"2021-10-06T12:55:27+00:00\" \/>\n<meta property=\"og:image\" content=\"https:\/\/i0.wp.com\/luxonomy.net\/wp-content\/uploads\/2021\/10\/Balenciaga-y-Los-Simpson-scaled.jpg?fit=2560%2C1398&quality=89&ssl=1\" \/>\n\t<meta property=\"og:image:width\" content=\"2560\" \/>\n\t<meta property=\"og:image:height\" content=\"1398\" \/>\n\t<meta property=\"og:image:type\" content=\"image\/jpeg\" \/>\n<meta name=\"author\" content=\"LUXONOMY\" \/>\n<meta name=\"twitter:card\" content=\"summary_large_image\" \/>\n<meta name=\"twitter:label1\" content=\"Escrito por\" \/>\n\t<meta name=\"twitter:data1\" content=\"LUXONOMY\" \/>\n\t<meta name=\"twitter:label2\" content=\"Tiempo de lectura\" \/>\n\t<meta name=\"twitter:data2\" content=\"1 minuto\" \/>\n<script type=\"application\/ld+json\" class=\"yoast-schema-graph\">{\"@context\":\"https:\\\/\\\/schema.org\",\"@graph\":[{\"@type\":\"Article\",\"@id\":\"https:\\\/\\\/luxonomy.net\\\/es\\\/los-simpsons-irrumpen-en-el-desfile-de-balenciaga-en-la-semana-de-la-moda-de-paris\\\/#article\",\"isPartOf\":{\"@id\":\"https:\\\/\\\/luxonomy.net\\\/es\\\/los-simpsons-irrumpen-en-el-desfile-de-balenciaga-en-la-semana-de-la-moda-de-paris\\\/\"},\"author\":{\"name\":\"LUXONOMY\",\"@id\":\"https:\\\/\\\/luxonomy.net\\\/es\\\/#\\\/schema\\\/person\\\/ca588d8b741a1fdd9065289c8d98ee8c\"},\"headline\":\"Los Simpsons irrumpen en el desfile de Balenciaga en la Semana de la Moda de Par\u00eds\",\"datePublished\":\"2021-10-06T12:55:27+00:00\",\"mainEntityOfPage\":{\"@id\":\"https:\\\/\\\/luxonomy.net\\\/es\\\/los-simpsons-irrumpen-en-el-desfile-de-balenciaga-en-la-semana-de-la-moda-de-paris\\\/\"},\"wordCount\":179,\"commentCount\":0,\"publisher\":{\"@id\":\"https:\\\/\\\/luxonomy.net\\\/es\\\/#organization\"},\"image\":{\"@id\":\"https:\\\/\\\/luxonomy.net\\\/es\\\/los-simpsons-irrumpen-en-el-desfile-de-balenciaga-en-la-semana-de-la-moda-de-paris\\\/#primaryimage\"},\"thumbnailUrl\":\"https:\\\/\\\/i0.wp.com\\\/luxonomy.net\\\/wp-content\\\/uploads\\\/2021\\\/10\\\/Balenciaga-y-Los-Simpson-scaled.jpg?fit=2560%2C1398&ssl=1\",\"keywords\":[\"Balenciaga\",\"innovaci\u00f3n\",\"Los Simpsons\",\"Moda\"],\"articleSection\":[\"Moda\",\"Tech\"],\"inLanguage\":\"es\",\"potentialAction\":[{\"@type\":\"CommentAction\",\"name\":\"Comment\",\"target\":[\"https:\\\/\\\/luxonomy.net\\\/es\\\/los-simpsons-irrumpen-en-el-desfile-de-balenciaga-en-la-semana-de-la-moda-de-paris\\\/#respond\"]}]},{\"@type\":\"WebPage\",\"@id\":\"https:\\\/\\\/luxonomy.net\\\/es\\\/los-simpsons-irrumpen-en-el-desfile-de-balenciaga-en-la-semana-de-la-moda-de-paris\\\/\",\"url\":\"https:\\\/\\\/luxonomy.net\\\/es\\\/los-simpsons-irrumpen-en-el-desfile-de-balenciaga-en-la-semana-de-la-moda-de-paris\\\/\",\"name\":\"Los Simpsons irrumpen en el desfile de Balenciaga en la Semana de la Moda de Par\u00eds | LUXONOMY\",\"isPartOf\":{\"@id\":\"https:\\\/\\\/luxonomy.net\\\/es\\\/#website\"},\"primaryImageOfPage\":{\"@id\":\"https:\\\/\\\/luxonomy.net\\\/es\\\/los-simpsons-irrumpen-en-el-desfile-de-balenciaga-en-la-semana-de-la-moda-de-paris\\\/#primaryimage\"},\"image\":{\"@id\":\"https:\\\/\\\/luxonomy.net\\\/es\\\/los-simpsons-irrumpen-en-el-desfile-de-balenciaga-en-la-semana-de-la-moda-de-paris\\\/#primaryimage\"},\"thumbnailUrl\":\"https:\\\/\\\/i0.wp.com\\\/luxonomy.net\\\/wp-content\\\/uploads\\\/2021\\\/10\\\/Balenciaga-y-Los-Simpson-scaled.jpg?fit=2560%2C1398&ssl=1\",\"datePublished\":\"2021-10-06T12:55:27+00:00\",\"breadcrumb\":{\"@id\":\"https:\\\/\\\/luxonomy.net\\\/es\\\/los-simpsons-irrumpen-en-el-desfile-de-balenciaga-en-la-semana-de-la-moda-de-paris\\\/#breadcrumb\"},\"inLanguage\":\"es\",\"potentialAction\":[{\"@type\":\"ReadAction\",\"target\":[\"https:\\\/\\\/luxonomy.net\\\/es\\\/los-simpsons-irrumpen-en-el-desfile-de-balenciaga-en-la-semana-de-la-moda-de-paris\\\/\"]}]},{\"@type\":\"ImageObject\",\"inLanguage\":\"es\",\"@id\":\"https:\\\/\\\/luxonomy.net\\\/es\\\/los-simpsons-irrumpen-en-el-desfile-de-balenciaga-en-la-semana-de-la-moda-de-paris\\\/#primaryimage\",\"url\":\"https:\\\/\\\/i0.wp.com\\\/luxonomy.net\\\/wp-content\\\/uploads\\\/2021\\\/10\\\/Balenciaga-y-Los-Simpson-scaled.jpg?fit=2560%2C1398&ssl=1\",\"contentUrl\":\"https:\\\/\\\/i0.wp.com\\\/luxonomy.net\\\/wp-content\\\/uploads\\\/2021\\\/10\\\/Balenciaga-y-Los-Simpson-scaled.jpg?fit=2560%2C1398&ssl=1\",\"width\":2560,\"height\":1398},{\"@type\":\"BreadcrumbList\",\"@id\":\"https:\\\/\\\/luxonomy.net\\\/es\\\/los-simpsons-irrumpen-en-el-desfile-de-balenciaga-en-la-semana-de-la-moda-de-paris\\\/#breadcrumb\",\"itemListElement\":[{\"@type\":\"ListItem\",\"position\":1,\"name\":\"Portada\",\"item\":\"https:\\\/\\\/luxonomy.net\\\/es\\\/\"},{\"@type\":\"ListItem\",\"position\":2,\"name\":\"Los Simpsons irrumpen en el desfile de Balenciaga en la Semana de la Moda de Par\u00eds\"}]},{\"@type\":\"WebSite\",\"@id\":\"https:\\\/\\\/luxonomy.net\\\/es\\\/#website\",\"url\":\"https:\\\/\\\/luxonomy.net\\\/es\\\/\",\"name\":\"LUXONOMY\",\"description\":\"The Economy of Fashion &amp; Luxury\",\"publisher\":{\"@id\":\"https:\\\/\\\/luxonomy.net\\\/es\\\/#organization\"},\"potentialAction\":[{\"@type\":\"SearchAction\",\"target\":{\"@type\":\"EntryPoint\",\"urlTemplate\":\"https:\\\/\\\/luxonomy.net\\\/es\\\/?s={search_term_string}\"},\"query-input\":{\"@type\":\"PropertyValueSpecification\",\"valueRequired\":true,\"valueName\":\"search_term_string\"}}],\"inLanguage\":\"es\"},{\"@type\":\"Organization\",\"@id\":\"https:\\\/\\\/luxonomy.net\\\/es\\\/#organization\",\"name\":\"LUXONOMY\",\"url\":\"https:\\\/\\\/luxonomy.net\\\/es\\\/\",\"logo\":{\"@type\":\"ImageObject\",\"inLanguage\":\"es\",\"@id\":\"https:\\\/\\\/luxonomy.net\\\/es\\\/#\\\/schema\\\/logo\\\/image\\\/\",\"url\":\"https:\\\/\\\/i2.wp.com\\\/luxonomy.net\\\/wp-content\\\/uploads\\\/2021\\\/09\\\/MOCKUP-TODOS-LUXONOMY.jpg?fit=1000%2C515&ssl=1\",\"contentUrl\":\"https:\\\/\\\/i2.wp.com\\\/luxonomy.net\\\/wp-content\\\/uploads\\\/2021\\\/09\\\/MOCKUP-TODOS-LUXONOMY.jpg?fit=1000%2C515&ssl=1\",\"width\":1000,\"height\":515,\"caption\":\"LUXONOMY\"},\"image\":{\"@id\":\"https:\\\/\\\/luxonomy.net\\\/es\\\/#\\\/schema\\\/logo\\\/image\\\/\"},\"sameAs\":[\"https:\\\/\\\/www.facebook.com\\\/luxonomy\",\"https:\\\/\\\/www.instagram.com\\\/luxonomy\\\/\",\"https:\\\/\\\/www.linkedin.com\\\/company\\\/luxonomy\\\/\"]},{\"@type\":\"Person\",\"@id\":\"https:\\\/\\\/luxonomy.net\\\/es\\\/#\\\/schema\\\/person\\\/ca588d8b741a1fdd9065289c8d98ee8c\",\"name\":\"LUXONOMY\",\"image\":{\"@type\":\"ImageObject\",\"inLanguage\":\"es\",\"@id\":\"https:\\\/\\\/luxonomy.net\\\/wp-content\\\/litespeed\\\/avatar\\\/a6436cdb14fdaf9c21808e63d0da2055.jpg?ver=1788366758\",\"url\":\"https:\\\/\\\/luxonomy.net\\\/wp-content\\\/litespeed\\\/avatar\\\/a6436cdb14fdaf9c21808e63d0da2055.jpg?ver=1788366758\",\"contentUrl\":\"https:\\\/\\\/luxonomy.net\\\/wp-content\\\/litespeed\\\/avatar\\\/a6436cdb14fdaf9c21808e63d0da2055.jpg?ver=1788366758\",\"caption\":\"LUXONOMY\"},\"sameAs\":[\"https:\\\/\"],\"url\":\"https:\\\/\\\/luxonomy.net\\\/es\\\/author\\\/luxonomy\\\/\"}]}<\/script>\n<!-- \/ Yoast SEO plugin. -->","yoast_head_json":{"title":"Los Simpsons irrumpen en el desfile de Balenciaga en la Semana de la Moda de Par\u00eds | LUXONOMY","robots":{"index":"index","follow":"follow","max-snippet":"max-snippet:-1","max-image-preview":"max-image-preview:large","max-video-preview":"max-video-preview:-1"},"canonical":"https:\/\/luxonomy.net\/es\/los-simpsons-irrumpen-en-el-desfile-de-balenciaga-en-la-semana-de-la-moda-de-paris\/","og_locale":"es_ES","og_type":"article","og_title":"Los Simpsons irrumpen en el desfile de Balenciaga en la Semana de la Moda de Par\u00eds | LUXONOMY","og_description":"Olv\u00eddese de las hermanas Hadid por un momento porque una familia nueva y bastante inesperada acaba de irrumpir en la pasarela de Balenciaga: los Simpson. La firma innova y rompe por completo con todas las &#8220;reglas del juego&#8221;. Los asistentes al muy esperado desfile de la Semana de la Moda de Par\u00eds pudieron disfrutar de&hellip;","og_url":"https:\/\/luxonomy.net\/es\/los-simpsons-irrumpen-en-el-desfile-de-balenciaga-en-la-semana-de-la-moda-de-paris\/","og_site_name":"LUXONOMY","article_publisher":"https:\/\/www.facebook.com\/luxonomy","article_published_time":"2021-10-06T12:55:27+00:00","og_image":[{"width":2560,"height":1398,"url":"https:\/\/i0.wp.com\/luxonomy.net\/wp-content\/uploads\/2021\/10\/Balenciaga-y-Los-Simpson-scaled.jpg?fit=2560%2C1398&quality=89&ssl=1","type":"image\/jpeg"}],"author":"LUXONOMY","twitter_card":"summary_large_image","twitter_misc":{"Escrito por":"LUXONOMY","Tiempo de lectura":"1 minuto"},"schema":{"@context":"https:\/\/schema.org","@graph":[{"@type":"Article","@id":"https:\/\/luxonomy.net\/es\/los-simpsons-irrumpen-en-el-desfile-de-balenciaga-en-la-semana-de-la-moda-de-paris\/#article","isPartOf":{"@id":"https:\/\/luxonomy.net\/es\/los-simpsons-irrumpen-en-el-desfile-de-balenciaga-en-la-semana-de-la-moda-de-paris\/"},"author":{"name":"LUXONOMY","@id":"https:\/\/luxonomy.net\/es\/#\/schema\/person\/ca588d8b741a1fdd9065289c8d98ee8c"},"headline":"Los Simpsons irrumpen en el desfile de Balenciaga en la Semana de la Moda de Par\u00eds","datePublished":"2021-10-06T12:55:27+00:00","mainEntityOfPage":{"@id":"https:\/\/luxonomy.net\/es\/los-simpsons-irrumpen-en-el-desfile-de-balenciaga-en-la-semana-de-la-moda-de-paris\/"},"wordCount":179,"commentCount":0,"publisher":{"@id":"https:\/\/luxonomy.net\/es\/#organization"},"image":{"@id":"https:\/\/luxonomy.net\/es\/los-simpsons-irrumpen-en-el-desfile-de-balenciaga-en-la-semana-de-la-moda-de-paris\/#primaryimage"},"thumbnailUrl":"https:\/\/i0.wp.com\/luxonomy.net\/wp-content\/uploads\/2021\/10\/Balenciaga-y-Los-Simpson-scaled.jpg?fit=2560%2C1398&ssl=1","keywords":["Balenciaga","innovaci\u00f3n","Los Simpsons","Moda"],"articleSection":["Moda","Tech"],"inLanguage":"es","potentialAction":[{"@type":"CommentAction","name":"Comment","target":["https:\/\/luxonomy.net\/es\/los-simpsons-irrumpen-en-el-desfile-de-balenciaga-en-la-semana-de-la-moda-de-paris\/#respond"]}]},{"@type":"WebPage","@id":"https:\/\/luxonomy.net\/es\/los-simpsons-irrumpen-en-el-desfile-de-balenciaga-en-la-semana-de-la-moda-de-paris\/","url":"https:\/\/luxonomy.net\/es\/los-simpsons-irrumpen-en-el-desfile-de-balenciaga-en-la-semana-de-la-moda-de-paris\/","name":"Los Simpsons irrumpen en el desfile de Balenciaga en la Semana de la Moda de Par\u00eds | LUXONOMY","isPartOf":{"@id":"https:\/\/luxonomy.net\/es\/#website"},"primaryImageOfPage":{"@id":"https:\/\/luxonomy.net\/es\/los-simpsons-irrumpen-en-el-desfile-de-balenciaga-en-la-semana-de-la-moda-de-paris\/#primaryimage"},"image":{"@id":"https:\/\/luxonomy.net\/es\/los-simpsons-irrumpen-en-el-desfile-de-balenciaga-en-la-semana-de-la-moda-de-paris\/#primaryimage"},"thumbnailUrl":"https:\/\/i0.wp.com\/luxonomy.net\/wp-content\/uploads\/2021\/10\/Balenciaga-y-Los-Simpson-scaled.jpg?fit=2560%2C1398&ssl=1","datePublished":"2021-10-06T12:55:27+00:00","breadcrumb":{"@id":"https:\/\/luxonomy.net\/es\/los-simpsons-irrumpen-en-el-desfile-de-balenciaga-en-la-semana-de-la-moda-de-paris\/#breadcrumb"},"inLanguage":"es","potentialAction":[{"@type":"ReadAction","target":["https:\/\/luxonomy.net\/es\/los-simpsons-irrumpen-en-el-desfile-de-balenciaga-en-la-semana-de-la-moda-de-paris\/"]}]},{"@type":"ImageObject","inLanguage":"es","@id":"https:\/\/luxonomy.net\/es\/los-simpsons-irrumpen-en-el-desfile-de-balenciaga-en-la-semana-de-la-moda-de-paris\/#primaryimage","url":"https:\/\/i0.wp.com\/luxonomy.net\/wp-content\/uploads\/2021\/10\/Balenciaga-y-Los-Simpson-scaled.jpg?fit=2560%2C1398&ssl=1","contentUrl":"https:\/\/i0.wp.com\/luxonomy.net\/wp-content\/uploads\/2021\/10\/Balenciaga-y-Los-Simpson-scaled.jpg?fit=2560%2C1398&ssl=1","width":2560,"height":1398},{"@type":"BreadcrumbList","@id":"https:\/\/luxonomy.net\/es\/los-simpsons-irrumpen-en-el-desfile-de-balenciaga-en-la-semana-de-la-moda-de-paris\/#breadcrumb","itemListElement":[{"@type":"ListItem","position":1,"name":"Portada","item":"https:\/\/luxonomy.net\/es\/"},{"@type":"ListItem","position":2,"name":"Los Simpsons irrumpen en el desfile de Balenciaga en la Semana de la Moda de Par\u00eds"}]},{"@type":"WebSite","@id":"https:\/\/luxonomy.net\/es\/#website","url":"https:\/\/luxonomy.net\/es\/","name":"LUXONOMY","description":"The Economy of Fashion &amp; Luxury","publisher":{"@id":"https:\/\/luxonomy.net\/es\/#organization"},"potentialAction":[{"@type":"SearchAction","target":{"@type":"EntryPoint","urlTemplate":"https:\/\/luxonomy.net\/es\/?s={search_term_string}"},"query-input":{"@type":"PropertyValueSpecification","valueRequired":true,"valueName":"search_term_string"}}],"inLanguage":"es"},{"@type":"Organization","@id":"https:\/\/luxonomy.net\/es\/#organization","name":"LUXONOMY","url":"https:\/\/luxonomy.net\/es\/","logo":{"@type":"ImageObject","inLanguage":"es","@id":"https:\/\/luxonomy.net\/es\/#\/schema\/logo\/image\/","url":"https:\/\/i2.wp.com\/luxonomy.net\/wp-content\/uploads\/2021\/09\/MOCKUP-TODOS-LUXONOMY.jpg?fit=1000%2C515&ssl=1","contentUrl":"https:\/\/i2.wp.com\/luxonomy.net\/wp-content\/uploads\/2021\/09\/MOCKUP-TODOS-LUXONOMY.jpg?fit=1000%2C515&ssl=1","width":1000,"height":515,"caption":"LUXONOMY"},"image":{"@id":"https:\/\/luxonomy.net\/es\/#\/schema\/logo\/image\/"},"sameAs":["https:\/\/www.facebook.com\/luxonomy","https:\/\/www.instagram.com\/luxonomy\/","https:\/\/www.linkedin.com\/company\/luxonomy\/"]},{"@type":"Person","@id":"https:\/\/luxonomy.net\/es\/#\/schema\/person\/ca588d8b741a1fdd9065289c8d98ee8c","name":"LUXONOMY","image":{"@type":"ImageObject","inLanguage":"es","@id":"https:\/\/luxonomy.net\/wp-content\/litespeed\/avatar\/a6436cdb14fdaf9c21808e63d0da2055.jpg?ver=1788366758","url":"https:\/\/luxonomy.net\/wp-content\/litespeed\/avatar\/a6436cdb14fdaf9c21808e63d0da2055.jpg?ver=1788366758","contentUrl":"https:\/\/luxonomy.net\/wp-content\/litespeed\/avatar\/a6436cdb14fdaf9c21808e63d0da2055.jpg?ver=1788366758","caption":"LUXONOMY"},"sameAs":["https:\/"],"url":"https:\/\/luxonomy.net\/es\/author\/luxonomy\/"}]}},"jetpack_publicize_connections":[],"jetpack_shortlink":"https:\/\/wp.me\/paPhBa-4xM","jetpack_sharing_enabled":true,"jetpack_featured_media_url":"https:\/\/i0.wp.com\/luxonomy.net\/wp-content\/uploads\/2021\/10\/Balenciaga-y-Los-Simpson-scaled.jpg?fit=2560%2C1398&ssl=1","_links":{"self":[{"href":"https:\/\/luxonomy.net\/es\/wp-json\/wp\/v2\/posts\/17470","targetHints":{"allow":["GET"]}}],"collection":[{"href":"https:\/\/luxonomy.net\/es\/wp-json\/wp\/v2\/posts"}],"about":[{"href":"https:\/\/luxonomy.net\/es\/wp-json\/wp\/v2\/types\/post"}],"author":[{"embeddable":true,"href":"https:\/\/luxonomy.net\/es\/wp-json\/wp\/v2\/users\/1"}],"replies":[{"embeddable":true,"href":"https:\/\/luxonomy.net\/es\/wp-json\/wp\/v2\/comments?post=17470"}],"version-history":[{"count":1,"href":"https:\/\/luxonomy.net\/es\/wp-json\/wp\/v2\/posts\/17470\/revisions"}],"predecessor-version":[{"id":17472,"href":"https:\/\/luxonomy.net\/es\/wp-json\/wp\/v2\/posts\/17470\/revisions\/17472"}],"wp:featuredmedia":[{"embeddable":true,"href":"https:\/\/luxonomy.net\/es\/wp-json\/wp\/v2\/media\/17471"}],"wp:attachment":[{"href":"https:\/\/luxonomy.net\/es\/wp-json\/wp\/v2\/media?parent=17470"}],"wp:term":[{"taxonomy":"category","embeddable":true,"href":"https:\/\/luxonomy.net\/es\/wp-json\/wp\/v2\/categories?post=17470"},{"taxonomy":"post_tag","embeddable":true,"href":"https:\/\/luxonomy.net\/es\/wp-json\/wp\/v2\/tags?post=17470"},{"taxonomy":"thb-sponsors","embeddable":true,"href":"https:\/\/luxonomy.net\/es\/wp-json\/wp\/v2\/thb-sponsors?post=17470"}],"curies":[{"name":"wp","href":"https:\/\/api.w.org\/{rel}","templated":true}]}}