{"id":16754,"date":"2021-09-13T13:26:04","date_gmt":"2021-09-13T11:26:04","guid":{"rendered":"https:\/?p=16754"},"modified":"2021-09-13T13:26:04","modified_gmt":"2021-09-13T11:26:04","slug":"moet-hennessy-mecenas-en-la-restauracion-del-jardin-de-las-tullerias","status":"publish","type":"post","link":"https:\/\/luxonomy.net\/es\/moet-hennessy-mecenas-en-la-restauracion-del-jardin-de-las-tullerias\/","title":{"rendered":"Mo\u00ebt Hennessy, mecenas en la restauraci\u00f3n del Jard\u00edn de las Tuller\u00edas"},"content":{"rendered":"<p>Como parte de su amplia agenda de iniciativas sociales y medioambientales, Mo\u00ebt Hennessy es mecenas del XI Tous M\u00e9c\u00e8nes! Campa\u00f1a de crowdfunding organizada por el Louvre, a la que apoya desde hace muchos a\u00f1os. Esta \u00faltima campa\u00f1a tiene como objetivo &#8220;reverdecer&#8221; y restaurar el Jard\u00edn de las Tuller\u00edas. Gracias a este programa, durante el pasado invierno se plantaron 92 olmos a lo largo del camino central de la Grande All\u00e9e y se renovaron 26 bancos de piedra, devolviendo el jard\u00edn a su esplendor original y creando un &#8216;pulm\u00f3n verde&#8217; en el coraz\u00f3n de la capital francesa. .<\/p>\n<p>Sandrine Sommer, directora de desarrollo sostenible de Mo\u00ebt Hennessy, se\u00f1ala que este apoyo es una elecci\u00f3n natural para la divisi\u00f3n de vinos y licores de LVMH, que lleva mucho tiempo involucrada en una serie de acciones de desarrollo sostenible. En 2020 cre\u00f3 el programa Living Soils Living Together para proporcionar un marco para sus iniciativas y enfoque de responsabilidad ambiental y social. Uno de los pilares es la regeneraci\u00f3n del suelo y la protecci\u00f3n de la biodiversidad. \u00a1Los  Tous M\u00e9c\u00e8nes! \u201dEl proyecto tambi\u00e9n resuena con dos valores que Mo\u00ebt Hennessy ha defendido durante mucho tiempo, a saber, la cultura y el patrimonio. El proyecto de replantaci\u00f3n es particularmente convincente, ya que une la preservaci\u00f3n de la biodiversidad y los imperativos vinculados a la gesti\u00f3n sostenible de un jard\u00edn hist\u00f3rico. El proyecto tambi\u00e9n tiene una faceta educativa notable, ya que ayuda a concienciar al p\u00fablico sobre estos desaf\u00edos, haci\u00e9ndose eco del programa de mesas redondas organizadas por Mo\u00ebt Hennessy durante la semana de la biodiversidad para profundizar el compromiso entre el personal.<\/p>\n<p>El Jard\u00edn de las Tuller\u00edas fue creado en 1564 para Catalina de M\u00e9dicis, que quer\u00eda un remanso de vegetaci\u00f3n para su Palacio de las Tuller\u00edas. Fue redise\u00f1ado en 1664 por Andr\u00e9 Le N\u00f4tre para Luis XIV alrededor de un eje central principal bordeado a ambos lados por arboledas, convirti\u00e9ndose en una obra maestra del estilo de jard\u00edn franc\u00e9s. Debido a que tantos \u00e1rboles y vegetaci\u00f3n en el jard\u00edn estaban en mal estado, el 14 de septiembre de 2020 se lanz\u00f3 una campa\u00f1a para replantar dos hileras de olmos, restaurando el dise\u00f1o original del siglo XVII de la Grande All\u00e9e y al mismo tiempo apoyando la naturaleza y la biodiversidad. En el coraz\u00f3n de la ciudad. Gracias al compromiso y la generosidad de unos 4.500 donantes, el Mus\u00e9e du Louvre recaud\u00f3 un mill\u00f3n de euros para llevar a cabo el proyecto.<\/p><div id=\"luxon-966364373\" class=\"luxon-3er-parrafo luxon-entity-placement\" style=\"margin-top: 20px;margin-bottom: 20px;margin-left: auto;margin-right: auto;text-align: center;\"><a href=\"https:\/\/luxonomy.university\/course\/master-turismo-de-lujo\" target=\"_blank\" aria-label=\"master-turismo-lujo-2026-2027\"><img loading=\"lazy\" decoding=\"async\" src=\"https:\/\/i0.wp.com\/luxonomy.net\/wp-content\/uploads\/2020\/07\/master-turismo-lujo-2026-2027.jpg?fit=1672%2C941&#038;ssl=1\" alt=\"\"  srcset=\"https:\/\/i0.wp.com\/luxonomy.net\/wp-content\/uploads\/2020\/07\/master-turismo-lujo-2026-2027.jpg?w=1672&ssl=1 1672w, https:\/\/i0.wp.com\/luxonomy.net\/wp-content\/uploads\/2020\/07\/master-turismo-lujo-2026-2027.jpg?resize=300%2C169&ssl=1 300w, https:\/\/i0.wp.com\/luxonomy.net\/wp-content\/uploads\/2020\/07\/master-turismo-lujo-2026-2027.jpg?resize=1024%2C576&ssl=1 1024w, https:\/\/i0.wp.com\/luxonomy.net\/wp-content\/uploads\/2020\/07\/master-turismo-lujo-2026-2027.jpg?resize=768%2C432&ssl=1 768w, https:\/\/i0.wp.com\/luxonomy.net\/wp-content\/uploads\/2020\/07\/master-turismo-lujo-2026-2027.jpg?resize=1536%2C864&ssl=1 1536w, https:\/\/i0.wp.com\/luxonomy.net\/wp-content\/uploads\/2020\/07\/master-turismo-lujo-2026-2027.jpg?resize=370%2C208&ssl=1 370w, https:\/\/i0.wp.com\/luxonomy.net\/wp-content\/uploads\/2020\/07\/master-turismo-lujo-2026-2027.jpg?resize=800%2C450&ssl=1 800w, https:\/\/i0.wp.com\/luxonomy.net\/wp-content\/uploads\/2020\/07\/master-turismo-lujo-2026-2027.jpg?resize=20%2C11&ssl=1 20w, https:\/\/i0.wp.com\/luxonomy.net\/wp-content\/uploads\/2020\/07\/master-turismo-lujo-2026-2027.jpg?resize=740%2C416&ssl=1 740w, https:\/\/i0.wp.com\/luxonomy.net\/wp-content\/uploads\/2020\/07\/master-turismo-lujo-2026-2027.jpg?resize=1600%2C900&ssl=1 1600w, https:\/\/i0.wp.com\/luxonomy.net\/wp-content\/uploads\/2020\/07\/master-turismo-lujo-2026-2027.jpg?resize=1200%2C675&ssl=1 1200w, https:\/\/i0.wp.com\/luxonomy.net\/wp-content\/uploads\/2020\/07\/master-turismo-lujo-2026-2027.jpg?resize=85%2C48&ssl=1 85w\" sizes=\"(max-width: 1170px) 100vw, 1170px\" class=\"no-lazyload\" width=\"1672\" height=\"941\"   \/><\/a><\/div>\n","protected":false},"excerpt":{"rendered":"<p>Como parte de su amplia agenda de iniciativas sociales y medioambientales, Mo\u00ebt Hennessy es mecenas del XI Tous M\u00e9c\u00e8nes! Campa\u00f1a de crowdfunding organizada por el Louvre, a la que apoya desde hace muchos a\u00f1os. Esta \u00faltima campa\u00f1a tiene como objetivo &#8220;reverdecer&#8221; y restaurar el Jard\u00edn de las Tuller\u00edas. Gracias a este programa, durante el pasado&hellip;<\/p>\n","protected":false},"author":1,"featured_media":16755,"comment_status":"open","ping_status":"open","sticky":false,"template":"","format":"standard","meta":{"_jetpack_newsletter_access":"","_jetpack_dont_email_post_to_subs":false,"_jetpack_newsletter_tier_id":0,"_jetpack_memberships_contains_paywalled_content":false,"_jetpack_feature_clip_id":0,"_jetpack_memberships_contains_paid_content":false,"footnotes":"","jetpack_publicize_message":"","jetpack_publicize_feature_enabled":true,"jetpack_social_post_already_shared":true,"jetpack_social_options":{"image_generator_settings":{"template":"edge","default_image_id":0,"font":"","enabled":false},"version":2},"jetpack_post_was_ever_published":false},"categories":[688],"tags":[233,585,996],"thb-sponsors":[],"class_list":["post-16754","post","type-post","status-publish","format-standard","has-post-thumbnail","hentry","category-sostenibilidad","tag-ecoluxury","tag-lvmh","tag-moet-hennessy"],"yoast_head":"<!-- This site is optimized with the Yoast SEO plugin v28.4 - https:\/\/yoast.com\/product\/yoast-seo-wordpress\/ -->\n<title>Mo\u00ebt Hennessy, mecenas en la restauraci\u00f3n del Jard\u00edn de las Tuller\u00edas | LUXONOMY<\/title>\n<meta name=\"robots\" content=\"index, follow, max-snippet:-1, max-image-preview:large, max-video-preview:-1\" \/>\n<link rel=\"canonical\" href=\"https:\/\/luxonomy.net\/es\/moet-hennessy-mecenas-en-la-restauracion-del-jardin-de-las-tullerias\/\" \/>\n<meta property=\"og:locale\" content=\"es_ES\" \/>\n<meta property=\"og:type\" content=\"article\" \/>\n<meta property=\"og:title\" content=\"Mo\u00ebt Hennessy, mecenas en la restauraci\u00f3n del Jard\u00edn de las Tuller\u00edas | LUXONOMY\" \/>\n<meta property=\"og:description\" content=\"Como parte de su amplia agenda de iniciativas sociales y medioambientales, Mo\u00ebt Hennessy es mecenas del XI Tous M\u00e9c\u00e8nes! Campa\u00f1a de crowdfunding organizada por el Louvre, a la que apoya desde hace muchos a\u00f1os. Esta \u00faltima campa\u00f1a tiene como objetivo &#8220;reverdecer&#8221; y restaurar el Jard\u00edn de las Tuller\u00edas. Gracias a este programa, durante el pasado&hellip;\" \/>\n<meta property=\"og:url\" content=\"https:\/\/luxonomy.net\/es\/moet-hennessy-mecenas-en-la-restauracion-del-jardin-de-las-tullerias\/\" \/>\n<meta property=\"og:site_name\" content=\"LUXONOMY\" \/>\n<meta property=\"article:publisher\" content=\"https:\/\/www.facebook.com\/luxonomy\" \/>\n<meta property=\"article:published_time\" content=\"2021-09-13T11:26:04+00:00\" \/>\n<meta property=\"og:image\" content=\"https:\/\/i0.wp.com\/luxonomy.net\/wp-content\/uploads\/2021\/09\/Moe%CC%88t-Hennessy-mecenas-en-la-restauracio%CC%81n-del-Jardi%CC%81n-de-las-Tulleri%CC%81as.jpg?fit=1000%2C550&quality=89&ssl=1\" \/>\n\t<meta property=\"og:image:width\" content=\"1000\" \/>\n\t<meta property=\"og:image:height\" content=\"550\" \/>\n\t<meta property=\"og:image:type\" content=\"image\/jpeg\" \/>\n<meta name=\"author\" content=\"LUXONOMY\" \/>\n<meta name=\"twitter:card\" content=\"summary_large_image\" \/>\n<meta name=\"twitter:label1\" content=\"Escrito por\" \/>\n\t<meta name=\"twitter:data1\" content=\"LUXONOMY\" \/>\n\t<meta name=\"twitter:label2\" content=\"Tiempo de lectura\" \/>\n\t<meta name=\"twitter:data2\" content=\"2 minutos\" \/>\n<script type=\"application\/ld+json\" class=\"yoast-schema-graph\">{\"@context\":\"https:\\\/\\\/schema.org\",\"@graph\":[{\"@type\":\"Article\",\"@id\":\"https:\\\/\\\/luxonomy.net\\\/es\\\/moet-hennessy-mecenas-en-la-restauracion-del-jardin-de-las-tullerias\\\/#article\",\"isPartOf\":{\"@id\":\"https:\\\/\\\/luxonomy.net\\\/es\\\/moet-hennessy-mecenas-en-la-restauracion-del-jardin-de-las-tullerias\\\/\"},\"author\":{\"name\":\"LUXONOMY\",\"@id\":\"https:\\\/\\\/luxonomy.net\\\/es\\\/#\\\/schema\\\/person\\\/ca588d8b741a1fdd9065289c8d98ee8c\"},\"headline\":\"Mo\u00ebt Hennessy, mecenas en la restauraci\u00f3n del Jard\u00edn de las Tuller\u00edas\",\"datePublished\":\"2021-09-13T11:26:04+00:00\",\"mainEntityOfPage\":{\"@id\":\"https:\\\/\\\/luxonomy.net\\\/es\\\/moet-hennessy-mecenas-en-la-restauracion-del-jardin-de-las-tullerias\\\/\"},\"wordCount\":465,\"commentCount\":0,\"publisher\":{\"@id\":\"https:\\\/\\\/luxonomy.net\\\/es\\\/#organization\"},\"image\":{\"@id\":\"https:\\\/\\\/luxonomy.net\\\/es\\\/moet-hennessy-mecenas-en-la-restauracion-del-jardin-de-las-tullerias\\\/#primaryimage\"},\"thumbnailUrl\":\"https:\\\/\\\/i0.wp.com\\\/luxonomy.net\\\/wp-content\\\/uploads\\\/2021\\\/09\\\/Moe%CC%88t-Hennessy-mecenas-en-la-restauracio%CC%81n-del-Jardi%CC%81n-de-las-Tulleri%CC%81as.jpg?fit=1000%2C550&ssl=1\",\"keywords\":[\"ecoluxury\",\"LVMH\",\"Mo\u00ebt Hennessy\"],\"articleSection\":[\"Sostenibilidad\"],\"inLanguage\":\"es\",\"potentialAction\":[{\"@type\":\"CommentAction\",\"name\":\"Comment\",\"target\":[\"https:\\\/\\\/luxonomy.net\\\/es\\\/moet-hennessy-mecenas-en-la-restauracion-del-jardin-de-las-tullerias\\\/#respond\"]}]},{\"@type\":\"WebPage\",\"@id\":\"https:\\\/\\\/luxonomy.net\\\/es\\\/moet-hennessy-mecenas-en-la-restauracion-del-jardin-de-las-tullerias\\\/\",\"url\":\"https:\\\/\\\/luxonomy.net\\\/es\\\/moet-hennessy-mecenas-en-la-restauracion-del-jardin-de-las-tullerias\\\/\",\"name\":\"Mo\u00ebt Hennessy, mecenas en la restauraci\u00f3n del Jard\u00edn de las Tuller\u00edas | LUXONOMY\",\"isPartOf\":{\"@id\":\"https:\\\/\\\/luxonomy.net\\\/es\\\/#website\"},\"primaryImageOfPage\":{\"@id\":\"https:\\\/\\\/luxonomy.net\\\/es\\\/moet-hennessy-mecenas-en-la-restauracion-del-jardin-de-las-tullerias\\\/#primaryimage\"},\"image\":{\"@id\":\"https:\\\/\\\/luxonomy.net\\\/es\\\/moet-hennessy-mecenas-en-la-restauracion-del-jardin-de-las-tullerias\\\/#primaryimage\"},\"thumbnailUrl\":\"https:\\\/\\\/i0.wp.com\\\/luxonomy.net\\\/wp-content\\\/uploads\\\/2021\\\/09\\\/Moe%CC%88t-Hennessy-mecenas-en-la-restauracio%CC%81n-del-Jardi%CC%81n-de-las-Tulleri%CC%81as.jpg?fit=1000%2C550&ssl=1\",\"datePublished\":\"2021-09-13T11:26:04+00:00\",\"breadcrumb\":{\"@id\":\"https:\\\/\\\/luxonomy.net\\\/es\\\/moet-hennessy-mecenas-en-la-restauracion-del-jardin-de-las-tullerias\\\/#breadcrumb\"},\"inLanguage\":\"es\",\"potentialAction\":[{\"@type\":\"ReadAction\",\"target\":[\"https:\\\/\\\/luxonomy.net\\\/es\\\/moet-hennessy-mecenas-en-la-restauracion-del-jardin-de-las-tullerias\\\/\"]}]},{\"@type\":\"ImageObject\",\"inLanguage\":\"es\",\"@id\":\"https:\\\/\\\/luxonomy.net\\\/es\\\/moet-hennessy-mecenas-en-la-restauracion-del-jardin-de-las-tullerias\\\/#primaryimage\",\"url\":\"https:\\\/\\\/i0.wp.com\\\/luxonomy.net\\\/wp-content\\\/uploads\\\/2021\\\/09\\\/Moe%CC%88t-Hennessy-mecenas-en-la-restauracio%CC%81n-del-Jardi%CC%81n-de-las-Tulleri%CC%81as.jpg?fit=1000%2C550&ssl=1\",\"contentUrl\":\"https:\\\/\\\/i0.wp.com\\\/luxonomy.net\\\/wp-content\\\/uploads\\\/2021\\\/09\\\/Moe%CC%88t-Hennessy-mecenas-en-la-restauracio%CC%81n-del-Jardi%CC%81n-de-las-Tulleri%CC%81as.jpg?fit=1000%2C550&ssl=1\",\"width\":1000,\"height\":550},{\"@type\":\"BreadcrumbList\",\"@id\":\"https:\\\/\\\/luxonomy.net\\\/es\\\/moet-hennessy-mecenas-en-la-restauracion-del-jardin-de-las-tullerias\\\/#breadcrumb\",\"itemListElement\":[{\"@type\":\"ListItem\",\"position\":1,\"name\":\"Portada\",\"item\":\"https:\\\/\\\/luxonomy.net\\\/es\\\/\"},{\"@type\":\"ListItem\",\"position\":2,\"name\":\"Mo\u00ebt Hennessy, mecenas en la restauraci\u00f3n del Jard\u00edn de las Tuller\u00edas\"}]},{\"@type\":\"WebSite\",\"@id\":\"https:\\\/\\\/luxonomy.net\\\/es\\\/#website\",\"url\":\"https:\\\/\\\/luxonomy.net\\\/es\\\/\",\"name\":\"LUXONOMY\",\"description\":\"The Economy of Fashion &amp; Luxury\",\"publisher\":{\"@id\":\"https:\\\/\\\/luxonomy.net\\\/es\\\/#organization\"},\"potentialAction\":[{\"@type\":\"SearchAction\",\"target\":{\"@type\":\"EntryPoint\",\"urlTemplate\":\"https:\\\/\\\/luxonomy.net\\\/es\\\/?s={search_term_string}\"},\"query-input\":{\"@type\":\"PropertyValueSpecification\",\"valueRequired\":true,\"valueName\":\"search_term_string\"}}],\"inLanguage\":\"es\"},{\"@type\":\"Organization\",\"@id\":\"https:\\\/\\\/luxonomy.net\\\/es\\\/#organization\",\"name\":\"LUXONOMY\",\"url\":\"https:\\\/\\\/luxonomy.net\\\/es\\\/\",\"logo\":{\"@type\":\"ImageObject\",\"inLanguage\":\"es\",\"@id\":\"https:\\\/\\\/luxonomy.net\\\/es\\\/#\\\/schema\\\/logo\\\/image\\\/\",\"url\":\"https:\\\/\\\/i2.wp.com\\\/luxonomy.net\\\/wp-content\\\/uploads\\\/2021\\\/09\\\/MOCKUP-TODOS-LUXONOMY.jpg?fit=1000%2C515&ssl=1\",\"contentUrl\":\"https:\\\/\\\/i2.wp.com\\\/luxonomy.net\\\/wp-content\\\/uploads\\\/2021\\\/09\\\/MOCKUP-TODOS-LUXONOMY.jpg?fit=1000%2C515&ssl=1\",\"width\":1000,\"height\":515,\"caption\":\"LUXONOMY\"},\"image\":{\"@id\":\"https:\\\/\\\/luxonomy.net\\\/es\\\/#\\\/schema\\\/logo\\\/image\\\/\"},\"sameAs\":[\"https:\\\/\\\/www.facebook.com\\\/luxonomy\",\"https:\\\/\\\/www.instagram.com\\\/luxonomy\\\/\",\"https:\\\/\\\/www.linkedin.com\\\/company\\\/luxonomy\\\/\"]},{\"@type\":\"Person\",\"@id\":\"https:\\\/\\\/luxonomy.net\\\/es\\\/#\\\/schema\\\/person\\\/ca588d8b741a1fdd9065289c8d98ee8c\",\"name\":\"LUXONOMY\",\"image\":{\"@type\":\"ImageObject\",\"inLanguage\":\"es\",\"@id\":\"https:\\\/\\\/luxonomy.net\\\/wp-content\\\/litespeed\\\/avatar\\\/a6436cdb14fdaf9c21808e63d0da2055.jpg?ver=1788366758\",\"url\":\"https:\\\/\\\/luxonomy.net\\\/wp-content\\\/litespeed\\\/avatar\\\/a6436cdb14fdaf9c21808e63d0da2055.jpg?ver=1788366758\",\"contentUrl\":\"https:\\\/\\\/luxonomy.net\\\/wp-content\\\/litespeed\\\/avatar\\\/a6436cdb14fdaf9c21808e63d0da2055.jpg?ver=1788366758\",\"caption\":\"LUXONOMY\"},\"sameAs\":[\"https:\\\/\"],\"url\":\"https:\\\/\\\/luxonomy.net\\\/es\\\/author\\\/luxonomy\\\/\"}]}<\/script>\n<!-- \/ Yoast SEO plugin. -->","yoast_head_json":{"title":"Mo\u00ebt Hennessy, mecenas en la restauraci\u00f3n del Jard\u00edn de las Tuller\u00edas | LUXONOMY","robots":{"index":"index","follow":"follow","max-snippet":"max-snippet:-1","max-image-preview":"max-image-preview:large","max-video-preview":"max-video-preview:-1"},"canonical":"https:\/\/luxonomy.net\/es\/moet-hennessy-mecenas-en-la-restauracion-del-jardin-de-las-tullerias\/","og_locale":"es_ES","og_type":"article","og_title":"Mo\u00ebt Hennessy, mecenas en la restauraci\u00f3n del Jard\u00edn de las Tuller\u00edas | LUXONOMY","og_description":"Como parte de su amplia agenda de iniciativas sociales y medioambientales, Mo\u00ebt Hennessy es mecenas del XI Tous M\u00e9c\u00e8nes! Campa\u00f1a de crowdfunding organizada por el Louvre, a la que apoya desde hace muchos a\u00f1os. Esta \u00faltima campa\u00f1a tiene como objetivo &#8220;reverdecer&#8221; y restaurar el Jard\u00edn de las Tuller\u00edas. Gracias a este programa, durante el pasado&hellip;","og_url":"https:\/\/luxonomy.net\/es\/moet-hennessy-mecenas-en-la-restauracion-del-jardin-de-las-tullerias\/","og_site_name":"LUXONOMY","article_publisher":"https:\/\/www.facebook.com\/luxonomy","article_published_time":"2021-09-13T11:26:04+00:00","og_image":[{"width":1000,"height":550,"url":"https:\/\/i0.wp.com\/luxonomy.net\/wp-content\/uploads\/2021\/09\/Moe%CC%88t-Hennessy-mecenas-en-la-restauracio%CC%81n-del-Jardi%CC%81n-de-las-Tulleri%CC%81as.jpg?fit=1000%2C550&quality=89&ssl=1","type":"image\/jpeg"}],"author":"LUXONOMY","twitter_card":"summary_large_image","twitter_misc":{"Escrito por":"LUXONOMY","Tiempo de lectura":"2 minutos"},"schema":{"@context":"https:\/\/schema.org","@graph":[{"@type":"Article","@id":"https:\/\/luxonomy.net\/es\/moet-hennessy-mecenas-en-la-restauracion-del-jardin-de-las-tullerias\/#article","isPartOf":{"@id":"https:\/\/luxonomy.net\/es\/moet-hennessy-mecenas-en-la-restauracion-del-jardin-de-las-tullerias\/"},"author":{"name":"LUXONOMY","@id":"https:\/\/luxonomy.net\/es\/#\/schema\/person\/ca588d8b741a1fdd9065289c8d98ee8c"},"headline":"Mo\u00ebt Hennessy, mecenas en la restauraci\u00f3n del Jard\u00edn de las Tuller\u00edas","datePublished":"2021-09-13T11:26:04+00:00","mainEntityOfPage":{"@id":"https:\/\/luxonomy.net\/es\/moet-hennessy-mecenas-en-la-restauracion-del-jardin-de-las-tullerias\/"},"wordCount":465,"commentCount":0,"publisher":{"@id":"https:\/\/luxonomy.net\/es\/#organization"},"image":{"@id":"https:\/\/luxonomy.net\/es\/moet-hennessy-mecenas-en-la-restauracion-del-jardin-de-las-tullerias\/#primaryimage"},"thumbnailUrl":"https:\/\/i0.wp.com\/luxonomy.net\/wp-content\/uploads\/2021\/09\/Moe%CC%88t-Hennessy-mecenas-en-la-restauracio%CC%81n-del-Jardi%CC%81n-de-las-Tulleri%CC%81as.jpg?fit=1000%2C550&ssl=1","keywords":["ecoluxury","LVMH","Mo\u00ebt Hennessy"],"articleSection":["Sostenibilidad"],"inLanguage":"es","potentialAction":[{"@type":"CommentAction","name":"Comment","target":["https:\/\/luxonomy.net\/es\/moet-hennessy-mecenas-en-la-restauracion-del-jardin-de-las-tullerias\/#respond"]}]},{"@type":"WebPage","@id":"https:\/\/luxonomy.net\/es\/moet-hennessy-mecenas-en-la-restauracion-del-jardin-de-las-tullerias\/","url":"https:\/\/luxonomy.net\/es\/moet-hennessy-mecenas-en-la-restauracion-del-jardin-de-las-tullerias\/","name":"Mo\u00ebt Hennessy, mecenas en la restauraci\u00f3n del Jard\u00edn de las Tuller\u00edas | LUXONOMY","isPartOf":{"@id":"https:\/\/luxonomy.net\/es\/#website"},"primaryImageOfPage":{"@id":"https:\/\/luxonomy.net\/es\/moet-hennessy-mecenas-en-la-restauracion-del-jardin-de-las-tullerias\/#primaryimage"},"image":{"@id":"https:\/\/luxonomy.net\/es\/moet-hennessy-mecenas-en-la-restauracion-del-jardin-de-las-tullerias\/#primaryimage"},"thumbnailUrl":"https:\/\/i0.wp.com\/luxonomy.net\/wp-content\/uploads\/2021\/09\/Moe%CC%88t-Hennessy-mecenas-en-la-restauracio%CC%81n-del-Jardi%CC%81n-de-las-Tulleri%CC%81as.jpg?fit=1000%2C550&ssl=1","datePublished":"2021-09-13T11:26:04+00:00","breadcrumb":{"@id":"https:\/\/luxonomy.net\/es\/moet-hennessy-mecenas-en-la-restauracion-del-jardin-de-las-tullerias\/#breadcrumb"},"inLanguage":"es","potentialAction":[{"@type":"ReadAction","target":["https:\/\/luxonomy.net\/es\/moet-hennessy-mecenas-en-la-restauracion-del-jardin-de-las-tullerias\/"]}]},{"@type":"ImageObject","inLanguage":"es","@id":"https:\/\/luxonomy.net\/es\/moet-hennessy-mecenas-en-la-restauracion-del-jardin-de-las-tullerias\/#primaryimage","url":"https:\/\/i0.wp.com\/luxonomy.net\/wp-content\/uploads\/2021\/09\/Moe%CC%88t-Hennessy-mecenas-en-la-restauracio%CC%81n-del-Jardi%CC%81n-de-las-Tulleri%CC%81as.jpg?fit=1000%2C550&ssl=1","contentUrl":"https:\/\/i0.wp.com\/luxonomy.net\/wp-content\/uploads\/2021\/09\/Moe%CC%88t-Hennessy-mecenas-en-la-restauracio%CC%81n-del-Jardi%CC%81n-de-las-Tulleri%CC%81as.jpg?fit=1000%2C550&ssl=1","width":1000,"height":550},{"@type":"BreadcrumbList","@id":"https:\/\/luxonomy.net\/es\/moet-hennessy-mecenas-en-la-restauracion-del-jardin-de-las-tullerias\/#breadcrumb","itemListElement":[{"@type":"ListItem","position":1,"name":"Portada","item":"https:\/\/luxonomy.net\/es\/"},{"@type":"ListItem","position":2,"name":"Mo\u00ebt Hennessy, mecenas en la restauraci\u00f3n del Jard\u00edn de las Tuller\u00edas"}]},{"@type":"WebSite","@id":"https:\/\/luxonomy.net\/es\/#website","url":"https:\/\/luxonomy.net\/es\/","name":"LUXONOMY","description":"The Economy of Fashion &amp; Luxury","publisher":{"@id":"https:\/\/luxonomy.net\/es\/#organization"},"potentialAction":[{"@type":"SearchAction","target":{"@type":"EntryPoint","urlTemplate":"https:\/\/luxonomy.net\/es\/?s={search_term_string}"},"query-input":{"@type":"PropertyValueSpecification","valueRequired":true,"valueName":"search_term_string"}}],"inLanguage":"es"},{"@type":"Organization","@id":"https:\/\/luxonomy.net\/es\/#organization","name":"LUXONOMY","url":"https:\/\/luxonomy.net\/es\/","logo":{"@type":"ImageObject","inLanguage":"es","@id":"https:\/\/luxonomy.net\/es\/#\/schema\/logo\/image\/","url":"https:\/\/i2.wp.com\/luxonomy.net\/wp-content\/uploads\/2021\/09\/MOCKUP-TODOS-LUXONOMY.jpg?fit=1000%2C515&ssl=1","contentUrl":"https:\/\/i2.wp.com\/luxonomy.net\/wp-content\/uploads\/2021\/09\/MOCKUP-TODOS-LUXONOMY.jpg?fit=1000%2C515&ssl=1","width":1000,"height":515,"caption":"LUXONOMY"},"image":{"@id":"https:\/\/luxonomy.net\/es\/#\/schema\/logo\/image\/"},"sameAs":["https:\/\/www.facebook.com\/luxonomy","https:\/\/www.instagram.com\/luxonomy\/","https:\/\/www.linkedin.com\/company\/luxonomy\/"]},{"@type":"Person","@id":"https:\/\/luxonomy.net\/es\/#\/schema\/person\/ca588d8b741a1fdd9065289c8d98ee8c","name":"LUXONOMY","image":{"@type":"ImageObject","inLanguage":"es","@id":"https:\/\/luxonomy.net\/wp-content\/litespeed\/avatar\/a6436cdb14fdaf9c21808e63d0da2055.jpg?ver=1788366758","url":"https:\/\/luxonomy.net\/wp-content\/litespeed\/avatar\/a6436cdb14fdaf9c21808e63d0da2055.jpg?ver=1788366758","contentUrl":"https:\/\/luxonomy.net\/wp-content\/litespeed\/avatar\/a6436cdb14fdaf9c21808e63d0da2055.jpg?ver=1788366758","caption":"LUXONOMY"},"sameAs":["https:\/"],"url":"https:\/\/luxonomy.net\/es\/author\/luxonomy\/"}]}},"jetpack_publicize_connections":[],"jetpack_shortlink":"https:\/\/wp.me\/paPhBa-4me","jetpack_sharing_enabled":true,"jetpack_featured_media_url":"https:\/\/i0.wp.com\/luxonomy.net\/wp-content\/uploads\/2021\/09\/Moe%CC%88t-Hennessy-mecenas-en-la-restauracio%CC%81n-del-Jardi%CC%81n-de-las-Tulleri%CC%81as.jpg?fit=1000%2C550&ssl=1","_links":{"self":[{"href":"https:\/\/luxonomy.net\/es\/wp-json\/wp\/v2\/posts\/16754","targetHints":{"allow":["GET"]}}],"collection":[{"href":"https:\/\/luxonomy.net\/es\/wp-json\/wp\/v2\/posts"}],"about":[{"href":"https:\/\/luxonomy.net\/es\/wp-json\/wp\/v2\/types\/post"}],"author":[{"embeddable":true,"href":"https:\/\/luxonomy.net\/es\/wp-json\/wp\/v2\/users\/1"}],"replies":[{"embeddable":true,"href":"https:\/\/luxonomy.net\/es\/wp-json\/wp\/v2\/comments?post=16754"}],"version-history":[{"count":1,"href":"https:\/\/luxonomy.net\/es\/wp-json\/wp\/v2\/posts\/16754\/revisions"}],"predecessor-version":[{"id":16756,"href":"https:\/\/luxonomy.net\/es\/wp-json\/wp\/v2\/posts\/16754\/revisions\/16756"}],"wp:featuredmedia":[{"embeddable":true,"href":"https:\/\/luxonomy.net\/es\/wp-json\/wp\/v2\/media\/16755"}],"wp:attachment":[{"href":"https:\/\/luxonomy.net\/es\/wp-json\/wp\/v2\/media?parent=16754"}],"wp:term":[{"taxonomy":"category","embeddable":true,"href":"https:\/\/luxonomy.net\/es\/wp-json\/wp\/v2\/categories?post=16754"},{"taxonomy":"post_tag","embeddable":true,"href":"https:\/\/luxonomy.net\/es\/wp-json\/wp\/v2\/tags?post=16754"},{"taxonomy":"thb-sponsors","embeddable":true,"href":"https:\/\/luxonomy.net\/es\/wp-json\/wp\/v2\/thb-sponsors?post=16754"}],"curies":[{"name":"wp","href":"https:\/\/api.w.org\/{rel}","templated":true}]}}