{"id":16711,"date":"2021-09-12T15:38:47","date_gmt":"2021-09-12T13:38:47","guid":{"rendered":"https:\/?p=16711"},"modified":"2021-09-12T15:38:47","modified_gmt":"2021-09-12T13:38:47","slug":"chiara-ferragni-embajadora-e-imagen-de-hublot","status":"publish","type":"post","link":"https:\/\/luxonomy.net\/es\/chiara-ferragni-embajadora-e-imagen-de-hublot\/","title":{"rendered":"Chiara Ferragni, embajadora e imagen de Hublot"},"content":{"rendered":"<p>Chiara Ferragni se ha unido a la familia Hublot, donde contar\u00e1 con la compa\u00f1\u00eda de muchas personalidades legendarias, como la leyenda del f\u00fatbol Pel\u00e9, el n\u00ba 1 del tenis mundial Novak Djokovic, los campeones de atletismo Dina Asher-Smith y Usain Bolt, y la chef reconocida con tres estrellas Michelin Clare Smyth. Chiara ilumina todo lo que toca y crea. Es una ganadora nata cuya aura deslumbra en todas sus pasiones y elecciones.<\/p>\n<p>En esta ocasi\u00f3n, ha elegido a Hublot. Pero, \u00bfpor qu\u00e9 Chiara Ferragni y por qu\u00e9 Hublot?<\/p>\n[perfectpullquote align=&#8221;full&#8221; bordertop=&#8221;false&#8221; cite=&#8221;&#8221; link=&#8221;&#8221; color=&#8221;&#8221; class=&#8221;&#8221; size=&#8221;&#8221;]Todo lo que hago lo hago con la intenci\u00f3n de compartir: las cosas que adoro, la gente que amo, mis experiencias, mi vida cotidiana, mis hijos, mi trabajo. Le pongo coraz\u00f3n a todo para as\u00ed inspirar a los dem\u00e1s, para que crean en s\u00ed mismos y en sus sue\u00f1os. Fue en 2009 cuando encontr\u00e9 mi ikigai. Consegu\u00ed unir mi pasi\u00f3n con mi talento para responder a una necesidad y ahora todo ello se ha convertido en mi negocio. Al abrir la puerta para mostrar qui\u00e9n soy y lo que experimento, tambi\u00e9n espero inspirar a las mujeres de hoy en d\u00eda, para que no elijan entre ser esposa, madre o emprendedora. Todos estos roles me completan de la misma manera que se complementan entre s\u00ed. La belleza est\u00e1 detr\u00e1s de todo lo que hago. No solo la belleza interior, sino todo lo que observo a mi alrededor. Esto se refleja en mis colaboraciones, en mis palabras, en mis actividades ben\u00e9ficas y en mi cotidianidad. \u00bfPor qu\u00e9 Hublot? Porque Hublot no es como cualquier otra marca de relojes, sino que sigue su propia senda de distinci\u00f3n y lo hace con determinaci\u00f3n: persigue sus sue\u00f1os de innovaci\u00f3n sin dejar a un lado las tradiciones; busca la belleza interior y la exterior; al mostrar mucho m\u00e1s que el rendimiento deportivo o el \u00e9xito cosechado por un miembro de la familia, est\u00e1 celebrando los motivos de ese rendimiento y de ese \u00e9xito; dicho de otro modo: la capacidad de ser pionero, diferente y \u00fanico. Los mensajes y valores que transmite Hublot me llegan y conectan con mi persona; es por ello por lo que he decidido unirme a esta familia. Representa una mezcla de pasi\u00f3n y determinaci\u00f3n que me ha permitido ser quien soy, que vertebra todas mis facetas y que ha forjado la empresaria en la que me he convertido. Esa misma mezcla es la que ha convertido a Hublot en la empresa que es hoy. <strong>Chiara Ferragni<\/strong> <em>Embajadora de la marca Hublot<\/em>[\/perfectpullquote]\n[perfectpullquote align=&#8221;full&#8221; bordertop=&#8221;false&#8221; cite=&#8221;&#8221; link=&#8221;&#8221; color=&#8221;&#8221; class=&#8221;&#8221; size=&#8221;&#8221;]\u00bfQui\u00e9n no conoce a Chiara Ferragni? Su extraordinaria historia no es fruto de la casualidad. Esta mujer visionaria y decidida ha aprendido a crecer y evolucionar con su tiempo. Al retratar y compartir qui\u00e9n es y lo que le apasiona, ha materializado su sue\u00f1o: inspirar a hombres y mujeres de su generaci\u00f3n para que crean que todo es posible. Gracias a su autenticidad y espontaneidad, ha convertido su car\u00e1cter jovial, positivo y generoso en su marca distintiva. Como visionaria y pionera, ha sido capaz de avanzar con los tiempos, dominar las plataformas digitales y convertir su pasi\u00f3n en un negocio real. Su pasi\u00f3n se ha convertido en su trabajo y su talento natural se ha transformado en un \u00e9xito que pareciera estar al alcance de todo el mundo. Su inspiradora trayectoria demuestra que todo es posible: se trata de perseguir sus sue\u00f1os, pero sin perder de vista la realidad. \u00bfA qui\u00e9n no le gustar\u00eda vivir y hacer realidad sus sue\u00f1os como Chiara Ferragni? En Hublot, nos encantan las mujeres y los hombres que irradian inspiraci\u00f3n, que creen en sus sue\u00f1os y que mueven cielo y tierra para cumplirlos; personas que reafirman esa personalidad distintiva e inconfundible, que est\u00e1n dispuestas a correr riesgos, que no temen al qu\u00e9 dir\u00e1n y que siguen su camino con autenticidad y pasi\u00f3n. Es por ello por lo que Chiara encaja tan bien en nuestra familia. <strong>Ricardo Guadalupe.<\/strong> <em>CEO de HUBLOT<\/em>[\/perfectpullquote]\n","protected":false},"excerpt":{"rendered":"<p>Chiara Ferragni se ha unido a la familia Hublot, donde contar\u00e1 con la compa\u00f1\u00eda de muchas personalidades legendarias, como la leyenda del f\u00fatbol Pel\u00e9, el n\u00ba 1 del tenis mundial Novak Djokovic, los campeones de atletismo Dina Asher-Smith y Usain Bolt, y la chef reconocida con tres estrellas Michelin Clare Smyth. Chiara ilumina todo lo&hellip;<\/p>\n","protected":false},"author":10,"featured_media":16712,"comment_status":"open","ping_status":"open","sticky":false,"template":"","format":"standard","meta":{"_jetpack_newsletter_access":"","_jetpack_dont_email_post_to_subs":false,"_jetpack_newsletter_tier_id":0,"_jetpack_memberships_contains_paywalled_content":false,"_jetpack_feature_clip_id":0,"_jetpack_memberships_contains_paid_content":false,"footnotes":"","jetpack_publicize_message":"","jetpack_publicize_feature_enabled":true,"jetpack_social_post_already_shared":true,"jetpack_social_options":{"image_generator_settings":{"template":"edge","default_image_id":0,"font":"","enabled":false},"version":2},"jetpack_post_was_ever_published":false},"categories":[612,534],"tags":[770,807,669],"thb-sponsors":[],"class_list":["post-16711","post","type-post","status-publish","format-standard","has-post-thumbnail","hentry","category-joyeria-y-relojeria","category-moda","tag-chiara-ferragni","tag-hublot","tag-relojeria"],"yoast_head":"<!-- This site is optimized with the Yoast SEO plugin v28.3 - https:\/\/yoast.com\/product\/yoast-seo-wordpress\/ -->\n<title>Chiara Ferragni, embajadora e imagen de Hublot | LUXONOMY<\/title>\n<meta name=\"robots\" content=\"index, follow, max-snippet:-1, max-image-preview:large, max-video-preview:-1\" \/>\n<link rel=\"canonical\" href=\"https:\/\/luxonomy.net\/es\/chiara-ferragni-embajadora-e-imagen-de-hublot\/\" \/>\n<meta property=\"og:locale\" content=\"es_ES\" \/>\n<meta property=\"og:type\" content=\"article\" \/>\n<meta property=\"og:title\" content=\"Chiara Ferragni, embajadora e imagen de Hublot | LUXONOMY\" \/>\n<meta property=\"og:description\" content=\"Chiara Ferragni se ha unido a la familia Hublot, donde contar\u00e1 con la compa\u00f1\u00eda de muchas personalidades legendarias, como la leyenda del f\u00fatbol Pel\u00e9, el n\u00ba 1 del tenis mundial Novak Djokovic, los campeones de atletismo Dina Asher-Smith y Usain Bolt, y la chef reconocida con tres estrellas Michelin Clare Smyth. Chiara ilumina todo lo&hellip;\" \/>\n<meta property=\"og:url\" content=\"https:\/\/luxonomy.net\/es\/chiara-ferragni-embajadora-e-imagen-de-hublot\/\" \/>\n<meta property=\"og:site_name\" content=\"LUXONOMY\" \/>\n<meta property=\"article:publisher\" content=\"https:\/\/www.facebook.com\/luxonomy\" \/>\n<meta property=\"article:published_time\" content=\"2021-09-12T13:38:47+00:00\" \/>\n<meta property=\"og:image\" content=\"https:\/\/i0.wp.com\/luxonomy.net\/wp-content\/uploads\/2021\/09\/CHIARA-FERRAGNI-BECOMES-A-NEW-HUBLOT-AMBASSADOR-3-scaled.jpg?fit=2560%2C1638&quality=89&ssl=1\" \/>\n\t<meta property=\"og:image:width\" content=\"2560\" \/>\n\t<meta property=\"og:image:height\" content=\"1638\" \/>\n\t<meta property=\"og:image:type\" content=\"image\/jpeg\" \/>\n<meta name=\"author\" content=\"Chiara Gabardi\" \/>\n<meta name=\"twitter:card\" content=\"summary_large_image\" \/>\n<meta name=\"twitter:label1\" content=\"Escrito por\" \/>\n\t<meta name=\"twitter:data1\" content=\"Chiara Gabardi\" \/>\n\t<meta name=\"twitter:label2\" content=\"Tiempo de lectura\" \/>\n\t<meta name=\"twitter:data2\" content=\"3 minutos\" \/>\n<script type=\"application\/ld+json\" class=\"yoast-schema-graph\">{\"@context\":\"https:\\\/\\\/schema.org\",\"@graph\":[{\"@type\":\"Article\",\"@id\":\"https:\\\/\\\/luxonomy.net\\\/es\\\/chiara-ferragni-embajadora-e-imagen-de-hublot\\\/#article\",\"isPartOf\":{\"@id\":\"https:\\\/\\\/luxonomy.net\\\/es\\\/chiara-ferragni-embajadora-e-imagen-de-hublot\\\/\"},\"author\":{\"name\":\"Chiara Gabardi\",\"@id\":\"https:\\\/\\\/luxonomy.net\\\/es\\\/#\\\/schema\\\/person\\\/9d526ffe93a0cc9cecc91760f49da3ef\"},\"headline\":\"Chiara Ferragni, embajadora e imagen de Hublot\",\"datePublished\":\"2021-09-12T13:38:47+00:00\",\"mainEntityOfPage\":{\"@id\":\"https:\\\/\\\/luxonomy.net\\\/es\\\/chiara-ferragni-embajadora-e-imagen-de-hublot\\\/\"},\"wordCount\":715,\"commentCount\":0,\"publisher\":{\"@id\":\"https:\\\/\\\/luxonomy.net\\\/es\\\/#organization\"},\"image\":{\"@id\":\"https:\\\/\\\/luxonomy.net\\\/es\\\/chiara-ferragni-embajadora-e-imagen-de-hublot\\\/#primaryimage\"},\"thumbnailUrl\":\"https:\\\/\\\/i0.wp.com\\\/luxonomy.net\\\/wp-content\\\/uploads\\\/2021\\\/09\\\/CHIARA-FERRAGNI-BECOMES-A-NEW-HUBLOT-AMBASSADOR-3-scaled.jpg?fit=2560%2C1638&ssl=1\",\"keywords\":[\"Chiara Ferragni\",\"Hublot\",\"relojer\u00eda\"],\"articleSection\":[\"Joyer\u00eda y Relojer\u00eda\",\"Moda\"],\"inLanguage\":\"es\",\"potentialAction\":[{\"@type\":\"CommentAction\",\"name\":\"Comment\",\"target\":[\"https:\\\/\\\/luxonomy.net\\\/es\\\/chiara-ferragni-embajadora-e-imagen-de-hublot\\\/#respond\"]}]},{\"@type\":\"WebPage\",\"@id\":\"https:\\\/\\\/luxonomy.net\\\/es\\\/chiara-ferragni-embajadora-e-imagen-de-hublot\\\/\",\"url\":\"https:\\\/\\\/luxonomy.net\\\/es\\\/chiara-ferragni-embajadora-e-imagen-de-hublot\\\/\",\"name\":\"Chiara Ferragni, embajadora e imagen de Hublot | LUXONOMY\",\"isPartOf\":{\"@id\":\"https:\\\/\\\/luxonomy.net\\\/es\\\/#website\"},\"primaryImageOfPage\":{\"@id\":\"https:\\\/\\\/luxonomy.net\\\/es\\\/chiara-ferragni-embajadora-e-imagen-de-hublot\\\/#primaryimage\"},\"image\":{\"@id\":\"https:\\\/\\\/luxonomy.net\\\/es\\\/chiara-ferragni-embajadora-e-imagen-de-hublot\\\/#primaryimage\"},\"thumbnailUrl\":\"https:\\\/\\\/i0.wp.com\\\/luxonomy.net\\\/wp-content\\\/uploads\\\/2021\\\/09\\\/CHIARA-FERRAGNI-BECOMES-A-NEW-HUBLOT-AMBASSADOR-3-scaled.jpg?fit=2560%2C1638&ssl=1\",\"datePublished\":\"2021-09-12T13:38:47+00:00\",\"breadcrumb\":{\"@id\":\"https:\\\/\\\/luxonomy.net\\\/es\\\/chiara-ferragni-embajadora-e-imagen-de-hublot\\\/#breadcrumb\"},\"inLanguage\":\"es\",\"potentialAction\":[{\"@type\":\"ReadAction\",\"target\":[\"https:\\\/\\\/luxonomy.net\\\/es\\\/chiara-ferragni-embajadora-e-imagen-de-hublot\\\/\"]}]},{\"@type\":\"ImageObject\",\"inLanguage\":\"es\",\"@id\":\"https:\\\/\\\/luxonomy.net\\\/es\\\/chiara-ferragni-embajadora-e-imagen-de-hublot\\\/#primaryimage\",\"url\":\"https:\\\/\\\/i0.wp.com\\\/luxonomy.net\\\/wp-content\\\/uploads\\\/2021\\\/09\\\/CHIARA-FERRAGNI-BECOMES-A-NEW-HUBLOT-AMBASSADOR-3-scaled.jpg?fit=2560%2C1638&ssl=1\",\"contentUrl\":\"https:\\\/\\\/i0.wp.com\\\/luxonomy.net\\\/wp-content\\\/uploads\\\/2021\\\/09\\\/CHIARA-FERRAGNI-BECOMES-A-NEW-HUBLOT-AMBASSADOR-3-scaled.jpg?fit=2560%2C1638&ssl=1\",\"width\":2560,\"height\":1638,\"caption\":\"HyperFocal: 0\"},{\"@type\":\"BreadcrumbList\",\"@id\":\"https:\\\/\\\/luxonomy.net\\\/es\\\/chiara-ferragni-embajadora-e-imagen-de-hublot\\\/#breadcrumb\",\"itemListElement\":[{\"@type\":\"ListItem\",\"position\":1,\"name\":\"Portada\",\"item\":\"https:\\\/\\\/luxonomy.net\\\/es\\\/\"},{\"@type\":\"ListItem\",\"position\":2,\"name\":\"Chiara Ferragni, embajadora e imagen de Hublot\"}]},{\"@type\":\"WebSite\",\"@id\":\"https:\\\/\\\/luxonomy.net\\\/es\\\/#website\",\"url\":\"https:\\\/\\\/luxonomy.net\\\/es\\\/\",\"name\":\"LUXONOMY\",\"description\":\"The Economy of Fashion &amp; Luxury\",\"publisher\":{\"@id\":\"https:\\\/\\\/luxonomy.net\\\/es\\\/#organization\"},\"potentialAction\":[{\"@type\":\"SearchAction\",\"target\":{\"@type\":\"EntryPoint\",\"urlTemplate\":\"https:\\\/\\\/luxonomy.net\\\/es\\\/?s={search_term_string}\"},\"query-input\":{\"@type\":\"PropertyValueSpecification\",\"valueRequired\":true,\"valueName\":\"search_term_string\"}}],\"inLanguage\":\"es\"},{\"@type\":\"Organization\",\"@id\":\"https:\\\/\\\/luxonomy.net\\\/es\\\/#organization\",\"name\":\"LUXONOMY\",\"url\":\"https:\\\/\\\/luxonomy.net\\\/es\\\/\",\"logo\":{\"@type\":\"ImageObject\",\"inLanguage\":\"es\",\"@id\":\"https:\\\/\\\/luxonomy.net\\\/es\\\/#\\\/schema\\\/logo\\\/image\\\/\",\"url\":\"https:\\\/\\\/i2.wp.com\\\/luxonomy.net\\\/wp-content\\\/uploads\\\/2021\\\/09\\\/MOCKUP-TODOS-LUXONOMY.jpg?fit=1000%2C515&ssl=1\",\"contentUrl\":\"https:\\\/\\\/i2.wp.com\\\/luxonomy.net\\\/wp-content\\\/uploads\\\/2021\\\/09\\\/MOCKUP-TODOS-LUXONOMY.jpg?fit=1000%2C515&ssl=1\",\"width\":1000,\"height\":515,\"caption\":\"LUXONOMY\"},\"image\":{\"@id\":\"https:\\\/\\\/luxonomy.net\\\/es\\\/#\\\/schema\\\/logo\\\/image\\\/\"},\"sameAs\":[\"https:\\\/\\\/www.facebook.com\\\/luxonomy\",\"https:\\\/\\\/www.instagram.com\\\/luxonomy\\\/\",\"https:\\\/\\\/www.linkedin.com\\\/company\\\/luxonomy\\\/\"]},{\"@type\":\"Person\",\"@id\":\"https:\\\/\\\/luxonomy.net\\\/es\\\/#\\\/schema\\\/person\\\/9d526ffe93a0cc9cecc91760f49da3ef\",\"name\":\"Chiara Gabardi\",\"image\":{\"@type\":\"ImageObject\",\"inLanguage\":\"es\",\"@id\":\"https:\\\/\\\/luxonomy.net\\\/wp-content\\\/litespeed\\\/avatar\\\/548640c4e2c34544e66c65ab1641a5d7.jpg?ver=1787976300\",\"url\":\"https:\\\/\\\/luxonomy.net\\\/wp-content\\\/litespeed\\\/avatar\\\/548640c4e2c34544e66c65ab1641a5d7.jpg?ver=1787976300\",\"contentUrl\":\"https:\\\/\\\/luxonomy.net\\\/wp-content\\\/litespeed\\\/avatar\\\/548640c4e2c34544e66c65ab1641a5d7.jpg?ver=1787976300\",\"caption\":\"Chiara Gabardi\"},\"description\":\"Editor at LUXONOMY\u2122 Group\",\"url\":\"https:\\\/\\\/luxonomy.net\\\/es\\\/author\\\/chiara-gabardi\\\/\"}]}<\/script>\n<!-- \/ Yoast SEO plugin. -->","yoast_head_json":{"title":"Chiara Ferragni, embajadora e imagen de Hublot | LUXONOMY","robots":{"index":"index","follow":"follow","max-snippet":"max-snippet:-1","max-image-preview":"max-image-preview:large","max-video-preview":"max-video-preview:-1"},"canonical":"https:\/\/luxonomy.net\/es\/chiara-ferragni-embajadora-e-imagen-de-hublot\/","og_locale":"es_ES","og_type":"article","og_title":"Chiara Ferragni, embajadora e imagen de Hublot | LUXONOMY","og_description":"Chiara Ferragni se ha unido a la familia Hublot, donde contar\u00e1 con la compa\u00f1\u00eda de muchas personalidades legendarias, como la leyenda del f\u00fatbol Pel\u00e9, el n\u00ba 1 del tenis mundial Novak Djokovic, los campeones de atletismo Dina Asher-Smith y Usain Bolt, y la chef reconocida con tres estrellas Michelin Clare Smyth. Chiara ilumina todo lo&hellip;","og_url":"https:\/\/luxonomy.net\/es\/chiara-ferragni-embajadora-e-imagen-de-hublot\/","og_site_name":"LUXONOMY","article_publisher":"https:\/\/www.facebook.com\/luxonomy","article_published_time":"2021-09-12T13:38:47+00:00","og_image":[{"width":2560,"height":1638,"url":"https:\/\/i0.wp.com\/luxonomy.net\/wp-content\/uploads\/2021\/09\/CHIARA-FERRAGNI-BECOMES-A-NEW-HUBLOT-AMBASSADOR-3-scaled.jpg?fit=2560%2C1638&quality=89&ssl=1","type":"image\/jpeg"}],"author":"Chiara Gabardi","twitter_card":"summary_large_image","twitter_misc":{"Escrito por":"Chiara Gabardi","Tiempo de lectura":"3 minutos"},"schema":{"@context":"https:\/\/schema.org","@graph":[{"@type":"Article","@id":"https:\/\/luxonomy.net\/es\/chiara-ferragni-embajadora-e-imagen-de-hublot\/#article","isPartOf":{"@id":"https:\/\/luxonomy.net\/es\/chiara-ferragni-embajadora-e-imagen-de-hublot\/"},"author":{"name":"Chiara Gabardi","@id":"https:\/\/luxonomy.net\/es\/#\/schema\/person\/9d526ffe93a0cc9cecc91760f49da3ef"},"headline":"Chiara Ferragni, embajadora e imagen de Hublot","datePublished":"2021-09-12T13:38:47+00:00","mainEntityOfPage":{"@id":"https:\/\/luxonomy.net\/es\/chiara-ferragni-embajadora-e-imagen-de-hublot\/"},"wordCount":715,"commentCount":0,"publisher":{"@id":"https:\/\/luxonomy.net\/es\/#organization"},"image":{"@id":"https:\/\/luxonomy.net\/es\/chiara-ferragni-embajadora-e-imagen-de-hublot\/#primaryimage"},"thumbnailUrl":"https:\/\/i0.wp.com\/luxonomy.net\/wp-content\/uploads\/2021\/09\/CHIARA-FERRAGNI-BECOMES-A-NEW-HUBLOT-AMBASSADOR-3-scaled.jpg?fit=2560%2C1638&ssl=1","keywords":["Chiara Ferragni","Hublot","relojer\u00eda"],"articleSection":["Joyer\u00eda y Relojer\u00eda","Moda"],"inLanguage":"es","potentialAction":[{"@type":"CommentAction","name":"Comment","target":["https:\/\/luxonomy.net\/es\/chiara-ferragni-embajadora-e-imagen-de-hublot\/#respond"]}]},{"@type":"WebPage","@id":"https:\/\/luxonomy.net\/es\/chiara-ferragni-embajadora-e-imagen-de-hublot\/","url":"https:\/\/luxonomy.net\/es\/chiara-ferragni-embajadora-e-imagen-de-hublot\/","name":"Chiara Ferragni, embajadora e imagen de Hublot | LUXONOMY","isPartOf":{"@id":"https:\/\/luxonomy.net\/es\/#website"},"primaryImageOfPage":{"@id":"https:\/\/luxonomy.net\/es\/chiara-ferragni-embajadora-e-imagen-de-hublot\/#primaryimage"},"image":{"@id":"https:\/\/luxonomy.net\/es\/chiara-ferragni-embajadora-e-imagen-de-hublot\/#primaryimage"},"thumbnailUrl":"https:\/\/i0.wp.com\/luxonomy.net\/wp-content\/uploads\/2021\/09\/CHIARA-FERRAGNI-BECOMES-A-NEW-HUBLOT-AMBASSADOR-3-scaled.jpg?fit=2560%2C1638&ssl=1","datePublished":"2021-09-12T13:38:47+00:00","breadcrumb":{"@id":"https:\/\/luxonomy.net\/es\/chiara-ferragni-embajadora-e-imagen-de-hublot\/#breadcrumb"},"inLanguage":"es","potentialAction":[{"@type":"ReadAction","target":["https:\/\/luxonomy.net\/es\/chiara-ferragni-embajadora-e-imagen-de-hublot\/"]}]},{"@type":"ImageObject","inLanguage":"es","@id":"https:\/\/luxonomy.net\/es\/chiara-ferragni-embajadora-e-imagen-de-hublot\/#primaryimage","url":"https:\/\/i0.wp.com\/luxonomy.net\/wp-content\/uploads\/2021\/09\/CHIARA-FERRAGNI-BECOMES-A-NEW-HUBLOT-AMBASSADOR-3-scaled.jpg?fit=2560%2C1638&ssl=1","contentUrl":"https:\/\/i0.wp.com\/luxonomy.net\/wp-content\/uploads\/2021\/09\/CHIARA-FERRAGNI-BECOMES-A-NEW-HUBLOT-AMBASSADOR-3-scaled.jpg?fit=2560%2C1638&ssl=1","width":2560,"height":1638,"caption":"HyperFocal: 0"},{"@type":"BreadcrumbList","@id":"https:\/\/luxonomy.net\/es\/chiara-ferragni-embajadora-e-imagen-de-hublot\/#breadcrumb","itemListElement":[{"@type":"ListItem","position":1,"name":"Portada","item":"https:\/\/luxonomy.net\/es\/"},{"@type":"ListItem","position":2,"name":"Chiara Ferragni, embajadora e imagen de Hublot"}]},{"@type":"WebSite","@id":"https:\/\/luxonomy.net\/es\/#website","url":"https:\/\/luxonomy.net\/es\/","name":"LUXONOMY","description":"The Economy of Fashion &amp; Luxury","publisher":{"@id":"https:\/\/luxonomy.net\/es\/#organization"},"potentialAction":[{"@type":"SearchAction","target":{"@type":"EntryPoint","urlTemplate":"https:\/\/luxonomy.net\/es\/?s={search_term_string}"},"query-input":{"@type":"PropertyValueSpecification","valueRequired":true,"valueName":"search_term_string"}}],"inLanguage":"es"},{"@type":"Organization","@id":"https:\/\/luxonomy.net\/es\/#organization","name":"LUXONOMY","url":"https:\/\/luxonomy.net\/es\/","logo":{"@type":"ImageObject","inLanguage":"es","@id":"https:\/\/luxonomy.net\/es\/#\/schema\/logo\/image\/","url":"https:\/\/i2.wp.com\/luxonomy.net\/wp-content\/uploads\/2021\/09\/MOCKUP-TODOS-LUXONOMY.jpg?fit=1000%2C515&ssl=1","contentUrl":"https:\/\/i2.wp.com\/luxonomy.net\/wp-content\/uploads\/2021\/09\/MOCKUP-TODOS-LUXONOMY.jpg?fit=1000%2C515&ssl=1","width":1000,"height":515,"caption":"LUXONOMY"},"image":{"@id":"https:\/\/luxonomy.net\/es\/#\/schema\/logo\/image\/"},"sameAs":["https:\/\/www.facebook.com\/luxonomy","https:\/\/www.instagram.com\/luxonomy\/","https:\/\/www.linkedin.com\/company\/luxonomy\/"]},{"@type":"Person","@id":"https:\/\/luxonomy.net\/es\/#\/schema\/person\/9d526ffe93a0cc9cecc91760f49da3ef","name":"Chiara Gabardi","image":{"@type":"ImageObject","inLanguage":"es","@id":"https:\/\/luxonomy.net\/wp-content\/litespeed\/avatar\/548640c4e2c34544e66c65ab1641a5d7.jpg?ver=1787976300","url":"https:\/\/luxonomy.net\/wp-content\/litespeed\/avatar\/548640c4e2c34544e66c65ab1641a5d7.jpg?ver=1787976300","contentUrl":"https:\/\/luxonomy.net\/wp-content\/litespeed\/avatar\/548640c4e2c34544e66c65ab1641a5d7.jpg?ver=1787976300","caption":"Chiara Gabardi"},"description":"Editor at LUXONOMY\u2122 Group","url":"https:\/\/luxonomy.net\/es\/author\/chiara-gabardi\/"}]}},"jetpack_publicize_connections":[],"jetpack_shortlink":"https:\/\/wp.me\/paPhBa-4lx","jetpack_sharing_enabled":true,"jetpack_featured_media_url":"https:\/\/i0.wp.com\/luxonomy.net\/wp-content\/uploads\/2021\/09\/CHIARA-FERRAGNI-BECOMES-A-NEW-HUBLOT-AMBASSADOR-3-scaled.jpg?fit=2560%2C1638&ssl=1","_links":{"self":[{"href":"https:\/\/luxonomy.net\/es\/wp-json\/wp\/v2\/posts\/16711","targetHints":{"allow":["GET"]}}],"collection":[{"href":"https:\/\/luxonomy.net\/es\/wp-json\/wp\/v2\/posts"}],"about":[{"href":"https:\/\/luxonomy.net\/es\/wp-json\/wp\/v2\/types\/post"}],"author":[{"embeddable":true,"href":"https:\/\/luxonomy.net\/es\/wp-json\/wp\/v2\/users\/10"}],"replies":[{"embeddable":true,"href":"https:\/\/luxonomy.net\/es\/wp-json\/wp\/v2\/comments?post=16711"}],"version-history":[{"count":3,"href":"https:\/\/luxonomy.net\/es\/wp-json\/wp\/v2\/posts\/16711\/revisions"}],"predecessor-version":[{"id":16714,"href":"https:\/\/luxonomy.net\/es\/wp-json\/wp\/v2\/posts\/16711\/revisions\/16714"}],"wp:featuredmedia":[{"embeddable":true,"href":"https:\/\/luxonomy.net\/es\/wp-json\/wp\/v2\/media\/16712"}],"wp:attachment":[{"href":"https:\/\/luxonomy.net\/es\/wp-json\/wp\/v2\/media?parent=16711"}],"wp:term":[{"taxonomy":"category","embeddable":true,"href":"https:\/\/luxonomy.net\/es\/wp-json\/wp\/v2\/categories?post=16711"},{"taxonomy":"post_tag","embeddable":true,"href":"https:\/\/luxonomy.net\/es\/wp-json\/wp\/v2\/tags?post=16711"},{"taxonomy":"thb-sponsors","embeddable":true,"href":"https:\/\/luxonomy.net\/es\/wp-json\/wp\/v2\/thb-sponsors?post=16711"}],"curies":[{"name":"wp","href":"https:\/\/api.w.org\/{rel}","templated":true}]}}