{"id":16562,"date":"2021-09-07T11:17:38","date_gmt":"2021-09-07T09:17:38","guid":{"rendered":"https:\/?p=16562"},"modified":"2021-09-07T11:17:38","modified_gmt":"2021-09-07T09:17:38","slug":"chopard-viste-de-oro-etico-la-78-edicion-del-festival-de-venecia","status":"publish","type":"post","link":"https:\/\/luxonomy.net\/es\/chopard-viste-de-oro-etico-la-78-edicion-del-festival-de-venecia\/","title":{"rendered":"Chopard viste de oro \u00e9tico la 78 Edici\u00f3n del Festival de Venecia"},"content":{"rendered":"<p>Puede que el verano est\u00e9 llegando a su fin, pero a principios de septiembre se llevan a cabo algunos de nuestros eventos favoritos. En lo que respecta al estilo de las celebridades, el mes de septiembre trae mucho brillo y glamour, en forma de desfiles de las capitales de la moda, una Met Gala re-programada y el Festival de Cine de Venecia, que comenz\u00f3 esta semana.<\/p>\n<p>El a\u00f1o pasado, el evento cinematogr\u00e1fico se llev\u00f3 a cabo a\u00fan en medio de la pandemia, pero lo hizo con una serie de restricciones sociales, lo que lo convirti\u00f3 en un evento mucho m\u00e1s peque\u00f1o de lo habitual. Por lo tanto, este a\u00f1o todav\u00eda marca un emocionante regreso a Venecia para muchas de las estrellas m\u00e1s importantes de Hollywood.<\/p>\n<p>El Festival de Cine de Venecia es el festival de cine m\u00e1s antiguo del mundo y generalmente atrae a los mejores talentos de la industria y las pel\u00edculas m\u00e1s esperadas. La pr\u00f3xima pel\u00edcula biogr\u00e1fica de la princesa Diana Spencer, dirigida por Pablo Larra\u00edn, tendr\u00e1 su estreno mundial en Venecia este a\u00f1o. El festival tambi\u00e9n presentar\u00e1 Dune de Denis Villeneuve , The Last Duel de Ridley Scott y Last Night in Soho de Edgar Wright, entre muchos otros.. asistir\u00e1n estrellas como Pen\u00e9lope Cruz, Carla Bruni, Kirsten Dunst y Kristen Stewart.<\/p><div id=\"luxon-1533403499\" class=\"luxon-3er-parrafo luxon-entity-placement\" style=\"margin-top: 20px;margin-bottom: 20px;margin-left: auto;margin-right: auto;text-align: center;\"><a href=\"https:\/\/luxonomy.university\/course\/master-turismo-de-lujo\" target=\"_blank\" aria-label=\"master-turismo-lujo-2026-2027\"><img loading=\"lazy\" decoding=\"async\" src=\"https:\/\/i0.wp.com\/luxonomy.net\/wp-content\/uploads\/2020\/07\/master-turismo-lujo-2026-2027.jpg?fit=1672%2C941&#038;ssl=1\" alt=\"\"  srcset=\"https:\/\/i0.wp.com\/luxonomy.net\/wp-content\/uploads\/2020\/07\/master-turismo-lujo-2026-2027.jpg?w=1672&ssl=1 1672w, https:\/\/i0.wp.com\/luxonomy.net\/wp-content\/uploads\/2020\/07\/master-turismo-lujo-2026-2027.jpg?resize=300%2C169&ssl=1 300w, https:\/\/i0.wp.com\/luxonomy.net\/wp-content\/uploads\/2020\/07\/master-turismo-lujo-2026-2027.jpg?resize=1024%2C576&ssl=1 1024w, https:\/\/i0.wp.com\/luxonomy.net\/wp-content\/uploads\/2020\/07\/master-turismo-lujo-2026-2027.jpg?resize=768%2C432&ssl=1 768w, https:\/\/i0.wp.com\/luxonomy.net\/wp-content\/uploads\/2020\/07\/master-turismo-lujo-2026-2027.jpg?resize=1536%2C864&ssl=1 1536w, https:\/\/i0.wp.com\/luxonomy.net\/wp-content\/uploads\/2020\/07\/master-turismo-lujo-2026-2027.jpg?resize=370%2C208&ssl=1 370w, https:\/\/i0.wp.com\/luxonomy.net\/wp-content\/uploads\/2020\/07\/master-turismo-lujo-2026-2027.jpg?resize=800%2C450&ssl=1 800w, https:\/\/i0.wp.com\/luxonomy.net\/wp-content\/uploads\/2020\/07\/master-turismo-lujo-2026-2027.jpg?resize=20%2C11&ssl=1 20w, https:\/\/i0.wp.com\/luxonomy.net\/wp-content\/uploads\/2020\/07\/master-turismo-lujo-2026-2027.jpg?resize=740%2C416&ssl=1 740w, https:\/\/i0.wp.com\/luxonomy.net\/wp-content\/uploads\/2020\/07\/master-turismo-lujo-2026-2027.jpg?resize=1600%2C900&ssl=1 1600w, https:\/\/i0.wp.com\/luxonomy.net\/wp-content\/uploads\/2020\/07\/master-turismo-lujo-2026-2027.jpg?resize=1200%2C675&ssl=1 1200w, https:\/\/i0.wp.com\/luxonomy.net\/wp-content\/uploads\/2020\/07\/master-turismo-lujo-2026-2027.jpg?resize=85%2C48&ssl=1 85w\" sizes=\"(max-width: 1170px) 100vw, 1170px\" class=\"no-lazyload\" width=\"1672\" height=\"941\"   \/><\/a><\/div>\n<p>Por la alfombra roja, pasan algunos de los m\u00e1s bellos dise\u00f1os de moda, as\u00ed como de alta joyer\u00eda.<\/p>\n<p><b>Sharon Duncan-Brewster, Adriana Lima and Jessica Chastain han pasado por la alfombra roja <\/b>con joyas de <b>Chopard <\/b>en esta <b>78 Edici\u00f3n del Festival de Venecia.<\/b><\/p>\n<p><b>Sharon Duncan-Brewster <\/b>llevaba pendientes de oro blanco \u00e9tico de 18k engastados de esmeraldas y diamantes de la colecci\u00f3n Precious Lace y anillo de oro blanco de 18k engastado con una esmeralda octagonal de 5 quilates, 2 diamantes media luna y diamantes.<\/p>\n<figure id=\"attachment_16568\" aria-describedby=\"caption-attachment-16568\" style=\"width: 1707px\" class=\"wp-caption aligncenter\"><img data-recalc-dims=\"1\" loading=\"lazy\" decoding=\"async\" data-attachment-id=\"16568\" data-permalink=\"https:\/\/luxonomy.net\/es\/chopard-viste-de-oro-etico-la-78-edicion-del-festival-de-venecia\/dune-red-carpet-the-78th-venice-international-film-festival\/\" data-orig-file=\"https:\/\/i0.wp.com\/luxonomy.net\/wp-content\/uploads\/2021\/09\/Sharon-Duncan-Brewster-at-the-78th-Venice-International-Film-Festival-scaled.jpg?fit=1707%2C2560&amp;ssl=1\" data-orig-size=\"1707,2560\" data-comments-opened=\"1\" data-image-title=\"&amp;#8220;Dune&amp;#8221; Red Carpet &amp;#8211; The 78th Venice International Film Festival\" data-image-description=\"\" data-image-caption=\"&lt;p&gt;VENICE, ITALY &amp;#8211; SEPTEMBER 03: Sharon Duncan Brewster attends the red carpet of the movie &amp;#8220;Dune&amp;#8221; during the 78th Venice International Film Festival on September 03, 2021 in Venice, Italy. (Photo by Daniele Venturelli\/WireImage)&lt;\/p&gt;\n\" data-large-file=\"https:\/\/i0.wp.com\/luxonomy.net\/wp-content\/uploads\/2021\/09\/Sharon-Duncan-Brewster-at-the-78th-Venice-International-Film-Festival-scaled.jpg?fit=683%2C1024&amp;ssl=1\" class=\"wp-image-16568 size-full\" src=\"https:\/\/i0.wp.com\/luxonomy.net\/wp-content\/uploads\/2021\/09\/Sharon-Duncan-Brewster-at-the-78th-Venice-International-Film-Festival-scaled.jpg?resize=1170%2C1755\" alt=\"\" width=\"1170\" height=\"1755\" srcset=\"https:\/\/i0.wp.com\/luxonomy.net\/wp-content\/uploads\/2021\/09\/Sharon-Duncan-Brewster-at-the-78th-Venice-International-Film-Festival-scaled.jpg?w=1707&amp;ssl=1 1707w, https:\/\/i0.wp.com\/luxonomy.net\/wp-content\/uploads\/2021\/09\/Sharon-Duncan-Brewster-at-the-78th-Venice-International-Film-Festival-scaled.jpg?resize=200%2C300&amp;ssl=1 200w, https:\/\/i0.wp.com\/luxonomy.net\/wp-content\/uploads\/2021\/09\/Sharon-Duncan-Brewster-at-the-78th-Venice-International-Film-Festival-scaled.jpg?resize=683%2C1024&amp;ssl=1 683w, https:\/\/i0.wp.com\/luxonomy.net\/wp-content\/uploads\/2021\/09\/Sharon-Duncan-Brewster-at-the-78th-Venice-International-Film-Festival-scaled.jpg?resize=768%2C1152&amp;ssl=1 768w, https:\/\/i0.wp.com\/luxonomy.net\/wp-content\/uploads\/2021\/09\/Sharon-Duncan-Brewster-at-the-78th-Venice-International-Film-Festival-scaled.jpg?resize=1024%2C1536&amp;ssl=1 1024w, https:\/\/i0.wp.com\/luxonomy.net\/wp-content\/uploads\/2021\/09\/Sharon-Duncan-Brewster-at-the-78th-Venice-International-Film-Festival-scaled.jpg?resize=1365%2C2048&amp;ssl=1 1365w, https:\/\/i0.wp.com\/luxonomy.net\/wp-content\/uploads\/2021\/09\/Sharon-Duncan-Brewster-at-the-78th-Venice-International-Film-Festival-scaled.jpg?resize=370%2C555&amp;ssl=1 370w, https:\/\/i0.wp.com\/luxonomy.net\/wp-content\/uploads\/2021\/09\/Sharon-Duncan-Brewster-at-the-78th-Venice-International-Film-Festival-scaled.jpg?resize=800%2C1200&amp;ssl=1 800w, https:\/\/i0.wp.com\/luxonomy.net\/wp-content\/uploads\/2021\/09\/Sharon-Duncan-Brewster-at-the-78th-Venice-International-Film-Festival-scaled.jpg?resize=185%2C277&amp;ssl=1 185w, https:\/\/i0.wp.com\/luxonomy.net\/wp-content\/uploads\/2021\/09\/Sharon-Duncan-Brewster-at-the-78th-Venice-International-Film-Festival-scaled.jpg?resize=740%2C1110&amp;ssl=1 740w, https:\/\/i0.wp.com\/luxonomy.net\/wp-content\/uploads\/2021\/09\/Sharon-Duncan-Brewster-at-the-78th-Venice-International-Film-Festival-scaled.jpg?resize=20%2C30&amp;ssl=1 20w, https:\/\/i0.wp.com\/luxonomy.net\/wp-content\/uploads\/2021\/09\/Sharon-Duncan-Brewster-at-the-78th-Venice-International-Film-Festival-scaled.jpg?resize=400%2C600&amp;ssl=1 400w, https:\/\/i0.wp.com\/luxonomy.net\/wp-content\/uploads\/2021\/09\/Sharon-Duncan-Brewster-at-the-78th-Venice-International-Film-Festival-scaled.jpg?resize=1600%2C2400&amp;ssl=1 1600w, https:\/\/i0.wp.com\/luxonomy.net\/wp-content\/uploads\/2021\/09\/Sharon-Duncan-Brewster-at-the-78th-Venice-International-Film-Festival-scaled.jpg?resize=600%2C900&amp;ssl=1 600w, https:\/\/i0.wp.com\/luxonomy.net\/wp-content\/uploads\/2021\/09\/Sharon-Duncan-Brewster-at-the-78th-Venice-International-Film-Festival-scaled.jpg?resize=32%2C48&amp;ssl=1 32w\" sizes=\"auto, (max-width: 1170px) 100vw, 1170px\" \/><figcaption id=\"caption-attachment-16568\" class=\"wp-caption-text\">Sharon Duncan Brewster (foto by Daniele Venturelli\/WireImage)<\/figcaption><\/figure>\n<p><img loading=\"lazy\" decoding=\"async\" data-attachment-id=\"16571\" data-permalink=\"https:\/\/luxonomy.net\/es\/chopard-viste-de-oro-etico-la-78-edicion-del-festival-de-venecia\/precious-lace-earrings-848099-1003\/\" data-orig-file=\"https:\/\/i0.wp.com\/luxonomy.net\/wp-content\/uploads\/2021\/09\/Precious-Lace-Earrings-848099-1003-scaled.jpg?fit=1810%2C2560&amp;ssl=1\" data-orig-size=\"1810,2560\" data-comments-opened=\"1\" data-image-title=\"Precious Lace Earrings 848099-1003\" data-image-description=\"\" data-image-caption=\"\" data-large-file=\"https:\/\/i0.wp.com\/luxonomy.net\/wp-content\/uploads\/2021\/09\/Precious-Lace-Earrings-848099-1003-scaled.jpg?fit=724%2C1024&amp;ssl=1\" class=\"aligncenter size-large wp-image-16571 lazyload\" src=\"data:image\/gif;base64,R0lGODlhAQABAAAAACH5BAEKAAEALAAAAAABAAEAAAICTAEAOw==\" data-src=\"http:\/\/luxonomy.net\/wp-content\/uploads\/2021\/09\/Precious-Lace-Earrings-848099-1003-724x1024.jpg\" alt=\"\" width=\"724\" height=\"1024\" data-sizes=\"auto\" data-srcset=\"https:\/\/i0.wp.com\/luxonomy.net\/wp-content\/uploads\/2021\/09\/Precious-Lace-Earrings-848099-1003-scaled.jpg?resize=724%2C1024&amp;ssl=1 724w, https:\/\/i0.wp.com\/luxonomy.net\/wp-content\/uploads\/2021\/09\/Precious-Lace-Earrings-848099-1003-scaled.jpg?resize=212%2C300&amp;ssl=1 212w, https:\/\/i0.wp.com\/luxonomy.net\/wp-content\/uploads\/2021\/09\/Precious-Lace-Earrings-848099-1003-scaled.jpg?resize=370%2C523&amp;ssl=1 370w, https:\/\/i0.wp.com\/luxonomy.net\/wp-content\/uploads\/2021\/09\/Precious-Lace-Earrings-848099-1003-scaled.jpg?resize=185%2C262&amp;ssl=1 185w, https:\/\/i0.wp.com\/luxonomy.net\/wp-content\/uploads\/2021\/09\/Precious-Lace-Earrings-848099-1003-scaled.jpg?resize=20%2C28&amp;ssl=1 20w, https:\/\/i0.wp.com\/luxonomy.net\/wp-content\/uploads\/2021\/09\/Precious-Lace-Earrings-848099-1003-scaled.jpg?resize=400%2C566&amp;ssl=1 400w, https:\/\/i0.wp.com\/luxonomy.net\/wp-content\/uploads\/2021\/09\/Precious-Lace-Earrings-848099-1003-scaled.jpg?resize=600%2C849&amp;ssl=1 600w, https:\/\/i0.wp.com\/luxonomy.net\/wp-content\/uploads\/2021\/09\/Precious-Lace-Earrings-848099-1003-scaled.jpg?resize=34%2C48&amp;ssl=1 34w\" sizes=\"auto, (max-width: 724px) 100vw, 724px\" \/><br \/>\n<strong>Adriana Lima<\/strong> lleva pendientes de oro blanco \u00e9tico de 18k engastados de diamantes y rubies de la colecci\u00f3n Precious Lace y un anillo de oro blanco \u00e9tico de 18 k engastado de diamantes de la colecci\u00f3n L\u2019Heure du Diamant.<\/p><div id=\"luxon-2538878752\" class=\"luxon-7-parrafo luxon-entity-placement\" style=\"margin-top: 20px;margin-bottom: 20px;margin-left: auto;margin-right: auto;text-align: center;\"><a href=\"https:\/\/theintelligence.institute\/course\/inteligencia-artificial-para-directivos\" target=\"_blank\" aria-label=\"CSIAD_empresas_THEI_horizontal_4x3_v5\"><img loading=\"lazy\" decoding=\"async\" src=\"https:\/\/i0.wp.com\/luxonomy.net\/wp-content\/uploads\/2025\/08\/CSIAD_empresas_THEI_horizontal_4x3_v5.png?fit=2000%2C1500&#038;ssl=1\" alt=\"\"  srcset=\"https:\/\/i0.wp.com\/luxonomy.net\/wp-content\/uploads\/2025\/08\/CSIAD_empresas_THEI_horizontal_4x3_v5.png?w=2000&ssl=1 2000w, https:\/\/i0.wp.com\/luxonomy.net\/wp-content\/uploads\/2025\/08\/CSIAD_empresas_THEI_horizontal_4x3_v5.png?resize=300%2C225&ssl=1 300w, https:\/\/i0.wp.com\/luxonomy.net\/wp-content\/uploads\/2025\/08\/CSIAD_empresas_THEI_horizontal_4x3_v5.png?resize=1024%2C768&ssl=1 1024w, https:\/\/i0.wp.com\/luxonomy.net\/wp-content\/uploads\/2025\/08\/CSIAD_empresas_THEI_horizontal_4x3_v5.png?resize=768%2C576&ssl=1 768w, https:\/\/i0.wp.com\/luxonomy.net\/wp-content\/uploads\/2025\/08\/CSIAD_empresas_THEI_horizontal_4x3_v5.png?resize=1536%2C1152&ssl=1 1536w, https:\/\/i0.wp.com\/luxonomy.net\/wp-content\/uploads\/2025\/08\/CSIAD_empresas_THEI_horizontal_4x3_v5.png?resize=370%2C278&ssl=1 370w, https:\/\/i0.wp.com\/luxonomy.net\/wp-content\/uploads\/2025\/08\/CSIAD_empresas_THEI_horizontal_4x3_v5.png?resize=800%2C600&ssl=1 800w, https:\/\/i0.wp.com\/luxonomy.net\/wp-content\/uploads\/2025\/08\/CSIAD_empresas_THEI_horizontal_4x3_v5.png?resize=20%2C15&ssl=1 20w, https:\/\/i0.wp.com\/luxonomy.net\/wp-content\/uploads\/2025\/08\/CSIAD_empresas_THEI_horizontal_4x3_v5.png?resize=740%2C555&ssl=1 740w, https:\/\/i0.wp.com\/luxonomy.net\/wp-content\/uploads\/2025\/08\/CSIAD_empresas_THEI_horizontal_4x3_v5.png?resize=1600%2C1200&ssl=1 1600w, https:\/\/i0.wp.com\/luxonomy.net\/wp-content\/uploads\/2025\/08\/CSIAD_empresas_THEI_horizontal_4x3_v5.png?resize=1200%2C900&ssl=1 1200w, https:\/\/i0.wp.com\/luxonomy.net\/wp-content\/uploads\/2025\/08\/CSIAD_empresas_THEI_horizontal_4x3_v5.png?resize=64%2C48&ssl=1 64w\" sizes=\"(max-width: 1170px) 100vw, 1170px\" class=\"no-lazyload\" width=\"2000\" height=\"1500\"   \/><\/a><\/div>\n<figure id=\"attachment_16570\" aria-describedby=\"caption-attachment-16570\" style=\"width: 1707px\" class=\"wp-caption aligncenter\"><img data-recalc-dims=\"1\" loading=\"lazy\" decoding=\"async\" data-attachment-id=\"16570\" data-permalink=\"https:\/\/luxonomy.net\/es\/chopard-viste-de-oro-etico-la-78-edicion-del-festival-de-venecia\/dune-red-carpet-the-78th-venice-international-film-festival-2\/\" data-orig-file=\"https:\/\/i0.wp.com\/luxonomy.net\/wp-content\/uploads\/2021\/09\/Adriana-Lima-at-the-78th-Venice-International-Film-Festival-scaled.jpg?fit=1707%2C2560&amp;ssl=1\" data-orig-size=\"1707,2560\" data-comments-opened=\"1\" data-image-title=\"&amp;#8220;Dune&amp;#8221; Red Carpet &amp;#8211; The 78th Venice International Film Festival\" data-image-description=\"\" data-image-caption=\"&lt;p&gt;VENICE, ITALY &amp;#8211; SEPTEMBER 03: Adriana Lima attends the red carpet of the movie &amp;#8220;Dune&amp;#8221; during the 78th Venice International Film Festival on September 03, 2021 in Venice, Italy. (Photo by Daniele Venturelli\/WireImage)&lt;\/p&gt;\n\" data-large-file=\"https:\/\/i0.wp.com\/luxonomy.net\/wp-content\/uploads\/2021\/09\/Adriana-Lima-at-the-78th-Venice-International-Film-Festival-scaled.jpg?fit=683%2C1024&amp;ssl=1\" class=\"wp-image-16570 size-full\" src=\"https:\/\/i0.wp.com\/luxonomy.net\/wp-content\/uploads\/2021\/09\/Adriana-Lima-at-the-78th-Venice-International-Film-Festival-scaled.jpg?resize=1170%2C1755\" alt=\"\" width=\"1170\" height=\"1755\" srcset=\"https:\/\/i0.wp.com\/luxonomy.net\/wp-content\/uploads\/2021\/09\/Adriana-Lima-at-the-78th-Venice-International-Film-Festival-scaled.jpg?w=1707&amp;ssl=1 1707w, https:\/\/i0.wp.com\/luxonomy.net\/wp-content\/uploads\/2021\/09\/Adriana-Lima-at-the-78th-Venice-International-Film-Festival-scaled.jpg?resize=200%2C300&amp;ssl=1 200w, https:\/\/i0.wp.com\/luxonomy.net\/wp-content\/uploads\/2021\/09\/Adriana-Lima-at-the-78th-Venice-International-Film-Festival-scaled.jpg?resize=683%2C1024&amp;ssl=1 683w, https:\/\/i0.wp.com\/luxonomy.net\/wp-content\/uploads\/2021\/09\/Adriana-Lima-at-the-78th-Venice-International-Film-Festival-scaled.jpg?resize=768%2C1152&amp;ssl=1 768w, https:\/\/i0.wp.com\/luxonomy.net\/wp-content\/uploads\/2021\/09\/Adriana-Lima-at-the-78th-Venice-International-Film-Festival-scaled.jpg?resize=1024%2C1536&amp;ssl=1 1024w, https:\/\/i0.wp.com\/luxonomy.net\/wp-content\/uploads\/2021\/09\/Adriana-Lima-at-the-78th-Venice-International-Film-Festival-scaled.jpg?resize=1365%2C2048&amp;ssl=1 1365w, https:\/\/i0.wp.com\/luxonomy.net\/wp-content\/uploads\/2021\/09\/Adriana-Lima-at-the-78th-Venice-International-Film-Festival-scaled.jpg?resize=370%2C555&amp;ssl=1 370w, https:\/\/i0.wp.com\/luxonomy.net\/wp-content\/uploads\/2021\/09\/Adriana-Lima-at-the-78th-Venice-International-Film-Festival-scaled.jpg?resize=800%2C1200&amp;ssl=1 800w, https:\/\/i0.wp.com\/luxonomy.net\/wp-content\/uploads\/2021\/09\/Adriana-Lima-at-the-78th-Venice-International-Film-Festival-scaled.jpg?resize=185%2C278&amp;ssl=1 185w, https:\/\/i0.wp.com\/luxonomy.net\/wp-content\/uploads\/2021\/09\/Adriana-Lima-at-the-78th-Venice-International-Film-Festival-scaled.jpg?resize=740%2C1110&amp;ssl=1 740w, https:\/\/i0.wp.com\/luxonomy.net\/wp-content\/uploads\/2021\/09\/Adriana-Lima-at-the-78th-Venice-International-Film-Festival-scaled.jpg?resize=20%2C30&amp;ssl=1 20w, https:\/\/i0.wp.com\/luxonomy.net\/wp-content\/uploads\/2021\/09\/Adriana-Lima-at-the-78th-Venice-International-Film-Festival-scaled.jpg?resize=400%2C600&amp;ssl=1 400w, https:\/\/i0.wp.com\/luxonomy.net\/wp-content\/uploads\/2021\/09\/Adriana-Lima-at-the-78th-Venice-International-Film-Festival-scaled.jpg?resize=1600%2C2400&amp;ssl=1 1600w, https:\/\/i0.wp.com\/luxonomy.net\/wp-content\/uploads\/2021\/09\/Adriana-Lima-at-the-78th-Venice-International-Film-Festival-scaled.jpg?resize=600%2C900&amp;ssl=1 600w, https:\/\/i0.wp.com\/luxonomy.net\/wp-content\/uploads\/2021\/09\/Adriana-Lima-at-the-78th-Venice-International-Film-Festival-scaled.jpg?resize=32%2C48&amp;ssl=1 32w\" sizes=\"auto, (max-width: 1170px) 100vw, 1170px\" \/><figcaption id=\"caption-attachment-16570\" class=\"wp-caption-text\">Adriana Lima (Foto de Daniele Venturelli\/WireImage)<\/figcaption><\/figure>\n<p><img loading=\"lazy\" decoding=\"async\" data-attachment-id=\"16572\" data-permalink=\"https:\/\/luxonomy.net\/es\/chopard-viste-de-oro-etico-la-78-edicion-del-festival-de-venecia\/ring-temptations-829703-1018\/\" data-orig-file=\"https:\/\/i0.wp.com\/luxonomy.net\/wp-content\/uploads\/2021\/09\/Ring-Temptations-829703-1018-scaled.jpg?fit=2114%2C2560&amp;ssl=1\" data-orig-size=\"2114,2560\" data-comments-opened=\"1\" data-image-title=\"Ring Temptations 829703-1018\" data-image-description=\"\" data-image-caption=\"\" data-large-file=\"https:\/\/i0.wp.com\/luxonomy.net\/wp-content\/uploads\/2021\/09\/Ring-Temptations-829703-1018-scaled.jpg?fit=845%2C1024&amp;ssl=1\" class=\"aligncenter size-large wp-image-16572 lazyload\" src=\"data:image\/gif;base64,R0lGODlhAQABAAAAACH5BAEKAAEALAAAAAABAAEAAAICTAEAOw==\" data-src=\"http:\/\/luxonomy.net\/wp-content\/uploads\/2021\/09\/Ring-Temptations-829703-1018-845x1024.jpg\" alt=\"\" width=\"845\" height=\"1024\" data-sizes=\"auto\" data-srcset=\"https:\/\/i0.wp.com\/luxonomy.net\/wp-content\/uploads\/2021\/09\/Ring-Temptations-829703-1018-scaled.jpg?resize=845%2C1024&amp;ssl=1 845w, https:\/\/i0.wp.com\/luxonomy.net\/wp-content\/uploads\/2021\/09\/Ring-Temptations-829703-1018-scaled.jpg?resize=248%2C300&amp;ssl=1 248w, https:\/\/i0.wp.com\/luxonomy.net\/wp-content\/uploads\/2021\/09\/Ring-Temptations-829703-1018-scaled.jpg?resize=768%2C930&amp;ssl=1 768w, https:\/\/i0.wp.com\/luxonomy.net\/wp-content\/uploads\/2021\/09\/Ring-Temptations-829703-1018-scaled.jpg?resize=370%2C448&amp;ssl=1 370w, https:\/\/i0.wp.com\/luxonomy.net\/wp-content\/uploads\/2021\/09\/Ring-Temptations-829703-1018-scaled.jpg?resize=800%2C969&amp;ssl=1 800w, https:\/\/i0.wp.com\/luxonomy.net\/wp-content\/uploads\/2021\/09\/Ring-Temptations-829703-1018-scaled.jpg?resize=185%2C224&amp;ssl=1 185w, https:\/\/i0.wp.com\/luxonomy.net\/wp-content\/uploads\/2021\/09\/Ring-Temptations-829703-1018-scaled.jpg?resize=740%2C896&amp;ssl=1 740w, https:\/\/i0.wp.com\/luxonomy.net\/wp-content\/uploads\/2021\/09\/Ring-Temptations-829703-1018-scaled.jpg?resize=20%2C24&amp;ssl=1 20w, https:\/\/i0.wp.com\/luxonomy.net\/wp-content\/uploads\/2021\/09\/Ring-Temptations-829703-1018-scaled.jpg?resize=400%2C484&amp;ssl=1 400w, https:\/\/i0.wp.com\/luxonomy.net\/wp-content\/uploads\/2021\/09\/Ring-Temptations-829703-1018-scaled.jpg?resize=600%2C727&amp;ssl=1 600w, https:\/\/i0.wp.com\/luxonomy.net\/wp-content\/uploads\/2021\/09\/Ring-Temptations-829703-1018-scaled.jpg?resize=40%2C48&amp;ssl=1 40w\" sizes=\"auto, (max-width: 845px) 100vw, 845px\" \/><\/p>\n<p><img loading=\"lazy\" decoding=\"async\" data-attachment-id=\"16573\" data-permalink=\"https:\/\/luxonomy.net\/es\/chopard-viste-de-oro-etico-la-78-edicion-del-festival-de-venecia\/precious-lace-earrings-848099-1004\/\" data-orig-file=\"https:\/\/i0.wp.com\/luxonomy.net\/wp-content\/uploads\/2021\/09\/Precious-Lace-Earrings-848099-1004.jpg?fit=960%2C1280&amp;ssl=1\" data-orig-size=\"960,1280\" data-comments-opened=\"1\" data-image-title=\"Precious Lace Earrings 848099-1004\" data-image-description=\"\" data-image-caption=\"\" data-large-file=\"https:\/\/i0.wp.com\/luxonomy.net\/wp-content\/uploads\/2021\/09\/Precious-Lace-Earrings-848099-1004.jpg?fit=768%2C1024&amp;ssl=1\" class=\"aligncenter size-large wp-image-16573 lazyload\" src=\"data:image\/gif;base64,R0lGODlhAQABAAAAACH5BAEKAAEALAAAAAABAAEAAAICTAEAOw==\" data-src=\"http:\/\/luxonomy.net\/wp-content\/uploads\/2021\/09\/Precious-Lace-Earrings-848099-1004-768x1024.jpg\" alt=\"\" width=\"768\" height=\"1024\" data-sizes=\"auto\" data-srcset=\"https:\/\/i0.wp.com\/luxonomy.net\/wp-content\/uploads\/2021\/09\/Precious-Lace-Earrings-848099-1004.jpg?resize=768%2C1024&amp;ssl=1 768w, https:\/\/i0.wp.com\/luxonomy.net\/wp-content\/uploads\/2021\/09\/Precious-Lace-Earrings-848099-1004.jpg?resize=225%2C300&amp;ssl=1 225w, https:\/\/i0.wp.com\/luxonomy.net\/wp-content\/uploads\/2021\/09\/Precious-Lace-Earrings-848099-1004.jpg?resize=370%2C493&amp;ssl=1 370w, https:\/\/i0.wp.com\/luxonomy.net\/wp-content\/uploads\/2021\/09\/Precious-Lace-Earrings-848099-1004.jpg?resize=185%2C247&amp;ssl=1 185w, https:\/\/i0.wp.com\/luxonomy.net\/wp-content\/uploads\/2021\/09\/Precious-Lace-Earrings-848099-1004.jpg?resize=740%2C987&amp;ssl=1 740w, https:\/\/i0.wp.com\/luxonomy.net\/wp-content\/uploads\/2021\/09\/Precious-Lace-Earrings-848099-1004.jpg?resize=20%2C27&amp;ssl=1 20w, https:\/\/i0.wp.com\/luxonomy.net\/wp-content\/uploads\/2021\/09\/Precious-Lace-Earrings-848099-1004.jpg?resize=400%2C533&amp;ssl=1 400w, https:\/\/i0.wp.com\/luxonomy.net\/wp-content\/uploads\/2021\/09\/Precious-Lace-Earrings-848099-1004.jpg?resize=600%2C800&amp;ssl=1 600w, https:\/\/i0.wp.com\/luxonomy.net\/wp-content\/uploads\/2021\/09\/Precious-Lace-Earrings-848099-1004.jpg?resize=36%2C48&amp;ssl=1 36w\" sizes=\"auto, (max-width: 768px) 100vw, 768px\" \/><\/p>\n<p><strong>Jessica Chastain.<\/strong> Collar de oro blanco de 18k engastado con diamantes amarillos fancy, diamantes talla pera, marquesa y brillante, y un anillo de oro blanco \u00e9tico de 18k engastado con un cuarzo rosa talla pera, rubelitas y diamantes.<\/p>\n<figure id=\"attachment_16574\" aria-describedby=\"caption-attachment-16574\" style=\"width: 683px\" class=\"wp-caption aligncenter\"><img data-recalc-dims=\"1\" loading=\"lazy\" decoding=\"async\" data-attachment-id=\"16574\" data-permalink=\"https:\/\/luxonomy.net\/es\/chopard-viste-de-oro-etico-la-78-edicion-del-festival-de-venecia\/competencia-oficial-red-carpet-the-78th-venice-international-film-festival\/\" data-orig-file=\"https:\/\/i0.wp.com\/luxonomy.net\/wp-content\/uploads\/2021\/09\/Jessica-Chastain-at-the-78th-Venice-International-Film-Festival1-scaled.jpg?fit=1707%2C2560&amp;ssl=1\" data-orig-size=\"1707,2560\" data-comments-opened=\"1\" data-image-title=\"&amp;#8220;Competencia Oficial&amp;#8221; Red Carpet &amp;#8211; The 78th Venice International Film Festival\" data-image-description=\"\" data-image-caption=\"&lt;p&gt;VENICE, ITALY &amp;#8211; SEPTEMBER 04: Jessica Chastain attends the red carpet of the movie &amp;#8220;Competencia Oficial&amp;#8221; during the 78th Venice International Film Festival on September 04, 2021 in Venice, Italy. (Photo by Vittorio Zunino Celotto\/Getty Images)&lt;\/p&gt;\n\" data-large-file=\"https:\/\/i0.wp.com\/luxonomy.net\/wp-content\/uploads\/2021\/09\/Jessica-Chastain-at-the-78th-Venice-International-Film-Festival1-scaled.jpg?fit=683%2C1024&amp;ssl=1\" class=\"wp-image-16574 size-large\" src=\"https:\/\/i0.wp.com\/luxonomy.net\/wp-content\/uploads\/2021\/09\/Jessica-Chastain-at-the-78th-Venice-International-Film-Festival1-683x1024.jpg?resize=683%2C1024\" alt=\"\" width=\"683\" height=\"1024\" srcset=\"https:\/\/i0.wp.com\/luxonomy.net\/wp-content\/uploads\/2021\/09\/Jessica-Chastain-at-the-78th-Venice-International-Film-Festival1-scaled.jpg?resize=683%2C1024&amp;ssl=1 683w, https:\/\/i0.wp.com\/luxonomy.net\/wp-content\/uploads\/2021\/09\/Jessica-Chastain-at-the-78th-Venice-International-Film-Festival1-scaled.jpg?resize=200%2C300&amp;ssl=1 200w, https:\/\/i0.wp.com\/luxonomy.net\/wp-content\/uploads\/2021\/09\/Jessica-Chastain-at-the-78th-Venice-International-Film-Festival1-scaled.jpg?resize=370%2C555&amp;ssl=1 370w, https:\/\/i0.wp.com\/luxonomy.net\/wp-content\/uploads\/2021\/09\/Jessica-Chastain-at-the-78th-Venice-International-Film-Festival1-scaled.jpg?resize=185%2C278&amp;ssl=1 185w, https:\/\/i0.wp.com\/luxonomy.net\/wp-content\/uploads\/2021\/09\/Jessica-Chastain-at-the-78th-Venice-International-Film-Festival1-scaled.jpg?resize=20%2C30&amp;ssl=1 20w, https:\/\/i0.wp.com\/luxonomy.net\/wp-content\/uploads\/2021\/09\/Jessica-Chastain-at-the-78th-Venice-International-Film-Festival1-scaled.jpg?resize=400%2C600&amp;ssl=1 400w, https:\/\/i0.wp.com\/luxonomy.net\/wp-content\/uploads\/2021\/09\/Jessica-Chastain-at-the-78th-Venice-International-Film-Festival1-scaled.jpg?resize=600%2C900&amp;ssl=1 600w, https:\/\/i0.wp.com\/luxonomy.net\/wp-content\/uploads\/2021\/09\/Jessica-Chastain-at-the-78th-Venice-International-Film-Festival1-scaled.jpg?resize=32%2C48&amp;ssl=1 32w\" sizes=\"auto, (max-width: 683px) 100vw, 683px\" \/><figcaption id=\"caption-attachment-16574\" class=\"wp-caption-text\">Jessica Chastain (foto de Vittorio Zunino Celotto\/Getty Images)<\/figcaption><\/figure>\n<p><img loading=\"lazy\" decoding=\"async\" data-attachment-id=\"16575\" data-permalink=\"https:\/\/luxonomy.net\/es\/chopard-viste-de-oro-etico-la-78-edicion-del-festival-de-venecia\/necklace-818163-1001\/\" data-orig-file=\"https:\/\/i0.wp.com\/luxonomy.net\/wp-content\/uploads\/2021\/09\/Necklace-818163-1001.jpg?fit=1088%2C1280&amp;ssl=1\" data-orig-size=\"1088,1280\" data-comments-opened=\"1\" data-image-title=\"Necklace 818163-1001\" data-image-description=\"\" data-image-caption=\"\" data-large-file=\"https:\/\/i0.wp.com\/luxonomy.net\/wp-content\/uploads\/2021\/09\/Necklace-818163-1001.jpg?fit=870%2C1024&amp;ssl=1\" class=\"aligncenter size-large wp-image-16575 lazyload\" src=\"data:image\/gif;base64,R0lGODlhAQABAAAAACH5BAEKAAEALAAAAAABAAEAAAICTAEAOw==\" data-src=\"http:\/\/luxonomy.net\/wp-content\/uploads\/2021\/09\/Necklace-818163-1001-870x1024.jpg\" alt=\"\" width=\"870\" height=\"1024\" data-sizes=\"auto\" data-srcset=\"https:\/\/i0.wp.com\/luxonomy.net\/wp-content\/uploads\/2021\/09\/Necklace-818163-1001.jpg?resize=870%2C1024&amp;ssl=1 870w, https:\/\/i0.wp.com\/luxonomy.net\/wp-content\/uploads\/2021\/09\/Necklace-818163-1001.jpg?resize=255%2C300&amp;ssl=1 255w, https:\/\/i0.wp.com\/luxonomy.net\/wp-content\/uploads\/2021\/09\/Necklace-818163-1001.jpg?resize=768%2C904&amp;ssl=1 768w, https:\/\/i0.wp.com\/luxonomy.net\/wp-content\/uploads\/2021\/09\/Necklace-818163-1001.jpg?resize=370%2C435&amp;ssl=1 370w, https:\/\/i0.wp.com\/luxonomy.net\/wp-content\/uploads\/2021\/09\/Necklace-818163-1001.jpg?resize=800%2C941&amp;ssl=1 800w, https:\/\/i0.wp.com\/luxonomy.net\/wp-content\/uploads\/2021\/09\/Necklace-818163-1001.jpg?resize=185%2C218&amp;ssl=1 185w, https:\/\/i0.wp.com\/luxonomy.net\/wp-content\/uploads\/2021\/09\/Necklace-818163-1001.jpg?resize=740%2C871&amp;ssl=1 740w, https:\/\/i0.wp.com\/luxonomy.net\/wp-content\/uploads\/2021\/09\/Necklace-818163-1001.jpg?resize=20%2C24&amp;ssl=1 20w, https:\/\/i0.wp.com\/luxonomy.net\/wp-content\/uploads\/2021\/09\/Necklace-818163-1001.jpg?resize=400%2C471&amp;ssl=1 400w, https:\/\/i0.wp.com\/luxonomy.net\/wp-content\/uploads\/2021\/09\/Necklace-818163-1001.jpg?resize=600%2C706&amp;ssl=1 600w, https:\/\/i0.wp.com\/luxonomy.net\/wp-content\/uploads\/2021\/09\/Necklace-818163-1001.jpg?resize=41%2C48&amp;ssl=1 41w\" sizes=\"auto, (max-width: 870px) 100vw, 870px\" \/><\/p>\n<figure id=\"attachment_16576\" aria-describedby=\"caption-attachment-16576\" style=\"width: 683px\" class=\"wp-caption aligncenter\"><img data-recalc-dims=\"1\" loading=\"lazy\" decoding=\"async\" data-attachment-id=\"16576\" data-permalink=\"https:\/\/luxonomy.net\/es\/chopard-viste-de-oro-etico-la-78-edicion-del-festival-de-venecia\/competencia-oficial-red-carpet-the-78th-venice-international-film-festival-2\/\" data-orig-file=\"https:\/\/i0.wp.com\/luxonomy.net\/wp-content\/uploads\/2021\/09\/Jessica-Chastain-at-the-78th-Venice-International-Film-Festival2-scaled.jpg?fit=1707%2C2560&amp;ssl=1\" data-orig-size=\"1707,2560\" data-comments-opened=\"1\" data-image-title=\"&amp;#8220;Competencia Oficial&amp;#8221; Red Carpet &amp;#8211; The 78th Venice International Film Festival\" data-image-description=\"\" data-image-caption=\"&lt;p&gt;VENICE, ITALY &amp;#8211; SEPTEMBER 04: Jessica Chastain attends the red carpet of the movie &amp;#8220;Competencia Oficial&amp;#8221; during the 78th Venice International Film Festival on September 04, 2021 in Venice, Italy. (Photo by Pascal Le Segretain\/Getty Images)&lt;\/p&gt;\n\" data-large-file=\"https:\/\/i0.wp.com\/luxonomy.net\/wp-content\/uploads\/2021\/09\/Jessica-Chastain-at-the-78th-Venice-International-Film-Festival2-scaled.jpg?fit=683%2C1024&amp;ssl=1\" class=\"wp-image-16576 size-large\" src=\"https:\/\/i0.wp.com\/luxonomy.net\/wp-content\/uploads\/2021\/09\/Jessica-Chastain-at-the-78th-Venice-International-Film-Festival2-683x1024.jpg?resize=683%2C1024\" alt=\"\" width=\"683\" height=\"1024\" srcset=\"https:\/\/i0.wp.com\/luxonomy.net\/wp-content\/uploads\/2021\/09\/Jessica-Chastain-at-the-78th-Venice-International-Film-Festival2-scaled.jpg?resize=683%2C1024&amp;ssl=1 683w, https:\/\/i0.wp.com\/luxonomy.net\/wp-content\/uploads\/2021\/09\/Jessica-Chastain-at-the-78th-Venice-International-Film-Festival2-scaled.jpg?resize=200%2C300&amp;ssl=1 200w, https:\/\/i0.wp.com\/luxonomy.net\/wp-content\/uploads\/2021\/09\/Jessica-Chastain-at-the-78th-Venice-International-Film-Festival2-scaled.jpg?resize=370%2C555&amp;ssl=1 370w, https:\/\/i0.wp.com\/luxonomy.net\/wp-content\/uploads\/2021\/09\/Jessica-Chastain-at-the-78th-Venice-International-Film-Festival2-scaled.jpg?resize=185%2C278&amp;ssl=1 185w, https:\/\/i0.wp.com\/luxonomy.net\/wp-content\/uploads\/2021\/09\/Jessica-Chastain-at-the-78th-Venice-International-Film-Festival2-scaled.jpg?resize=20%2C30&amp;ssl=1 20w, https:\/\/i0.wp.com\/luxonomy.net\/wp-content\/uploads\/2021\/09\/Jessica-Chastain-at-the-78th-Venice-International-Film-Festival2-scaled.jpg?resize=400%2C600&amp;ssl=1 400w, https:\/\/i0.wp.com\/luxonomy.net\/wp-content\/uploads\/2021\/09\/Jessica-Chastain-at-the-78th-Venice-International-Film-Festival2-scaled.jpg?resize=600%2C900&amp;ssl=1 600w, https:\/\/i0.wp.com\/luxonomy.net\/wp-content\/uploads\/2021\/09\/Jessica-Chastain-at-the-78th-Venice-International-Film-Festival2-scaled.jpg?resize=32%2C48&amp;ssl=1 32w\" sizes=\"auto, (max-width: 683px) 100vw, 683px\" \/><figcaption id=\"caption-attachment-16576\" class=\"wp-caption-text\">Jessica Chastain (foto de Pascal Le Segretain\/Getty Images)<\/figcaption><\/figure>\n","protected":false},"excerpt":{"rendered":"<p>Puede que el verano est\u00e9 llegando a su fin, pero a principios de septiembre se llevan a cabo algunos de nuestros eventos favoritos. En lo que respecta al estilo de las celebridades, el mes de septiembre trae mucho brillo y glamour, en forma de desfiles de las capitales de la moda, una Met Gala re-programada&hellip;<\/p>\n","protected":false},"author":10,"featured_media":16563,"comment_status":"open","ping_status":"open","sticky":false,"template":"","format":"standard","meta":{"_jetpack_newsletter_access":"","_jetpack_dont_email_post_to_subs":false,"_jetpack_newsletter_tier_id":0,"_jetpack_memberships_contains_paywalled_content":false,"_jetpack_feature_clip_id":0,"_jetpack_memberships_contains_paid_content":false,"footnotes":"","jetpack_publicize_message":"Chopard viste de oro \u00e9tico la 78 Edici\u00f3n del Festival de Venecia.\r\n\r\n#luxonomy #luxury #ecoluxury #lujo #ecolujo #ethical #excellence #etica #excelencia  #lujoetico #luxurynews\r\n#Chopard #eventos #altajoyeria #joyeria #AdrianaLima #JessicaChastain #SharonDuncanBrewster","jetpack_publicize_feature_enabled":true,"jetpack_social_post_already_shared":true,"jetpack_social_options":{"image_generator_settings":{"template":"edge","default_image_id":0,"font":"","enabled":false},"version":2},"jetpack_post_was_ever_published":false},"categories":[612,534],"tags":[1117,866,1116,598],"thb-sponsors":[],"class_list":["post-16562","post","type-post","status-publish","format-standard","has-post-thumbnail","hentry","category-joyeria-y-relojeria","category-moda","tag-adriana-lima","tag-alta-joyeria","tag-festival-de-venecia","tag-joyeria"],"yoast_head":"<!-- This site is optimized with the Yoast SEO plugin v28.3 - https:\/\/yoast.com\/product\/yoast-seo-wordpress\/ -->\n<title>Chopard viste de oro \u00e9tico la 78 Edici\u00f3n del Festival de Venecia | LUXONOMY<\/title>\n<meta name=\"robots\" content=\"index, follow, max-snippet:-1, max-image-preview:large, max-video-preview:-1\" \/>\n<link rel=\"canonical\" href=\"https:\/\/luxonomy.net\/es\/chopard-viste-de-oro-etico-la-78-edicion-del-festival-de-venecia\/\" \/>\n<meta property=\"og:locale\" content=\"es_ES\" \/>\n<meta property=\"og:type\" content=\"article\" \/>\n<meta property=\"og:title\" content=\"Chopard viste de oro \u00e9tico la 78 Edici\u00f3n del Festival de Venecia | LUXONOMY\" \/>\n<meta property=\"og:description\" content=\"Puede que el verano est\u00e9 llegando a su fin, pero a principios de septiembre se llevan a cabo algunos de nuestros eventos favoritos. En lo que respecta al estilo de las celebridades, el mes de septiembre trae mucho brillo y glamour, en forma de desfiles de las capitales de la moda, una Met Gala re-programada&hellip;\" \/>\n<meta property=\"og:url\" content=\"https:\/\/luxonomy.net\/es\/chopard-viste-de-oro-etico-la-78-edicion-del-festival-de-venecia\/\" \/>\n<meta property=\"og:site_name\" content=\"LUXONOMY\" \/>\n<meta property=\"article:publisher\" content=\"https:\/\/www.facebook.com\/luxonomy\" \/>\n<meta property=\"article:published_time\" content=\"2021-09-07T09:17:38+00:00\" \/>\n<meta property=\"og:image\" content=\"https:\/\/i0.wp.com\/luxonomy.net\/wp-content\/uploads\/2021\/09\/Captura-de-pantalla-2021-09-07-a-las-10.51.59.png?fit=748%2C453&quality=80&ssl=1\" \/>\n\t<meta property=\"og:image:width\" content=\"748\" \/>\n\t<meta property=\"og:image:height\" content=\"453\" \/>\n\t<meta property=\"og:image:type\" content=\"image\/png\" \/>\n<meta name=\"author\" content=\"Chiara Gabardi\" \/>\n<meta name=\"twitter:card\" content=\"summary_large_image\" \/>\n<meta name=\"twitter:label1\" content=\"Escrito por\" \/>\n\t<meta name=\"twitter:data1\" content=\"Chiara Gabardi\" \/>\n\t<meta name=\"twitter:label2\" content=\"Tiempo de lectura\" \/>\n\t<meta name=\"twitter:data2\" content=\"4 minutos\" \/>\n<script type=\"application\/ld+json\" class=\"yoast-schema-graph\">{\"@context\":\"https:\\\/\\\/schema.org\",\"@graph\":[{\"@type\":\"Article\",\"@id\":\"https:\\\/\\\/luxonomy.net\\\/es\\\/chopard-viste-de-oro-etico-la-78-edicion-del-festival-de-venecia\\\/#article\",\"isPartOf\":{\"@id\":\"https:\\\/\\\/luxonomy.net\\\/es\\\/chopard-viste-de-oro-etico-la-78-edicion-del-festival-de-venecia\\\/\"},\"author\":{\"name\":\"Chiara Gabardi\",\"@id\":\"https:\\\/\\\/luxonomy.net\\\/es\\\/#\\\/schema\\\/person\\\/9d526ffe93a0cc9cecc91760f49da3ef\"},\"headline\":\"Chopard viste de oro \u00e9tico la 78 Edici\u00f3n del Festival de Venecia\",\"datePublished\":\"2021-09-07T09:17:38+00:00\",\"mainEntityOfPage\":{\"@id\":\"https:\\\/\\\/luxonomy.net\\\/es\\\/chopard-viste-de-oro-etico-la-78-edicion-del-festival-de-venecia\\\/\"},\"wordCount\":470,\"commentCount\":0,\"publisher\":{\"@id\":\"https:\\\/\\\/luxonomy.net\\\/es\\\/#organization\"},\"image\":{\"@id\":\"https:\\\/\\\/luxonomy.net\\\/es\\\/chopard-viste-de-oro-etico-la-78-edicion-del-festival-de-venecia\\\/#primaryimage\"},\"thumbnailUrl\":\"https:\\\/\\\/i0.wp.com\\\/luxonomy.net\\\/wp-content\\\/uploads\\\/2021\\\/09\\\/Captura-de-pantalla-2021-09-07-a-las-10.51.59.png?fit=748%2C453&ssl=1\",\"keywords\":[\"Adriana Lima\",\"alta joyer\u00eda\",\"Festival de Venecia\",\"Joyer\u00eda\"],\"articleSection\":[\"Joyer\u00eda y Relojer\u00eda\",\"Moda\"],\"inLanguage\":\"es\",\"potentialAction\":[{\"@type\":\"CommentAction\",\"name\":\"Comment\",\"target\":[\"https:\\\/\\\/luxonomy.net\\\/es\\\/chopard-viste-de-oro-etico-la-78-edicion-del-festival-de-venecia\\\/#respond\"]}]},{\"@type\":\"WebPage\",\"@id\":\"https:\\\/\\\/luxonomy.net\\\/es\\\/chopard-viste-de-oro-etico-la-78-edicion-del-festival-de-venecia\\\/\",\"url\":\"https:\\\/\\\/luxonomy.net\\\/es\\\/chopard-viste-de-oro-etico-la-78-edicion-del-festival-de-venecia\\\/\",\"name\":\"Chopard viste de oro \u00e9tico la 78 Edici\u00f3n del Festival de Venecia | LUXONOMY\",\"isPartOf\":{\"@id\":\"https:\\\/\\\/luxonomy.net\\\/es\\\/#website\"},\"primaryImageOfPage\":{\"@id\":\"https:\\\/\\\/luxonomy.net\\\/es\\\/chopard-viste-de-oro-etico-la-78-edicion-del-festival-de-venecia\\\/#primaryimage\"},\"image\":{\"@id\":\"https:\\\/\\\/luxonomy.net\\\/es\\\/chopard-viste-de-oro-etico-la-78-edicion-del-festival-de-venecia\\\/#primaryimage\"},\"thumbnailUrl\":\"https:\\\/\\\/i0.wp.com\\\/luxonomy.net\\\/wp-content\\\/uploads\\\/2021\\\/09\\\/Captura-de-pantalla-2021-09-07-a-las-10.51.59.png?fit=748%2C453&ssl=1\",\"datePublished\":\"2021-09-07T09:17:38+00:00\",\"breadcrumb\":{\"@id\":\"https:\\\/\\\/luxonomy.net\\\/es\\\/chopard-viste-de-oro-etico-la-78-edicion-del-festival-de-venecia\\\/#breadcrumb\"},\"inLanguage\":\"es\",\"potentialAction\":[{\"@type\":\"ReadAction\",\"target\":[\"https:\\\/\\\/luxonomy.net\\\/es\\\/chopard-viste-de-oro-etico-la-78-edicion-del-festival-de-venecia\\\/\"]}]},{\"@type\":\"ImageObject\",\"inLanguage\":\"es\",\"@id\":\"https:\\\/\\\/luxonomy.net\\\/es\\\/chopard-viste-de-oro-etico-la-78-edicion-del-festival-de-venecia\\\/#primaryimage\",\"url\":\"https:\\\/\\\/i0.wp.com\\\/luxonomy.net\\\/wp-content\\\/uploads\\\/2021\\\/09\\\/Captura-de-pantalla-2021-09-07-a-las-10.51.59.png?fit=748%2C453&ssl=1\",\"contentUrl\":\"https:\\\/\\\/i0.wp.com\\\/luxonomy.net\\\/wp-content\\\/uploads\\\/2021\\\/09\\\/Captura-de-pantalla-2021-09-07-a-las-10.51.59.png?fit=748%2C453&ssl=1\",\"width\":748,\"height\":453},{\"@type\":\"BreadcrumbList\",\"@id\":\"https:\\\/\\\/luxonomy.net\\\/es\\\/chopard-viste-de-oro-etico-la-78-edicion-del-festival-de-venecia\\\/#breadcrumb\",\"itemListElement\":[{\"@type\":\"ListItem\",\"position\":1,\"name\":\"Portada\",\"item\":\"https:\\\/\\\/luxonomy.net\\\/es\\\/\"},{\"@type\":\"ListItem\",\"position\":2,\"name\":\"Chopard viste de oro \u00e9tico la 78 Edici\u00f3n del Festival de Venecia\"}]},{\"@type\":\"WebSite\",\"@id\":\"https:\\\/\\\/luxonomy.net\\\/es\\\/#website\",\"url\":\"https:\\\/\\\/luxonomy.net\\\/es\\\/\",\"name\":\"LUXONOMY\",\"description\":\"The Economy of Fashion &amp; Luxury\",\"publisher\":{\"@id\":\"https:\\\/\\\/luxonomy.net\\\/es\\\/#organization\"},\"potentialAction\":[{\"@type\":\"SearchAction\",\"target\":{\"@type\":\"EntryPoint\",\"urlTemplate\":\"https:\\\/\\\/luxonomy.net\\\/es\\\/?s={search_term_string}\"},\"query-input\":{\"@type\":\"PropertyValueSpecification\",\"valueRequired\":true,\"valueName\":\"search_term_string\"}}],\"inLanguage\":\"es\"},{\"@type\":\"Organization\",\"@id\":\"https:\\\/\\\/luxonomy.net\\\/es\\\/#organization\",\"name\":\"LUXONOMY\",\"url\":\"https:\\\/\\\/luxonomy.net\\\/es\\\/\",\"logo\":{\"@type\":\"ImageObject\",\"inLanguage\":\"es\",\"@id\":\"https:\\\/\\\/luxonomy.net\\\/es\\\/#\\\/schema\\\/logo\\\/image\\\/\",\"url\":\"https:\\\/\\\/i2.wp.com\\\/luxonomy.net\\\/wp-content\\\/uploads\\\/2021\\\/09\\\/MOCKUP-TODOS-LUXONOMY.jpg?fit=1000%2C515&ssl=1\",\"contentUrl\":\"https:\\\/\\\/i2.wp.com\\\/luxonomy.net\\\/wp-content\\\/uploads\\\/2021\\\/09\\\/MOCKUP-TODOS-LUXONOMY.jpg?fit=1000%2C515&ssl=1\",\"width\":1000,\"height\":515,\"caption\":\"LUXONOMY\"},\"image\":{\"@id\":\"https:\\\/\\\/luxonomy.net\\\/es\\\/#\\\/schema\\\/logo\\\/image\\\/\"},\"sameAs\":[\"https:\\\/\\\/www.facebook.com\\\/luxonomy\",\"https:\\\/\\\/www.instagram.com\\\/luxonomy\\\/\",\"https:\\\/\\\/www.linkedin.com\\\/company\\\/luxonomy\\\/\"]},{\"@type\":\"Person\",\"@id\":\"https:\\\/\\\/luxonomy.net\\\/es\\\/#\\\/schema\\\/person\\\/9d526ffe93a0cc9cecc91760f49da3ef\",\"name\":\"Chiara Gabardi\",\"image\":{\"@type\":\"ImageObject\",\"inLanguage\":\"es\",\"@id\":\"https:\\\/\\\/luxonomy.net\\\/wp-content\\\/litespeed\\\/avatar\\\/548640c4e2c34544e66c65ab1641a5d7.jpg?ver=1787976300\",\"url\":\"https:\\\/\\\/luxonomy.net\\\/wp-content\\\/litespeed\\\/avatar\\\/548640c4e2c34544e66c65ab1641a5d7.jpg?ver=1787976300\",\"contentUrl\":\"https:\\\/\\\/luxonomy.net\\\/wp-content\\\/litespeed\\\/avatar\\\/548640c4e2c34544e66c65ab1641a5d7.jpg?ver=1787976300\",\"caption\":\"Chiara Gabardi\"},\"description\":\"Editor at LUXONOMY\u2122 Group\",\"url\":\"https:\\\/\\\/luxonomy.net\\\/es\\\/author\\\/chiara-gabardi\\\/\"}]}<\/script>\n<!-- \/ Yoast SEO plugin. -->","yoast_head_json":{"title":"Chopard viste de oro \u00e9tico la 78 Edici\u00f3n del Festival de Venecia | LUXONOMY","robots":{"index":"index","follow":"follow","max-snippet":"max-snippet:-1","max-image-preview":"max-image-preview:large","max-video-preview":"max-video-preview:-1"},"canonical":"https:\/\/luxonomy.net\/es\/chopard-viste-de-oro-etico-la-78-edicion-del-festival-de-venecia\/","og_locale":"es_ES","og_type":"article","og_title":"Chopard viste de oro \u00e9tico la 78 Edici\u00f3n del Festival de Venecia | LUXONOMY","og_description":"Puede que el verano est\u00e9 llegando a su fin, pero a principios de septiembre se llevan a cabo algunos de nuestros eventos favoritos. En lo que respecta al estilo de las celebridades, el mes de septiembre trae mucho brillo y glamour, en forma de desfiles de las capitales de la moda, una Met Gala re-programada&hellip;","og_url":"https:\/\/luxonomy.net\/es\/chopard-viste-de-oro-etico-la-78-edicion-del-festival-de-venecia\/","og_site_name":"LUXONOMY","article_publisher":"https:\/\/www.facebook.com\/luxonomy","article_published_time":"2021-09-07T09:17:38+00:00","og_image":[{"width":748,"height":453,"url":"https:\/\/i0.wp.com\/luxonomy.net\/wp-content\/uploads\/2021\/09\/Captura-de-pantalla-2021-09-07-a-las-10.51.59.png?fit=748%2C453&quality=80&ssl=1","type":"image\/png"}],"author":"Chiara Gabardi","twitter_card":"summary_large_image","twitter_misc":{"Escrito por":"Chiara Gabardi","Tiempo de lectura":"4 minutos"},"schema":{"@context":"https:\/\/schema.org","@graph":[{"@type":"Article","@id":"https:\/\/luxonomy.net\/es\/chopard-viste-de-oro-etico-la-78-edicion-del-festival-de-venecia\/#article","isPartOf":{"@id":"https:\/\/luxonomy.net\/es\/chopard-viste-de-oro-etico-la-78-edicion-del-festival-de-venecia\/"},"author":{"name":"Chiara Gabardi","@id":"https:\/\/luxonomy.net\/es\/#\/schema\/person\/9d526ffe93a0cc9cecc91760f49da3ef"},"headline":"Chopard viste de oro \u00e9tico la 78 Edici\u00f3n del Festival de Venecia","datePublished":"2021-09-07T09:17:38+00:00","mainEntityOfPage":{"@id":"https:\/\/luxonomy.net\/es\/chopard-viste-de-oro-etico-la-78-edicion-del-festival-de-venecia\/"},"wordCount":470,"commentCount":0,"publisher":{"@id":"https:\/\/luxonomy.net\/es\/#organization"},"image":{"@id":"https:\/\/luxonomy.net\/es\/chopard-viste-de-oro-etico-la-78-edicion-del-festival-de-venecia\/#primaryimage"},"thumbnailUrl":"https:\/\/i0.wp.com\/luxonomy.net\/wp-content\/uploads\/2021\/09\/Captura-de-pantalla-2021-09-07-a-las-10.51.59.png?fit=748%2C453&ssl=1","keywords":["Adriana Lima","alta joyer\u00eda","Festival de Venecia","Joyer\u00eda"],"articleSection":["Joyer\u00eda y Relojer\u00eda","Moda"],"inLanguage":"es","potentialAction":[{"@type":"CommentAction","name":"Comment","target":["https:\/\/luxonomy.net\/es\/chopard-viste-de-oro-etico-la-78-edicion-del-festival-de-venecia\/#respond"]}]},{"@type":"WebPage","@id":"https:\/\/luxonomy.net\/es\/chopard-viste-de-oro-etico-la-78-edicion-del-festival-de-venecia\/","url":"https:\/\/luxonomy.net\/es\/chopard-viste-de-oro-etico-la-78-edicion-del-festival-de-venecia\/","name":"Chopard viste de oro \u00e9tico la 78 Edici\u00f3n del Festival de Venecia | LUXONOMY","isPartOf":{"@id":"https:\/\/luxonomy.net\/es\/#website"},"primaryImageOfPage":{"@id":"https:\/\/luxonomy.net\/es\/chopard-viste-de-oro-etico-la-78-edicion-del-festival-de-venecia\/#primaryimage"},"image":{"@id":"https:\/\/luxonomy.net\/es\/chopard-viste-de-oro-etico-la-78-edicion-del-festival-de-venecia\/#primaryimage"},"thumbnailUrl":"https:\/\/i0.wp.com\/luxonomy.net\/wp-content\/uploads\/2021\/09\/Captura-de-pantalla-2021-09-07-a-las-10.51.59.png?fit=748%2C453&ssl=1","datePublished":"2021-09-07T09:17:38+00:00","breadcrumb":{"@id":"https:\/\/luxonomy.net\/es\/chopard-viste-de-oro-etico-la-78-edicion-del-festival-de-venecia\/#breadcrumb"},"inLanguage":"es","potentialAction":[{"@type":"ReadAction","target":["https:\/\/luxonomy.net\/es\/chopard-viste-de-oro-etico-la-78-edicion-del-festival-de-venecia\/"]}]},{"@type":"ImageObject","inLanguage":"es","@id":"https:\/\/luxonomy.net\/es\/chopard-viste-de-oro-etico-la-78-edicion-del-festival-de-venecia\/#primaryimage","url":"https:\/\/i0.wp.com\/luxonomy.net\/wp-content\/uploads\/2021\/09\/Captura-de-pantalla-2021-09-07-a-las-10.51.59.png?fit=748%2C453&ssl=1","contentUrl":"https:\/\/i0.wp.com\/luxonomy.net\/wp-content\/uploads\/2021\/09\/Captura-de-pantalla-2021-09-07-a-las-10.51.59.png?fit=748%2C453&ssl=1","width":748,"height":453},{"@type":"BreadcrumbList","@id":"https:\/\/luxonomy.net\/es\/chopard-viste-de-oro-etico-la-78-edicion-del-festival-de-venecia\/#breadcrumb","itemListElement":[{"@type":"ListItem","position":1,"name":"Portada","item":"https:\/\/luxonomy.net\/es\/"},{"@type":"ListItem","position":2,"name":"Chopard viste de oro \u00e9tico la 78 Edici\u00f3n del Festival de Venecia"}]},{"@type":"WebSite","@id":"https:\/\/luxonomy.net\/es\/#website","url":"https:\/\/luxonomy.net\/es\/","name":"LUXONOMY","description":"The Economy of Fashion &amp; Luxury","publisher":{"@id":"https:\/\/luxonomy.net\/es\/#organization"},"potentialAction":[{"@type":"SearchAction","target":{"@type":"EntryPoint","urlTemplate":"https:\/\/luxonomy.net\/es\/?s={search_term_string}"},"query-input":{"@type":"PropertyValueSpecification","valueRequired":true,"valueName":"search_term_string"}}],"inLanguage":"es"},{"@type":"Organization","@id":"https:\/\/luxonomy.net\/es\/#organization","name":"LUXONOMY","url":"https:\/\/luxonomy.net\/es\/","logo":{"@type":"ImageObject","inLanguage":"es","@id":"https:\/\/luxonomy.net\/es\/#\/schema\/logo\/image\/","url":"https:\/\/i2.wp.com\/luxonomy.net\/wp-content\/uploads\/2021\/09\/MOCKUP-TODOS-LUXONOMY.jpg?fit=1000%2C515&ssl=1","contentUrl":"https:\/\/i2.wp.com\/luxonomy.net\/wp-content\/uploads\/2021\/09\/MOCKUP-TODOS-LUXONOMY.jpg?fit=1000%2C515&ssl=1","width":1000,"height":515,"caption":"LUXONOMY"},"image":{"@id":"https:\/\/luxonomy.net\/es\/#\/schema\/logo\/image\/"},"sameAs":["https:\/\/www.facebook.com\/luxonomy","https:\/\/www.instagram.com\/luxonomy\/","https:\/\/www.linkedin.com\/company\/luxonomy\/"]},{"@type":"Person","@id":"https:\/\/luxonomy.net\/es\/#\/schema\/person\/9d526ffe93a0cc9cecc91760f49da3ef","name":"Chiara Gabardi","image":{"@type":"ImageObject","inLanguage":"es","@id":"https:\/\/luxonomy.net\/wp-content\/litespeed\/avatar\/548640c4e2c34544e66c65ab1641a5d7.jpg?ver=1787976300","url":"https:\/\/luxonomy.net\/wp-content\/litespeed\/avatar\/548640c4e2c34544e66c65ab1641a5d7.jpg?ver=1787976300","contentUrl":"https:\/\/luxonomy.net\/wp-content\/litespeed\/avatar\/548640c4e2c34544e66c65ab1641a5d7.jpg?ver=1787976300","caption":"Chiara Gabardi"},"description":"Editor at LUXONOMY\u2122 Group","url":"https:\/\/luxonomy.net\/es\/author\/chiara-gabardi\/"}]}},"jetpack_publicize_connections":[],"jetpack_shortlink":"https:\/\/wp.me\/paPhBa-4j8","jetpack_sharing_enabled":true,"jetpack_featured_media_url":"https:\/\/i0.wp.com\/luxonomy.net\/wp-content\/uploads\/2021\/09\/Captura-de-pantalla-2021-09-07-a-las-10.51.59.png?fit=748%2C453&ssl=1","_links":{"self":[{"href":"https:\/\/luxonomy.net\/es\/wp-json\/wp\/v2\/posts\/16562","targetHints":{"allow":["GET"]}}],"collection":[{"href":"https:\/\/luxonomy.net\/es\/wp-json\/wp\/v2\/posts"}],"about":[{"href":"https:\/\/luxonomy.net\/es\/wp-json\/wp\/v2\/types\/post"}],"author":[{"embeddable":true,"href":"https:\/\/luxonomy.net\/es\/wp-json\/wp\/v2\/users\/10"}],"replies":[{"embeddable":true,"href":"https:\/\/luxonomy.net\/es\/wp-json\/wp\/v2\/comments?post=16562"}],"version-history":[{"count":6,"href":"https:\/\/luxonomy.net\/es\/wp-json\/wp\/v2\/posts\/16562\/revisions"}],"predecessor-version":[{"id":16577,"href":"https:\/\/luxonomy.net\/es\/wp-json\/wp\/v2\/posts\/16562\/revisions\/16577"}],"wp:featuredmedia":[{"embeddable":true,"href":"https:\/\/luxonomy.net\/es\/wp-json\/wp\/v2\/media\/16563"}],"wp:attachment":[{"href":"https:\/\/luxonomy.net\/es\/wp-json\/wp\/v2\/media?parent=16562"}],"wp:term":[{"taxonomy":"category","embeddable":true,"href":"https:\/\/luxonomy.net\/es\/wp-json\/wp\/v2\/categories?post=16562"},{"taxonomy":"post_tag","embeddable":true,"href":"https:\/\/luxonomy.net\/es\/wp-json\/wp\/v2\/tags?post=16562"},{"taxonomy":"thb-sponsors","embeddable":true,"href":"https:\/\/luxonomy.net\/es\/wp-json\/wp\/v2\/thb-sponsors?post=16562"}],"curies":[{"name":"wp","href":"https:\/\/api.w.org\/{rel}","templated":true}]}}