{"id":16559,"date":"2021-09-07T10:45:37","date_gmt":"2021-09-07T08:45:37","guid":{"rendered":"https:\/?p=16559"},"modified":"2021-09-07T10:48:46","modified_gmt":"2021-09-07T08:48:46","slug":"la-riviera-francesa-ha-sido-el-destino-favorito-de-los-super-ricos-este-verano","status":"publish","type":"post","link":"https:\/\/luxonomy.net\/es\/la-riviera-francesa-ha-sido-el-destino-favorito-de-los-super-ricos-este-verano\/","title":{"rendered":"La Riviera francesa ha sido el destino favorito de los s\u00faper ricos este verano"},"content":{"rendered":"<p>Ha sido un verano de megayates alrededor del Mediterr\u00e1neo. Jennifer Lopez y Ben Affleck cruzaron la Costa Azul en Francia, Julia Roberts se dirigi\u00f3 a la costa italiana de Amalfi, mientras Robbie Williams y su familia recorrieron las cristalinas aguas de la pen\u00ednsula turca.<\/p>\n<p>Ha habido m\u00e1s superyates que nunca en el Mediterr\u00e1neo, seg\u00fan una investigaci\u00f3n de Bloomberg; la Riviera francesa se ha llenado de embarcaciones de lujo, mientras que en Italia (donde Paris Hilton y Kendall Jenner alquilaron barcos), las tarifas de alojamiento han diso un 30 por ciento m\u00e1s altas que el a\u00f1o pasado.<\/p>\n<p>Tambi\u00e9n en el Mediterr\u00e1neo oriental, m\u00e1s tranquilo, Croacia, Turqu\u00eda, Montenegro y Grecia se han convertido en puntos de acceso populares, porque los tradicionales <em>honeypots<\/em> de Amalfi y el sur de Francia estaban desbordados.<\/p><div id=\"luxon-656166392\" class=\"luxon-3er-parrafo luxon-entity-placement\" style=\"margin-top: 20px;margin-bottom: 20px;margin-left: auto;margin-right: auto;text-align: center;\"><a href=\"https:\/\/luxonomy.university\/course\/master-turismo-de-lujo\" target=\"_blank\" aria-label=\"master-turismo-lujo-2026-2027\"><img loading=\"lazy\" decoding=\"async\" src=\"https:\/\/i0.wp.com\/luxonomy.net\/wp-content\/uploads\/2020\/07\/master-turismo-lujo-2026-2027.jpg?fit=1672%2C941&#038;ssl=1\" alt=\"\"  srcset=\"https:\/\/i0.wp.com\/luxonomy.net\/wp-content\/uploads\/2020\/07\/master-turismo-lujo-2026-2027.jpg?w=1672&ssl=1 1672w, https:\/\/i0.wp.com\/luxonomy.net\/wp-content\/uploads\/2020\/07\/master-turismo-lujo-2026-2027.jpg?resize=300%2C169&ssl=1 300w, https:\/\/i0.wp.com\/luxonomy.net\/wp-content\/uploads\/2020\/07\/master-turismo-lujo-2026-2027.jpg?resize=1024%2C576&ssl=1 1024w, https:\/\/i0.wp.com\/luxonomy.net\/wp-content\/uploads\/2020\/07\/master-turismo-lujo-2026-2027.jpg?resize=768%2C432&ssl=1 768w, https:\/\/i0.wp.com\/luxonomy.net\/wp-content\/uploads\/2020\/07\/master-turismo-lujo-2026-2027.jpg?resize=1536%2C864&ssl=1 1536w, https:\/\/i0.wp.com\/luxonomy.net\/wp-content\/uploads\/2020\/07\/master-turismo-lujo-2026-2027.jpg?resize=370%2C208&ssl=1 370w, https:\/\/i0.wp.com\/luxonomy.net\/wp-content\/uploads\/2020\/07\/master-turismo-lujo-2026-2027.jpg?resize=800%2C450&ssl=1 800w, https:\/\/i0.wp.com\/luxonomy.net\/wp-content\/uploads\/2020\/07\/master-turismo-lujo-2026-2027.jpg?resize=20%2C11&ssl=1 20w, https:\/\/i0.wp.com\/luxonomy.net\/wp-content\/uploads\/2020\/07\/master-turismo-lujo-2026-2027.jpg?resize=740%2C416&ssl=1 740w, https:\/\/i0.wp.com\/luxonomy.net\/wp-content\/uploads\/2020\/07\/master-turismo-lujo-2026-2027.jpg?resize=1600%2C900&ssl=1 1600w, https:\/\/i0.wp.com\/luxonomy.net\/wp-content\/uploads\/2020\/07\/master-turismo-lujo-2026-2027.jpg?resize=1200%2C675&ssl=1 1200w, https:\/\/i0.wp.com\/luxonomy.net\/wp-content\/uploads\/2020\/07\/master-turismo-lujo-2026-2027.jpg?resize=85%2C48&ssl=1 85w\" sizes=\"(max-width: 1170px) 100vw, 1170px\" class=\"no-lazyload\" width=\"1672\" height=\"941\"   \/><\/a><\/div>\n<p>Montenegro, mientras tanto, ha experimentado un aumento del 41 por ciento en los yates. De hecho, los multimillonarios han re-descubierto su costa.<\/p>\n<p>La consultora de viajes de lujo Julia Perowne (\u00a0<a href=\"http:\/\/perowneinternational.com\/\" target=\"_blank\" rel=\"noopener\">Perowneinternational.com<\/a>) compara el apetito actual de los s\u00faper ricos por los gastos de vacaciones con el de los locos a\u00f1os veinte, el gasto promedio ha aumentado entre un 50 y un 100 por ciento en los mejores hoteles de Europa, dijo, y la gente se viste con sus mejores galas para cenar y compra el champ\u00e1n caro y tratamientos de spa. &#8220;La gente tiene un deseo absoluto de glamour&#8221;, afirma.<\/p>\n<p>Los peluqueros, los tutores privados, los entrenadores personales y, en el caso de los clientes rusos, las cajas de caviar, se pueden transportar al barco con poca antelaci\u00f3n, mientras que el chef a bordo crear\u00e1 men\u00fas diarios para competir con cualquier restaurante en tierra.<\/p>\n<p>Como resultado de esta nueva ola de inter\u00e9s, las ventas de yates de segunda mano est\u00e1n en auge (el barco J-Lo fletado estuvo recientemente en el mercado por 130 millones de d\u00f3lares) y los astilleros de construcci\u00f3n est\u00e1n reservados. En un astillero de los Pa\u00edses Bajos, los trabajadores se apresuran a completar el nuevo giga yate de Jeff Bezos, un barco de 400 pies construido a medida que se espera cueste m\u00e1s de 500 millones de d\u00f3lares.<\/p><div id=\"luxon-2283208011\" class=\"luxon-7-parrafo luxon-entity-placement\" style=\"margin-top: 20px;margin-bottom: 20px;margin-left: auto;margin-right: auto;text-align: center;\"><a href=\"https:\/\/theintelligence.institute\/course\/inteligencia-artificial-para-directivos\" target=\"_blank\" aria-label=\"CSIAD_empresas_THEI_horizontal_4x3_v5\"><img loading=\"lazy\" decoding=\"async\" src=\"https:\/\/i0.wp.com\/luxonomy.net\/wp-content\/uploads\/2025\/08\/CSIAD_empresas_THEI_horizontal_4x3_v5.png?fit=2000%2C1500&#038;ssl=1\" alt=\"\"  srcset=\"https:\/\/i0.wp.com\/luxonomy.net\/wp-content\/uploads\/2025\/08\/CSIAD_empresas_THEI_horizontal_4x3_v5.png?w=2000&ssl=1 2000w, https:\/\/i0.wp.com\/luxonomy.net\/wp-content\/uploads\/2025\/08\/CSIAD_empresas_THEI_horizontal_4x3_v5.png?resize=300%2C225&ssl=1 300w, https:\/\/i0.wp.com\/luxonomy.net\/wp-content\/uploads\/2025\/08\/CSIAD_empresas_THEI_horizontal_4x3_v5.png?resize=1024%2C768&ssl=1 1024w, https:\/\/i0.wp.com\/luxonomy.net\/wp-content\/uploads\/2025\/08\/CSIAD_empresas_THEI_horizontal_4x3_v5.png?resize=768%2C576&ssl=1 768w, https:\/\/i0.wp.com\/luxonomy.net\/wp-content\/uploads\/2025\/08\/CSIAD_empresas_THEI_horizontal_4x3_v5.png?resize=1536%2C1152&ssl=1 1536w, https:\/\/i0.wp.com\/luxonomy.net\/wp-content\/uploads\/2025\/08\/CSIAD_empresas_THEI_horizontal_4x3_v5.png?resize=370%2C278&ssl=1 370w, https:\/\/i0.wp.com\/luxonomy.net\/wp-content\/uploads\/2025\/08\/CSIAD_empresas_THEI_horizontal_4x3_v5.png?resize=800%2C600&ssl=1 800w, https:\/\/i0.wp.com\/luxonomy.net\/wp-content\/uploads\/2025\/08\/CSIAD_empresas_THEI_horizontal_4x3_v5.png?resize=20%2C15&ssl=1 20w, https:\/\/i0.wp.com\/luxonomy.net\/wp-content\/uploads\/2025\/08\/CSIAD_empresas_THEI_horizontal_4x3_v5.png?resize=740%2C555&ssl=1 740w, https:\/\/i0.wp.com\/luxonomy.net\/wp-content\/uploads\/2025\/08\/CSIAD_empresas_THEI_horizontal_4x3_v5.png?resize=1600%2C1200&ssl=1 1600w, https:\/\/i0.wp.com\/luxonomy.net\/wp-content\/uploads\/2025\/08\/CSIAD_empresas_THEI_horizontal_4x3_v5.png?resize=1200%2C900&ssl=1 1200w, https:\/\/i0.wp.com\/luxonomy.net\/wp-content\/uploads\/2025\/08\/CSIAD_empresas_THEI_horizontal_4x3_v5.png?resize=64%2C48&ssl=1 64w\" sizes=\"(max-width: 1170px) 100vw, 1170px\" class=\"no-lazyload\" width=\"2000\" height=\"1500\"   \/><\/a><\/div>\n<p>El gran regreso de este verano al Mediterr\u00e1neo no hubiera sido posible sin los viajes en jet privado, ya que no ha habido posibilidad en las circunstancias actuales y las restricciones de la lista roja, de que los brit\u00e1nicos, europeos y estadounidenses m\u00e1s ricos vuelen en vuelos comerciales. De esta forma, han evitado las colas del aeropuerto (y el riesgo de contagiarse de Covid) al usar sus propios aviones o inscribirse en uno de los clubes de jet privados, que se encargan de las pruebas y la administraci\u00f3n de Covid.<\/p>\n<p>NetJets y Vista Jets han tenido el mejor a\u00f1o en su historia. No solo han volado con millonarios a Europa, tambi\u00e9n se a \u00c1frica.<\/p>\n","protected":false},"excerpt":{"rendered":"<p>Ha sido un verano de megayates alrededor del Mediterr\u00e1neo. Jennifer Lopez y Ben Affleck cruzaron la Costa Azul en Francia, Julia Roberts se dirigi\u00f3 a la costa italiana de Amalfi, mientras Robbie Williams y su familia recorrieron las cristalinas aguas de la pen\u00ednsula turca. Ha habido m\u00e1s superyates que nunca en el Mediterr\u00e1neo, seg\u00fan una&hellip;<\/p>\n","protected":false},"author":10,"featured_media":16560,"comment_status":"open","ping_status":"open","sticky":false,"template":"","format":"standard","meta":{"_jetpack_newsletter_access":"","_jetpack_dont_email_post_to_subs":false,"_jetpack_newsletter_tier_id":0,"_jetpack_memberships_contains_paywalled_content":false,"_jetpack_feature_clip_id":0,"_jetpack_memberships_contains_paid_content":false,"footnotes":"","jetpack_publicize_message":"La Riviera francesa ha sido el destino favorito de los s\u00faper ricos este verano.\r\n\r\n#luxonomy #luxury #lujo #luxurynews #noticiasdelujo #Riviera","jetpack_publicize_feature_enabled":true,"jetpack_social_post_already_shared":true,"jetpack_social_options":{"image_generator_settings":{"template":"edge","default_image_id":0,"font":"","enabled":false},"version":2},"jetpack_post_was_ever_published":false},"categories":[376,377,505],"tags":[635,1114,1115],"thb-sponsors":[],"class_list":["post-16559","post","type-post","status-publish","format-standard","has-post-thumbnail","hentry","category-europa","category-francia","category-sin-categorizar","tag-actualidad","tag-europa","tag-francia"],"yoast_head":"<!-- This site is optimized with the Yoast SEO plugin v28.4 - https:\/\/yoast.com\/product\/yoast-seo-wordpress\/ -->\n<title>La Riviera francesa ha sido el destino favorito de los s\u00faper ricos este verano | LUXONOMY<\/title>\n<meta name=\"robots\" content=\"index, follow, max-snippet:-1, max-image-preview:large, max-video-preview:-1\" \/>\n<link rel=\"canonical\" href=\"https:\/\/luxonomy.net\/es\/la-riviera-francesa-ha-sido-el-destino-favorito-de-los-super-ricos-este-verano\/\" \/>\n<meta property=\"og:locale\" content=\"es_ES\" \/>\n<meta property=\"og:type\" content=\"article\" \/>\n<meta property=\"og:title\" content=\"La Riviera francesa ha sido el destino favorito de los s\u00faper ricos este verano | LUXONOMY\" \/>\n<meta property=\"og:description\" content=\"Ha sido un verano de megayates alrededor del Mediterr\u00e1neo. Jennifer Lopez y Ben Affleck cruzaron la Costa Azul en Francia, Julia Roberts se dirigi\u00f3 a la costa italiana de Amalfi, mientras Robbie Williams y su familia recorrieron las cristalinas aguas de la pen\u00ednsula turca. Ha habido m\u00e1s superyates que nunca en el Mediterr\u00e1neo, seg\u00fan una&hellip;\" \/>\n<meta property=\"og:url\" content=\"https:\/\/luxonomy.net\/es\/la-riviera-francesa-ha-sido-el-destino-favorito-de-los-super-ricos-este-verano\/\" \/>\n<meta property=\"og:site_name\" content=\"LUXONOMY\" \/>\n<meta property=\"article:publisher\" content=\"https:\/\/www.facebook.com\/luxonomy\" \/>\n<meta property=\"article:published_time\" content=\"2021-09-07T08:45:37+00:00\" \/>\n<meta property=\"article:modified_time\" content=\"2021-09-07T08:48:46+00:00\" \/>\n<meta property=\"og:image\" content=\"https:\/\/luxonomy.net\/wp-content\/uploads\/2021\/09\/french-riviera-1024x683.jpg\" \/>\n\t<meta property=\"og:image:width\" content=\"1024\" \/>\n\t<meta property=\"og:image:height\" content=\"683\" \/>\n\t<meta property=\"og:image:type\" content=\"image\/jpeg\" \/>\n<meta name=\"author\" content=\"Chiara Gabardi\" \/>\n<meta name=\"twitter:card\" content=\"summary_large_image\" \/>\n<meta name=\"twitter:label1\" content=\"Escrito por\" \/>\n\t<meta name=\"twitter:data1\" content=\"Chiara Gabardi\" \/>\n\t<meta name=\"twitter:label2\" content=\"Tiempo de lectura\" \/>\n\t<meta name=\"twitter:data2\" content=\"3 minutos\" \/>\n<script type=\"application\/ld+json\" class=\"yoast-schema-graph\">{\"@context\":\"https:\\\/\\\/schema.org\",\"@graph\":[{\"@type\":\"Article\",\"@id\":\"https:\\\/\\\/luxonomy.net\\\/es\\\/la-riviera-francesa-ha-sido-el-destino-favorito-de-los-super-ricos-este-verano\\\/#article\",\"isPartOf\":{\"@id\":\"https:\\\/\\\/luxonomy.net\\\/es\\\/la-riviera-francesa-ha-sido-el-destino-favorito-de-los-super-ricos-este-verano\\\/\"},\"author\":{\"name\":\"Chiara Gabardi\",\"@id\":\"https:\\\/\\\/luxonomy.net\\\/es\\\/#\\\/schema\\\/person\\\/9d526ffe93a0cc9cecc91760f49da3ef\"},\"headline\":\"La Riviera francesa ha sido el destino favorito de los s\u00faper ricos este verano\",\"datePublished\":\"2021-09-07T08:45:37+00:00\",\"dateModified\":\"2021-09-07T08:48:46+00:00\",\"mainEntityOfPage\":{\"@id\":\"https:\\\/\\\/luxonomy.net\\\/es\\\/la-riviera-francesa-ha-sido-el-destino-favorito-de-los-super-ricos-este-verano\\\/\"},\"wordCount\":504,\"commentCount\":0,\"publisher\":{\"@id\":\"https:\\\/\\\/luxonomy.net\\\/es\\\/#organization\"},\"image\":{\"@id\":\"https:\\\/\\\/luxonomy.net\\\/es\\\/la-riviera-francesa-ha-sido-el-destino-favorito-de-los-super-ricos-este-verano\\\/#primaryimage\"},\"thumbnailUrl\":\"https:\\\/\\\/i0.wp.com\\\/luxonomy.net\\\/wp-content\\\/uploads\\\/2021\\\/09\\\/french-riviera-scaled.jpg?fit=2560%2C1707&ssl=1\",\"keywords\":[\"actualidad\",\"europa\",\"francia\"],\"articleSection\":[\"Europa\",\"Francia\",\"Sin categorizar\"],\"inLanguage\":\"es\",\"potentialAction\":[{\"@type\":\"CommentAction\",\"name\":\"Comment\",\"target\":[\"https:\\\/\\\/luxonomy.net\\\/es\\\/la-riviera-francesa-ha-sido-el-destino-favorito-de-los-super-ricos-este-verano\\\/#respond\"]}]},{\"@type\":\"WebPage\",\"@id\":\"https:\\\/\\\/luxonomy.net\\\/es\\\/la-riviera-francesa-ha-sido-el-destino-favorito-de-los-super-ricos-este-verano\\\/\",\"url\":\"https:\\\/\\\/luxonomy.net\\\/es\\\/la-riviera-francesa-ha-sido-el-destino-favorito-de-los-super-ricos-este-verano\\\/\",\"name\":\"La Riviera francesa ha sido el destino favorito de los s\u00faper ricos este verano | LUXONOMY\",\"isPartOf\":{\"@id\":\"https:\\\/\\\/luxonomy.net\\\/es\\\/#website\"},\"primaryImageOfPage\":{\"@id\":\"https:\\\/\\\/luxonomy.net\\\/es\\\/la-riviera-francesa-ha-sido-el-destino-favorito-de-los-super-ricos-este-verano\\\/#primaryimage\"},\"image\":{\"@id\":\"https:\\\/\\\/luxonomy.net\\\/es\\\/la-riviera-francesa-ha-sido-el-destino-favorito-de-los-super-ricos-este-verano\\\/#primaryimage\"},\"thumbnailUrl\":\"https:\\\/\\\/i0.wp.com\\\/luxonomy.net\\\/wp-content\\\/uploads\\\/2021\\\/09\\\/french-riviera-scaled.jpg?fit=2560%2C1707&ssl=1\",\"datePublished\":\"2021-09-07T08:45:37+00:00\",\"dateModified\":\"2021-09-07T08:48:46+00:00\",\"breadcrumb\":{\"@id\":\"https:\\\/\\\/luxonomy.net\\\/es\\\/la-riviera-francesa-ha-sido-el-destino-favorito-de-los-super-ricos-este-verano\\\/#breadcrumb\"},\"inLanguage\":\"es\",\"potentialAction\":[{\"@type\":\"ReadAction\",\"target\":[\"https:\\\/\\\/luxonomy.net\\\/es\\\/la-riviera-francesa-ha-sido-el-destino-favorito-de-los-super-ricos-este-verano\\\/\"]}]},{\"@type\":\"ImageObject\",\"inLanguage\":\"es\",\"@id\":\"https:\\\/\\\/luxonomy.net\\\/es\\\/la-riviera-francesa-ha-sido-el-destino-favorito-de-los-super-ricos-este-verano\\\/#primaryimage\",\"url\":\"https:\\\/\\\/i0.wp.com\\\/luxonomy.net\\\/wp-content\\\/uploads\\\/2021\\\/09\\\/french-riviera-scaled.jpg?fit=2560%2C1707&ssl=1\",\"contentUrl\":\"https:\\\/\\\/i0.wp.com\\\/luxonomy.net\\\/wp-content\\\/uploads\\\/2021\\\/09\\\/french-riviera-scaled.jpg?fit=2560%2C1707&ssl=1\",\"width\":2560,\"height\":1707},{\"@type\":\"BreadcrumbList\",\"@id\":\"https:\\\/\\\/luxonomy.net\\\/es\\\/la-riviera-francesa-ha-sido-el-destino-favorito-de-los-super-ricos-este-verano\\\/#breadcrumb\",\"itemListElement\":[{\"@type\":\"ListItem\",\"position\":1,\"name\":\"Portada\",\"item\":\"https:\\\/\\\/luxonomy.net\\\/es\\\/\"},{\"@type\":\"ListItem\",\"position\":2,\"name\":\"La Riviera francesa ha sido el destino favorito de los s\u00faper ricos este verano\"}]},{\"@type\":\"WebSite\",\"@id\":\"https:\\\/\\\/luxonomy.net\\\/es\\\/#website\",\"url\":\"https:\\\/\\\/luxonomy.net\\\/es\\\/\",\"name\":\"LUXONOMY\",\"description\":\"The Economy of Fashion &amp; Luxury\",\"publisher\":{\"@id\":\"https:\\\/\\\/luxonomy.net\\\/es\\\/#organization\"},\"potentialAction\":[{\"@type\":\"SearchAction\",\"target\":{\"@type\":\"EntryPoint\",\"urlTemplate\":\"https:\\\/\\\/luxonomy.net\\\/es\\\/?s={search_term_string}\"},\"query-input\":{\"@type\":\"PropertyValueSpecification\",\"valueRequired\":true,\"valueName\":\"search_term_string\"}}],\"inLanguage\":\"es\"},{\"@type\":\"Organization\",\"@id\":\"https:\\\/\\\/luxonomy.net\\\/es\\\/#organization\",\"name\":\"LUXONOMY\",\"url\":\"https:\\\/\\\/luxonomy.net\\\/es\\\/\",\"logo\":{\"@type\":\"ImageObject\",\"inLanguage\":\"es\",\"@id\":\"https:\\\/\\\/luxonomy.net\\\/es\\\/#\\\/schema\\\/logo\\\/image\\\/\",\"url\":\"https:\\\/\\\/i2.wp.com\\\/luxonomy.net\\\/wp-content\\\/uploads\\\/2021\\\/09\\\/MOCKUP-TODOS-LUXONOMY.jpg?fit=1000%2C515&ssl=1\",\"contentUrl\":\"https:\\\/\\\/i2.wp.com\\\/luxonomy.net\\\/wp-content\\\/uploads\\\/2021\\\/09\\\/MOCKUP-TODOS-LUXONOMY.jpg?fit=1000%2C515&ssl=1\",\"width\":1000,\"height\":515,\"caption\":\"LUXONOMY\"},\"image\":{\"@id\":\"https:\\\/\\\/luxonomy.net\\\/es\\\/#\\\/schema\\\/logo\\\/image\\\/\"},\"sameAs\":[\"https:\\\/\\\/www.facebook.com\\\/luxonomy\",\"https:\\\/\\\/www.instagram.com\\\/luxonomy\\\/\",\"https:\\\/\\\/www.linkedin.com\\\/company\\\/luxonomy\\\/\"]},{\"@type\":\"Person\",\"@id\":\"https:\\\/\\\/luxonomy.net\\\/es\\\/#\\\/schema\\\/person\\\/9d526ffe93a0cc9cecc91760f49da3ef\",\"name\":\"Chiara Gabardi\",\"image\":{\"@type\":\"ImageObject\",\"inLanguage\":\"es\",\"@id\":\"https:\\\/\\\/luxonomy.net\\\/wp-content\\\/litespeed\\\/avatar\\\/548640c4e2c34544e66c65ab1641a5d7.jpg?ver=1787976300\",\"url\":\"https:\\\/\\\/luxonomy.net\\\/wp-content\\\/litespeed\\\/avatar\\\/548640c4e2c34544e66c65ab1641a5d7.jpg?ver=1787976300\",\"contentUrl\":\"https:\\\/\\\/luxonomy.net\\\/wp-content\\\/litespeed\\\/avatar\\\/548640c4e2c34544e66c65ab1641a5d7.jpg?ver=1787976300\",\"caption\":\"Chiara Gabardi\"},\"description\":\"Editor at LUXONOMY\u2122 Group\",\"url\":\"https:\\\/\\\/luxonomy.net\\\/es\\\/author\\\/chiara-gabardi\\\/\"}]}<\/script>\n<!-- \/ Yoast SEO plugin. -->","yoast_head_json":{"title":"La Riviera francesa ha sido el destino favorito de los s\u00faper ricos este verano | LUXONOMY","robots":{"index":"index","follow":"follow","max-snippet":"max-snippet:-1","max-image-preview":"max-image-preview:large","max-video-preview":"max-video-preview:-1"},"canonical":"https:\/\/luxonomy.net\/es\/la-riviera-francesa-ha-sido-el-destino-favorito-de-los-super-ricos-este-verano\/","og_locale":"es_ES","og_type":"article","og_title":"La Riviera francesa ha sido el destino favorito de los s\u00faper ricos este verano | LUXONOMY","og_description":"Ha sido un verano de megayates alrededor del Mediterr\u00e1neo. Jennifer Lopez y Ben Affleck cruzaron la Costa Azul en Francia, Julia Roberts se dirigi\u00f3 a la costa italiana de Amalfi, mientras Robbie Williams y su familia recorrieron las cristalinas aguas de la pen\u00ednsula turca. Ha habido m\u00e1s superyates que nunca en el Mediterr\u00e1neo, seg\u00fan una&hellip;","og_url":"https:\/\/luxonomy.net\/es\/la-riviera-francesa-ha-sido-el-destino-favorito-de-los-super-ricos-este-verano\/","og_site_name":"LUXONOMY","article_publisher":"https:\/\/www.facebook.com\/luxonomy","article_published_time":"2021-09-07T08:45:37+00:00","article_modified_time":"2021-09-07T08:48:46+00:00","og_image":[{"width":1024,"height":683,"url":"https:\/\/luxonomy.net\/wp-content\/uploads\/2021\/09\/french-riviera-1024x683.jpg","type":"image\/jpeg"}],"author":"Chiara Gabardi","twitter_card":"summary_large_image","twitter_misc":{"Escrito por":"Chiara Gabardi","Tiempo de lectura":"3 minutos"},"schema":{"@context":"https:\/\/schema.org","@graph":[{"@type":"Article","@id":"https:\/\/luxonomy.net\/es\/la-riviera-francesa-ha-sido-el-destino-favorito-de-los-super-ricos-este-verano\/#article","isPartOf":{"@id":"https:\/\/luxonomy.net\/es\/la-riviera-francesa-ha-sido-el-destino-favorito-de-los-super-ricos-este-verano\/"},"author":{"name":"Chiara Gabardi","@id":"https:\/\/luxonomy.net\/es\/#\/schema\/person\/9d526ffe93a0cc9cecc91760f49da3ef"},"headline":"La Riviera francesa ha sido el destino favorito de los s\u00faper ricos este verano","datePublished":"2021-09-07T08:45:37+00:00","dateModified":"2021-09-07T08:48:46+00:00","mainEntityOfPage":{"@id":"https:\/\/luxonomy.net\/es\/la-riviera-francesa-ha-sido-el-destino-favorito-de-los-super-ricos-este-verano\/"},"wordCount":504,"commentCount":0,"publisher":{"@id":"https:\/\/luxonomy.net\/es\/#organization"},"image":{"@id":"https:\/\/luxonomy.net\/es\/la-riviera-francesa-ha-sido-el-destino-favorito-de-los-super-ricos-este-verano\/#primaryimage"},"thumbnailUrl":"https:\/\/i0.wp.com\/luxonomy.net\/wp-content\/uploads\/2021\/09\/french-riviera-scaled.jpg?fit=2560%2C1707&ssl=1","keywords":["actualidad","europa","francia"],"articleSection":["Europa","Francia","Sin categorizar"],"inLanguage":"es","potentialAction":[{"@type":"CommentAction","name":"Comment","target":["https:\/\/luxonomy.net\/es\/la-riviera-francesa-ha-sido-el-destino-favorito-de-los-super-ricos-este-verano\/#respond"]}]},{"@type":"WebPage","@id":"https:\/\/luxonomy.net\/es\/la-riviera-francesa-ha-sido-el-destino-favorito-de-los-super-ricos-este-verano\/","url":"https:\/\/luxonomy.net\/es\/la-riviera-francesa-ha-sido-el-destino-favorito-de-los-super-ricos-este-verano\/","name":"La Riviera francesa ha sido el destino favorito de los s\u00faper ricos este verano | LUXONOMY","isPartOf":{"@id":"https:\/\/luxonomy.net\/es\/#website"},"primaryImageOfPage":{"@id":"https:\/\/luxonomy.net\/es\/la-riviera-francesa-ha-sido-el-destino-favorito-de-los-super-ricos-este-verano\/#primaryimage"},"image":{"@id":"https:\/\/luxonomy.net\/es\/la-riviera-francesa-ha-sido-el-destino-favorito-de-los-super-ricos-este-verano\/#primaryimage"},"thumbnailUrl":"https:\/\/i0.wp.com\/luxonomy.net\/wp-content\/uploads\/2021\/09\/french-riviera-scaled.jpg?fit=2560%2C1707&ssl=1","datePublished":"2021-09-07T08:45:37+00:00","dateModified":"2021-09-07T08:48:46+00:00","breadcrumb":{"@id":"https:\/\/luxonomy.net\/es\/la-riviera-francesa-ha-sido-el-destino-favorito-de-los-super-ricos-este-verano\/#breadcrumb"},"inLanguage":"es","potentialAction":[{"@type":"ReadAction","target":["https:\/\/luxonomy.net\/es\/la-riviera-francesa-ha-sido-el-destino-favorito-de-los-super-ricos-este-verano\/"]}]},{"@type":"ImageObject","inLanguage":"es","@id":"https:\/\/luxonomy.net\/es\/la-riviera-francesa-ha-sido-el-destino-favorito-de-los-super-ricos-este-verano\/#primaryimage","url":"https:\/\/i0.wp.com\/luxonomy.net\/wp-content\/uploads\/2021\/09\/french-riviera-scaled.jpg?fit=2560%2C1707&ssl=1","contentUrl":"https:\/\/i0.wp.com\/luxonomy.net\/wp-content\/uploads\/2021\/09\/french-riviera-scaled.jpg?fit=2560%2C1707&ssl=1","width":2560,"height":1707},{"@type":"BreadcrumbList","@id":"https:\/\/luxonomy.net\/es\/la-riviera-francesa-ha-sido-el-destino-favorito-de-los-super-ricos-este-verano\/#breadcrumb","itemListElement":[{"@type":"ListItem","position":1,"name":"Portada","item":"https:\/\/luxonomy.net\/es\/"},{"@type":"ListItem","position":2,"name":"La Riviera francesa ha sido el destino favorito de los s\u00faper ricos este verano"}]},{"@type":"WebSite","@id":"https:\/\/luxonomy.net\/es\/#website","url":"https:\/\/luxonomy.net\/es\/","name":"LUXONOMY","description":"The Economy of Fashion &amp; Luxury","publisher":{"@id":"https:\/\/luxonomy.net\/es\/#organization"},"potentialAction":[{"@type":"SearchAction","target":{"@type":"EntryPoint","urlTemplate":"https:\/\/luxonomy.net\/es\/?s={search_term_string}"},"query-input":{"@type":"PropertyValueSpecification","valueRequired":true,"valueName":"search_term_string"}}],"inLanguage":"es"},{"@type":"Organization","@id":"https:\/\/luxonomy.net\/es\/#organization","name":"LUXONOMY","url":"https:\/\/luxonomy.net\/es\/","logo":{"@type":"ImageObject","inLanguage":"es","@id":"https:\/\/luxonomy.net\/es\/#\/schema\/logo\/image\/","url":"https:\/\/i2.wp.com\/luxonomy.net\/wp-content\/uploads\/2021\/09\/MOCKUP-TODOS-LUXONOMY.jpg?fit=1000%2C515&ssl=1","contentUrl":"https:\/\/i2.wp.com\/luxonomy.net\/wp-content\/uploads\/2021\/09\/MOCKUP-TODOS-LUXONOMY.jpg?fit=1000%2C515&ssl=1","width":1000,"height":515,"caption":"LUXONOMY"},"image":{"@id":"https:\/\/luxonomy.net\/es\/#\/schema\/logo\/image\/"},"sameAs":["https:\/\/www.facebook.com\/luxonomy","https:\/\/www.instagram.com\/luxonomy\/","https:\/\/www.linkedin.com\/company\/luxonomy\/"]},{"@type":"Person","@id":"https:\/\/luxonomy.net\/es\/#\/schema\/person\/9d526ffe93a0cc9cecc91760f49da3ef","name":"Chiara Gabardi","image":{"@type":"ImageObject","inLanguage":"es","@id":"https:\/\/luxonomy.net\/wp-content\/litespeed\/avatar\/548640c4e2c34544e66c65ab1641a5d7.jpg?ver=1787976300","url":"https:\/\/luxonomy.net\/wp-content\/litespeed\/avatar\/548640c4e2c34544e66c65ab1641a5d7.jpg?ver=1787976300","contentUrl":"https:\/\/luxonomy.net\/wp-content\/litespeed\/avatar\/548640c4e2c34544e66c65ab1641a5d7.jpg?ver=1787976300","caption":"Chiara Gabardi"},"description":"Editor at LUXONOMY\u2122 Group","url":"https:\/\/luxonomy.net\/es\/author\/chiara-gabardi\/"}]}},"jetpack_publicize_connections":[],"jetpack_shortlink":"https:\/\/wp.me\/paPhBa-4j5","jetpack_sharing_enabled":true,"jetpack_featured_media_url":"https:\/\/i0.wp.com\/luxonomy.net\/wp-content\/uploads\/2021\/09\/french-riviera-scaled.jpg?fit=2560%2C1707&ssl=1","_links":{"self":[{"href":"https:\/\/luxonomy.net\/es\/wp-json\/wp\/v2\/posts\/16559","targetHints":{"allow":["GET"]}}],"collection":[{"href":"https:\/\/luxonomy.net\/es\/wp-json\/wp\/v2\/posts"}],"about":[{"href":"https:\/\/luxonomy.net\/es\/wp-json\/wp\/v2\/types\/post"}],"author":[{"embeddable":true,"href":"https:\/\/luxonomy.net\/es\/wp-json\/wp\/v2\/users\/10"}],"replies":[{"embeddable":true,"href":"https:\/\/luxonomy.net\/es\/wp-json\/wp\/v2\/comments?post=16559"}],"version-history":[{"count":1,"href":"https:\/\/luxonomy.net\/es\/wp-json\/wp\/v2\/posts\/16559\/revisions"}],"predecessor-version":[{"id":16561,"href":"https:\/\/luxonomy.net\/es\/wp-json\/wp\/v2\/posts\/16559\/revisions\/16561"}],"wp:featuredmedia":[{"embeddable":true,"href":"https:\/\/luxonomy.net\/es\/wp-json\/wp\/v2\/media\/16560"}],"wp:attachment":[{"href":"https:\/\/luxonomy.net\/es\/wp-json\/wp\/v2\/media?parent=16559"}],"wp:term":[{"taxonomy":"category","embeddable":true,"href":"https:\/\/luxonomy.net\/es\/wp-json\/wp\/v2\/categories?post=16559"},{"taxonomy":"post_tag","embeddable":true,"href":"https:\/\/luxonomy.net\/es\/wp-json\/wp\/v2\/tags?post=16559"},{"taxonomy":"thb-sponsors","embeddable":true,"href":"https:\/\/luxonomy.net\/es\/wp-json\/wp\/v2\/thb-sponsors?post=16559"}],"curies":[{"name":"wp","href":"https:\/\/api.w.org\/{rel}","templated":true}]}}