{"id":16496,"date":"2021-09-05T12:21:25","date_gmt":"2021-09-05T10:21:25","guid":{"rendered":"https:\/?p=16496"},"modified":"2021-09-05T12:36:11","modified_gmt":"2021-09-05T10:36:11","slug":"kering-lanza-un-fondo-regenerativo-para-la-naturaleza","status":"publish","type":"post","link":"https:\/\/luxonomy.net\/es\/kering-lanza-un-fondo-regenerativo-para-la-naturaleza\/","title":{"rendered":"Kering lanza un Fondo regenerativo para la naturaleza"},"content":{"rendered":"<p>Desde el algod\u00f3n hasta la lana, o desde el cuero hasta la cachemira, la mayor\u00eda de la ropa comienza su vida como materia prima en una granja o pastizales. Por esta raz\u00f3n, el futuro de la industria de la moda est\u00e1 indisolublemente ligado al futuro de la agricultura. Aunque la agricultura es actualmente uno de los principales impulsores de la p\u00e9rdida de biodiversidad y el cambio clim\u00e1tico, puede transformarse de un &#8216;problema&#8217; a una poderosa soluci\u00f3n basada en la naturaleza.<\/p>\n<p>Para lograr esta transformaci\u00f3n, Kering y Conservation International han lanzado el Fondo Regenerativo para la Naturaleza, con el objetivo de transformar 1.000.000 de hect\u00e1reas de cultivos y pastizales en espacios agr\u00edcolas regenerativos durante los pr\u00f3ximos cinco a\u00f1os.<\/p>\n<p>Se ha demostrado que las pr\u00e1cticas agr\u00edcolas regenerativas brindan los resultados que necesitamos para el clima, la naturaleza y los medios de vida. Sin embargo, se necesita mucho m\u00e1s apoyo para impulsar esta transici\u00f3n. Esto incluye ayudar a los agricultores y productores a realizar el cambio mediante la introducci\u00f3n de los mecanismos de mercado adecuados para aumentar la producci\u00f3n agr\u00edcola regenerativa. El Fondo Regenerativo para la Naturaleza se cre\u00f3 para satisfacer esta necesidad.<\/p><div id=\"luxon-2440936917\" class=\"luxon-3er-parrafo luxon-entity-placement\" style=\"margin-top: 20px;margin-bottom: 20px;margin-left: auto;margin-right: auto;text-align: center;\"><a href=\"https:\/\/luxonomy.university\/course\/master-turismo-de-lujo\" target=\"_blank\" aria-label=\"master-turismo-lujo-2026-2027\"><img loading=\"lazy\" decoding=\"async\" src=\"https:\/\/i0.wp.com\/luxonomy.net\/wp-content\/uploads\/2020\/07\/master-turismo-lujo-2026-2027.jpg?fit=1672%2C941&#038;ssl=1\" alt=\"\"  srcset=\"https:\/\/i0.wp.com\/luxonomy.net\/wp-content\/uploads\/2020\/07\/master-turismo-lujo-2026-2027.jpg?w=1672&ssl=1 1672w, https:\/\/i0.wp.com\/luxonomy.net\/wp-content\/uploads\/2020\/07\/master-turismo-lujo-2026-2027.jpg?resize=300%2C169&ssl=1 300w, https:\/\/i0.wp.com\/luxonomy.net\/wp-content\/uploads\/2020\/07\/master-turismo-lujo-2026-2027.jpg?resize=1024%2C576&ssl=1 1024w, https:\/\/i0.wp.com\/luxonomy.net\/wp-content\/uploads\/2020\/07\/master-turismo-lujo-2026-2027.jpg?resize=768%2C432&ssl=1 768w, https:\/\/i0.wp.com\/luxonomy.net\/wp-content\/uploads\/2020\/07\/master-turismo-lujo-2026-2027.jpg?resize=1536%2C864&ssl=1 1536w, https:\/\/i0.wp.com\/luxonomy.net\/wp-content\/uploads\/2020\/07\/master-turismo-lujo-2026-2027.jpg?resize=370%2C208&ssl=1 370w, https:\/\/i0.wp.com\/luxonomy.net\/wp-content\/uploads\/2020\/07\/master-turismo-lujo-2026-2027.jpg?resize=800%2C450&ssl=1 800w, https:\/\/i0.wp.com\/luxonomy.net\/wp-content\/uploads\/2020\/07\/master-turismo-lujo-2026-2027.jpg?resize=20%2C11&ssl=1 20w, https:\/\/i0.wp.com\/luxonomy.net\/wp-content\/uploads\/2020\/07\/master-turismo-lujo-2026-2027.jpg?resize=740%2C416&ssl=1 740w, https:\/\/i0.wp.com\/luxonomy.net\/wp-content\/uploads\/2020\/07\/master-turismo-lujo-2026-2027.jpg?resize=1600%2C900&ssl=1 1600w, https:\/\/i0.wp.com\/luxonomy.net\/wp-content\/uploads\/2020\/07\/master-turismo-lujo-2026-2027.jpg?resize=1200%2C675&ssl=1 1200w, https:\/\/i0.wp.com\/luxonomy.net\/wp-content\/uploads\/2020\/07\/master-turismo-lujo-2026-2027.jpg?resize=85%2C48&ssl=1 85w\" sizes=\"(max-width: 1170px) 100vw, 1170px\" class=\"no-lazyload\" width=\"1672\" height=\"941\"   \/><\/a><\/div>\n<h3>El fondo<\/h3>\n<p>Lanzado en enero de 2021, el Fondo Regenerativo para la Naturaleza es consistente con la estrategia de Biodiversidad de Kering.publicado el a\u00f1o pasado. En concreto, ilustra el compromiso del Grupo de dar un paso m\u00e1s en sus esfuerzos por preservar la biodiversidad, que est\u00e1 indisolublemente ligada al futuro de la industria del lujo, pero sobre todo, al de nuestro planeta. Por un lado, el Fondo busca mostrar c\u00f3mo la naturaleza, el cambio clim\u00e1tico y los medios de vida pueden mejorar gracias a la transformaci\u00f3n de las pr\u00e1cticas agr\u00edcolas. Por otro lado, se esfuerza por respaldar una nueva cadena de suministro responsable y enfoques de abastecimiento en la industria de la moda mejorando la calidad y la cantidad. Por \u00faltimo, el Fondo, en \u00faltima instancia, tiene como objetivo proporcionar resultados concretos en t\u00e9rminos de biodiversidad y cambio clim\u00e1tico, mientras que al mismo tiempo apoya el bienestar animal y los medios de vida rurales mediante el despliegue de las \u00faltimas herramientas y m\u00e9todos cient\u00edficos.<\/p>\n<p>En la pr\u00e1ctica, el Fondo otorgar\u00e1 subvenciones a grupos agr\u00edcolas, l\u00edderes de proyectos, ONG y otras partes interesadas que est\u00e9n listas para probar y escalar pr\u00e1cticas regenerativas, que se enfocan en trabajar en armon\u00eda con los sistemas naturales.<\/p>\n","protected":false},"excerpt":{"rendered":"<p>Desde el algod\u00f3n hasta la lana, o desde el cuero hasta la cachemira, la mayor\u00eda de la ropa comienza su vida como materia prima en una granja o pastizales. Por esta raz\u00f3n, el futuro de la industria de la moda est\u00e1 indisolublemente ligado al futuro de la agricultura. Aunque la agricultura es actualmente uno de&hellip;<\/p>\n","protected":false},"author":1,"featured_media":16503,"comment_status":"open","ping_status":"open","sticky":false,"template":"","format":"standard","meta":{"_jetpack_newsletter_access":"","_jetpack_dont_email_post_to_subs":false,"_jetpack_newsletter_tier_id":0,"_jetpack_memberships_contains_paywalled_content":false,"_jetpack_feature_clip_id":0,"_jetpack_memberships_contains_paid_content":false,"footnotes":"","jetpack_publicize_message":"Kering lanza un Fondo regenerativo para la naturaleza.\n\nEl Fondo otorgar\u00e1 subvenciones a grupos agr\u00edcolas, l\u00edderes de proyectos, ONG y otras partes interesadas que est\u00e9n listas para probar y escalar pr\u00e1cticas regenerativas.\n\n#luxonomy #Kering #ecolujo #ecoluxury #ethical #excellence #etica #excelencia #lujo #luxury #lujoetico","jetpack_publicize_feature_enabled":true,"jetpack_social_post_already_shared":true,"jetpack_social_options":{"image_generator_settings":{"template":"edge","default_image_id":0,"font":"","enabled":false},"version":2},"jetpack_post_was_ever_published":false},"categories":[688],"tags":[233,1106,887],"thb-sponsors":[],"class_list":["post-16496","post","type-post","status-publish","format-standard","has-post-thumbnail","hentry","category-sostenibilidad","tag-ecoluxury","tag-fondo-regenerativo-para-la-naturaleza","tag-kering"],"yoast_head":"<!-- This site is optimized with the Yoast SEO plugin v28.4 - https:\/\/yoast.com\/product\/yoast-seo-wordpress\/ -->\n<title>Kering lanza un Fondo regenerativo para la naturaleza | LUXONOMY<\/title>\n<meta name=\"robots\" content=\"index, follow, max-snippet:-1, max-image-preview:large, max-video-preview:-1\" \/>\n<link rel=\"canonical\" href=\"https:\/\/luxonomy.net\/es\/kering-lanza-un-fondo-regenerativo-para-la-naturaleza\/\" \/>\n<meta property=\"og:locale\" content=\"es_ES\" \/>\n<meta property=\"og:type\" content=\"article\" \/>\n<meta property=\"og:title\" content=\"Kering lanza un Fondo regenerativo para la naturaleza | LUXONOMY\" \/>\n<meta property=\"og:description\" content=\"Desde el algod\u00f3n hasta la lana, o desde el cuero hasta la cachemira, la mayor\u00eda de la ropa comienza su vida como materia prima en una granja o pastizales. Por esta raz\u00f3n, el futuro de la industria de la moda est\u00e1 indisolublemente ligado al futuro de la agricultura. Aunque la agricultura es actualmente uno de&hellip;\" \/>\n<meta property=\"og:url\" content=\"https:\/\/luxonomy.net\/es\/kering-lanza-un-fondo-regenerativo-para-la-naturaleza\/\" \/>\n<meta property=\"og:site_name\" content=\"LUXONOMY\" \/>\n<meta property=\"article:publisher\" content=\"https:\/\/www.facebook.com\/luxonomy\" \/>\n<meta property=\"article:published_time\" content=\"2021-09-05T10:21:25+00:00\" \/>\n<meta property=\"article:modified_time\" content=\"2021-09-05T10:36:11+00:00\" \/>\n<meta property=\"og:image\" content=\"https:\/\/i0.wp.com\/luxonomy.net\/wp-content\/uploads\/2021\/09\/img_5464.jpg?fit=648%2C648&quality=89&ssl=1\" \/>\n\t<meta property=\"og:image:width\" content=\"648\" \/>\n\t<meta property=\"og:image:height\" content=\"648\" \/>\n\t<meta property=\"og:image:type\" content=\"image\/jpeg\" \/>\n<meta name=\"author\" content=\"LUXONOMY\" \/>\n<meta name=\"twitter:card\" content=\"summary_large_image\" \/>\n<meta name=\"twitter:label1\" content=\"Escrito por\" \/>\n\t<meta name=\"twitter:data1\" content=\"LUXONOMY\" \/>\n\t<meta name=\"twitter:label2\" content=\"Tiempo de lectura\" \/>\n\t<meta name=\"twitter:data2\" content=\"2 minutos\" \/>\n<script type=\"application\/ld+json\" class=\"yoast-schema-graph\">{\"@context\":\"https:\\\/\\\/schema.org\",\"@graph\":[{\"@type\":\"Article\",\"@id\":\"https:\\\/\\\/luxonomy.net\\\/es\\\/kering-lanza-un-fondo-regenerativo-para-la-naturaleza\\\/#article\",\"isPartOf\":{\"@id\":\"https:\\\/\\\/luxonomy.net\\\/es\\\/kering-lanza-un-fondo-regenerativo-para-la-naturaleza\\\/\"},\"author\":{\"name\":\"LUXONOMY\",\"@id\":\"https:\\\/\\\/luxonomy.net\\\/es\\\/#\\\/schema\\\/person\\\/ca588d8b741a1fdd9065289c8d98ee8c\"},\"headline\":\"Kering lanza un Fondo regenerativo para la naturaleza\",\"datePublished\":\"2021-09-05T10:21:25+00:00\",\"dateModified\":\"2021-09-05T10:36:11+00:00\",\"mainEntityOfPage\":{\"@id\":\"https:\\\/\\\/luxonomy.net\\\/es\\\/kering-lanza-un-fondo-regenerativo-para-la-naturaleza\\\/\"},\"wordCount\":433,\"commentCount\":0,\"publisher\":{\"@id\":\"https:\\\/\\\/luxonomy.net\\\/es\\\/#organization\"},\"image\":{\"@id\":\"https:\\\/\\\/luxonomy.net\\\/es\\\/kering-lanza-un-fondo-regenerativo-para-la-naturaleza\\\/#primaryimage\"},\"thumbnailUrl\":\"https:\\\/\\\/i0.wp.com\\\/luxonomy.net\\\/wp-content\\\/uploads\\\/2021\\\/09\\\/img_5464.jpg?fit=648%2C648&ssl=1\",\"keywords\":[\"ecoluxury\",\"Fondo Regenerativo para la naturaleza\",\"kering\"],\"articleSection\":[\"Sostenibilidad\"],\"inLanguage\":\"es\",\"potentialAction\":[{\"@type\":\"CommentAction\",\"name\":\"Comment\",\"target\":[\"https:\\\/\\\/luxonomy.net\\\/es\\\/kering-lanza-un-fondo-regenerativo-para-la-naturaleza\\\/#respond\"]}]},{\"@type\":\"WebPage\",\"@id\":\"https:\\\/\\\/luxonomy.net\\\/es\\\/kering-lanza-un-fondo-regenerativo-para-la-naturaleza\\\/\",\"url\":\"https:\\\/\\\/luxonomy.net\\\/es\\\/kering-lanza-un-fondo-regenerativo-para-la-naturaleza\\\/\",\"name\":\"Kering lanza un Fondo regenerativo para la naturaleza | LUXONOMY\",\"isPartOf\":{\"@id\":\"https:\\\/\\\/luxonomy.net\\\/es\\\/#website\"},\"primaryImageOfPage\":{\"@id\":\"https:\\\/\\\/luxonomy.net\\\/es\\\/kering-lanza-un-fondo-regenerativo-para-la-naturaleza\\\/#primaryimage\"},\"image\":{\"@id\":\"https:\\\/\\\/luxonomy.net\\\/es\\\/kering-lanza-un-fondo-regenerativo-para-la-naturaleza\\\/#primaryimage\"},\"thumbnailUrl\":\"https:\\\/\\\/i0.wp.com\\\/luxonomy.net\\\/wp-content\\\/uploads\\\/2021\\\/09\\\/img_5464.jpg?fit=648%2C648&ssl=1\",\"datePublished\":\"2021-09-05T10:21:25+00:00\",\"dateModified\":\"2021-09-05T10:36:11+00:00\",\"breadcrumb\":{\"@id\":\"https:\\\/\\\/luxonomy.net\\\/es\\\/kering-lanza-un-fondo-regenerativo-para-la-naturaleza\\\/#breadcrumb\"},\"inLanguage\":\"es\",\"potentialAction\":[{\"@type\":\"ReadAction\",\"target\":[\"https:\\\/\\\/luxonomy.net\\\/es\\\/kering-lanza-un-fondo-regenerativo-para-la-naturaleza\\\/\"]}]},{\"@type\":\"ImageObject\",\"inLanguage\":\"es\",\"@id\":\"https:\\\/\\\/luxonomy.net\\\/es\\\/kering-lanza-un-fondo-regenerativo-para-la-naturaleza\\\/#primaryimage\",\"url\":\"https:\\\/\\\/i0.wp.com\\\/luxonomy.net\\\/wp-content\\\/uploads\\\/2021\\\/09\\\/img_5464.jpg?fit=648%2C648&ssl=1\",\"contentUrl\":\"https:\\\/\\\/i0.wp.com\\\/luxonomy.net\\\/wp-content\\\/uploads\\\/2021\\\/09\\\/img_5464.jpg?fit=648%2C648&ssl=1\",\"width\":648,\"height\":648},{\"@type\":\"BreadcrumbList\",\"@id\":\"https:\\\/\\\/luxonomy.net\\\/es\\\/kering-lanza-un-fondo-regenerativo-para-la-naturaleza\\\/#breadcrumb\",\"itemListElement\":[{\"@type\":\"ListItem\",\"position\":1,\"name\":\"Portada\",\"item\":\"https:\\\/\\\/luxonomy.net\\\/es\\\/\"},{\"@type\":\"ListItem\",\"position\":2,\"name\":\"Kering lanza un Fondo regenerativo para la naturaleza\"}]},{\"@type\":\"WebSite\",\"@id\":\"https:\\\/\\\/luxonomy.net\\\/es\\\/#website\",\"url\":\"https:\\\/\\\/luxonomy.net\\\/es\\\/\",\"name\":\"LUXONOMY\",\"description\":\"The Economy of Fashion &amp; Luxury\",\"publisher\":{\"@id\":\"https:\\\/\\\/luxonomy.net\\\/es\\\/#organization\"},\"potentialAction\":[{\"@type\":\"SearchAction\",\"target\":{\"@type\":\"EntryPoint\",\"urlTemplate\":\"https:\\\/\\\/luxonomy.net\\\/es\\\/?s={search_term_string}\"},\"query-input\":{\"@type\":\"PropertyValueSpecification\",\"valueRequired\":true,\"valueName\":\"search_term_string\"}}],\"inLanguage\":\"es\"},{\"@type\":\"Organization\",\"@id\":\"https:\\\/\\\/luxonomy.net\\\/es\\\/#organization\",\"name\":\"LUXONOMY\",\"url\":\"https:\\\/\\\/luxonomy.net\\\/es\\\/\",\"logo\":{\"@type\":\"ImageObject\",\"inLanguage\":\"es\",\"@id\":\"https:\\\/\\\/luxonomy.net\\\/es\\\/#\\\/schema\\\/logo\\\/image\\\/\",\"url\":\"https:\\\/\\\/i2.wp.com\\\/luxonomy.net\\\/wp-content\\\/uploads\\\/2021\\\/09\\\/MOCKUP-TODOS-LUXONOMY.jpg?fit=1000%2C515&ssl=1\",\"contentUrl\":\"https:\\\/\\\/i2.wp.com\\\/luxonomy.net\\\/wp-content\\\/uploads\\\/2021\\\/09\\\/MOCKUP-TODOS-LUXONOMY.jpg?fit=1000%2C515&ssl=1\",\"width\":1000,\"height\":515,\"caption\":\"LUXONOMY\"},\"image\":{\"@id\":\"https:\\\/\\\/luxonomy.net\\\/es\\\/#\\\/schema\\\/logo\\\/image\\\/\"},\"sameAs\":[\"https:\\\/\\\/www.facebook.com\\\/luxonomy\",\"https:\\\/\\\/www.instagram.com\\\/luxonomy\\\/\",\"https:\\\/\\\/www.linkedin.com\\\/company\\\/luxonomy\\\/\"]},{\"@type\":\"Person\",\"@id\":\"https:\\\/\\\/luxonomy.net\\\/es\\\/#\\\/schema\\\/person\\\/ca588d8b741a1fdd9065289c8d98ee8c\",\"name\":\"LUXONOMY\",\"image\":{\"@type\":\"ImageObject\",\"inLanguage\":\"es\",\"@id\":\"https:\\\/\\\/luxonomy.net\\\/wp-content\\\/litespeed\\\/avatar\\\/a6436cdb14fdaf9c21808e63d0da2055.jpg?ver=1788366758\",\"url\":\"https:\\\/\\\/luxonomy.net\\\/wp-content\\\/litespeed\\\/avatar\\\/a6436cdb14fdaf9c21808e63d0da2055.jpg?ver=1788366758\",\"contentUrl\":\"https:\\\/\\\/luxonomy.net\\\/wp-content\\\/litespeed\\\/avatar\\\/a6436cdb14fdaf9c21808e63d0da2055.jpg?ver=1788366758\",\"caption\":\"LUXONOMY\"},\"sameAs\":[\"https:\\\/\"],\"url\":\"https:\\\/\\\/luxonomy.net\\\/es\\\/author\\\/luxonomy\\\/\"}]}<\/script>\n<!-- \/ Yoast SEO plugin. -->","yoast_head_json":{"title":"Kering lanza un Fondo regenerativo para la naturaleza | LUXONOMY","robots":{"index":"index","follow":"follow","max-snippet":"max-snippet:-1","max-image-preview":"max-image-preview:large","max-video-preview":"max-video-preview:-1"},"canonical":"https:\/\/luxonomy.net\/es\/kering-lanza-un-fondo-regenerativo-para-la-naturaleza\/","og_locale":"es_ES","og_type":"article","og_title":"Kering lanza un Fondo regenerativo para la naturaleza | LUXONOMY","og_description":"Desde el algod\u00f3n hasta la lana, o desde el cuero hasta la cachemira, la mayor\u00eda de la ropa comienza su vida como materia prima en una granja o pastizales. Por esta raz\u00f3n, el futuro de la industria de la moda est\u00e1 indisolublemente ligado al futuro de la agricultura. Aunque la agricultura es actualmente uno de&hellip;","og_url":"https:\/\/luxonomy.net\/es\/kering-lanza-un-fondo-regenerativo-para-la-naturaleza\/","og_site_name":"LUXONOMY","article_publisher":"https:\/\/www.facebook.com\/luxonomy","article_published_time":"2021-09-05T10:21:25+00:00","article_modified_time":"2021-09-05T10:36:11+00:00","og_image":[{"width":648,"height":648,"url":"https:\/\/i0.wp.com\/luxonomy.net\/wp-content\/uploads\/2021\/09\/img_5464.jpg?fit=648%2C648&quality=89&ssl=1","type":"image\/jpeg"}],"author":"LUXONOMY","twitter_card":"summary_large_image","twitter_misc":{"Escrito por":"LUXONOMY","Tiempo de lectura":"2 minutos"},"schema":{"@context":"https:\/\/schema.org","@graph":[{"@type":"Article","@id":"https:\/\/luxonomy.net\/es\/kering-lanza-un-fondo-regenerativo-para-la-naturaleza\/#article","isPartOf":{"@id":"https:\/\/luxonomy.net\/es\/kering-lanza-un-fondo-regenerativo-para-la-naturaleza\/"},"author":{"name":"LUXONOMY","@id":"https:\/\/luxonomy.net\/es\/#\/schema\/person\/ca588d8b741a1fdd9065289c8d98ee8c"},"headline":"Kering lanza un Fondo regenerativo para la naturaleza","datePublished":"2021-09-05T10:21:25+00:00","dateModified":"2021-09-05T10:36:11+00:00","mainEntityOfPage":{"@id":"https:\/\/luxonomy.net\/es\/kering-lanza-un-fondo-regenerativo-para-la-naturaleza\/"},"wordCount":433,"commentCount":0,"publisher":{"@id":"https:\/\/luxonomy.net\/es\/#organization"},"image":{"@id":"https:\/\/luxonomy.net\/es\/kering-lanza-un-fondo-regenerativo-para-la-naturaleza\/#primaryimage"},"thumbnailUrl":"https:\/\/i0.wp.com\/luxonomy.net\/wp-content\/uploads\/2021\/09\/img_5464.jpg?fit=648%2C648&ssl=1","keywords":["ecoluxury","Fondo Regenerativo para la naturaleza","kering"],"articleSection":["Sostenibilidad"],"inLanguage":"es","potentialAction":[{"@type":"CommentAction","name":"Comment","target":["https:\/\/luxonomy.net\/es\/kering-lanza-un-fondo-regenerativo-para-la-naturaleza\/#respond"]}]},{"@type":"WebPage","@id":"https:\/\/luxonomy.net\/es\/kering-lanza-un-fondo-regenerativo-para-la-naturaleza\/","url":"https:\/\/luxonomy.net\/es\/kering-lanza-un-fondo-regenerativo-para-la-naturaleza\/","name":"Kering lanza un Fondo regenerativo para la naturaleza | LUXONOMY","isPartOf":{"@id":"https:\/\/luxonomy.net\/es\/#website"},"primaryImageOfPage":{"@id":"https:\/\/luxonomy.net\/es\/kering-lanza-un-fondo-regenerativo-para-la-naturaleza\/#primaryimage"},"image":{"@id":"https:\/\/luxonomy.net\/es\/kering-lanza-un-fondo-regenerativo-para-la-naturaleza\/#primaryimage"},"thumbnailUrl":"https:\/\/i0.wp.com\/luxonomy.net\/wp-content\/uploads\/2021\/09\/img_5464.jpg?fit=648%2C648&ssl=1","datePublished":"2021-09-05T10:21:25+00:00","dateModified":"2021-09-05T10:36:11+00:00","breadcrumb":{"@id":"https:\/\/luxonomy.net\/es\/kering-lanza-un-fondo-regenerativo-para-la-naturaleza\/#breadcrumb"},"inLanguage":"es","potentialAction":[{"@type":"ReadAction","target":["https:\/\/luxonomy.net\/es\/kering-lanza-un-fondo-regenerativo-para-la-naturaleza\/"]}]},{"@type":"ImageObject","inLanguage":"es","@id":"https:\/\/luxonomy.net\/es\/kering-lanza-un-fondo-regenerativo-para-la-naturaleza\/#primaryimage","url":"https:\/\/i0.wp.com\/luxonomy.net\/wp-content\/uploads\/2021\/09\/img_5464.jpg?fit=648%2C648&ssl=1","contentUrl":"https:\/\/i0.wp.com\/luxonomy.net\/wp-content\/uploads\/2021\/09\/img_5464.jpg?fit=648%2C648&ssl=1","width":648,"height":648},{"@type":"BreadcrumbList","@id":"https:\/\/luxonomy.net\/es\/kering-lanza-un-fondo-regenerativo-para-la-naturaleza\/#breadcrumb","itemListElement":[{"@type":"ListItem","position":1,"name":"Portada","item":"https:\/\/luxonomy.net\/es\/"},{"@type":"ListItem","position":2,"name":"Kering lanza un Fondo regenerativo para la naturaleza"}]},{"@type":"WebSite","@id":"https:\/\/luxonomy.net\/es\/#website","url":"https:\/\/luxonomy.net\/es\/","name":"LUXONOMY","description":"The Economy of Fashion &amp; Luxury","publisher":{"@id":"https:\/\/luxonomy.net\/es\/#organization"},"potentialAction":[{"@type":"SearchAction","target":{"@type":"EntryPoint","urlTemplate":"https:\/\/luxonomy.net\/es\/?s={search_term_string}"},"query-input":{"@type":"PropertyValueSpecification","valueRequired":true,"valueName":"search_term_string"}}],"inLanguage":"es"},{"@type":"Organization","@id":"https:\/\/luxonomy.net\/es\/#organization","name":"LUXONOMY","url":"https:\/\/luxonomy.net\/es\/","logo":{"@type":"ImageObject","inLanguage":"es","@id":"https:\/\/luxonomy.net\/es\/#\/schema\/logo\/image\/","url":"https:\/\/i2.wp.com\/luxonomy.net\/wp-content\/uploads\/2021\/09\/MOCKUP-TODOS-LUXONOMY.jpg?fit=1000%2C515&ssl=1","contentUrl":"https:\/\/i2.wp.com\/luxonomy.net\/wp-content\/uploads\/2021\/09\/MOCKUP-TODOS-LUXONOMY.jpg?fit=1000%2C515&ssl=1","width":1000,"height":515,"caption":"LUXONOMY"},"image":{"@id":"https:\/\/luxonomy.net\/es\/#\/schema\/logo\/image\/"},"sameAs":["https:\/\/www.facebook.com\/luxonomy","https:\/\/www.instagram.com\/luxonomy\/","https:\/\/www.linkedin.com\/company\/luxonomy\/"]},{"@type":"Person","@id":"https:\/\/luxonomy.net\/es\/#\/schema\/person\/ca588d8b741a1fdd9065289c8d98ee8c","name":"LUXONOMY","image":{"@type":"ImageObject","inLanguage":"es","@id":"https:\/\/luxonomy.net\/wp-content\/litespeed\/avatar\/a6436cdb14fdaf9c21808e63d0da2055.jpg?ver=1788366758","url":"https:\/\/luxonomy.net\/wp-content\/litespeed\/avatar\/a6436cdb14fdaf9c21808e63d0da2055.jpg?ver=1788366758","contentUrl":"https:\/\/luxonomy.net\/wp-content\/litespeed\/avatar\/a6436cdb14fdaf9c21808e63d0da2055.jpg?ver=1788366758","caption":"LUXONOMY"},"sameAs":["https:\/"],"url":"https:\/\/luxonomy.net\/es\/author\/luxonomy\/"}]}},"jetpack_publicize_connections":[],"jetpack_shortlink":"https:\/\/wp.me\/paPhBa-4i4","jetpack_sharing_enabled":true,"jetpack_featured_media_url":"https:\/\/i0.wp.com\/luxonomy.net\/wp-content\/uploads\/2021\/09\/img_5464.jpg?fit=648%2C648&ssl=1","_links":{"self":[{"href":"https:\/\/luxonomy.net\/es\/wp-json\/wp\/v2\/posts\/16496","targetHints":{"allow":["GET"]}}],"collection":[{"href":"https:\/\/luxonomy.net\/es\/wp-json\/wp\/v2\/posts"}],"about":[{"href":"https:\/\/luxonomy.net\/es\/wp-json\/wp\/v2\/types\/post"}],"author":[{"embeddable":true,"href":"https:\/\/luxonomy.net\/es\/wp-json\/wp\/v2\/users\/1"}],"replies":[{"embeddable":true,"href":"https:\/\/luxonomy.net\/es\/wp-json\/wp\/v2\/comments?post=16496"}],"version-history":[{"count":3,"href":"https:\/\/luxonomy.net\/es\/wp-json\/wp\/v2\/posts\/16496\/revisions"}],"predecessor-version":[{"id":16504,"href":"https:\/\/luxonomy.net\/es\/wp-json\/wp\/v2\/posts\/16496\/revisions\/16504"}],"wp:featuredmedia":[{"embeddable":true,"href":"https:\/\/luxonomy.net\/es\/wp-json\/wp\/v2\/media\/16503"}],"wp:attachment":[{"href":"https:\/\/luxonomy.net\/es\/wp-json\/wp\/v2\/media?parent=16496"}],"wp:term":[{"taxonomy":"category","embeddable":true,"href":"https:\/\/luxonomy.net\/es\/wp-json\/wp\/v2\/categories?post=16496"},{"taxonomy":"post_tag","embeddable":true,"href":"https:\/\/luxonomy.net\/es\/wp-json\/wp\/v2\/tags?post=16496"},{"taxonomy":"thb-sponsors","embeddable":true,"href":"https:\/\/luxonomy.net\/es\/wp-json\/wp\/v2\/thb-sponsors?post=16496"}],"curies":[{"name":"wp","href":"https:\/\/api.w.org\/{rel}","templated":true}]}}