{"id":16480,"date":"2021-09-03T13:44:20","date_gmt":"2021-09-03T11:44:20","guid":{"rendered":"https:\/?p=16480"},"modified":"2021-09-03T13:47:39","modified_gmt":"2021-09-03T11:47:39","slug":"lvmh-y-la-unesco-en-el-congreso-mundial-de-la-naturaleza","status":"publish","type":"post","link":"https:\/\/luxonomy.net\/es\/lvmh-y-la-unesco-en-el-congreso-mundial-de-la-naturaleza\/","title":{"rendered":"LVMH y la UNESCO en el Congreso Mundial de la Naturaleza"},"content":{"rendered":"<p>A medida que los expertos contin\u00faan informando proyecciones alarmantes para el medio ambiente mundial, la UNESCO y LVMH destacan sus compromisos compartidos para proteger la biodiversidad dentro del alcance del programa Hombre y Biosfera (MAB). Durante el Congreso Mundial de la Naturaleza de la UICN en Marsella del 3 al 11 de septiembre, la UNESCO, el grupo LVMH y sus Maisons organizan conjuntamente un pabell\u00f3n para presentar sus convicciones y acciones concretas para proteger la biodiversidad.<\/p>\n<p>Audrey Azoulay, Directora General de la UNESCO, y Antoine Arnault, LVMH Imagen y Medio Ambiente, discuten sus compromisos durante dos eventos clave en la agenda del Congreso, la ceremonia de apertura y la Cumbre de CEO, respectivamente.<\/p>\n<p>En junio pasado, la Plataforma Intergubernamental de Pol\u00edtica Cient\u00edfica sobre Biodiversidad y Servicios de los Ecosistemas (IPBES) y el Panel Intergubernamental sobre el Cambio Clim\u00e1tico (IPCC) emitieron un llamado a la acci\u00f3n concertada para abordar dos crisis importantes: el cambio clim\u00e1tico y la p\u00e9rdida de biodiversidad, las cuales son causado por actividades humanas. Reconociendo la gravedad de esta situaci\u00f3n, la UNESCO y LVMH han estado trabajando juntos desde 2019 en el marco del programa intergubernamental Hombre y Biosfera (MAB), que tiene como objetivo salvaguardar y mejorar de manera sostenible la biodiversidad en todo el planeta.<\/p><div id=\"luxon-3833829045\" class=\"luxon-3er-parrafo luxon-entity-placement\" style=\"margin-top: 20px;margin-bottom: 20px;margin-left: auto;margin-right: auto;text-align: center;\"><a href=\"https:\/\/luxonomy.university\/course\/master-turismo-de-lujo\" target=\"_blank\" aria-label=\"master-turismo-lujo-2026-2027\"><img loading=\"lazy\" decoding=\"async\" src=\"https:\/\/i0.wp.com\/luxonomy.net\/wp-content\/uploads\/2020\/07\/master-turismo-lujo-2026-2027.jpg?fit=1672%2C941&#038;ssl=1\" alt=\"\"  srcset=\"https:\/\/i0.wp.com\/luxonomy.net\/wp-content\/uploads\/2020\/07\/master-turismo-lujo-2026-2027.jpg?w=1672&ssl=1 1672w, https:\/\/i0.wp.com\/luxonomy.net\/wp-content\/uploads\/2020\/07\/master-turismo-lujo-2026-2027.jpg?resize=300%2C169&ssl=1 300w, https:\/\/i0.wp.com\/luxonomy.net\/wp-content\/uploads\/2020\/07\/master-turismo-lujo-2026-2027.jpg?resize=1024%2C576&ssl=1 1024w, https:\/\/i0.wp.com\/luxonomy.net\/wp-content\/uploads\/2020\/07\/master-turismo-lujo-2026-2027.jpg?resize=768%2C432&ssl=1 768w, https:\/\/i0.wp.com\/luxonomy.net\/wp-content\/uploads\/2020\/07\/master-turismo-lujo-2026-2027.jpg?resize=1536%2C864&ssl=1 1536w, https:\/\/i0.wp.com\/luxonomy.net\/wp-content\/uploads\/2020\/07\/master-turismo-lujo-2026-2027.jpg?resize=370%2C208&ssl=1 370w, https:\/\/i0.wp.com\/luxonomy.net\/wp-content\/uploads\/2020\/07\/master-turismo-lujo-2026-2027.jpg?resize=800%2C450&ssl=1 800w, https:\/\/i0.wp.com\/luxonomy.net\/wp-content\/uploads\/2020\/07\/master-turismo-lujo-2026-2027.jpg?resize=20%2C11&ssl=1 20w, https:\/\/i0.wp.com\/luxonomy.net\/wp-content\/uploads\/2020\/07\/master-turismo-lujo-2026-2027.jpg?resize=740%2C416&ssl=1 740w, https:\/\/i0.wp.com\/luxonomy.net\/wp-content\/uploads\/2020\/07\/master-turismo-lujo-2026-2027.jpg?resize=1600%2C900&ssl=1 1600w, https:\/\/i0.wp.com\/luxonomy.net\/wp-content\/uploads\/2020\/07\/master-turismo-lujo-2026-2027.jpg?resize=1200%2C675&ssl=1 1200w, https:\/\/i0.wp.com\/luxonomy.net\/wp-content\/uploads\/2020\/07\/master-turismo-lujo-2026-2027.jpg?resize=85%2C48&ssl=1 85w\" sizes=\"(max-width: 1170px) 100vw, 1170px\" class=\"no-lazyload\" width=\"1672\" height=\"941\"   \/><\/a><\/div>\n<p>LVMH es el \u00fanico socio del sector privado de este programa cient\u00edfico, que ofrece un marco innovador para la cooperaci\u00f3n internacional y, m\u00e1s all\u00e1 de la preservaci\u00f3n de zonas protegidas, tiene como objetivo establecer las mejores pr\u00e1cticas para el desarrollo sostenible para ayudar a alcanzar los Objetivos de Desarrollo Sostenible de la ONU.<\/p>\n<p>Esto alinea el objetivo de la UNESCO de permitir que los humanos vivan en armon\u00eda con la naturaleza, con el objetivo de LVMH de concebir una nueva visi\u00f3n del lujo anclada en una alianza entre la naturaleza y la creatividad. Esta ambici\u00f3n se concreta a trav\u00e9s de una serie de iniciativas, incluido un proyecto conjunto de cinco a\u00f1os con cinco millones de euros de financiaci\u00f3n para luchar contra la deforestaci\u00f3n en la Amazon\u00eda, que constituye una gran amenaza para los ecosistemas en toda la regi\u00f3n.<\/p>\n<p>LVMH tambi\u00e9n est\u00e1 trabajando en la implementaci\u00f3n, desde ahora hasta 2030, de programas de agricultura regenerativa para materias primas agr\u00edcolas estrat\u00e9gicas que incluyen uvas, algod\u00f3n, lana y cuero. Adem\u00e1s, el Grupo est\u00e1 contribuyendo a los esfuerzos colectivos para regenerar ecosistemas y proteger especies animales y vegetales en peligro de extinci\u00f3n.<\/p>\n<p>Devolver recursos tomados de la naturaleza es una prioridad fundamental para LVMH, que se ha comprometido a mitigar el impacto ambiental de sus actividades. Entre otras acciones, el Grupo est\u00e1 apoyando la rehabilitaci\u00f3n de cinco millones de hect\u00e1reas de h\u00e1bitat de vida silvestre en todo el mundo.<\/p><div id=\"luxon-2453482317\" class=\"luxon-7-parrafo luxon-entity-placement\" style=\"margin-top: 20px;margin-bottom: 20px;margin-left: auto;margin-right: auto;text-align: center;\"><a href=\"https:\/\/theintelligence.institute\/course\/inteligencia-artificial-para-directivos\" target=\"_blank\" aria-label=\"CSIAD_empresas_THEI_horizontal_4x3_v5\"><img loading=\"lazy\" decoding=\"async\" src=\"https:\/\/i0.wp.com\/luxonomy.net\/wp-content\/uploads\/2025\/08\/CSIAD_empresas_THEI_horizontal_4x3_v5.png?fit=2000%2C1500&#038;ssl=1\" alt=\"\"  srcset=\"https:\/\/i0.wp.com\/luxonomy.net\/wp-content\/uploads\/2025\/08\/CSIAD_empresas_THEI_horizontal_4x3_v5.png?w=2000&ssl=1 2000w, https:\/\/i0.wp.com\/luxonomy.net\/wp-content\/uploads\/2025\/08\/CSIAD_empresas_THEI_horizontal_4x3_v5.png?resize=300%2C225&ssl=1 300w, https:\/\/i0.wp.com\/luxonomy.net\/wp-content\/uploads\/2025\/08\/CSIAD_empresas_THEI_horizontal_4x3_v5.png?resize=1024%2C768&ssl=1 1024w, https:\/\/i0.wp.com\/luxonomy.net\/wp-content\/uploads\/2025\/08\/CSIAD_empresas_THEI_horizontal_4x3_v5.png?resize=768%2C576&ssl=1 768w, https:\/\/i0.wp.com\/luxonomy.net\/wp-content\/uploads\/2025\/08\/CSIAD_empresas_THEI_horizontal_4x3_v5.png?resize=1536%2C1152&ssl=1 1536w, https:\/\/i0.wp.com\/luxonomy.net\/wp-content\/uploads\/2025\/08\/CSIAD_empresas_THEI_horizontal_4x3_v5.png?resize=370%2C278&ssl=1 370w, https:\/\/i0.wp.com\/luxonomy.net\/wp-content\/uploads\/2025\/08\/CSIAD_empresas_THEI_horizontal_4x3_v5.png?resize=800%2C600&ssl=1 800w, https:\/\/i0.wp.com\/luxonomy.net\/wp-content\/uploads\/2025\/08\/CSIAD_empresas_THEI_horizontal_4x3_v5.png?resize=20%2C15&ssl=1 20w, https:\/\/i0.wp.com\/luxonomy.net\/wp-content\/uploads\/2025\/08\/CSIAD_empresas_THEI_horizontal_4x3_v5.png?resize=740%2C555&ssl=1 740w, https:\/\/i0.wp.com\/luxonomy.net\/wp-content\/uploads\/2025\/08\/CSIAD_empresas_THEI_horizontal_4x3_v5.png?resize=1600%2C1200&ssl=1 1600w, https:\/\/i0.wp.com\/luxonomy.net\/wp-content\/uploads\/2025\/08\/CSIAD_empresas_THEI_horizontal_4x3_v5.png?resize=1200%2C900&ssl=1 1200w, https:\/\/i0.wp.com\/luxonomy.net\/wp-content\/uploads\/2025\/08\/CSIAD_empresas_THEI_horizontal_4x3_v5.png?resize=64%2C48&ssl=1 64w\" sizes=\"(max-width: 1170px) 100vw, 1170px\" class=\"no-lazyload\" width=\"2000\" height=\"1500\"   \/><\/a><\/div>\n<p>Para definir claramente sus prioridades, objetivos y metas, LVMH ha establecido herramientas con visi\u00f3n de futuro para medir con precisi\u00f3n su huella de biodiversidad, incluido el Puntaje Global de Biodiversidad (GBS). Para mejorar continuamente sus pr\u00e1cticas, LVMH tambi\u00e9n trabaja con socios como AgroParisTech y WWF, y articula iniciativas dentro del marco Science Based Target for Nature.<\/p>\n<p>Estas iniciativas se desarrollan como parte del programa LIFE 360 (Iniciativas LVMH para el Medio Ambiente), que estructura la estrategia de biodiversidad del Grupo en torno a cuatro prioridades:<\/p>\n<ul>\n<li>Establecer una medici\u00f3n clara y precisa de la huella de biodiversidad del Grupo.<\/li>\n<li>Evitar y reducir el impacto en los ecosistemas.<\/li>\n<li>Comprometerse con el bienestar animal.<\/li>\n<li>Regenerar ecosistemas.<\/li>\n<\/ul>\n<p>LIFE 360 proporciona a LVMH una br\u00fajula ambiental esencial, estableciendo objetivos con horizontes precisos (2023, 2026 y 2030) para forjar una nueva alianza entre la naturaleza y la creatividad. Esto significa productos en armon\u00eda con la naturaleza que respetan y preservan la biodiversidad y el clima, y \u200b\u200bque son atractivos e inspiradores para todos los interesados.<\/p>\n<p>\u201cDebemos crear una nueva relaci\u00f3n con la naturaleza. La asociaci\u00f3n de la UNESCO con LVMH tiene como objetivo demostrar que es posible conciliar el desarrollo econ\u00f3mico con la conservaci\u00f3n de la biodiversidad, comenzando ahora mismo \u201d, comenta Audrey Azoulay, Directora General de la UNESCO.<\/p>\n<p>\u201cLa protecci\u00f3n de los ecosistemas naturales siempre ha sido una prioridad esencial para LVMH, cuyas actividades dependen en gran medida de materias primas naturales, desde flores, uvas y algod\u00f3n hasta cuero y piedras preciosas. La pol\u00edtica medioambiental articulada por primera vez por LVMH hace 27 a\u00f1os refleja esta prioridad. La asociaci\u00f3n &#8216;ACT para la Biodiversidad&#8217; con la UNESCO es un pilar que nos permite desafiar el status quo y tener un impacto positivo a largo plazo m\u00e1s all\u00e1 de nuestra propia cadena de suministro para demostrar que de hecho es posible conciliar el desarrollo econ\u00f3mico y la protecci\u00f3n de la naturaleza &#8220;. dice Antoine Arnault, LVMH Image and Environment.<\/p>\n<h3>PABELL\u00d3N CONJUNTO UNESCO x LVMH<\/h3>\n<p>Los diferentes espacios del pabell\u00f3n, construidos en torno al tema &#8220;ACT&#8221;, para &#8220;Todos comprometidos con&#8221;, relatan c\u00f3mo la UNESCO y LVMH est\u00e1n trabajando juntos por la biodiversidad:<\/p>\n<p>\u201cACT Together\u201d presenta la asociaci\u00f3n entre LVMH y la UNESCO iniciada en 2019 como parte del programa intergubernamental El Hombre y la Biosfera (MAB).<br \/>\n\u201cACT for Conservation\u201d detalla el trabajo realizado por la UNESCO y LVMH para facilitar el despliegue de soluciones innovadoras para contribuir a la conservaci\u00f3n de la biodiversidad.<br \/>\n\u201cACT para el uso sostenible\u201d muestra c\u00f3mo, ante una disminuci\u00f3n sin precedentes de la biodiversidad, la UNESCO y LVMH est\u00e1n tomando acciones concretas para garantizar pr\u00e1cticas sostenibles y equilibrar la conservaci\u00f3n de la biodiversidad con el uso sostenible de los recursos.<br \/>\n\u201cACT for Innovation\u201d detalla c\u00f3mo la UNESCO y LVMH est\u00e1n concibiendo nuevas herramientas y recursos sostenibles para fortalecer la solidaridad y la capacidad de las personas para reconocer, comprender y respetar las se\u00f1ales enviadas por las otras especies que viven con nosotros en la Tierra.<\/p>\n<h3>INSTALACI\u00d3N \u201cDENTRO\u201d POR EL ARTISTA THIJS BIERSTEKER<\/h3>\n<p>Junto con el Congreso, LVMH est\u00e1 apoyando la exposici\u00f3n Biocenosis21 organizada por la asociaci\u00f3n Art of Change 21 (comisariada por Alice Audouin). El Grupo est\u00e1 financiando y presentando una edici\u00f3n especial de la obra \u201cWither\u201d del artista Thijs Biersteker en el pabell\u00f3n conjunto UNESCO x LVMH.<\/p>\n<p>La creaci\u00f3n del artista holand\u00e9s une la ecolog\u00eda y la tecnolog\u00eda con una escultura animada inspirada en datos de deforestaci\u00f3n recopilados en asociaci\u00f3n con la UNESCO para aumentar la conciencia de los asistentes y visitantes del evento.<\/p>\n<h3>PONENTES UNESCO Y LVMH<\/h3>\n<ul>\n<li>Antoine Arnault (LVMH Image and Environment,) en el CEO Summit, viernes 3 de septiembre, de 13:00 a 14:30 h (CEST).<\/li>\n<li>Audrey Azoulay (Directora General de la UNESCO), ceremonia de apertura de la UICN, viernes 3 de septiembre, de 17:00 a 19:00 horas (CEST).<\/li>\n<li>Meriem Bouamrane (Jefa de la Secci\u00f3n de Pol\u00edticas e Investigaci\u00f3n del MAB &#8211; Ecolog\u00eda y Biodiversidad, UNESCO) y H\u00e9l\u00e8ne Valade (Directora de Desarrollo Ambiental, LVMH), \u201cUn latido cultural para el futuro de la naturaleza: poner la cultura en el centro de la agenda post-2020\u201d . Lunes 6 de septiembre, de 11 a.m. a 12:30 p.m. (CEST).<\/li>\n<li>Meriem Bouamrane (Jefe de la Secci\u00f3n de Investigaci\u00f3n y Pol\u00edticas del MAB &#8211; Ecolog\u00eda y Biodiversidad, UNESCO) y H\u00e9l\u00e8ne Valade (Directora de Desarrollo Ambiental, LVMH), \u201cDiez propuestas para un planeta sostenible: voces de j\u00f3venes para un nuevo acuerdo para la naturaleza y las personas\u201d. Martes 7 de septiembre, de 11 a.m. a 12:30 p.m. (CEST).<\/li>\n<li>H\u00e9l\u00e8ne Valade (Directora de Desarrollo Ambiental, LVMH), lanzamiento del Laboratorio de Capital Natural, bajo los auspicios de WWF Francia y la C\u00e1tedra de Contabilidad Ecol\u00f3gica AgroParisTech, mi\u00e9rcoles 8 de septiembre, de 17.00 a 18.30 horas (CEST).<\/li>\n<\/ul>\n<p>M\u00c1S INFORMACI\u00d3N:<\/p>\n<p><a href=\"https:\/\/iucn.unesco.lvmh.com\/\" target=\"_blank\" rel=\"noopener\">iucn.unesco.lvmh.com<\/a><\/p>\n","protected":false},"excerpt":{"rendered":"<p>A medida que los expertos contin\u00faan informando proyecciones alarmantes para el medio ambiente mundial, la UNESCO y LVMH destacan sus compromisos compartidos para proteger la biodiversidad dentro del alcance del programa Hombre y Biosfera (MAB). Durante el Congreso Mundial de la Naturaleza de la UICN en Marsella del 3 al 11 de septiembre, la UNESCO,&hellip;<\/p>\n","protected":false},"author":1,"featured_media":16481,"comment_status":"open","ping_status":"open","sticky":false,"template":"","format":"standard","meta":{"_jetpack_newsletter_access":"","_jetpack_dont_email_post_to_subs":false,"_jetpack_newsletter_tier_id":0,"_jetpack_memberships_contains_paywalled_content":false,"_jetpack_feature_clip_id":0,"_jetpack_memberships_contains_paid_content":false,"footnotes":"","jetpack_publicize_message":"LVMH y la UNESCO en el Congreso Mundial de la Naturaleza.\r\n\r\nDurante el Congreso Mundial de la Naturaleza de la UICN en Marsella del 3 al 11 de septiembre, la UNESCO, el grupo LVMH y sus Maisons organizan conjuntamente un pabell\u00f3n para presentar sus convicciones y acciones concretas para proteger la biodiversidad.\r\n\r\n#luxonomy #LVMH #Unesco #eventos #ecoluxury #UICN #Marsella","jetpack_publicize_feature_enabled":true,"jetpack_social_post_already_shared":true,"jetpack_social_options":{"image_generator_settings":{"template":"edge","default_image_id":0,"font":"","enabled":false},"version":2},"jetpack_post_was_ever_published":false},"categories":[227,688],"tags":[1101,585,1068],"thb-sponsors":[],"class_list":["post-16480","post","type-post","status-publish","format-standard","has-post-thumbnail","hentry","category-eventos","category-sostenibilidad","tag-congreso-mundial-de-la-naturaleza","tag-lvmh","tag-unesco"],"yoast_head":"<!-- This site is optimized with the Yoast SEO plugin v28.4 - https:\/\/yoast.com\/product\/yoast-seo-wordpress\/ -->\n<title>LVMH y la UNESCO en el Congreso Mundial de la Naturaleza | LUXONOMY<\/title>\n<meta name=\"robots\" content=\"index, follow, max-snippet:-1, max-image-preview:large, max-video-preview:-1\" \/>\n<link rel=\"canonical\" href=\"https:\/\/luxonomy.net\/es\/lvmh-y-la-unesco-en-el-congreso-mundial-de-la-naturaleza\/\" \/>\n<meta property=\"og:locale\" content=\"es_ES\" \/>\n<meta property=\"og:type\" content=\"article\" \/>\n<meta property=\"og:title\" content=\"LVMH y la UNESCO en el Congreso Mundial de la Naturaleza | LUXONOMY\" \/>\n<meta property=\"og:description\" content=\"A medida que los expertos contin\u00faan informando proyecciones alarmantes para el medio ambiente mundial, la UNESCO y LVMH destacan sus compromisos compartidos para proteger la biodiversidad dentro del alcance del programa Hombre y Biosfera (MAB). Durante el Congreso Mundial de la Naturaleza de la UICN en Marsella del 3 al 11 de septiembre, la UNESCO,&hellip;\" \/>\n<meta property=\"og:url\" content=\"https:\/\/luxonomy.net\/es\/lvmh-y-la-unesco-en-el-congreso-mundial-de-la-naturaleza\/\" \/>\n<meta property=\"og:site_name\" content=\"LUXONOMY\" \/>\n<meta property=\"article:publisher\" content=\"https:\/\/www.facebook.com\/luxonomy\" \/>\n<meta property=\"article:published_time\" content=\"2021-09-03T11:44:20+00:00\" \/>\n<meta property=\"article:modified_time\" content=\"2021-09-03T11:47:39+00:00\" \/>\n<meta property=\"og:image\" content=\"https:\/\/i0.wp.com\/luxonomy.net\/wp-content\/uploads\/2021\/09\/IUCN-Marseille-1-1024x682-1.jpg?fit=1024%2C682&quality=89&ssl=1\" \/>\n\t<meta property=\"og:image:width\" content=\"1024\" \/>\n\t<meta property=\"og:image:height\" content=\"682\" \/>\n\t<meta property=\"og:image:type\" content=\"image\/jpeg\" \/>\n<meta name=\"author\" content=\"LUXONOMY\" \/>\n<meta name=\"twitter:card\" content=\"summary_large_image\" \/>\n<meta name=\"twitter:label1\" content=\"Escrito por\" \/>\n\t<meta name=\"twitter:data1\" content=\"LUXONOMY\" \/>\n\t<meta name=\"twitter:label2\" content=\"Tiempo de lectura\" \/>\n\t<meta name=\"twitter:data2\" content=\"6 minutos\" \/>\n<script type=\"application\/ld+json\" class=\"yoast-schema-graph\">{\"@context\":\"https:\\\/\\\/schema.org\",\"@graph\":[{\"@type\":\"Article\",\"@id\":\"https:\\\/\\\/luxonomy.net\\\/es\\\/lvmh-y-la-unesco-en-el-congreso-mundial-de-la-naturaleza\\\/#article\",\"isPartOf\":{\"@id\":\"https:\\\/\\\/luxonomy.net\\\/es\\\/lvmh-y-la-unesco-en-el-congreso-mundial-de-la-naturaleza\\\/\"},\"author\":{\"name\":\"LUXONOMY\",\"@id\":\"https:\\\/\\\/luxonomy.net\\\/es\\\/#\\\/schema\\\/person\\\/ca588d8b741a1fdd9065289c8d98ee8c\"},\"headline\":\"LVMH y la UNESCO en el Congreso Mundial de la Naturaleza\",\"datePublished\":\"2021-09-03T11:44:20+00:00\",\"dateModified\":\"2021-09-03T11:47:39+00:00\",\"mainEntityOfPage\":{\"@id\":\"https:\\\/\\\/luxonomy.net\\\/es\\\/lvmh-y-la-unesco-en-el-congreso-mundial-de-la-naturaleza\\\/\"},\"wordCount\":1306,\"commentCount\":0,\"publisher\":{\"@id\":\"https:\\\/\\\/luxonomy.net\\\/es\\\/#organization\"},\"image\":{\"@id\":\"https:\\\/\\\/luxonomy.net\\\/es\\\/lvmh-y-la-unesco-en-el-congreso-mundial-de-la-naturaleza\\\/#primaryimage\"},\"thumbnailUrl\":\"https:\\\/\\\/i0.wp.com\\\/luxonomy.net\\\/wp-content\\\/uploads\\\/2021\\\/09\\\/IUCN-Marseille-1-1024x682-1.jpg?fit=1024%2C682&ssl=1\",\"keywords\":[\"Congreso Mundial de la Naturaleza\",\"LVMH\",\"Unesco\"],\"articleSection\":[\"Eventos\",\"Sostenibilidad\"],\"inLanguage\":\"es\",\"potentialAction\":[{\"@type\":\"CommentAction\",\"name\":\"Comment\",\"target\":[\"https:\\\/\\\/luxonomy.net\\\/es\\\/lvmh-y-la-unesco-en-el-congreso-mundial-de-la-naturaleza\\\/#respond\"]}]},{\"@type\":\"WebPage\",\"@id\":\"https:\\\/\\\/luxonomy.net\\\/es\\\/lvmh-y-la-unesco-en-el-congreso-mundial-de-la-naturaleza\\\/\",\"url\":\"https:\\\/\\\/luxonomy.net\\\/es\\\/lvmh-y-la-unesco-en-el-congreso-mundial-de-la-naturaleza\\\/\",\"name\":\"LVMH y la UNESCO en el Congreso Mundial de la Naturaleza | LUXONOMY\",\"isPartOf\":{\"@id\":\"https:\\\/\\\/luxonomy.net\\\/es\\\/#website\"},\"primaryImageOfPage\":{\"@id\":\"https:\\\/\\\/luxonomy.net\\\/es\\\/lvmh-y-la-unesco-en-el-congreso-mundial-de-la-naturaleza\\\/#primaryimage\"},\"image\":{\"@id\":\"https:\\\/\\\/luxonomy.net\\\/es\\\/lvmh-y-la-unesco-en-el-congreso-mundial-de-la-naturaleza\\\/#primaryimage\"},\"thumbnailUrl\":\"https:\\\/\\\/i0.wp.com\\\/luxonomy.net\\\/wp-content\\\/uploads\\\/2021\\\/09\\\/IUCN-Marseille-1-1024x682-1.jpg?fit=1024%2C682&ssl=1\",\"datePublished\":\"2021-09-03T11:44:20+00:00\",\"dateModified\":\"2021-09-03T11:47:39+00:00\",\"breadcrumb\":{\"@id\":\"https:\\\/\\\/luxonomy.net\\\/es\\\/lvmh-y-la-unesco-en-el-congreso-mundial-de-la-naturaleza\\\/#breadcrumb\"},\"inLanguage\":\"es\",\"potentialAction\":[{\"@type\":\"ReadAction\",\"target\":[\"https:\\\/\\\/luxonomy.net\\\/es\\\/lvmh-y-la-unesco-en-el-congreso-mundial-de-la-naturaleza\\\/\"]}]},{\"@type\":\"ImageObject\",\"inLanguage\":\"es\",\"@id\":\"https:\\\/\\\/luxonomy.net\\\/es\\\/lvmh-y-la-unesco-en-el-congreso-mundial-de-la-naturaleza\\\/#primaryimage\",\"url\":\"https:\\\/\\\/i0.wp.com\\\/luxonomy.net\\\/wp-content\\\/uploads\\\/2021\\\/09\\\/IUCN-Marseille-1-1024x682-1.jpg?fit=1024%2C682&ssl=1\",\"contentUrl\":\"https:\\\/\\\/i0.wp.com\\\/luxonomy.net\\\/wp-content\\\/uploads\\\/2021\\\/09\\\/IUCN-Marseille-1-1024x682-1.jpg?fit=1024%2C682&ssl=1\",\"width\":1024,\"height\":682},{\"@type\":\"BreadcrumbList\",\"@id\":\"https:\\\/\\\/luxonomy.net\\\/es\\\/lvmh-y-la-unesco-en-el-congreso-mundial-de-la-naturaleza\\\/#breadcrumb\",\"itemListElement\":[{\"@type\":\"ListItem\",\"position\":1,\"name\":\"Portada\",\"item\":\"https:\\\/\\\/luxonomy.net\\\/es\\\/\"},{\"@type\":\"ListItem\",\"position\":2,\"name\":\"LVMH y la UNESCO en el Congreso Mundial de la Naturaleza\"}]},{\"@type\":\"WebSite\",\"@id\":\"https:\\\/\\\/luxonomy.net\\\/es\\\/#website\",\"url\":\"https:\\\/\\\/luxonomy.net\\\/es\\\/\",\"name\":\"LUXONOMY\",\"description\":\"The Economy of Fashion &amp; Luxury\",\"publisher\":{\"@id\":\"https:\\\/\\\/luxonomy.net\\\/es\\\/#organization\"},\"potentialAction\":[{\"@type\":\"SearchAction\",\"target\":{\"@type\":\"EntryPoint\",\"urlTemplate\":\"https:\\\/\\\/luxonomy.net\\\/es\\\/?s={search_term_string}\"},\"query-input\":{\"@type\":\"PropertyValueSpecification\",\"valueRequired\":true,\"valueName\":\"search_term_string\"}}],\"inLanguage\":\"es\"},{\"@type\":\"Organization\",\"@id\":\"https:\\\/\\\/luxonomy.net\\\/es\\\/#organization\",\"name\":\"LUXONOMY\",\"url\":\"https:\\\/\\\/luxonomy.net\\\/es\\\/\",\"logo\":{\"@type\":\"ImageObject\",\"inLanguage\":\"es\",\"@id\":\"https:\\\/\\\/luxonomy.net\\\/es\\\/#\\\/schema\\\/logo\\\/image\\\/\",\"url\":\"https:\\\/\\\/i2.wp.com\\\/luxonomy.net\\\/wp-content\\\/uploads\\\/2021\\\/09\\\/MOCKUP-TODOS-LUXONOMY.jpg?fit=1000%2C515&ssl=1\",\"contentUrl\":\"https:\\\/\\\/i2.wp.com\\\/luxonomy.net\\\/wp-content\\\/uploads\\\/2021\\\/09\\\/MOCKUP-TODOS-LUXONOMY.jpg?fit=1000%2C515&ssl=1\",\"width\":1000,\"height\":515,\"caption\":\"LUXONOMY\"},\"image\":{\"@id\":\"https:\\\/\\\/luxonomy.net\\\/es\\\/#\\\/schema\\\/logo\\\/image\\\/\"},\"sameAs\":[\"https:\\\/\\\/www.facebook.com\\\/luxonomy\",\"https:\\\/\\\/www.instagram.com\\\/luxonomy\\\/\",\"https:\\\/\\\/www.linkedin.com\\\/company\\\/luxonomy\\\/\"]},{\"@type\":\"Person\",\"@id\":\"https:\\\/\\\/luxonomy.net\\\/es\\\/#\\\/schema\\\/person\\\/ca588d8b741a1fdd9065289c8d98ee8c\",\"name\":\"LUXONOMY\",\"image\":{\"@type\":\"ImageObject\",\"inLanguage\":\"es\",\"@id\":\"https:\\\/\\\/luxonomy.net\\\/wp-content\\\/litespeed\\\/avatar\\\/a6436cdb14fdaf9c21808e63d0da2055.jpg?ver=1788366758\",\"url\":\"https:\\\/\\\/luxonomy.net\\\/wp-content\\\/litespeed\\\/avatar\\\/a6436cdb14fdaf9c21808e63d0da2055.jpg?ver=1788366758\",\"contentUrl\":\"https:\\\/\\\/luxonomy.net\\\/wp-content\\\/litespeed\\\/avatar\\\/a6436cdb14fdaf9c21808e63d0da2055.jpg?ver=1788366758\",\"caption\":\"LUXONOMY\"},\"sameAs\":[\"https:\\\/\"],\"url\":\"https:\\\/\\\/luxonomy.net\\\/es\\\/author\\\/luxonomy\\\/\"}]}<\/script>\n<!-- \/ Yoast SEO plugin. -->","yoast_head_json":{"title":"LVMH y la UNESCO en el Congreso Mundial de la Naturaleza | LUXONOMY","robots":{"index":"index","follow":"follow","max-snippet":"max-snippet:-1","max-image-preview":"max-image-preview:large","max-video-preview":"max-video-preview:-1"},"canonical":"https:\/\/luxonomy.net\/es\/lvmh-y-la-unesco-en-el-congreso-mundial-de-la-naturaleza\/","og_locale":"es_ES","og_type":"article","og_title":"LVMH y la UNESCO en el Congreso Mundial de la Naturaleza | LUXONOMY","og_description":"A medida que los expertos contin\u00faan informando proyecciones alarmantes para el medio ambiente mundial, la UNESCO y LVMH destacan sus compromisos compartidos para proteger la biodiversidad dentro del alcance del programa Hombre y Biosfera (MAB). Durante el Congreso Mundial de la Naturaleza de la UICN en Marsella del 3 al 11 de septiembre, la UNESCO,&hellip;","og_url":"https:\/\/luxonomy.net\/es\/lvmh-y-la-unesco-en-el-congreso-mundial-de-la-naturaleza\/","og_site_name":"LUXONOMY","article_publisher":"https:\/\/www.facebook.com\/luxonomy","article_published_time":"2021-09-03T11:44:20+00:00","article_modified_time":"2021-09-03T11:47:39+00:00","og_image":[{"width":1024,"height":682,"url":"https:\/\/i0.wp.com\/luxonomy.net\/wp-content\/uploads\/2021\/09\/IUCN-Marseille-1-1024x682-1.jpg?fit=1024%2C682&quality=89&ssl=1","type":"image\/jpeg"}],"author":"LUXONOMY","twitter_card":"summary_large_image","twitter_misc":{"Escrito por":"LUXONOMY","Tiempo de lectura":"6 minutos"},"schema":{"@context":"https:\/\/schema.org","@graph":[{"@type":"Article","@id":"https:\/\/luxonomy.net\/es\/lvmh-y-la-unesco-en-el-congreso-mundial-de-la-naturaleza\/#article","isPartOf":{"@id":"https:\/\/luxonomy.net\/es\/lvmh-y-la-unesco-en-el-congreso-mundial-de-la-naturaleza\/"},"author":{"name":"LUXONOMY","@id":"https:\/\/luxonomy.net\/es\/#\/schema\/person\/ca588d8b741a1fdd9065289c8d98ee8c"},"headline":"LVMH y la UNESCO en el Congreso Mundial de la Naturaleza","datePublished":"2021-09-03T11:44:20+00:00","dateModified":"2021-09-03T11:47:39+00:00","mainEntityOfPage":{"@id":"https:\/\/luxonomy.net\/es\/lvmh-y-la-unesco-en-el-congreso-mundial-de-la-naturaleza\/"},"wordCount":1306,"commentCount":0,"publisher":{"@id":"https:\/\/luxonomy.net\/es\/#organization"},"image":{"@id":"https:\/\/luxonomy.net\/es\/lvmh-y-la-unesco-en-el-congreso-mundial-de-la-naturaleza\/#primaryimage"},"thumbnailUrl":"https:\/\/i0.wp.com\/luxonomy.net\/wp-content\/uploads\/2021\/09\/IUCN-Marseille-1-1024x682-1.jpg?fit=1024%2C682&ssl=1","keywords":["Congreso Mundial de la Naturaleza","LVMH","Unesco"],"articleSection":["Eventos","Sostenibilidad"],"inLanguage":"es","potentialAction":[{"@type":"CommentAction","name":"Comment","target":["https:\/\/luxonomy.net\/es\/lvmh-y-la-unesco-en-el-congreso-mundial-de-la-naturaleza\/#respond"]}]},{"@type":"WebPage","@id":"https:\/\/luxonomy.net\/es\/lvmh-y-la-unesco-en-el-congreso-mundial-de-la-naturaleza\/","url":"https:\/\/luxonomy.net\/es\/lvmh-y-la-unesco-en-el-congreso-mundial-de-la-naturaleza\/","name":"LVMH y la UNESCO en el Congreso Mundial de la Naturaleza | LUXONOMY","isPartOf":{"@id":"https:\/\/luxonomy.net\/es\/#website"},"primaryImageOfPage":{"@id":"https:\/\/luxonomy.net\/es\/lvmh-y-la-unesco-en-el-congreso-mundial-de-la-naturaleza\/#primaryimage"},"image":{"@id":"https:\/\/luxonomy.net\/es\/lvmh-y-la-unesco-en-el-congreso-mundial-de-la-naturaleza\/#primaryimage"},"thumbnailUrl":"https:\/\/i0.wp.com\/luxonomy.net\/wp-content\/uploads\/2021\/09\/IUCN-Marseille-1-1024x682-1.jpg?fit=1024%2C682&ssl=1","datePublished":"2021-09-03T11:44:20+00:00","dateModified":"2021-09-03T11:47:39+00:00","breadcrumb":{"@id":"https:\/\/luxonomy.net\/es\/lvmh-y-la-unesco-en-el-congreso-mundial-de-la-naturaleza\/#breadcrumb"},"inLanguage":"es","potentialAction":[{"@type":"ReadAction","target":["https:\/\/luxonomy.net\/es\/lvmh-y-la-unesco-en-el-congreso-mundial-de-la-naturaleza\/"]}]},{"@type":"ImageObject","inLanguage":"es","@id":"https:\/\/luxonomy.net\/es\/lvmh-y-la-unesco-en-el-congreso-mundial-de-la-naturaleza\/#primaryimage","url":"https:\/\/i0.wp.com\/luxonomy.net\/wp-content\/uploads\/2021\/09\/IUCN-Marseille-1-1024x682-1.jpg?fit=1024%2C682&ssl=1","contentUrl":"https:\/\/i0.wp.com\/luxonomy.net\/wp-content\/uploads\/2021\/09\/IUCN-Marseille-1-1024x682-1.jpg?fit=1024%2C682&ssl=1","width":1024,"height":682},{"@type":"BreadcrumbList","@id":"https:\/\/luxonomy.net\/es\/lvmh-y-la-unesco-en-el-congreso-mundial-de-la-naturaleza\/#breadcrumb","itemListElement":[{"@type":"ListItem","position":1,"name":"Portada","item":"https:\/\/luxonomy.net\/es\/"},{"@type":"ListItem","position":2,"name":"LVMH y la UNESCO en el Congreso Mundial de la Naturaleza"}]},{"@type":"WebSite","@id":"https:\/\/luxonomy.net\/es\/#website","url":"https:\/\/luxonomy.net\/es\/","name":"LUXONOMY","description":"The Economy of Fashion &amp; Luxury","publisher":{"@id":"https:\/\/luxonomy.net\/es\/#organization"},"potentialAction":[{"@type":"SearchAction","target":{"@type":"EntryPoint","urlTemplate":"https:\/\/luxonomy.net\/es\/?s={search_term_string}"},"query-input":{"@type":"PropertyValueSpecification","valueRequired":true,"valueName":"search_term_string"}}],"inLanguage":"es"},{"@type":"Organization","@id":"https:\/\/luxonomy.net\/es\/#organization","name":"LUXONOMY","url":"https:\/\/luxonomy.net\/es\/","logo":{"@type":"ImageObject","inLanguage":"es","@id":"https:\/\/luxonomy.net\/es\/#\/schema\/logo\/image\/","url":"https:\/\/i2.wp.com\/luxonomy.net\/wp-content\/uploads\/2021\/09\/MOCKUP-TODOS-LUXONOMY.jpg?fit=1000%2C515&ssl=1","contentUrl":"https:\/\/i2.wp.com\/luxonomy.net\/wp-content\/uploads\/2021\/09\/MOCKUP-TODOS-LUXONOMY.jpg?fit=1000%2C515&ssl=1","width":1000,"height":515,"caption":"LUXONOMY"},"image":{"@id":"https:\/\/luxonomy.net\/es\/#\/schema\/logo\/image\/"},"sameAs":["https:\/\/www.facebook.com\/luxonomy","https:\/\/www.instagram.com\/luxonomy\/","https:\/\/www.linkedin.com\/company\/luxonomy\/"]},{"@type":"Person","@id":"https:\/\/luxonomy.net\/es\/#\/schema\/person\/ca588d8b741a1fdd9065289c8d98ee8c","name":"LUXONOMY","image":{"@type":"ImageObject","inLanguage":"es","@id":"https:\/\/luxonomy.net\/wp-content\/litespeed\/avatar\/a6436cdb14fdaf9c21808e63d0da2055.jpg?ver=1788366758","url":"https:\/\/luxonomy.net\/wp-content\/litespeed\/avatar\/a6436cdb14fdaf9c21808e63d0da2055.jpg?ver=1788366758","contentUrl":"https:\/\/luxonomy.net\/wp-content\/litespeed\/avatar\/a6436cdb14fdaf9c21808e63d0da2055.jpg?ver=1788366758","caption":"LUXONOMY"},"sameAs":["https:\/"],"url":"https:\/\/luxonomy.net\/es\/author\/luxonomy\/"}]}},"jetpack_publicize_connections":[],"jetpack_shortlink":"https:\/\/wp.me\/paPhBa-4hO","jetpack_sharing_enabled":true,"jetpack_featured_media_url":"https:\/\/i0.wp.com\/luxonomy.net\/wp-content\/uploads\/2021\/09\/IUCN-Marseille-1-1024x682-1.jpg?fit=1024%2C682&ssl=1","_links":{"self":[{"href":"https:\/\/luxonomy.net\/es\/wp-json\/wp\/v2\/posts\/16480","targetHints":{"allow":["GET"]}}],"collection":[{"href":"https:\/\/luxonomy.net\/es\/wp-json\/wp\/v2\/posts"}],"about":[{"href":"https:\/\/luxonomy.net\/es\/wp-json\/wp\/v2\/types\/post"}],"author":[{"embeddable":true,"href":"https:\/\/luxonomy.net\/es\/wp-json\/wp\/v2\/users\/1"}],"replies":[{"embeddable":true,"href":"https:\/\/luxonomy.net\/es\/wp-json\/wp\/v2\/comments?post=16480"}],"version-history":[{"count":1,"href":"https:\/\/luxonomy.net\/es\/wp-json\/wp\/v2\/posts\/16480\/revisions"}],"predecessor-version":[{"id":16482,"href":"https:\/\/luxonomy.net\/es\/wp-json\/wp\/v2\/posts\/16480\/revisions\/16482"}],"wp:featuredmedia":[{"embeddable":true,"href":"https:\/\/luxonomy.net\/es\/wp-json\/wp\/v2\/media\/16481"}],"wp:attachment":[{"href":"https:\/\/luxonomy.net\/es\/wp-json\/wp\/v2\/media?parent=16480"}],"wp:term":[{"taxonomy":"category","embeddable":true,"href":"https:\/\/luxonomy.net\/es\/wp-json\/wp\/v2\/categories?post=16480"},{"taxonomy":"post_tag","embeddable":true,"href":"https:\/\/luxonomy.net\/es\/wp-json\/wp\/v2\/tags?post=16480"},{"taxonomy":"thb-sponsors","embeddable":true,"href":"https:\/\/luxonomy.net\/es\/wp-json\/wp\/v2\/thb-sponsors?post=16480"}],"curies":[{"name":"wp","href":"https:\/\/api.w.org\/{rel}","templated":true}]}}