{"id":16051,"date":"2021-07-23T11:20:14","date_gmt":"2021-07-23T09:20:14","guid":{"rendered":"https:\/?p=16051"},"modified":"2021-07-23T11:20:14","modified_gmt":"2021-07-23T09:20:14","slug":"armani-group-anuncia-nuevos-objetivos-de-sostenibilidad","status":"publish","type":"post","link":"https:\/\/luxonomy.net\/es\/armani-group-anuncia-nuevos-objetivos-de-sostenibilidad\/","title":{"rendered":"Armani Group anuncia nuevos objetivos de sostenibilidad"},"content":{"rendered":"<p><strong>Grupo Armani<\/strong> se ha comprometido a <strong>reducir sus emisiones generales de gases de efecto invernadero<\/strong> (GEI) en un intento por seguir el <strong>Acuerdo de Par\u00eds para el cambio clim\u00e1tico<\/strong>. La compa\u00f1\u00eda de moda con sede en Mil\u00e1n ha anunciado que sus objetivos eran <strong>reducir las emisiones<\/strong> de GEI de alcance absoluto 1 y 2 <strong>en un 50 por ciento para 2030<\/strong> desde el a\u00f1o 2019 y reducir las emisiones de GEI de alcance absoluto 3 de bienes y servicios comprados y el transporte y distribuci\u00f3n aguas abajo en un <strong>42 por ciento para 2029 desde 2019<\/strong>.<\/p>\n<p>El acuerdo de Par\u00eds busca <strong>frenar el impacto negativo del cambio clim\u00e1tico y el calentamiento global limitado por debajo de 1,5 grados cent\u00edgrados<\/strong>.<\/p>\n<p>La iniciativa <strong>Science Based Targets (SBTi)<\/strong> es una asociaci\u00f3n de <strong>colaboraci\u00f3n entre el Climate Disclosure Project (CDP), el Pacto Mundial de las Naciones Unidas (UNGC) , el Instituto de Recursos Mundiales (WRI) y el Fondo Mundial para la Naturaleza (WWF)<\/strong>, que <strong>fomenta y reconoce a las empresas<\/strong> que se han comprometido p\u00fablicamente a reducir las emisiones de gases de efecto invernadero, asegurando la transici\u00f3n a una econom\u00eda baja en carbono.<\/p><div id=\"luxon-1152931489\" class=\"luxon-3er-parrafo luxon-entity-placement\" style=\"margin-top: 20px;margin-bottom: 20px;margin-left: auto;margin-right: auto;text-align: center;\"><a href=\"https:\/\/luxonomy.university\/course\/master-turismo-de-lujo\" target=\"_blank\" aria-label=\"master-turismo-lujo-2026-2027\"><img loading=\"lazy\" decoding=\"async\" src=\"https:\/\/i0.wp.com\/luxonomy.net\/wp-content\/uploads\/2020\/07\/master-turismo-lujo-2026-2027.jpg?fit=1672%2C941&#038;ssl=1\" alt=\"\"  srcset=\"https:\/\/i0.wp.com\/luxonomy.net\/wp-content\/uploads\/2020\/07\/master-turismo-lujo-2026-2027.jpg?w=1672&ssl=1 1672w, https:\/\/i0.wp.com\/luxonomy.net\/wp-content\/uploads\/2020\/07\/master-turismo-lujo-2026-2027.jpg?resize=300%2C169&ssl=1 300w, https:\/\/i0.wp.com\/luxonomy.net\/wp-content\/uploads\/2020\/07\/master-turismo-lujo-2026-2027.jpg?resize=1024%2C576&ssl=1 1024w, https:\/\/i0.wp.com\/luxonomy.net\/wp-content\/uploads\/2020\/07\/master-turismo-lujo-2026-2027.jpg?resize=768%2C432&ssl=1 768w, https:\/\/i0.wp.com\/luxonomy.net\/wp-content\/uploads\/2020\/07\/master-turismo-lujo-2026-2027.jpg?resize=1536%2C864&ssl=1 1536w, https:\/\/i0.wp.com\/luxonomy.net\/wp-content\/uploads\/2020\/07\/master-turismo-lujo-2026-2027.jpg?resize=370%2C208&ssl=1 370w, https:\/\/i0.wp.com\/luxonomy.net\/wp-content\/uploads\/2020\/07\/master-turismo-lujo-2026-2027.jpg?resize=800%2C450&ssl=1 800w, https:\/\/i0.wp.com\/luxonomy.net\/wp-content\/uploads\/2020\/07\/master-turismo-lujo-2026-2027.jpg?resize=20%2C11&ssl=1 20w, https:\/\/i0.wp.com\/luxonomy.net\/wp-content\/uploads\/2020\/07\/master-turismo-lujo-2026-2027.jpg?resize=740%2C416&ssl=1 740w, https:\/\/i0.wp.com\/luxonomy.net\/wp-content\/uploads\/2020\/07\/master-turismo-lujo-2026-2027.jpg?resize=1600%2C900&ssl=1 1600w, https:\/\/i0.wp.com\/luxonomy.net\/wp-content\/uploads\/2020\/07\/master-turismo-lujo-2026-2027.jpg?resize=1200%2C675&ssl=1 1200w, https:\/\/i0.wp.com\/luxonomy.net\/wp-content\/uploads\/2020\/07\/master-turismo-lujo-2026-2027.jpg?resize=85%2C48&ssl=1 85w\" sizes=\"(max-width: 1170px) 100vw, 1170px\" class=\"no-lazyload\" width=\"1672\" height=\"941\"   \/><\/a><\/div>\n[perfectpullquote align=&#8221;full&#8221; bordertop=&#8221;false&#8221; cite=&#8221;&#8221; link=&#8221;&#8221; color=&#8221;&#8221; class=&#8221;&#8221; size=&#8221;&#8221;]\u201cLa lucha contra el cambio clim\u00e1tico es una tarea muy compleja que requiere una gran dedicaci\u00f3n y debe abarcar todo el proceso productivo. El concepto de sostenibilidad, de hecho, debe ser adoptado de forma generalizada, produciendo menos y mejor, seleccionando materias primas de bajo impacto ambiental, implementando constantemente procesos innovadores, reduciendo residuos y excedentes, utilizando fuentes de energ\u00eda renovables y, de esta forma, Reducir las emisiones nocivas para nuestro planeta. Por eso estoy particularmente orgulloso de este importante paso, que demuestra la determinaci\u00f3n del Grupo de continuar por el camino que ha emprendido \u201d, ha indicado Giorgio Armani.[\/perfectpullquote]\n","protected":false},"excerpt":{"rendered":"<p>Grupo Armani se ha comprometido a reducir sus emisiones generales de gases de efecto invernadero (GEI) en un intento por seguir el Acuerdo de Par\u00eds para el cambio clim\u00e1tico. La compa\u00f1\u00eda de moda con sede en Mil\u00e1n ha anunciado que sus objetivos eran reducir las emisiones de GEI de alcance absoluto 1 y 2 en&hellip;<\/p>\n","protected":false},"author":19,"featured_media":16052,"comment_status":"open","ping_status":"open","sticky":false,"template":"","format":"standard","meta":{"_jetpack_newsletter_access":"","_jetpack_dont_email_post_to_subs":false,"_jetpack_newsletter_tier_id":0,"_jetpack_memberships_contains_paywalled_content":false,"_jetpack_feature_clip_id":0,"_jetpack_memberships_contains_paid_content":false,"footnotes":"","jetpack_publicize_message":"Armani Group anuncia nuevos objetivos de sostenibilidad.\r\n\r\nGrupo Armani se ha comprometido a reducir sus emisiones generales de gases de efecto invernadero (GEI) en un intento por seguir el Acuerdo de Par\u00eds para el cambio clim\u00e1tico.\r\n\r\n\"El concepto de sostenibilidad, de hecho, debe ser adoptado de forma generalizada, produciendo menos y mejor, seleccionando materias primas de bajo impacto ambiental, implementando constantemente procesos innovadores, reduciendo residuos y excedentes, y utilizando fuentes de energ\u00eda renovables\" ha indicado Giorgio Armani.\r\n\r\n#luxonomy #Armani #slowfashion","jetpack_publicize_feature_enabled":true,"jetpack_social_post_already_shared":true,"jetpack_social_options":{"image_generator_settings":{"template":"edge","default_image_id":0,"font":"","enabled":false},"version":2},"jetpack_post_was_ever_published":false},"categories":[534,266],"tags":[1056,371],"thb-sponsors":[],"class_list":["post-16051","post","type-post","status-publish","format-standard","has-post-thumbnail","hentry","category-moda","category-slow-fashion","tag-armani","tag-slow-fashion"],"yoast_head":"<!-- This site is optimized with the Yoast SEO plugin v28.3 - https:\/\/yoast.com\/product\/yoast-seo-wordpress\/ -->\n<title>Armani Group anuncia nuevos objetivos de sostenibilidad | LUXONOMY<\/title>\n<meta name=\"robots\" content=\"index, follow, max-snippet:-1, max-image-preview:large, max-video-preview:-1\" \/>\n<link rel=\"canonical\" href=\"https:\/\/luxonomy.net\/es\/armani-group-anuncia-nuevos-objetivos-de-sostenibilidad\/\" \/>\n<meta property=\"og:locale\" content=\"es_ES\" \/>\n<meta property=\"og:type\" content=\"article\" \/>\n<meta property=\"og:title\" content=\"Armani Group anuncia nuevos objetivos de sostenibilidad | LUXONOMY\" \/>\n<meta property=\"og:description\" content=\"Grupo Armani se ha comprometido a reducir sus emisiones generales de gases de efecto invernadero (GEI) en un intento por seguir el Acuerdo de Par\u00eds para el cambio clim\u00e1tico. La compa\u00f1\u00eda de moda con sede en Mil\u00e1n ha anunciado que sus objetivos eran reducir las emisiones de GEI de alcance absoluto 1 y 2 en&hellip;\" \/>\n<meta property=\"og:url\" content=\"https:\/\/luxonomy.net\/es\/armani-group-anuncia-nuevos-objetivos-de-sostenibilidad\/\" \/>\n<meta property=\"og:site_name\" content=\"LUXONOMY\" \/>\n<meta property=\"article:publisher\" content=\"https:\/\/www.facebook.com\/luxonomy\" \/>\n<meta property=\"article:published_time\" content=\"2021-07-23T09:20:14+00:00\" \/>\n<meta property=\"og:image\" content=\"https:\/\/i0.wp.com\/luxonomy.net\/wp-content\/uploads\/2021\/07\/giorgio-armani.jpg?fit=1200%2C800&quality=89&ssl=1\" \/>\n\t<meta property=\"og:image:width\" content=\"1200\" \/>\n\t<meta property=\"og:image:height\" content=\"800\" \/>\n\t<meta property=\"og:image:type\" content=\"image\/jpeg\" \/>\n<meta name=\"author\" content=\"Pablo Guti\u00e9rrez-Rav\u00e9 Villal\u00f3n\" \/>\n<meta name=\"twitter:card\" content=\"summary_large_image\" \/>\n<meta name=\"twitter:label1\" content=\"Escrito por\" \/>\n\t<meta name=\"twitter:data1\" content=\"Pablo Guti\u00e9rrez-Rav\u00e9 Villal\u00f3n\" \/>\n\t<meta name=\"twitter:label2\" content=\"Tiempo de lectura\" \/>\n\t<meta name=\"twitter:data2\" content=\"2 minutos\" \/>\n<script type=\"application\/ld+json\" class=\"yoast-schema-graph\">{\"@context\":\"https:\\\/\\\/schema.org\",\"@graph\":[{\"@type\":\"Article\",\"@id\":\"https:\\\/\\\/luxonomy.net\\\/es\\\/armani-group-anuncia-nuevos-objetivos-de-sostenibilidad\\\/#article\",\"isPartOf\":{\"@id\":\"https:\\\/\\\/luxonomy.net\\\/es\\\/armani-group-anuncia-nuevos-objetivos-de-sostenibilidad\\\/\"},\"author\":{\"name\":\"Pablo Guti\u00e9rrez-Rav\u00e9 Villal\u00f3n\",\"@id\":\"https:\\\/\\\/luxonomy.net\\\/es\\\/#\\\/schema\\\/person\\\/aca186356f30a813f61bbf19ba52c031\"},\"headline\":\"Armani Group anuncia nuevos objetivos de sostenibilidad\",\"datePublished\":\"2021-07-23T09:20:14+00:00\",\"mainEntityOfPage\":{\"@id\":\"https:\\\/\\\/luxonomy.net\\\/es\\\/armani-group-anuncia-nuevos-objetivos-de-sostenibilidad\\\/\"},\"wordCount\":311,\"commentCount\":0,\"publisher\":{\"@id\":\"https:\\\/\\\/luxonomy.net\\\/es\\\/#organization\"},\"image\":{\"@id\":\"https:\\\/\\\/luxonomy.net\\\/es\\\/armani-group-anuncia-nuevos-objetivos-de-sostenibilidad\\\/#primaryimage\"},\"thumbnailUrl\":\"https:\\\/\\\/i0.wp.com\\\/luxonomy.net\\\/wp-content\\\/uploads\\\/2021\\\/07\\\/giorgio-armani.jpg?fit=1200%2C800&ssl=1\",\"keywords\":[\"Armani\",\"slow fashion\"],\"articleSection\":[\"Moda\",\"SlowFashion\"],\"inLanguage\":\"es\",\"potentialAction\":[{\"@type\":\"CommentAction\",\"name\":\"Comment\",\"target\":[\"https:\\\/\\\/luxonomy.net\\\/es\\\/armani-group-anuncia-nuevos-objetivos-de-sostenibilidad\\\/#respond\"]}]},{\"@type\":\"WebPage\",\"@id\":\"https:\\\/\\\/luxonomy.net\\\/es\\\/armani-group-anuncia-nuevos-objetivos-de-sostenibilidad\\\/\",\"url\":\"https:\\\/\\\/luxonomy.net\\\/es\\\/armani-group-anuncia-nuevos-objetivos-de-sostenibilidad\\\/\",\"name\":\"Armani Group anuncia nuevos objetivos de sostenibilidad | LUXONOMY\",\"isPartOf\":{\"@id\":\"https:\\\/\\\/luxonomy.net\\\/es\\\/#website\"},\"primaryImageOfPage\":{\"@id\":\"https:\\\/\\\/luxonomy.net\\\/es\\\/armani-group-anuncia-nuevos-objetivos-de-sostenibilidad\\\/#primaryimage\"},\"image\":{\"@id\":\"https:\\\/\\\/luxonomy.net\\\/es\\\/armani-group-anuncia-nuevos-objetivos-de-sostenibilidad\\\/#primaryimage\"},\"thumbnailUrl\":\"https:\\\/\\\/i0.wp.com\\\/luxonomy.net\\\/wp-content\\\/uploads\\\/2021\\\/07\\\/giorgio-armani.jpg?fit=1200%2C800&ssl=1\",\"datePublished\":\"2021-07-23T09:20:14+00:00\",\"breadcrumb\":{\"@id\":\"https:\\\/\\\/luxonomy.net\\\/es\\\/armani-group-anuncia-nuevos-objetivos-de-sostenibilidad\\\/#breadcrumb\"},\"inLanguage\":\"es\",\"potentialAction\":[{\"@type\":\"ReadAction\",\"target\":[\"https:\\\/\\\/luxonomy.net\\\/es\\\/armani-group-anuncia-nuevos-objetivos-de-sostenibilidad\\\/\"]}]},{\"@type\":\"ImageObject\",\"inLanguage\":\"es\",\"@id\":\"https:\\\/\\\/luxonomy.net\\\/es\\\/armani-group-anuncia-nuevos-objetivos-de-sostenibilidad\\\/#primaryimage\",\"url\":\"https:\\\/\\\/i0.wp.com\\\/luxonomy.net\\\/wp-content\\\/uploads\\\/2021\\\/07\\\/giorgio-armani.jpg?fit=1200%2C800&ssl=1\",\"contentUrl\":\"https:\\\/\\\/i0.wp.com\\\/luxonomy.net\\\/wp-content\\\/uploads\\\/2021\\\/07\\\/giorgio-armani.jpg?fit=1200%2C800&ssl=1\",\"width\":1200,\"height\":800},{\"@type\":\"BreadcrumbList\",\"@id\":\"https:\\\/\\\/luxonomy.net\\\/es\\\/armani-group-anuncia-nuevos-objetivos-de-sostenibilidad\\\/#breadcrumb\",\"itemListElement\":[{\"@type\":\"ListItem\",\"position\":1,\"name\":\"Portada\",\"item\":\"https:\\\/\\\/luxonomy.net\\\/es\\\/\"},{\"@type\":\"ListItem\",\"position\":2,\"name\":\"Armani Group anuncia nuevos objetivos de sostenibilidad\"}]},{\"@type\":\"WebSite\",\"@id\":\"https:\\\/\\\/luxonomy.net\\\/es\\\/#website\",\"url\":\"https:\\\/\\\/luxonomy.net\\\/es\\\/\",\"name\":\"LUXONOMY\",\"description\":\"The Economy of Fashion &amp; Luxury\",\"publisher\":{\"@id\":\"https:\\\/\\\/luxonomy.net\\\/es\\\/#organization\"},\"potentialAction\":[{\"@type\":\"SearchAction\",\"target\":{\"@type\":\"EntryPoint\",\"urlTemplate\":\"https:\\\/\\\/luxonomy.net\\\/es\\\/?s={search_term_string}\"},\"query-input\":{\"@type\":\"PropertyValueSpecification\",\"valueRequired\":true,\"valueName\":\"search_term_string\"}}],\"inLanguage\":\"es\"},{\"@type\":\"Organization\",\"@id\":\"https:\\\/\\\/luxonomy.net\\\/es\\\/#organization\",\"name\":\"LUXONOMY\",\"url\":\"https:\\\/\\\/luxonomy.net\\\/es\\\/\",\"logo\":{\"@type\":\"ImageObject\",\"inLanguage\":\"es\",\"@id\":\"https:\\\/\\\/luxonomy.net\\\/es\\\/#\\\/schema\\\/logo\\\/image\\\/\",\"url\":\"https:\\\/\\\/i2.wp.com\\\/luxonomy.net\\\/wp-content\\\/uploads\\\/2021\\\/09\\\/MOCKUP-TODOS-LUXONOMY.jpg?fit=1000%2C515&ssl=1\",\"contentUrl\":\"https:\\\/\\\/i2.wp.com\\\/luxonomy.net\\\/wp-content\\\/uploads\\\/2021\\\/09\\\/MOCKUP-TODOS-LUXONOMY.jpg?fit=1000%2C515&ssl=1\",\"width\":1000,\"height\":515,\"caption\":\"LUXONOMY\"},\"image\":{\"@id\":\"https:\\\/\\\/luxonomy.net\\\/es\\\/#\\\/schema\\\/logo\\\/image\\\/\"},\"sameAs\":[\"https:\\\/\\\/www.facebook.com\\\/luxonomy\",\"https:\\\/\\\/www.instagram.com\\\/luxonomy\\\/\",\"https:\\\/\\\/www.linkedin.com\\\/company\\\/luxonomy\\\/\"]},{\"@type\":\"Person\",\"@id\":\"https:\\\/\\\/luxonomy.net\\\/es\\\/#\\\/schema\\\/person\\\/aca186356f30a813f61bbf19ba52c031\",\"name\":\"Pablo Guti\u00e9rrez-Rav\u00e9 Villal\u00f3n\",\"image\":{\"@type\":\"ImageObject\",\"inLanguage\":\"es\",\"@id\":\"https:\\\/\\\/luxonomy.net\\\/wp-content\\\/litespeed\\\/avatar\\\/b80839bcd1d7840754b71e72cad801ce.jpg?ver=1788213692\",\"url\":\"https:\\\/\\\/luxonomy.net\\\/wp-content\\\/litespeed\\\/avatar\\\/b80839bcd1d7840754b71e72cad801ce.jpg?ver=1788213692\",\"contentUrl\":\"https:\\\/\\\/luxonomy.net\\\/wp-content\\\/litespeed\\\/avatar\\\/b80839bcd1d7840754b71e72cad801ce.jpg?ver=1788213692\",\"caption\":\"Pablo Guti\u00e9rrez-Rav\u00e9 Villal\u00f3n\"},\"description\":\"president LUXONOMY\u2122 Group\",\"sameAs\":[\"https:\\\/\\\/www.linkedin.com\\\/in\\\/pablogutierrezrave\\\/\"],\"url\":\"https:\\\/\\\/luxonomy.net\\\/es\\\/author\\\/pablo\\\/\"}]}<\/script>\n<!-- \/ Yoast SEO plugin. -->","yoast_head_json":{"title":"Armani Group anuncia nuevos objetivos de sostenibilidad | LUXONOMY","robots":{"index":"index","follow":"follow","max-snippet":"max-snippet:-1","max-image-preview":"max-image-preview:large","max-video-preview":"max-video-preview:-1"},"canonical":"https:\/\/luxonomy.net\/es\/armani-group-anuncia-nuevos-objetivos-de-sostenibilidad\/","og_locale":"es_ES","og_type":"article","og_title":"Armani Group anuncia nuevos objetivos de sostenibilidad | LUXONOMY","og_description":"Grupo Armani se ha comprometido a reducir sus emisiones generales de gases de efecto invernadero (GEI) en un intento por seguir el Acuerdo de Par\u00eds para el cambio clim\u00e1tico. La compa\u00f1\u00eda de moda con sede en Mil\u00e1n ha anunciado que sus objetivos eran reducir las emisiones de GEI de alcance absoluto 1 y 2 en&hellip;","og_url":"https:\/\/luxonomy.net\/es\/armani-group-anuncia-nuevos-objetivos-de-sostenibilidad\/","og_site_name":"LUXONOMY","article_publisher":"https:\/\/www.facebook.com\/luxonomy","article_published_time":"2021-07-23T09:20:14+00:00","og_image":[{"width":1200,"height":800,"url":"https:\/\/i0.wp.com\/luxonomy.net\/wp-content\/uploads\/2021\/07\/giorgio-armani.jpg?fit=1200%2C800&quality=89&ssl=1","type":"image\/jpeg"}],"author":"Pablo Guti\u00e9rrez-Rav\u00e9 Villal\u00f3n","twitter_card":"summary_large_image","twitter_misc":{"Escrito por":"Pablo Guti\u00e9rrez-Rav\u00e9 Villal\u00f3n","Tiempo de lectura":"2 minutos"},"schema":{"@context":"https:\/\/schema.org","@graph":[{"@type":"Article","@id":"https:\/\/luxonomy.net\/es\/armani-group-anuncia-nuevos-objetivos-de-sostenibilidad\/#article","isPartOf":{"@id":"https:\/\/luxonomy.net\/es\/armani-group-anuncia-nuevos-objetivos-de-sostenibilidad\/"},"author":{"name":"Pablo Guti\u00e9rrez-Rav\u00e9 Villal\u00f3n","@id":"https:\/\/luxonomy.net\/es\/#\/schema\/person\/aca186356f30a813f61bbf19ba52c031"},"headline":"Armani Group anuncia nuevos objetivos de sostenibilidad","datePublished":"2021-07-23T09:20:14+00:00","mainEntityOfPage":{"@id":"https:\/\/luxonomy.net\/es\/armani-group-anuncia-nuevos-objetivos-de-sostenibilidad\/"},"wordCount":311,"commentCount":0,"publisher":{"@id":"https:\/\/luxonomy.net\/es\/#organization"},"image":{"@id":"https:\/\/luxonomy.net\/es\/armani-group-anuncia-nuevos-objetivos-de-sostenibilidad\/#primaryimage"},"thumbnailUrl":"https:\/\/i0.wp.com\/luxonomy.net\/wp-content\/uploads\/2021\/07\/giorgio-armani.jpg?fit=1200%2C800&ssl=1","keywords":["Armani","slow fashion"],"articleSection":["Moda","SlowFashion"],"inLanguage":"es","potentialAction":[{"@type":"CommentAction","name":"Comment","target":["https:\/\/luxonomy.net\/es\/armani-group-anuncia-nuevos-objetivos-de-sostenibilidad\/#respond"]}]},{"@type":"WebPage","@id":"https:\/\/luxonomy.net\/es\/armani-group-anuncia-nuevos-objetivos-de-sostenibilidad\/","url":"https:\/\/luxonomy.net\/es\/armani-group-anuncia-nuevos-objetivos-de-sostenibilidad\/","name":"Armani Group anuncia nuevos objetivos de sostenibilidad | LUXONOMY","isPartOf":{"@id":"https:\/\/luxonomy.net\/es\/#website"},"primaryImageOfPage":{"@id":"https:\/\/luxonomy.net\/es\/armani-group-anuncia-nuevos-objetivos-de-sostenibilidad\/#primaryimage"},"image":{"@id":"https:\/\/luxonomy.net\/es\/armani-group-anuncia-nuevos-objetivos-de-sostenibilidad\/#primaryimage"},"thumbnailUrl":"https:\/\/i0.wp.com\/luxonomy.net\/wp-content\/uploads\/2021\/07\/giorgio-armani.jpg?fit=1200%2C800&ssl=1","datePublished":"2021-07-23T09:20:14+00:00","breadcrumb":{"@id":"https:\/\/luxonomy.net\/es\/armani-group-anuncia-nuevos-objetivos-de-sostenibilidad\/#breadcrumb"},"inLanguage":"es","potentialAction":[{"@type":"ReadAction","target":["https:\/\/luxonomy.net\/es\/armani-group-anuncia-nuevos-objetivos-de-sostenibilidad\/"]}]},{"@type":"ImageObject","inLanguage":"es","@id":"https:\/\/luxonomy.net\/es\/armani-group-anuncia-nuevos-objetivos-de-sostenibilidad\/#primaryimage","url":"https:\/\/i0.wp.com\/luxonomy.net\/wp-content\/uploads\/2021\/07\/giorgio-armani.jpg?fit=1200%2C800&ssl=1","contentUrl":"https:\/\/i0.wp.com\/luxonomy.net\/wp-content\/uploads\/2021\/07\/giorgio-armani.jpg?fit=1200%2C800&ssl=1","width":1200,"height":800},{"@type":"BreadcrumbList","@id":"https:\/\/luxonomy.net\/es\/armani-group-anuncia-nuevos-objetivos-de-sostenibilidad\/#breadcrumb","itemListElement":[{"@type":"ListItem","position":1,"name":"Portada","item":"https:\/\/luxonomy.net\/es\/"},{"@type":"ListItem","position":2,"name":"Armani Group anuncia nuevos objetivos de sostenibilidad"}]},{"@type":"WebSite","@id":"https:\/\/luxonomy.net\/es\/#website","url":"https:\/\/luxonomy.net\/es\/","name":"LUXONOMY","description":"The Economy of Fashion &amp; Luxury","publisher":{"@id":"https:\/\/luxonomy.net\/es\/#organization"},"potentialAction":[{"@type":"SearchAction","target":{"@type":"EntryPoint","urlTemplate":"https:\/\/luxonomy.net\/es\/?s={search_term_string}"},"query-input":{"@type":"PropertyValueSpecification","valueRequired":true,"valueName":"search_term_string"}}],"inLanguage":"es"},{"@type":"Organization","@id":"https:\/\/luxonomy.net\/es\/#organization","name":"LUXONOMY","url":"https:\/\/luxonomy.net\/es\/","logo":{"@type":"ImageObject","inLanguage":"es","@id":"https:\/\/luxonomy.net\/es\/#\/schema\/logo\/image\/","url":"https:\/\/i2.wp.com\/luxonomy.net\/wp-content\/uploads\/2021\/09\/MOCKUP-TODOS-LUXONOMY.jpg?fit=1000%2C515&ssl=1","contentUrl":"https:\/\/i2.wp.com\/luxonomy.net\/wp-content\/uploads\/2021\/09\/MOCKUP-TODOS-LUXONOMY.jpg?fit=1000%2C515&ssl=1","width":1000,"height":515,"caption":"LUXONOMY"},"image":{"@id":"https:\/\/luxonomy.net\/es\/#\/schema\/logo\/image\/"},"sameAs":["https:\/\/www.facebook.com\/luxonomy","https:\/\/www.instagram.com\/luxonomy\/","https:\/\/www.linkedin.com\/company\/luxonomy\/"]},{"@type":"Person","@id":"https:\/\/luxonomy.net\/es\/#\/schema\/person\/aca186356f30a813f61bbf19ba52c031","name":"Pablo Guti\u00e9rrez-Rav\u00e9 Villal\u00f3n","image":{"@type":"ImageObject","inLanguage":"es","@id":"https:\/\/luxonomy.net\/wp-content\/litespeed\/avatar\/b80839bcd1d7840754b71e72cad801ce.jpg?ver=1788213692","url":"https:\/\/luxonomy.net\/wp-content\/litespeed\/avatar\/b80839bcd1d7840754b71e72cad801ce.jpg?ver=1788213692","contentUrl":"https:\/\/luxonomy.net\/wp-content\/litespeed\/avatar\/b80839bcd1d7840754b71e72cad801ce.jpg?ver=1788213692","caption":"Pablo Guti\u00e9rrez-Rav\u00e9 Villal\u00f3n"},"description":"president LUXONOMY\u2122 Group","sameAs":["https:\/\/www.linkedin.com\/in\/pablogutierrezrave\/"],"url":"https:\/\/luxonomy.net\/es\/author\/pablo\/"}]}},"jetpack_publicize_connections":[],"jetpack_shortlink":"https:\/\/wp.me\/paPhBa-4aT","jetpack_sharing_enabled":true,"jetpack_featured_media_url":"https:\/\/i0.wp.com\/luxonomy.net\/wp-content\/uploads\/2021\/07\/giorgio-armani.jpg?fit=1200%2C800&ssl=1","_links":{"self":[{"href":"https:\/\/luxonomy.net\/es\/wp-json\/wp\/v2\/posts\/16051","targetHints":{"allow":["GET"]}}],"collection":[{"href":"https:\/\/luxonomy.net\/es\/wp-json\/wp\/v2\/posts"}],"about":[{"href":"https:\/\/luxonomy.net\/es\/wp-json\/wp\/v2\/types\/post"}],"author":[{"embeddable":true,"href":"https:\/\/luxonomy.net\/es\/wp-json\/wp\/v2\/users\/19"}],"replies":[{"embeddable":true,"href":"https:\/\/luxonomy.net\/es\/wp-json\/wp\/v2\/comments?post=16051"}],"version-history":[{"count":1,"href":"https:\/\/luxonomy.net\/es\/wp-json\/wp\/v2\/posts\/16051\/revisions"}],"predecessor-version":[{"id":16053,"href":"https:\/\/luxonomy.net\/es\/wp-json\/wp\/v2\/posts\/16051\/revisions\/16053"}],"wp:featuredmedia":[{"embeddable":true,"href":"https:\/\/luxonomy.net\/es\/wp-json\/wp\/v2\/media\/16052"}],"wp:attachment":[{"href":"https:\/\/luxonomy.net\/es\/wp-json\/wp\/v2\/media?parent=16051"}],"wp:term":[{"taxonomy":"category","embeddable":true,"href":"https:\/\/luxonomy.net\/es\/wp-json\/wp\/v2\/categories?post=16051"},{"taxonomy":"post_tag","embeddable":true,"href":"https:\/\/luxonomy.net\/es\/wp-json\/wp\/v2\/tags?post=16051"},{"taxonomy":"thb-sponsors","embeddable":true,"href":"https:\/\/luxonomy.net\/es\/wp-json\/wp\/v2\/thb-sponsors?post=16051"}],"curies":[{"name":"wp","href":"https:\/\/api.w.org\/{rel}","templated":true}]}}