{"id":15805,"date":"2021-07-05T13:47:44","date_gmt":"2021-07-05T11:47:44","guid":{"rendered":"https:\/?p=15805"},"modified":"2021-07-05T13:47:44","modified_gmt":"2021-07-05T11:47:44","slug":"lvmh-creara-un-centro-de-investigacion-mundial-para-el-lujo-sostenible","status":"publish","type":"post","link":"https:\/\/luxonomy.net\/es\/lvmh-creara-un-centro-de-investigacion-mundial-para-el-lujo-sostenible\/","title":{"rendered":"LVMH crear\u00e1 un centro de investigaci\u00f3n Mundial para el lujo sostenible"},"content":{"rendered":"<p>Pocos d\u00edas despu\u00e9s del anuncio de su asociaci\u00f3n con la <strong>start-up de reciclaje textil\u00a0<a href=\"https:\/lvmh-trabajara-con-la-empresa-emergente-weturn-para-el-reciclaje-de-telas\/\" target=\"_blank\" rel=\"noopener\">weturn<\/a>,<\/strong> el grupo de lujo ha anunciado la <strong>pr\u00f3xima apertura de un nuevo laboratorio dedicado al &#8220;lujo digital y sostenible&#8221;<\/strong>.<\/p>\n<div class=\"article-content wysiwyg\">\n<p>Seg\u00fan un\u00a0<strong>comunicado de prensa<\/strong>\u00a0este centro se abrir\u00e1 <strong>en 2024\/2025<\/strong> en el coraz\u00f3n del centro de excelencia de la <strong>regi\u00f3n de Saclay<\/strong>, al <strong>sur de Par\u00eds<\/strong>, sitio reconocido por un importante centro de investigaci\u00f3n nuclear.<\/p>\n<p>Dentro de este cl\u00faster dedicado a la excelencia acad\u00e9mica y la innovaci\u00f3n, <strong>LVMH<\/strong> tiene como objetivo reunir a unos\u00a0<strong>300 empleados e investigadores en<\/strong> torno a los temas de eco-responsabilidad y tecnolog\u00eda digital aplicada a los segmentos de lujo.<\/p>\n[perfectpullquote align=&#8221;full&#8221; bordertop=&#8221;false&#8221; cite=&#8221;&#8221; link=&#8221;&#8221; color=&#8221;&#8221; class=&#8221;&#8221; size=&#8221;&#8221;]&#8221;<em>Estos equipos trabajar\u00e1n en concierto con nuestras casas, cuyas estructuras de innovaci\u00f3n existentes continuar\u00e1n su propio desarrollo&#8221;,<\/em> \u00a0especifica el grupo de Bernard Arnault, refiri\u00e9ndose tambi\u00e9n a las alianzas estrat\u00e9gicas con diversos grupos de inter\u00e9s.[\/perfectpullquote]\n<p>Esta iniciativa se enmarca <strong>dentro de la pol\u00edtica medioambiental del grupo<\/strong>,\u00a0<strong><a href=\"https:\/lvmh-anuncia-nuevos-objetivos-dentro-de-su-estrategia-medioambiental-life-360\/\" rel=\"noopener\">LIFE 360<\/a><\/strong>, centrada en objetivos a favor de la protecci\u00f3n de la biodiversidad, la econom\u00eda circular, la lucha contra el cambio clim\u00e1tico e incluso la trazabilidad en los plazos fijados en 2023, 2026 y 2030.<\/p><div id=\"luxon-2555834856\" class=\"luxon-3er-parrafo luxon-entity-placement\" style=\"margin-top: 20px;margin-bottom: 20px;margin-left: auto;margin-right: auto;text-align: center;\"><a href=\"https:\/\/luxonomy.university\/course\/master-turismo-de-lujo\" target=\"_blank\" aria-label=\"master-turismo-lujo-2026-2027\"><img loading=\"lazy\" decoding=\"async\" src=\"https:\/\/i0.wp.com\/luxonomy.net\/wp-content\/uploads\/2020\/07\/master-turismo-lujo-2026-2027.jpg?fit=1672%2C941&#038;ssl=1\" alt=\"\"  srcset=\"https:\/\/i0.wp.com\/luxonomy.net\/wp-content\/uploads\/2020\/07\/master-turismo-lujo-2026-2027.jpg?w=1672&ssl=1 1672w, https:\/\/i0.wp.com\/luxonomy.net\/wp-content\/uploads\/2020\/07\/master-turismo-lujo-2026-2027.jpg?resize=300%2C169&ssl=1 300w, https:\/\/i0.wp.com\/luxonomy.net\/wp-content\/uploads\/2020\/07\/master-turismo-lujo-2026-2027.jpg?resize=1024%2C576&ssl=1 1024w, https:\/\/i0.wp.com\/luxonomy.net\/wp-content\/uploads\/2020\/07\/master-turismo-lujo-2026-2027.jpg?resize=768%2C432&ssl=1 768w, https:\/\/i0.wp.com\/luxonomy.net\/wp-content\/uploads\/2020\/07\/master-turismo-lujo-2026-2027.jpg?resize=1536%2C864&ssl=1 1536w, https:\/\/i0.wp.com\/luxonomy.net\/wp-content\/uploads\/2020\/07\/master-turismo-lujo-2026-2027.jpg?resize=370%2C208&ssl=1 370w, https:\/\/i0.wp.com\/luxonomy.net\/wp-content\/uploads\/2020\/07\/master-turismo-lujo-2026-2027.jpg?resize=800%2C450&ssl=1 800w, https:\/\/i0.wp.com\/luxonomy.net\/wp-content\/uploads\/2020\/07\/master-turismo-lujo-2026-2027.jpg?resize=20%2C11&ssl=1 20w, https:\/\/i0.wp.com\/luxonomy.net\/wp-content\/uploads\/2020\/07\/master-turismo-lujo-2026-2027.jpg?resize=740%2C416&ssl=1 740w, https:\/\/i0.wp.com\/luxonomy.net\/wp-content\/uploads\/2020\/07\/master-turismo-lujo-2026-2027.jpg?resize=1600%2C900&ssl=1 1600w, https:\/\/i0.wp.com\/luxonomy.net\/wp-content\/uploads\/2020\/07\/master-turismo-lujo-2026-2027.jpg?resize=1200%2C675&ssl=1 1200w, https:\/\/i0.wp.com\/luxonomy.net\/wp-content\/uploads\/2020\/07\/master-turismo-lujo-2026-2027.jpg?resize=85%2C48&ssl=1 85w\" sizes=\"(max-width: 1170px) 100vw, 1170px\" class=\"no-lazyload\" width=\"1672\" height=\"941\"   \/><\/a><\/div>\n<\/div>\n","protected":false},"excerpt":{"rendered":"<p>Pocos d\u00edas despu\u00e9s del anuncio de su asociaci\u00f3n con la start-up de reciclaje textil\u00a0weturn, el grupo de lujo ha anunciado la pr\u00f3xima apertura de un nuevo laboratorio dedicado al &#8220;lujo digital y sostenible&#8221;. Seg\u00fan un\u00a0comunicado de prensa\u00a0este centro se abrir\u00e1 en 2024\/2025 en el coraz\u00f3n del centro de excelencia de la regi\u00f3n de Saclay, al&hellip;<\/p>\n","protected":false},"author":19,"featured_media":15806,"comment_status":"open","ping_status":"open","sticky":false,"template":"","format":"standard","meta":{"_jetpack_newsletter_access":"","_jetpack_dont_email_post_to_subs":false,"_jetpack_newsletter_tier_id":0,"_jetpack_memberships_contains_paywalled_content":false,"_jetpack_feature_clip_id":0,"_jetpack_memberships_contains_paid_content":false,"footnotes":"","jetpack_publicize_message":"LVMH crear\u00e1 un centro de investigaci\u00f3n Mundial para el lujo sostenible.\r\n\r\nPocos d\u00edas despu\u00e9s del anuncio de su asociaci\u00f3n con la start-up de reciclaje textil\u00a0weturn, el grupo de lujo ha anunciado la pr\u00f3xima apertura de un nuevo laboratorio dedicado al \"lujo digital y sostenible\".\r\n\r\nSeg\u00fan un\u00a0comunicado de prensa\u00a0este centro se abrir\u00e1 en 2024\/2025 en el coraz\u00f3n del centro de excelencia de la regi\u00f3n de Saclay, al sur de Par\u00eds, sitio reconocido por un importante centro de investigaci\u00f3n nuclear.\r\n\r\n#luxonomy #LVMH #ecolujo #ecoluxury","jetpack_publicize_feature_enabled":true,"jetpack_social_post_already_shared":true,"jetpack_social_options":{"image_generator_settings":{"template":"edge","default_image_id":0,"font":"","enabled":false},"version":2},"jetpack_post_was_ever_published":false},"categories":[688],"tags":[808,233,585],"thb-sponsors":[],"class_list":["post-15805","post","type-post","status-publish","format-standard","has-post-thumbnail","hentry","category-sostenibilidad","tag-ecolujo","tag-ecoluxury","tag-lvmh"],"yoast_head":"<!-- This site is optimized with the Yoast SEO plugin v28.4 - https:\/\/yoast.com\/product\/yoast-seo-wordpress\/ -->\n<title>LVMH crear\u00e1 un centro de investigaci\u00f3n Mundial para el lujo sostenible | LUXONOMY<\/title>\n<meta name=\"robots\" content=\"index, follow, max-snippet:-1, max-image-preview:large, max-video-preview:-1\" \/>\n<link rel=\"canonical\" href=\"https:\/\/luxonomy.net\/es\/lvmh-creara-un-centro-de-investigacion-mundial-para-el-lujo-sostenible\/\" \/>\n<meta property=\"og:locale\" content=\"es_ES\" \/>\n<meta property=\"og:type\" content=\"article\" \/>\n<meta property=\"og:title\" content=\"LVMH crear\u00e1 un centro de investigaci\u00f3n Mundial para el lujo sostenible | LUXONOMY\" \/>\n<meta property=\"og:description\" content=\"Pocos d\u00edas despu\u00e9s del anuncio de su asociaci\u00f3n con la start-up de reciclaje textil\u00a0weturn, el grupo de lujo ha anunciado la pr\u00f3xima apertura de un nuevo laboratorio dedicado al &#8220;lujo digital y sostenible&#8221;. Seg\u00fan un\u00a0comunicado de prensa\u00a0este centro se abrir\u00e1 en 2024\/2025 en el coraz\u00f3n del centro de excelencia de la regi\u00f3n de Saclay, al&hellip;\" \/>\n<meta property=\"og:url\" content=\"https:\/\/luxonomy.net\/es\/lvmh-creara-un-centro-de-investigacion-mundial-para-el-lujo-sostenible\/\" \/>\n<meta property=\"og:site_name\" content=\"LUXONOMY\" \/>\n<meta property=\"article:publisher\" content=\"https:\/\/www.facebook.com\/luxonomy\" \/>\n<meta property=\"article:published_time\" content=\"2021-07-05T11:47:44+00:00\" \/>\n<meta property=\"og:image\" content=\"https:\/\/i0.wp.com\/luxonomy.net\/wp-content\/uploads\/2021\/07\/lvmh-lujo-centro-investigacion.jpg?fit=1200%2C800&quality=89&ssl=1\" \/>\n\t<meta property=\"og:image:width\" content=\"1200\" \/>\n\t<meta property=\"og:image:height\" content=\"800\" \/>\n\t<meta property=\"og:image:type\" content=\"image\/jpeg\" \/>\n<meta name=\"author\" content=\"Pablo Guti\u00e9rrez-Rav\u00e9 Villal\u00f3n\" \/>\n<meta name=\"twitter:card\" content=\"summary_large_image\" \/>\n<meta name=\"twitter:label1\" content=\"Escrito por\" \/>\n\t<meta name=\"twitter:data1\" content=\"Pablo Guti\u00e9rrez-Rav\u00e9 Villal\u00f3n\" \/>\n\t<meta name=\"twitter:label2\" content=\"Tiempo de lectura\" \/>\n\t<meta name=\"twitter:data2\" content=\"1 minuto\" \/>\n<script type=\"application\/ld+json\" class=\"yoast-schema-graph\">{\"@context\":\"https:\\\/\\\/schema.org\",\"@graph\":[{\"@type\":\"Article\",\"@id\":\"https:\\\/\\\/luxonomy.net\\\/es\\\/lvmh-creara-un-centro-de-investigacion-mundial-para-el-lujo-sostenible\\\/#article\",\"isPartOf\":{\"@id\":\"https:\\\/\\\/luxonomy.net\\\/es\\\/lvmh-creara-un-centro-de-investigacion-mundial-para-el-lujo-sostenible\\\/\"},\"author\":{\"name\":\"Pablo Guti\u00e9rrez-Rav\u00e9 Villal\u00f3n\",\"@id\":\"https:\\\/\\\/luxonomy.net\\\/es\\\/#\\\/schema\\\/person\\\/aca186356f30a813f61bbf19ba52c031\"},\"headline\":\"LVMH crear\u00e1 un centro de investigaci\u00f3n Mundial para el lujo sostenible\",\"datePublished\":\"2021-07-05T11:47:44+00:00\",\"mainEntityOfPage\":{\"@id\":\"https:\\\/\\\/luxonomy.net\\\/es\\\/lvmh-creara-un-centro-de-investigacion-mundial-para-el-lujo-sostenible\\\/\"},\"wordCount\":230,\"commentCount\":0,\"publisher\":{\"@id\":\"https:\\\/\\\/luxonomy.net\\\/es\\\/#organization\"},\"image\":{\"@id\":\"https:\\\/\\\/luxonomy.net\\\/es\\\/lvmh-creara-un-centro-de-investigacion-mundial-para-el-lujo-sostenible\\\/#primaryimage\"},\"thumbnailUrl\":\"https:\\\/\\\/i0.wp.com\\\/luxonomy.net\\\/wp-content\\\/uploads\\\/2021\\\/07\\\/lvmh-lujo-centro-investigacion.jpg?fit=1200%2C800&ssl=1\",\"keywords\":[\"Ecolujo\",\"ecoluxury\",\"LVMH\"],\"articleSection\":[\"Sostenibilidad\"],\"inLanguage\":\"es\",\"potentialAction\":[{\"@type\":\"CommentAction\",\"name\":\"Comment\",\"target\":[\"https:\\\/\\\/luxonomy.net\\\/es\\\/lvmh-creara-un-centro-de-investigacion-mundial-para-el-lujo-sostenible\\\/#respond\"]}]},{\"@type\":\"WebPage\",\"@id\":\"https:\\\/\\\/luxonomy.net\\\/es\\\/lvmh-creara-un-centro-de-investigacion-mundial-para-el-lujo-sostenible\\\/\",\"url\":\"https:\\\/\\\/luxonomy.net\\\/es\\\/lvmh-creara-un-centro-de-investigacion-mundial-para-el-lujo-sostenible\\\/\",\"name\":\"LVMH crear\u00e1 un centro de investigaci\u00f3n Mundial para el lujo sostenible | LUXONOMY\",\"isPartOf\":{\"@id\":\"https:\\\/\\\/luxonomy.net\\\/es\\\/#website\"},\"primaryImageOfPage\":{\"@id\":\"https:\\\/\\\/luxonomy.net\\\/es\\\/lvmh-creara-un-centro-de-investigacion-mundial-para-el-lujo-sostenible\\\/#primaryimage\"},\"image\":{\"@id\":\"https:\\\/\\\/luxonomy.net\\\/es\\\/lvmh-creara-un-centro-de-investigacion-mundial-para-el-lujo-sostenible\\\/#primaryimage\"},\"thumbnailUrl\":\"https:\\\/\\\/i0.wp.com\\\/luxonomy.net\\\/wp-content\\\/uploads\\\/2021\\\/07\\\/lvmh-lujo-centro-investigacion.jpg?fit=1200%2C800&ssl=1\",\"datePublished\":\"2021-07-05T11:47:44+00:00\",\"breadcrumb\":{\"@id\":\"https:\\\/\\\/luxonomy.net\\\/es\\\/lvmh-creara-un-centro-de-investigacion-mundial-para-el-lujo-sostenible\\\/#breadcrumb\"},\"inLanguage\":\"es\",\"potentialAction\":[{\"@type\":\"ReadAction\",\"target\":[\"https:\\\/\\\/luxonomy.net\\\/es\\\/lvmh-creara-un-centro-de-investigacion-mundial-para-el-lujo-sostenible\\\/\"]}]},{\"@type\":\"ImageObject\",\"inLanguage\":\"es\",\"@id\":\"https:\\\/\\\/luxonomy.net\\\/es\\\/lvmh-creara-un-centro-de-investigacion-mundial-para-el-lujo-sostenible\\\/#primaryimage\",\"url\":\"https:\\\/\\\/i0.wp.com\\\/luxonomy.net\\\/wp-content\\\/uploads\\\/2021\\\/07\\\/lvmh-lujo-centro-investigacion.jpg?fit=1200%2C800&ssl=1\",\"contentUrl\":\"https:\\\/\\\/i0.wp.com\\\/luxonomy.net\\\/wp-content\\\/uploads\\\/2021\\\/07\\\/lvmh-lujo-centro-investigacion.jpg?fit=1200%2C800&ssl=1\",\"width\":1200,\"height\":800},{\"@type\":\"BreadcrumbList\",\"@id\":\"https:\\\/\\\/luxonomy.net\\\/es\\\/lvmh-creara-un-centro-de-investigacion-mundial-para-el-lujo-sostenible\\\/#breadcrumb\",\"itemListElement\":[{\"@type\":\"ListItem\",\"position\":1,\"name\":\"Portada\",\"item\":\"https:\\\/\\\/luxonomy.net\\\/es\\\/\"},{\"@type\":\"ListItem\",\"position\":2,\"name\":\"LVMH crear\u00e1 un centro de investigaci\u00f3n Mundial para el lujo sostenible\"}]},{\"@type\":\"WebSite\",\"@id\":\"https:\\\/\\\/luxonomy.net\\\/es\\\/#website\",\"url\":\"https:\\\/\\\/luxonomy.net\\\/es\\\/\",\"name\":\"LUXONOMY\",\"description\":\"The Economy of Fashion &amp; Luxury\",\"publisher\":{\"@id\":\"https:\\\/\\\/luxonomy.net\\\/es\\\/#organization\"},\"potentialAction\":[{\"@type\":\"SearchAction\",\"target\":{\"@type\":\"EntryPoint\",\"urlTemplate\":\"https:\\\/\\\/luxonomy.net\\\/es\\\/?s={search_term_string}\"},\"query-input\":{\"@type\":\"PropertyValueSpecification\",\"valueRequired\":true,\"valueName\":\"search_term_string\"}}],\"inLanguage\":\"es\"},{\"@type\":\"Organization\",\"@id\":\"https:\\\/\\\/luxonomy.net\\\/es\\\/#organization\",\"name\":\"LUXONOMY\",\"url\":\"https:\\\/\\\/luxonomy.net\\\/es\\\/\",\"logo\":{\"@type\":\"ImageObject\",\"inLanguage\":\"es\",\"@id\":\"https:\\\/\\\/luxonomy.net\\\/es\\\/#\\\/schema\\\/logo\\\/image\\\/\",\"url\":\"https:\\\/\\\/i2.wp.com\\\/luxonomy.net\\\/wp-content\\\/uploads\\\/2021\\\/09\\\/MOCKUP-TODOS-LUXONOMY.jpg?fit=1000%2C515&ssl=1\",\"contentUrl\":\"https:\\\/\\\/i2.wp.com\\\/luxonomy.net\\\/wp-content\\\/uploads\\\/2021\\\/09\\\/MOCKUP-TODOS-LUXONOMY.jpg?fit=1000%2C515&ssl=1\",\"width\":1000,\"height\":515,\"caption\":\"LUXONOMY\"},\"image\":{\"@id\":\"https:\\\/\\\/luxonomy.net\\\/es\\\/#\\\/schema\\\/logo\\\/image\\\/\"},\"sameAs\":[\"https:\\\/\\\/www.facebook.com\\\/luxonomy\",\"https:\\\/\\\/www.instagram.com\\\/luxonomy\\\/\",\"https:\\\/\\\/www.linkedin.com\\\/company\\\/luxonomy\\\/\"]},{\"@type\":\"Person\",\"@id\":\"https:\\\/\\\/luxonomy.net\\\/es\\\/#\\\/schema\\\/person\\\/aca186356f30a813f61bbf19ba52c031\",\"name\":\"Pablo Guti\u00e9rrez-Rav\u00e9 Villal\u00f3n\",\"image\":{\"@type\":\"ImageObject\",\"inLanguage\":\"es\",\"@id\":\"https:\\\/\\\/luxonomy.net\\\/wp-content\\\/litespeed\\\/avatar\\\/b80839bcd1d7840754b71e72cad801ce.jpg?ver=1788213692\",\"url\":\"https:\\\/\\\/luxonomy.net\\\/wp-content\\\/litespeed\\\/avatar\\\/b80839bcd1d7840754b71e72cad801ce.jpg?ver=1788213692\",\"contentUrl\":\"https:\\\/\\\/luxonomy.net\\\/wp-content\\\/litespeed\\\/avatar\\\/b80839bcd1d7840754b71e72cad801ce.jpg?ver=1788213692\",\"caption\":\"Pablo Guti\u00e9rrez-Rav\u00e9 Villal\u00f3n\"},\"description\":\"president LUXONOMY\u2122 Group\",\"sameAs\":[\"https:\\\/\\\/www.linkedin.com\\\/in\\\/pablogutierrezrave\\\/\"],\"url\":\"https:\\\/\\\/luxonomy.net\\\/es\\\/author\\\/pablo\\\/\"}]}<\/script>\n<!-- \/ Yoast SEO plugin. -->","yoast_head_json":{"title":"LVMH crear\u00e1 un centro de investigaci\u00f3n Mundial para el lujo sostenible | LUXONOMY","robots":{"index":"index","follow":"follow","max-snippet":"max-snippet:-1","max-image-preview":"max-image-preview:large","max-video-preview":"max-video-preview:-1"},"canonical":"https:\/\/luxonomy.net\/es\/lvmh-creara-un-centro-de-investigacion-mundial-para-el-lujo-sostenible\/","og_locale":"es_ES","og_type":"article","og_title":"LVMH crear\u00e1 un centro de investigaci\u00f3n Mundial para el lujo sostenible | LUXONOMY","og_description":"Pocos d\u00edas despu\u00e9s del anuncio de su asociaci\u00f3n con la start-up de reciclaje textil\u00a0weturn, el grupo de lujo ha anunciado la pr\u00f3xima apertura de un nuevo laboratorio dedicado al &#8220;lujo digital y sostenible&#8221;. Seg\u00fan un\u00a0comunicado de prensa\u00a0este centro se abrir\u00e1 en 2024\/2025 en el coraz\u00f3n del centro de excelencia de la regi\u00f3n de Saclay, al&hellip;","og_url":"https:\/\/luxonomy.net\/es\/lvmh-creara-un-centro-de-investigacion-mundial-para-el-lujo-sostenible\/","og_site_name":"LUXONOMY","article_publisher":"https:\/\/www.facebook.com\/luxonomy","article_published_time":"2021-07-05T11:47:44+00:00","og_image":[{"width":1200,"height":800,"url":"https:\/\/i0.wp.com\/luxonomy.net\/wp-content\/uploads\/2021\/07\/lvmh-lujo-centro-investigacion.jpg?fit=1200%2C800&quality=89&ssl=1","type":"image\/jpeg"}],"author":"Pablo Guti\u00e9rrez-Rav\u00e9 Villal\u00f3n","twitter_card":"summary_large_image","twitter_misc":{"Escrito por":"Pablo Guti\u00e9rrez-Rav\u00e9 Villal\u00f3n","Tiempo de lectura":"1 minuto"},"schema":{"@context":"https:\/\/schema.org","@graph":[{"@type":"Article","@id":"https:\/\/luxonomy.net\/es\/lvmh-creara-un-centro-de-investigacion-mundial-para-el-lujo-sostenible\/#article","isPartOf":{"@id":"https:\/\/luxonomy.net\/es\/lvmh-creara-un-centro-de-investigacion-mundial-para-el-lujo-sostenible\/"},"author":{"name":"Pablo Guti\u00e9rrez-Rav\u00e9 Villal\u00f3n","@id":"https:\/\/luxonomy.net\/es\/#\/schema\/person\/aca186356f30a813f61bbf19ba52c031"},"headline":"LVMH crear\u00e1 un centro de investigaci\u00f3n Mundial para el lujo sostenible","datePublished":"2021-07-05T11:47:44+00:00","mainEntityOfPage":{"@id":"https:\/\/luxonomy.net\/es\/lvmh-creara-un-centro-de-investigacion-mundial-para-el-lujo-sostenible\/"},"wordCount":230,"commentCount":0,"publisher":{"@id":"https:\/\/luxonomy.net\/es\/#organization"},"image":{"@id":"https:\/\/luxonomy.net\/es\/lvmh-creara-un-centro-de-investigacion-mundial-para-el-lujo-sostenible\/#primaryimage"},"thumbnailUrl":"https:\/\/i0.wp.com\/luxonomy.net\/wp-content\/uploads\/2021\/07\/lvmh-lujo-centro-investigacion.jpg?fit=1200%2C800&ssl=1","keywords":["Ecolujo","ecoluxury","LVMH"],"articleSection":["Sostenibilidad"],"inLanguage":"es","potentialAction":[{"@type":"CommentAction","name":"Comment","target":["https:\/\/luxonomy.net\/es\/lvmh-creara-un-centro-de-investigacion-mundial-para-el-lujo-sostenible\/#respond"]}]},{"@type":"WebPage","@id":"https:\/\/luxonomy.net\/es\/lvmh-creara-un-centro-de-investigacion-mundial-para-el-lujo-sostenible\/","url":"https:\/\/luxonomy.net\/es\/lvmh-creara-un-centro-de-investigacion-mundial-para-el-lujo-sostenible\/","name":"LVMH crear\u00e1 un centro de investigaci\u00f3n Mundial para el lujo sostenible | LUXONOMY","isPartOf":{"@id":"https:\/\/luxonomy.net\/es\/#website"},"primaryImageOfPage":{"@id":"https:\/\/luxonomy.net\/es\/lvmh-creara-un-centro-de-investigacion-mundial-para-el-lujo-sostenible\/#primaryimage"},"image":{"@id":"https:\/\/luxonomy.net\/es\/lvmh-creara-un-centro-de-investigacion-mundial-para-el-lujo-sostenible\/#primaryimage"},"thumbnailUrl":"https:\/\/i0.wp.com\/luxonomy.net\/wp-content\/uploads\/2021\/07\/lvmh-lujo-centro-investigacion.jpg?fit=1200%2C800&ssl=1","datePublished":"2021-07-05T11:47:44+00:00","breadcrumb":{"@id":"https:\/\/luxonomy.net\/es\/lvmh-creara-un-centro-de-investigacion-mundial-para-el-lujo-sostenible\/#breadcrumb"},"inLanguage":"es","potentialAction":[{"@type":"ReadAction","target":["https:\/\/luxonomy.net\/es\/lvmh-creara-un-centro-de-investigacion-mundial-para-el-lujo-sostenible\/"]}]},{"@type":"ImageObject","inLanguage":"es","@id":"https:\/\/luxonomy.net\/es\/lvmh-creara-un-centro-de-investigacion-mundial-para-el-lujo-sostenible\/#primaryimage","url":"https:\/\/i0.wp.com\/luxonomy.net\/wp-content\/uploads\/2021\/07\/lvmh-lujo-centro-investigacion.jpg?fit=1200%2C800&ssl=1","contentUrl":"https:\/\/i0.wp.com\/luxonomy.net\/wp-content\/uploads\/2021\/07\/lvmh-lujo-centro-investigacion.jpg?fit=1200%2C800&ssl=1","width":1200,"height":800},{"@type":"BreadcrumbList","@id":"https:\/\/luxonomy.net\/es\/lvmh-creara-un-centro-de-investigacion-mundial-para-el-lujo-sostenible\/#breadcrumb","itemListElement":[{"@type":"ListItem","position":1,"name":"Portada","item":"https:\/\/luxonomy.net\/es\/"},{"@type":"ListItem","position":2,"name":"LVMH crear\u00e1 un centro de investigaci\u00f3n Mundial para el lujo sostenible"}]},{"@type":"WebSite","@id":"https:\/\/luxonomy.net\/es\/#website","url":"https:\/\/luxonomy.net\/es\/","name":"LUXONOMY","description":"The Economy of Fashion &amp; Luxury","publisher":{"@id":"https:\/\/luxonomy.net\/es\/#organization"},"potentialAction":[{"@type":"SearchAction","target":{"@type":"EntryPoint","urlTemplate":"https:\/\/luxonomy.net\/es\/?s={search_term_string}"},"query-input":{"@type":"PropertyValueSpecification","valueRequired":true,"valueName":"search_term_string"}}],"inLanguage":"es"},{"@type":"Organization","@id":"https:\/\/luxonomy.net\/es\/#organization","name":"LUXONOMY","url":"https:\/\/luxonomy.net\/es\/","logo":{"@type":"ImageObject","inLanguage":"es","@id":"https:\/\/luxonomy.net\/es\/#\/schema\/logo\/image\/","url":"https:\/\/i2.wp.com\/luxonomy.net\/wp-content\/uploads\/2021\/09\/MOCKUP-TODOS-LUXONOMY.jpg?fit=1000%2C515&ssl=1","contentUrl":"https:\/\/i2.wp.com\/luxonomy.net\/wp-content\/uploads\/2021\/09\/MOCKUP-TODOS-LUXONOMY.jpg?fit=1000%2C515&ssl=1","width":1000,"height":515,"caption":"LUXONOMY"},"image":{"@id":"https:\/\/luxonomy.net\/es\/#\/schema\/logo\/image\/"},"sameAs":["https:\/\/www.facebook.com\/luxonomy","https:\/\/www.instagram.com\/luxonomy\/","https:\/\/www.linkedin.com\/company\/luxonomy\/"]},{"@type":"Person","@id":"https:\/\/luxonomy.net\/es\/#\/schema\/person\/aca186356f30a813f61bbf19ba52c031","name":"Pablo Guti\u00e9rrez-Rav\u00e9 Villal\u00f3n","image":{"@type":"ImageObject","inLanguage":"es","@id":"https:\/\/luxonomy.net\/wp-content\/litespeed\/avatar\/b80839bcd1d7840754b71e72cad801ce.jpg?ver=1788213692","url":"https:\/\/luxonomy.net\/wp-content\/litespeed\/avatar\/b80839bcd1d7840754b71e72cad801ce.jpg?ver=1788213692","contentUrl":"https:\/\/luxonomy.net\/wp-content\/litespeed\/avatar\/b80839bcd1d7840754b71e72cad801ce.jpg?ver=1788213692","caption":"Pablo Guti\u00e9rrez-Rav\u00e9 Villal\u00f3n"},"description":"president LUXONOMY\u2122 Group","sameAs":["https:\/\/www.linkedin.com\/in\/pablogutierrezrave\/"],"url":"https:\/\/luxonomy.net\/es\/author\/pablo\/"}]}},"jetpack_publicize_connections":[],"jetpack_shortlink":"https:\/\/wp.me\/paPhBa-46V","jetpack_sharing_enabled":true,"jetpack_featured_media_url":"https:\/\/i0.wp.com\/luxonomy.net\/wp-content\/uploads\/2021\/07\/lvmh-lujo-centro-investigacion.jpg?fit=1200%2C800&ssl=1","_links":{"self":[{"href":"https:\/\/luxonomy.net\/es\/wp-json\/wp\/v2\/posts\/15805","targetHints":{"allow":["GET"]}}],"collection":[{"href":"https:\/\/luxonomy.net\/es\/wp-json\/wp\/v2\/posts"}],"about":[{"href":"https:\/\/luxonomy.net\/es\/wp-json\/wp\/v2\/types\/post"}],"author":[{"embeddable":true,"href":"https:\/\/luxonomy.net\/es\/wp-json\/wp\/v2\/users\/19"}],"replies":[{"embeddable":true,"href":"https:\/\/luxonomy.net\/es\/wp-json\/wp\/v2\/comments?post=15805"}],"version-history":[{"count":3,"href":"https:\/\/luxonomy.net\/es\/wp-json\/wp\/v2\/posts\/15805\/revisions"}],"predecessor-version":[{"id":15809,"href":"https:\/\/luxonomy.net\/es\/wp-json\/wp\/v2\/posts\/15805\/revisions\/15809"}],"wp:featuredmedia":[{"embeddable":true,"href":"https:\/\/luxonomy.net\/es\/wp-json\/wp\/v2\/media\/15806"}],"wp:attachment":[{"href":"https:\/\/luxonomy.net\/es\/wp-json\/wp\/v2\/media?parent=15805"}],"wp:term":[{"taxonomy":"category","embeddable":true,"href":"https:\/\/luxonomy.net\/es\/wp-json\/wp\/v2\/categories?post=15805"},{"taxonomy":"post_tag","embeddable":true,"href":"https:\/\/luxonomy.net\/es\/wp-json\/wp\/v2\/tags?post=15805"},{"taxonomy":"thb-sponsors","embeddable":true,"href":"https:\/\/luxonomy.net\/es\/wp-json\/wp\/v2\/thb-sponsors?post=15805"}],"curies":[{"name":"wp","href":"https:\/\/api.w.org\/{rel}","templated":true}]}}