{"id":15661,"date":"2021-06-24T11:14:14","date_gmt":"2021-06-24T09:14:14","guid":{"rendered":"https:\/?p=15661"},"modified":"2021-06-24T11:14:14","modified_gmt":"2021-06-24T09:14:14","slug":"la-espectacular-nueva-tienda-de-apple-en-los-angeles","status":"publish","type":"post","link":"https:\/\/luxonomy.net\/es\/la-espectacular-nueva-tienda-de-apple-en-los-angeles\/","title":{"rendered":"La espectacular nueva tienda de Apple en Los \u00c1ngeles"},"content":{"rendered":"<p><strong>Apple<\/strong> ha presentado su nueva tienda en el <strong>hist\u00f3rico Tower Theatre en el centro de Los \u00c1ngeles<\/strong>. Uno de los proyectos de restauraci\u00f3n m\u00e1s importantes de Apple hasta la fecha, <strong>Apple Tower Theatre<\/strong> tiene como objetivo inspirar a\u00fan m\u00e1s creatividad en el coraz\u00f3n del centro de la ciudad. Apple tambi\u00e9n lanzar\u00e1 tambi\u00e9n <strong>Apple Creative Studios<\/strong>, una iniciativa global que brindar\u00e1 <strong>experiencia pr\u00e1ctica y formaci\u00f3n a j\u00f3venes creativos<\/strong>.<\/p>\n<p><img loading=\"lazy\" decoding=\"async\" data-attachment-id=\"15662\" data-permalink=\"https:\/\/luxonomy.net\/es\/la-espectacular-nueva-tienda-de-apple-en-los-angeles\/apple-tower-theater\/\" data-orig-file=\"https:\/\/i0.wp.com\/luxonomy.net\/wp-content\/uploads\/2021\/06\/apple-tower-theater.jpg?fit=1440%2C810&amp;ssl=1\" data-orig-size=\"1440,810\" data-comments-opened=\"1\" data-image-title=\"apple-tower-theater\" data-image-description=\"\" data-image-caption=\"\" data-large-file=\"https:\/\/i0.wp.com\/luxonomy.net\/wp-content\/uploads\/2021\/06\/apple-tower-theater.jpg?fit=1024%2C576&amp;ssl=1\" class=\"alignleft size-large wp-image-15662 lazyload\" src=\"data:image\/gif;base64,R0lGODlhAQABAAAAACH5BAEKAAEALAAAAAABAAEAAAICTAEAOw==\" data-src=\"http:\/\/luxonomy.net\/wp-content\/uploads\/2021\/06\/apple-tower-theater-1024x576.jpg\" alt=\"\" width=\"1024\" height=\"576\" data-sizes=\"auto\" data-srcset=\"https:\/\/i0.wp.com\/luxonomy.net\/wp-content\/uploads\/2021\/06\/apple-tower-theater.jpg?resize=1024%2C576&amp;ssl=1 1024w, https:\/\/i0.wp.com\/luxonomy.net\/wp-content\/uploads\/2021\/06\/apple-tower-theater.jpg?resize=300%2C169&amp;ssl=1 300w, https:\/\/i0.wp.com\/luxonomy.net\/wp-content\/uploads\/2021\/06\/apple-tower-theater.jpg?resize=768%2C432&amp;ssl=1 768w, https:\/\/i0.wp.com\/luxonomy.net\/wp-content\/uploads\/2021\/06\/apple-tower-theater.jpg?resize=370%2C208&amp;ssl=1 370w, https:\/\/i0.wp.com\/luxonomy.net\/wp-content\/uploads\/2021\/06\/apple-tower-theater.jpg?resize=800%2C450&amp;ssl=1 800w, https:\/\/i0.wp.com\/luxonomy.net\/wp-content\/uploads\/2021\/06\/apple-tower-theater.jpg?resize=20%2C11&amp;ssl=1 20w, https:\/\/i0.wp.com\/luxonomy.net\/wp-content\/uploads\/2021\/06\/apple-tower-theater.jpg?resize=185%2C104&amp;ssl=1 185w, https:\/\/i0.wp.com\/luxonomy.net\/wp-content\/uploads\/2021\/06\/apple-tower-theater.jpg?resize=740%2C416&amp;ssl=1 740w, https:\/\/i0.wp.com\/luxonomy.net\/wp-content\/uploads\/2021\/06\/apple-tower-theater.jpg?resize=400%2C225&amp;ssl=1 400w, https:\/\/i0.wp.com\/luxonomy.net\/wp-content\/uploads\/2021\/06\/apple-tower-theater.jpg?resize=600%2C338&amp;ssl=1 600w, https:\/\/i0.wp.com\/luxonomy.net\/wp-content\/uploads\/2021\/06\/apple-tower-theater.jpg?resize=85%2C48&amp;ssl=1 85w\" sizes=\"auto, (max-width: 1024px) 100vw, 1024px\" \/><\/p>\n<p><strong>Apple Tower Theatre<\/strong> es la ubicaci\u00f3n n\u00famero 26 de Apple en el \u00e1rea metropolitana de Los \u00c1ngeles. Los casi 100 miembros del equipo de la tienda se unen a los m\u00e1s de 3.000 empleados de Apple Store en toda la regi\u00f3n. Tambi\u00e9n con sede en Los \u00c1ngeles, <strong>Apple TV+<\/strong> trabaja con muchos de los narradores de historias m\u00e1s creativos del mundo y apoya miles de trabajos en la industria creativa en todo California.<\/p>\n[perfectpullquote align=&#8221;full&#8221; bordertop=&#8221;false&#8221; cite=&#8221;&#8221; link=&#8221;&#8221; color=&#8221;&#8221; class=&#8221;&#8221; size=&#8221;&#8221;]\u201cEn cada esquina, Los \u00c1ngeles estalla con creatividad en las artes, la m\u00fasica y el entretenimiento, y estamos encantados de construir nuestra relaci\u00f3n con esta ciudad especial\u201d, ha afirmado Deirdre O&#8217;Brien, vicepresidenta senior de Retail + People de Apple. &#8220;Apple Tower Theatre honra la rica historia y el legado de esta capital del entretenimiento&#8221;.[\/perfectpullquote]\n<p><iframe loading=\"lazy\" title=\"Tour of Apple Tower Theatre\" src=\"https:\/\/share.newsroom.apple\/newsroom\/embed\/videos\/?embedvideoid=a53f053f15074e62d7512ea670e07ab7\" width=\"100%\" height=\"350\" allowfullscreen=\"allowfullscreen\"><\/iframe><\/p>\n<h3>Un edificio cargado de historia<\/h3>\n<p>Originalmente sede del primer teatro en Los \u00c1ngeles conectado para pel\u00edculas con sonido, el hist\u00f3rico Tower Theatre fue dise\u00f1ado en 1927 por el renombrado arquitecto de teatro cinematogr\u00e1fico S. Charles Lee. Ese legado de innovaci\u00f3n tecnol\u00f3gica contin\u00faa hoy como el lugar perfecto para descubrir la l\u00ednea completa de iPhone, iPad y Mac de Apple, cada uno de los cuales ha transformado el cine, la fotograf\u00eda y la composici\u00f3n musical de hoy en d\u00eda.<\/p><div id=\"luxon-1910381548\" class=\"luxon-3er-parrafo luxon-entity-placement\" style=\"margin-top: 20px;margin-bottom: 20px;margin-left: auto;margin-right: auto;text-align: center;\"><a href=\"https:\/\/luxonomy.university\/course\/master-turismo-de-lujo\" target=\"_blank\" aria-label=\"master-turismo-lujo-2026-2027\"><img loading=\"lazy\" decoding=\"async\" src=\"https:\/\/i0.wp.com\/luxonomy.net\/wp-content\/uploads\/2020\/07\/master-turismo-lujo-2026-2027.jpg?fit=1672%2C941&#038;ssl=1\" alt=\"\"  srcset=\"https:\/\/i0.wp.com\/luxonomy.net\/wp-content\/uploads\/2020\/07\/master-turismo-lujo-2026-2027.jpg?w=1672&ssl=1 1672w, https:\/\/i0.wp.com\/luxonomy.net\/wp-content\/uploads\/2020\/07\/master-turismo-lujo-2026-2027.jpg?resize=300%2C169&ssl=1 300w, https:\/\/i0.wp.com\/luxonomy.net\/wp-content\/uploads\/2020\/07\/master-turismo-lujo-2026-2027.jpg?resize=1024%2C576&ssl=1 1024w, https:\/\/i0.wp.com\/luxonomy.net\/wp-content\/uploads\/2020\/07\/master-turismo-lujo-2026-2027.jpg?resize=768%2C432&ssl=1 768w, https:\/\/i0.wp.com\/luxonomy.net\/wp-content\/uploads\/2020\/07\/master-turismo-lujo-2026-2027.jpg?resize=1536%2C864&ssl=1 1536w, https:\/\/i0.wp.com\/luxonomy.net\/wp-content\/uploads\/2020\/07\/master-turismo-lujo-2026-2027.jpg?resize=370%2C208&ssl=1 370w, https:\/\/i0.wp.com\/luxonomy.net\/wp-content\/uploads\/2020\/07\/master-turismo-lujo-2026-2027.jpg?resize=800%2C450&ssl=1 800w, https:\/\/i0.wp.com\/luxonomy.net\/wp-content\/uploads\/2020\/07\/master-turismo-lujo-2026-2027.jpg?resize=20%2C11&ssl=1 20w, https:\/\/i0.wp.com\/luxonomy.net\/wp-content\/uploads\/2020\/07\/master-turismo-lujo-2026-2027.jpg?resize=740%2C416&ssl=1 740w, https:\/\/i0.wp.com\/luxonomy.net\/wp-content\/uploads\/2020\/07\/master-turismo-lujo-2026-2027.jpg?resize=1600%2C900&ssl=1 1600w, https:\/\/i0.wp.com\/luxonomy.net\/wp-content\/uploads\/2020\/07\/master-turismo-lujo-2026-2027.jpg?resize=1200%2C675&ssl=1 1200w, https:\/\/i0.wp.com\/luxonomy.net\/wp-content\/uploads\/2020\/07\/master-turismo-lujo-2026-2027.jpg?resize=85%2C48&ssl=1 85w\" sizes=\"(max-width: 1170px) 100vw, 1170px\" class=\"no-lazyload\" width=\"1672\" height=\"941\"   \/><\/a><\/div>\n<p>Tras el cierre de sus puertas en 1988, el espacio qued\u00f3 vac\u00edo y sin uso. Con el mismo nivel de cuidado que se encontr\u00f3 en proyectos de restauraci\u00f3n anteriores, Apple colabor\u00f3 \u200b\u200bcon destacados conservacionistas, artistas de la restauraci\u00f3n y la ciudad de Los \u00c1ngeles para preservar y restaurar cuidadosamente la belleza y la grandeza del teatro. Cada superficie fue cuidadosamente restaurada y el edificio ha sufrido una mejora s\u00edsmica completa.<\/p>\n<figure id=\"attachment_15666\" aria-describedby=\"caption-attachment-15666\" style=\"width: 980px\" class=\"wp-caption alignleft\"><img data-recalc-dims=\"1\" loading=\"lazy\" decoding=\"async\" data-attachment-id=\"15666\" data-permalink=\"https:\/\/luxonomy.net\/es\/la-espectacular-nueva-tienda-de-apple-en-los-angeles\/tower-theatre-fue-el-primer-teatro-en-los-angeles-conectado-para-peliculas-con-sonido\/\" data-orig-file=\"https:\/\/i0.wp.com\/luxonomy.net\/wp-content\/uploads\/2021\/06\/Tower-Theatre-fue-el-primer-teatro-en-Los-A%CC%81ngeles-conectado-para-peli%CC%81culas-con-sonido.jpg?fit=980%2C653&amp;ssl=1\" data-orig-size=\"980,653\" data-comments-opened=\"1\" data-image-title=\"Tower Theatre fue el primer teatro en Los A\u0301ngeles conectado para peli\u0301culas con sonido\" data-image-description=\"&lt;p&gt;Tower Theatre fue el primer teatro en Los \u00c1ngeles conectado para pel\u00edculas con sonido.&lt;\/p&gt;\n\" data-image-caption=\"&lt;p&gt;Tower Theatre fue el primer teatro en Los \u00c1ngeles conectado para pel\u00edculas con sonido.&lt;\/p&gt;\n\" data-large-file=\"https:\/\/i0.wp.com\/luxonomy.net\/wp-content\/uploads\/2021\/06\/Tower-Theatre-fue-el-primer-teatro-en-Los-A%CC%81ngeles-conectado-para-peli%CC%81culas-con-sonido.jpg?fit=980%2C653&amp;ssl=1\" class=\"size-full wp-image-15666\" src=\"https:\/\/i0.wp.com\/luxonomy.net\/wp-content\/uploads\/2021\/06\/Tower-Theatre-fue-el-primer-teatro-en-Los-A%CC%81ngeles-conectado-para-peli%CC%81culas-con-sonido.jpg?resize=980%2C653\" alt=\"\" width=\"980\" height=\"653\" srcset=\"https:\/\/i0.wp.com\/luxonomy.net\/wp-content\/uploads\/2021\/06\/Tower-Theatre-fue-el-primer-teatro-en-Los-A%CC%81ngeles-conectado-para-peli%CC%81culas-con-sonido.jpg?w=980&amp;ssl=1 980w, https:\/\/i0.wp.com\/luxonomy.net\/wp-content\/uploads\/2021\/06\/Tower-Theatre-fue-el-primer-teatro-en-Los-A%CC%81ngeles-conectado-para-peli%CC%81culas-con-sonido.jpg?resize=300%2C200&amp;ssl=1 300w, https:\/\/i0.wp.com\/luxonomy.net\/wp-content\/uploads\/2021\/06\/Tower-Theatre-fue-el-primer-teatro-en-Los-A%CC%81ngeles-conectado-para-peli%CC%81culas-con-sonido.jpg?resize=768%2C512&amp;ssl=1 768w, https:\/\/i0.wp.com\/luxonomy.net\/wp-content\/uploads\/2021\/06\/Tower-Theatre-fue-el-primer-teatro-en-Los-A%CC%81ngeles-conectado-para-peli%CC%81culas-con-sonido.jpg?resize=370%2C247&amp;ssl=1 370w, https:\/\/i0.wp.com\/luxonomy.net\/wp-content\/uploads\/2021\/06\/Tower-Theatre-fue-el-primer-teatro-en-Los-A%CC%81ngeles-conectado-para-peli%CC%81culas-con-sonido.jpg?resize=800%2C533&amp;ssl=1 800w, https:\/\/i0.wp.com\/luxonomy.net\/wp-content\/uploads\/2021\/06\/Tower-Theatre-fue-el-primer-teatro-en-Los-A%CC%81ngeles-conectado-para-peli%CC%81culas-con-sonido.jpg?resize=20%2C13&amp;ssl=1 20w, https:\/\/i0.wp.com\/luxonomy.net\/wp-content\/uploads\/2021\/06\/Tower-Theatre-fue-el-primer-teatro-en-Los-A%CC%81ngeles-conectado-para-peli%CC%81culas-con-sonido.jpg?resize=185%2C123&amp;ssl=1 185w, https:\/\/i0.wp.com\/luxonomy.net\/wp-content\/uploads\/2021\/06\/Tower-Theatre-fue-el-primer-teatro-en-Los-A%CC%81ngeles-conectado-para-peli%CC%81culas-con-sonido.jpg?resize=740%2C493&amp;ssl=1 740w, https:\/\/i0.wp.com\/luxonomy.net\/wp-content\/uploads\/2021\/06\/Tower-Theatre-fue-el-primer-teatro-en-Los-A%CC%81ngeles-conectado-para-peli%CC%81culas-con-sonido.jpg?resize=400%2C267&amp;ssl=1 400w, https:\/\/i0.wp.com\/luxonomy.net\/wp-content\/uploads\/2021\/06\/Tower-Theatre-fue-el-primer-teatro-en-Los-A%CC%81ngeles-conectado-para-peli%CC%81culas-con-sonido.jpg?resize=600%2C400&amp;ssl=1 600w, https:\/\/i0.wp.com\/luxonomy.net\/wp-content\/uploads\/2021\/06\/Tower-Theatre-fue-el-primer-teatro-en-Los-A%CC%81ngeles-conectado-para-peli%CC%81culas-con-sonido.jpg?resize=72%2C48&amp;ssl=1 72w\" sizes=\"auto, (max-width: 980px) 100vw, 980px\" \/><figcaption id=\"caption-attachment-15666\" class=\"wp-caption-text\">Tower Theatre fue el primer teatro en Los \u00c1ngeles conectado para pel\u00edculas con sonido.<\/figcaption><\/figure>\n<figure id=\"attachment_15668\" aria-describedby=\"caption-attachment-15668\" style=\"width: 980px\" class=\"wp-caption alignleft\"><img data-recalc-dims=\"1\" loading=\"lazy\" decoding=\"async\" data-attachment-id=\"15668\" data-permalink=\"https:\/\/luxonomy.net\/es\/la-espectacular-nueva-tienda-de-apple-en-los-angeles\/la-vidriera-restaurada-presenta-un-patron-de-flor-de-lis-unico-con-una-tira-de-pelicula-de-celuloide-enrollada-y-la-franja-purpura-que-solo-se-encuentra-en-las-primeras-peli\/\" data-orig-file=\"https:\/\/i0.wp.com\/luxonomy.net\/wp-content\/uploads\/2021\/06\/La-vidriera-restaurada-presenta-un-patro%CC%81n-de-flor-de-lis-u%CC%81nico-con-una-tira-de-peli%CC%81cula-de-celuloide-enrollada-y-la-franja-pu%CC%81rpura-que-solo-se-encuentra-en-las-primeras-peli%CC%81culas-de-sonido.jpg?fit=980%2C735&amp;ssl=1\" data-orig-size=\"980,735\" data-comments-opened=\"1\" data-image-title=\"La vidriera restaurada presenta un patro\u0301n de flor de lis u\u0301nico con una tira de peli\u0301cula de celuloide enrollada y la franja pu\u0301rpura que solo se encuentra en las primeras peli\u0301culas de sonido\" data-image-description=\"&lt;p&gt;La vidriera restaurada presenta un patr\u00f3n de flor de lis \u00fanico con una tira de pel\u00edcula de celuloide enrollada y la franja p\u00farpura que solo se encuentra en las primeras pel\u00edculas de sonido.&lt;\/p&gt;\n\" data-image-caption=\"&lt;p&gt;La vidriera restaurada presenta un patr\u00f3n de flor de lis \u00fanico con una tira de pel\u00edcula de celuloide enrollada y la franja p\u00farpura que solo se encuentra en las primeras pel\u00edculas de sonido.&lt;\/p&gt;\n\" data-large-file=\"https:\/\/i0.wp.com\/luxonomy.net\/wp-content\/uploads\/2021\/06\/La-vidriera-restaurada-presenta-un-patro%CC%81n-de-flor-de-lis-u%CC%81nico-con-una-tira-de-peli%CC%81cula-de-celuloide-enrollada-y-la-franja-pu%CC%81rpura-que-solo-se-encuentra-en-las-primeras-peli%CC%81culas-de-sonido.jpg?fit=980%2C735&amp;ssl=1\" class=\"size-full wp-image-15668\" src=\"https:\/\/i0.wp.com\/luxonomy.net\/wp-content\/uploads\/2021\/06\/La-vidriera-restaurada-presenta-un-patro%CC%81n-de-flor-de-lis-u%CC%81nico-con-una-tira-de-peli%CC%81cula-de-celuloide-enrollada-y-la-franja-pu%CC%81rpura-que-solo-se-encuentra-en-las-primeras-peli%CC%81culas-de-sonido.jpg?resize=980%2C735\" alt=\"\" width=\"980\" height=\"735\" srcset=\"https:\/\/i0.wp.com\/luxonomy.net\/wp-content\/uploads\/2021\/06\/La-vidriera-restaurada-presenta-un-patro%CC%81n-de-flor-de-lis-u%CC%81nico-con-una-tira-de-peli%CC%81cula-de-celuloide-enrollada-y-la-franja-pu%CC%81rpura-que-solo-se-encuentra-en-las-primeras-peli%CC%81culas-de-sonido.jpg?w=980&amp;ssl=1 980w, https:\/\/i0.wp.com\/luxonomy.net\/wp-content\/uploads\/2021\/06\/La-vidriera-restaurada-presenta-un-patro%CC%81n-de-flor-de-lis-u%CC%81nico-con-una-tira-de-peli%CC%81cula-de-celuloide-enrollada-y-la-franja-pu%CC%81rpura-que-solo-se-encuentra-en-las-primeras-peli%CC%81culas-de-sonido.jpg?resize=300%2C225&amp;ssl=1 300w, https:\/\/i0.wp.com\/luxonomy.net\/wp-content\/uploads\/2021\/06\/La-vidriera-restaurada-presenta-un-patro%CC%81n-de-flor-de-lis-u%CC%81nico-con-una-tira-de-peli%CC%81cula-de-celuloide-enrollada-y-la-franja-pu%CC%81rpura-que-solo-se-encuentra-en-las-primeras-peli%CC%81culas-de-sonido.jpg?resize=768%2C576&amp;ssl=1 768w, https:\/\/i0.wp.com\/luxonomy.net\/wp-content\/uploads\/2021\/06\/La-vidriera-restaurada-presenta-un-patro%CC%81n-de-flor-de-lis-u%CC%81nico-con-una-tira-de-peli%CC%81cula-de-celuloide-enrollada-y-la-franja-pu%CC%81rpura-que-solo-se-encuentra-en-las-primeras-peli%CC%81culas-de-sonido.jpg?resize=370%2C278&amp;ssl=1 370w, https:\/\/i0.wp.com\/luxonomy.net\/wp-content\/uploads\/2021\/06\/La-vidriera-restaurada-presenta-un-patro%CC%81n-de-flor-de-lis-u%CC%81nico-con-una-tira-de-peli%CC%81cula-de-celuloide-enrollada-y-la-franja-pu%CC%81rpura-que-solo-se-encuentra-en-las-primeras-peli%CC%81culas-de-sonido.jpg?resize=800%2C600&amp;ssl=1 800w, https:\/\/i0.wp.com\/luxonomy.net\/wp-content\/uploads\/2021\/06\/La-vidriera-restaurada-presenta-un-patro%CC%81n-de-flor-de-lis-u%CC%81nico-con-una-tira-de-peli%CC%81cula-de-celuloide-enrollada-y-la-franja-pu%CC%81rpura-que-solo-se-encuentra-en-las-primeras-peli%CC%81culas-de-sonido.jpg?resize=20%2C15&amp;ssl=1 20w, https:\/\/i0.wp.com\/luxonomy.net\/wp-content\/uploads\/2021\/06\/La-vidriera-restaurada-presenta-un-patro%CC%81n-de-flor-de-lis-u%CC%81nico-con-una-tira-de-peli%CC%81cula-de-celuloide-enrollada-y-la-franja-pu%CC%81rpura-que-solo-se-encuentra-en-las-primeras-peli%CC%81culas-de-sonido.jpg?resize=185%2C139&amp;ssl=1 185w, https:\/\/i0.wp.com\/luxonomy.net\/wp-content\/uploads\/2021\/06\/La-vidriera-restaurada-presenta-un-patro%CC%81n-de-flor-de-lis-u%CC%81nico-con-una-tira-de-peli%CC%81cula-de-celuloide-enrollada-y-la-franja-pu%CC%81rpura-que-solo-se-encuentra-en-las-primeras-peli%CC%81culas-de-sonido.jpg?resize=740%2C555&amp;ssl=1 740w, https:\/\/i0.wp.com\/luxonomy.net\/wp-content\/uploads\/2021\/06\/La-vidriera-restaurada-presenta-un-patro%CC%81n-de-flor-de-lis-u%CC%81nico-con-una-tira-de-peli%CC%81cula-de-celuloide-enrollada-y-la-franja-pu%CC%81rpura-que-solo-se-encuentra-en-las-primeras-peli%CC%81culas-de-sonido.jpg?resize=400%2C300&amp;ssl=1 400w, https:\/\/i0.wp.com\/luxonomy.net\/wp-content\/uploads\/2021\/06\/La-vidriera-restaurada-presenta-un-patro%CC%81n-de-flor-de-lis-u%CC%81nico-con-una-tira-de-peli%CC%81cula-de-celuloide-enrollada-y-la-franja-pu%CC%81rpura-que-solo-se-encuentra-en-las-primeras-peli%CC%81culas-de-sonido.jpg?resize=600%2C450&amp;ssl=1 600w, https:\/\/i0.wp.com\/luxonomy.net\/wp-content\/uploads\/2021\/06\/La-vidriera-restaurada-presenta-un-patro%CC%81n-de-flor-de-lis-u%CC%81nico-con-una-tira-de-peli%CC%81cula-de-celuloide-enrollada-y-la-franja-pu%CC%81rpura-que-solo-se-encuentra-en-las-primeras-peli%CC%81culas-de-sonido.jpg?resize=64%2C48&amp;ssl=1 64w\" sizes=\"auto, (max-width: 980px) 100vw, 980px\" \/><figcaption id=\"caption-attachment-15668\" class=\"wp-caption-text\">La vidriera restaurada presenta un patr\u00f3n de flor de lis \u00fanico con una tira de pel\u00edcula de celuloide enrollada y la franja p\u00farpura que solo se encuentra en las primeras pel\u00edculas de sonido.<\/figcaption><\/figure>\n<figure id=\"attachment_15669\" aria-describedby=\"caption-attachment-15669\" style=\"width: 653px\" class=\"wp-caption aligncenter\"><img loading=\"lazy\" decoding=\"async\" data-attachment-id=\"15669\" data-permalink=\"https:\/\/luxonomy.net\/es\/la-espectacular-nueva-tienda-de-apple-en-los-angeles\/el-forum-esta-en-el-corazon-del-teatro-que-ha-sido-reinventado-para-las-sesiones-de-today-at-apple\/\" data-orig-file=\"https:\/\/i0.wp.com\/luxonomy.net\/wp-content\/uploads\/2021\/06\/El-Forum-esta%CC%81-en-el-corazo%CC%81n-del-teatro-que-ha-sido-reinventado-para-las-sesiones-de-Today-at-Apple.jpg?fit=653%2C816&amp;ssl=1\" data-orig-size=\"653,816\" data-comments-opened=\"1\" data-image-title=\"El Forum esta\u0301 en el corazo\u0301n del teatro, que ha sido reinventado para las sesiones de Today at Apple\" data-image-description=\"\" data-image-caption=\"\" data-large-file=\"https:\/\/i0.wp.com\/luxonomy.net\/wp-content\/uploads\/2021\/06\/El-Forum-esta%CC%81-en-el-corazo%CC%81n-del-teatro-que-ha-sido-reinventado-para-las-sesiones-de-Today-at-Apple.jpg?fit=653%2C816&amp;ssl=1\" class=\"wp-image-15669 size-full lazyload\" src=\"data:image\/gif;base64,R0lGODlhAQABAAAAACH5BAEKAAEALAAAAAABAAEAAAICTAEAOw==\" data-src=\"http:\/\/luxonomy.net\/wp-content\/uploads\/2021\/06\/El-Forum-esta\u0301-en-el-corazo\u0301n-del-teatro-que-ha-sido-reinventado-para-las-sesiones-de-Today-at-Apple.jpg\" alt=\"El Forum est\u00e1 en el coraz\u00f3n del teatro, que ha sido reinventado para las sesiones de Today at Apple.\" width=\"653\" height=\"816\" data-sizes=\"auto\" data-srcset=\"https:\/\/i0.wp.com\/luxonomy.net\/wp-content\/uploads\/2021\/06\/El-Forum-esta%CC%81-en-el-corazo%CC%81n-del-teatro-que-ha-sido-reinventado-para-las-sesiones-de-Today-at-Apple.jpg?w=653&amp;ssl=1 653w, https:\/\/i0.wp.com\/luxonomy.net\/wp-content\/uploads\/2021\/06\/El-Forum-esta%CC%81-en-el-corazo%CC%81n-del-teatro-que-ha-sido-reinventado-para-las-sesiones-de-Today-at-Apple.jpg?resize=240%2C300&amp;ssl=1 240w, https:\/\/i0.wp.com\/luxonomy.net\/wp-content\/uploads\/2021\/06\/El-Forum-esta%CC%81-en-el-corazo%CC%81n-del-teatro-que-ha-sido-reinventado-para-las-sesiones-de-Today-at-Apple.jpg?resize=370%2C462&amp;ssl=1 370w, https:\/\/i0.wp.com\/luxonomy.net\/wp-content\/uploads\/2021\/06\/El-Forum-esta%CC%81-en-el-corazo%CC%81n-del-teatro-que-ha-sido-reinventado-para-las-sesiones-de-Today-at-Apple.jpg?resize=185%2C231&amp;ssl=1 185w, https:\/\/i0.wp.com\/luxonomy.net\/wp-content\/uploads\/2021\/06\/El-Forum-esta%CC%81-en-el-corazo%CC%81n-del-teatro-que-ha-sido-reinventado-para-las-sesiones-de-Today-at-Apple.jpg?resize=20%2C25&amp;ssl=1 20w, https:\/\/i0.wp.com\/luxonomy.net\/wp-content\/uploads\/2021\/06\/El-Forum-esta%CC%81-en-el-corazo%CC%81n-del-teatro-que-ha-sido-reinventado-para-las-sesiones-de-Today-at-Apple.jpg?resize=400%2C500&amp;ssl=1 400w, https:\/\/i0.wp.com\/luxonomy.net\/wp-content\/uploads\/2021\/06\/El-Forum-esta%CC%81-en-el-corazo%CC%81n-del-teatro-que-ha-sido-reinventado-para-las-sesiones-de-Today-at-Apple.jpg?resize=600%2C750&amp;ssl=1 600w, https:\/\/i0.wp.com\/luxonomy.net\/wp-content\/uploads\/2021\/06\/El-Forum-esta%CC%81-en-el-corazo%CC%81n-del-teatro-que-ha-sido-reinventado-para-las-sesiones-de-Today-at-Apple.jpg?resize=38%2C48&amp;ssl=1 38w\" sizes=\"auto, (max-width: 653px) 100vw, 653px\" \/><figcaption id=\"caption-attachment-15669\" class=\"wp-caption-text\">El Forum est\u00e1 en el coraz\u00f3n del teatro, que ha sido reinventado para las sesiones de Today at Apple.<\/figcaption><\/figure>\n<p><strong>Apple Creative Studios &#8211; LA<\/strong> lanza tambi\u00e9n una iniciativa global para j\u00f3venes creativos con <strong>Today at Apple<\/strong> que se ofrece en las tiendas Apple Store de todo el mundo. En colaboraci\u00f3n con la organizaci\u00f3n sin \u00e1nimo de lucro <strong>Music Forward Foundation<\/strong>, as\u00ed como con <strong>Inner-City Arts y el Social Justice Learning Institute<\/strong>, Apple Creative Studios LA brindar\u00e1 <strong>acceso a tecnolog\u00eda, recursos creativos y experiencia pr\u00e1ctica, junto con una plataforma para elevar y amplificar -y las historias de futuros talentos durante nueve semanas de programaci\u00f3n gratuita<\/strong>.<\/p>\n<p><strong>Today at Apple tambi\u00e9n ofrecer\u00e1 sesiones p\u00fablicas<\/strong> en las tienda en Tower Theatre y sesiones virtuales organizadas por Creative Studios que ense\u00f1an a artistas y mentores, incluida la fot\u00f3grafa y cineasta Bethany Mollenkof, la rapera y productora D Smoke, la cantautora Syd y la violonchelista y cantante Kelsey Lu. . Noah Humes y su mentor, Maurice Harris, dos artistas que trabajaron en el mural fuera del Tower Theatre inspirados en el esp\u00edritu de Creative Studios LA, tambi\u00e9n impartir\u00e1n una sesi\u00f3n virtual. Todos pueden registrarse en <a href=\"https:\/\/www.apple.com\/today\/collection\/creative-studios-la\/towertheatre\/\" target=\"_blank\" rel=\"noopener\">apple.com\/creative-studios-la<\/a><\/p>\n","protected":false},"excerpt":{"rendered":"<p>Apple ha presentado su nueva tienda en el hist\u00f3rico Tower Theatre en el centro de Los \u00c1ngeles. Uno de los proyectos de restauraci\u00f3n m\u00e1s importantes de Apple hasta la fecha, Apple Tower Theatre tiene como objetivo inspirar a\u00fan m\u00e1s creatividad en el coraz\u00f3n del centro de la ciudad. Apple tambi\u00e9n lanzar\u00e1 tambi\u00e9n Apple Creative Studios,&hellip;<\/p>\n","protected":false},"author":14,"featured_media":15664,"comment_status":"open","ping_status":"open","sticky":false,"template":"","format":"standard","meta":{"_jetpack_newsletter_access":"","_jetpack_dont_email_post_to_subs":false,"_jetpack_newsletter_tier_id":0,"_jetpack_memberships_contains_paywalled_content":false,"_jetpack_feature_clip_id":0,"_jetpack_memberships_contains_paid_content":false,"footnotes":"","jetpack_publicize_message":"La espectacular nueva tienda de Apple en Los \u00c1ngeles.\r\n\r\nApple ha presentado su nueva tienda en el hist\u00f3rico Tower Theatre en el centro de Los \u00c1ngeles. Uno de los proyectos de restauraci\u00f3n m\u00e1s importantes de Apple hasta la fecha, Apple Tower Theatre tiene como objetivo inspirar a\u00fan m\u00e1s creatividad en el coraz\u00f3n del centro de la ciudad. Apple tambi\u00e9n lanzar\u00e1 tambi\u00e9n Apple Creative Studios, una iniciativa global que brindar\u00e1 experiencia pr\u00e1ctica y formaci\u00f3n a j\u00f3venes creativos.\r\n\r\nEl video completo de la tienda en este art\u00edculo de LUXONOMY.\r\n\r\n#luxonomy #apple #tech","jetpack_publicize_feature_enabled":true,"jetpack_social_post_already_shared":true,"jetpack_social_options":{"image_generator_settings":{"template":"edge","default_image_id":0,"font":"","enabled":false},"version":2},"jetpack_post_was_ever_published":false},"categories":[541],"tags":[842,1024],"thb-sponsors":[],"class_list":["post-15661","post","type-post","status-publish","format-standard","has-post-thumbnail","hentry","category-tech","tag-apple","tag-apple-tower-theatre"],"yoast_head":"<!-- This site is optimized with the Yoast SEO plugin v28.4 - https:\/\/yoast.com\/product\/yoast-seo-wordpress\/ -->\n<title>La espectacular nueva tienda de Apple en Los \u00c1ngeles | LUXONOMY<\/title>\n<meta name=\"robots\" content=\"index, follow, max-snippet:-1, max-image-preview:large, max-video-preview:-1\" \/>\n<link rel=\"canonical\" href=\"https:\/\/luxonomy.net\/es\/la-espectacular-nueva-tienda-de-apple-en-los-angeles\/\" \/>\n<meta property=\"og:locale\" content=\"es_ES\" \/>\n<meta property=\"og:type\" content=\"article\" \/>\n<meta property=\"og:title\" content=\"La espectacular nueva tienda de Apple en Los \u00c1ngeles | LUXONOMY\" \/>\n<meta property=\"og:description\" content=\"Apple ha presentado su nueva tienda en el hist\u00f3rico Tower Theatre en el centro de Los \u00c1ngeles. Uno de los proyectos de restauraci\u00f3n m\u00e1s importantes de Apple hasta la fecha, Apple Tower Theatre tiene como objetivo inspirar a\u00fan m\u00e1s creatividad en el coraz\u00f3n del centro de la ciudad. Apple tambi\u00e9n lanzar\u00e1 tambi\u00e9n Apple Creative Studios,&hellip;\" \/>\n<meta property=\"og:url\" content=\"https:\/\/luxonomy.net\/es\/la-espectacular-nueva-tienda-de-apple-en-los-angeles\/\" \/>\n<meta property=\"og:site_name\" content=\"LUXONOMY\" \/>\n<meta property=\"article:publisher\" content=\"https:\/\/www.facebook.com\/luxonomy\" \/>\n<meta property=\"article:published_time\" content=\"2021-06-24T09:14:14+00:00\" \/>\n<meta property=\"og:image\" content=\"https:\/\/i0.wp.com\/luxonomy.net\/wp-content\/uploads\/2021\/06\/apple-tower-theater-2.jpg?fit=1440%2C810&quality=89&ssl=1\" \/>\n\t<meta property=\"og:image:width\" content=\"1440\" \/>\n\t<meta property=\"og:image:height\" content=\"810\" \/>\n\t<meta property=\"og:image:type\" content=\"image\/jpeg\" \/>\n<meta name=\"author\" content=\"Pablo Rodriguez de Aguilar\" \/>\n<meta name=\"twitter:card\" content=\"summary_large_image\" \/>\n<meta name=\"twitter:label1\" content=\"Escrito por\" \/>\n\t<meta name=\"twitter:data1\" content=\"Pablo Rodriguez de Aguilar\" \/>\n\t<meta name=\"twitter:label2\" content=\"Tiempo de lectura\" \/>\n\t<meta name=\"twitter:data2\" content=\"4 minutos\" \/>\n<script type=\"application\/ld+json\" class=\"yoast-schema-graph\">{\"@context\":\"https:\\\/\\\/schema.org\",\"@graph\":[{\"@type\":\"Article\",\"@id\":\"https:\\\/\\\/luxonomy.net\\\/es\\\/la-espectacular-nueva-tienda-de-apple-en-los-angeles\\\/#article\",\"isPartOf\":{\"@id\":\"https:\\\/\\\/luxonomy.net\\\/es\\\/la-espectacular-nueva-tienda-de-apple-en-los-angeles\\\/\"},\"author\":{\"name\":\"Pablo Rodriguez de Aguilar\",\"@id\":\"https:\\\/\\\/luxonomy.net\\\/es\\\/#\\\/schema\\\/person\\\/fc021969ca4a106d7ea9a64800b05fa7\"},\"headline\":\"La espectacular nueva tienda de Apple en Los \u00c1ngeles\",\"datePublished\":\"2021-06-24T09:14:14+00:00\",\"mainEntityOfPage\":{\"@id\":\"https:\\\/\\\/luxonomy.net\\\/es\\\/la-espectacular-nueva-tienda-de-apple-en-los-angeles\\\/\"},\"wordCount\":671,\"commentCount\":0,\"publisher\":{\"@id\":\"https:\\\/\\\/luxonomy.net\\\/es\\\/#organization\"},\"image\":{\"@id\":\"https:\\\/\\\/luxonomy.net\\\/es\\\/la-espectacular-nueva-tienda-de-apple-en-los-angeles\\\/#primaryimage\"},\"thumbnailUrl\":\"https:\\\/\\\/i0.wp.com\\\/luxonomy.net\\\/wp-content\\\/uploads\\\/2021\\\/06\\\/apple-tower-theater-2.jpg?fit=1440%2C810&ssl=1\",\"keywords\":[\"Apple\",\"Apple Tower Theatre\"],\"articleSection\":[\"Tech\"],\"inLanguage\":\"es\",\"potentialAction\":[{\"@type\":\"CommentAction\",\"name\":\"Comment\",\"target\":[\"https:\\\/\\\/luxonomy.net\\\/es\\\/la-espectacular-nueva-tienda-de-apple-en-los-angeles\\\/#respond\"]}]},{\"@type\":\"WebPage\",\"@id\":\"https:\\\/\\\/luxonomy.net\\\/es\\\/la-espectacular-nueva-tienda-de-apple-en-los-angeles\\\/\",\"url\":\"https:\\\/\\\/luxonomy.net\\\/es\\\/la-espectacular-nueva-tienda-de-apple-en-los-angeles\\\/\",\"name\":\"La espectacular nueva tienda de Apple en Los \u00c1ngeles | LUXONOMY\",\"isPartOf\":{\"@id\":\"https:\\\/\\\/luxonomy.net\\\/es\\\/#website\"},\"primaryImageOfPage\":{\"@id\":\"https:\\\/\\\/luxonomy.net\\\/es\\\/la-espectacular-nueva-tienda-de-apple-en-los-angeles\\\/#primaryimage\"},\"image\":{\"@id\":\"https:\\\/\\\/luxonomy.net\\\/es\\\/la-espectacular-nueva-tienda-de-apple-en-los-angeles\\\/#primaryimage\"},\"thumbnailUrl\":\"https:\\\/\\\/i0.wp.com\\\/luxonomy.net\\\/wp-content\\\/uploads\\\/2021\\\/06\\\/apple-tower-theater-2.jpg?fit=1440%2C810&ssl=1\",\"datePublished\":\"2021-06-24T09:14:14+00:00\",\"breadcrumb\":{\"@id\":\"https:\\\/\\\/luxonomy.net\\\/es\\\/la-espectacular-nueva-tienda-de-apple-en-los-angeles\\\/#breadcrumb\"},\"inLanguage\":\"es\",\"potentialAction\":[{\"@type\":\"ReadAction\",\"target\":[\"https:\\\/\\\/luxonomy.net\\\/es\\\/la-espectacular-nueva-tienda-de-apple-en-los-angeles\\\/\"]}]},{\"@type\":\"ImageObject\",\"inLanguage\":\"es\",\"@id\":\"https:\\\/\\\/luxonomy.net\\\/es\\\/la-espectacular-nueva-tienda-de-apple-en-los-angeles\\\/#primaryimage\",\"url\":\"https:\\\/\\\/i0.wp.com\\\/luxonomy.net\\\/wp-content\\\/uploads\\\/2021\\\/06\\\/apple-tower-theater-2.jpg?fit=1440%2C810&ssl=1\",\"contentUrl\":\"https:\\\/\\\/i0.wp.com\\\/luxonomy.net\\\/wp-content\\\/uploads\\\/2021\\\/06\\\/apple-tower-theater-2.jpg?fit=1440%2C810&ssl=1\",\"width\":1440,\"height\":810},{\"@type\":\"BreadcrumbList\",\"@id\":\"https:\\\/\\\/luxonomy.net\\\/es\\\/la-espectacular-nueva-tienda-de-apple-en-los-angeles\\\/#breadcrumb\",\"itemListElement\":[{\"@type\":\"ListItem\",\"position\":1,\"name\":\"Portada\",\"item\":\"https:\\\/\\\/luxonomy.net\\\/es\\\/\"},{\"@type\":\"ListItem\",\"position\":2,\"name\":\"La espectacular nueva tienda de Apple en Los \u00c1ngeles\"}]},{\"@type\":\"WebSite\",\"@id\":\"https:\\\/\\\/luxonomy.net\\\/es\\\/#website\",\"url\":\"https:\\\/\\\/luxonomy.net\\\/es\\\/\",\"name\":\"LUXONOMY\",\"description\":\"The Economy of Fashion &amp; Luxury\",\"publisher\":{\"@id\":\"https:\\\/\\\/luxonomy.net\\\/es\\\/#organization\"},\"potentialAction\":[{\"@type\":\"SearchAction\",\"target\":{\"@type\":\"EntryPoint\",\"urlTemplate\":\"https:\\\/\\\/luxonomy.net\\\/es\\\/?s={search_term_string}\"},\"query-input\":{\"@type\":\"PropertyValueSpecification\",\"valueRequired\":true,\"valueName\":\"search_term_string\"}}],\"inLanguage\":\"es\"},{\"@type\":\"Organization\",\"@id\":\"https:\\\/\\\/luxonomy.net\\\/es\\\/#organization\",\"name\":\"LUXONOMY\",\"url\":\"https:\\\/\\\/luxonomy.net\\\/es\\\/\",\"logo\":{\"@type\":\"ImageObject\",\"inLanguage\":\"es\",\"@id\":\"https:\\\/\\\/luxonomy.net\\\/es\\\/#\\\/schema\\\/logo\\\/image\\\/\",\"url\":\"https:\\\/\\\/i2.wp.com\\\/luxonomy.net\\\/wp-content\\\/uploads\\\/2021\\\/09\\\/MOCKUP-TODOS-LUXONOMY.jpg?fit=1000%2C515&ssl=1\",\"contentUrl\":\"https:\\\/\\\/i2.wp.com\\\/luxonomy.net\\\/wp-content\\\/uploads\\\/2021\\\/09\\\/MOCKUP-TODOS-LUXONOMY.jpg?fit=1000%2C515&ssl=1\",\"width\":1000,\"height\":515,\"caption\":\"LUXONOMY\"},\"image\":{\"@id\":\"https:\\\/\\\/luxonomy.net\\\/es\\\/#\\\/schema\\\/logo\\\/image\\\/\"},\"sameAs\":[\"https:\\\/\\\/www.facebook.com\\\/luxonomy\",\"https:\\\/\\\/www.instagram.com\\\/luxonomy\\\/\",\"https:\\\/\\\/www.linkedin.com\\\/company\\\/luxonomy\\\/\"]},{\"@type\":\"Person\",\"@id\":\"https:\\\/\\\/luxonomy.net\\\/es\\\/#\\\/schema\\\/person\\\/fc021969ca4a106d7ea9a64800b05fa7\",\"name\":\"Pablo Rodriguez de Aguilar\",\"image\":{\"@type\":\"ImageObject\",\"inLanguage\":\"es\",\"@id\":\"https:\\\/\\\/luxonomy.net\\\/wp-content\\\/litespeed\\\/avatar\\\/d4cf5f3956bcabe0ce8ae95e4c6604f9.jpg?ver=1788140676\",\"url\":\"https:\\\/\\\/luxonomy.net\\\/wp-content\\\/litespeed\\\/avatar\\\/d4cf5f3956bcabe0ce8ae95e4c6604f9.jpg?ver=1788140676\",\"contentUrl\":\"https:\\\/\\\/luxonomy.net\\\/wp-content\\\/litespeed\\\/avatar\\\/d4cf5f3956bcabe0ce8ae95e4c6604f9.jpg?ver=1788140676\",\"caption\":\"Pablo Rodriguez de Aguilar\"},\"description\":\"Regional Sales Manager at LUXONOMY\u2122 Group America\",\"sameAs\":[\"mailto:info@salondellujo.com\"],\"url\":\"https:\\\/\\\/luxonomy.net\\\/es\\\/author\\\/pablo-rodriguez-de-aguilar\\\/\"}]}<\/script>\n<!-- \/ Yoast SEO plugin. -->","yoast_head_json":{"title":"La espectacular nueva tienda de Apple en Los \u00c1ngeles | LUXONOMY","robots":{"index":"index","follow":"follow","max-snippet":"max-snippet:-1","max-image-preview":"max-image-preview:large","max-video-preview":"max-video-preview:-1"},"canonical":"https:\/\/luxonomy.net\/es\/la-espectacular-nueva-tienda-de-apple-en-los-angeles\/","og_locale":"es_ES","og_type":"article","og_title":"La espectacular nueva tienda de Apple en Los \u00c1ngeles | LUXONOMY","og_description":"Apple ha presentado su nueva tienda en el hist\u00f3rico Tower Theatre en el centro de Los \u00c1ngeles. Uno de los proyectos de restauraci\u00f3n m\u00e1s importantes de Apple hasta la fecha, Apple Tower Theatre tiene como objetivo inspirar a\u00fan m\u00e1s creatividad en el coraz\u00f3n del centro de la ciudad. Apple tambi\u00e9n lanzar\u00e1 tambi\u00e9n Apple Creative Studios,&hellip;","og_url":"https:\/\/luxonomy.net\/es\/la-espectacular-nueva-tienda-de-apple-en-los-angeles\/","og_site_name":"LUXONOMY","article_publisher":"https:\/\/www.facebook.com\/luxonomy","article_published_time":"2021-06-24T09:14:14+00:00","og_image":[{"width":1440,"height":810,"url":"https:\/\/i0.wp.com\/luxonomy.net\/wp-content\/uploads\/2021\/06\/apple-tower-theater-2.jpg?fit=1440%2C810&quality=89&ssl=1","type":"image\/jpeg"}],"author":"Pablo Rodriguez de Aguilar","twitter_card":"summary_large_image","twitter_misc":{"Escrito por":"Pablo Rodriguez de Aguilar","Tiempo de lectura":"4 minutos"},"schema":{"@context":"https:\/\/schema.org","@graph":[{"@type":"Article","@id":"https:\/\/luxonomy.net\/es\/la-espectacular-nueva-tienda-de-apple-en-los-angeles\/#article","isPartOf":{"@id":"https:\/\/luxonomy.net\/es\/la-espectacular-nueva-tienda-de-apple-en-los-angeles\/"},"author":{"name":"Pablo Rodriguez de Aguilar","@id":"https:\/\/luxonomy.net\/es\/#\/schema\/person\/fc021969ca4a106d7ea9a64800b05fa7"},"headline":"La espectacular nueva tienda de Apple en Los \u00c1ngeles","datePublished":"2021-06-24T09:14:14+00:00","mainEntityOfPage":{"@id":"https:\/\/luxonomy.net\/es\/la-espectacular-nueva-tienda-de-apple-en-los-angeles\/"},"wordCount":671,"commentCount":0,"publisher":{"@id":"https:\/\/luxonomy.net\/es\/#organization"},"image":{"@id":"https:\/\/luxonomy.net\/es\/la-espectacular-nueva-tienda-de-apple-en-los-angeles\/#primaryimage"},"thumbnailUrl":"https:\/\/i0.wp.com\/luxonomy.net\/wp-content\/uploads\/2021\/06\/apple-tower-theater-2.jpg?fit=1440%2C810&ssl=1","keywords":["Apple","Apple Tower Theatre"],"articleSection":["Tech"],"inLanguage":"es","potentialAction":[{"@type":"CommentAction","name":"Comment","target":["https:\/\/luxonomy.net\/es\/la-espectacular-nueva-tienda-de-apple-en-los-angeles\/#respond"]}]},{"@type":"WebPage","@id":"https:\/\/luxonomy.net\/es\/la-espectacular-nueva-tienda-de-apple-en-los-angeles\/","url":"https:\/\/luxonomy.net\/es\/la-espectacular-nueva-tienda-de-apple-en-los-angeles\/","name":"La espectacular nueva tienda de Apple en Los \u00c1ngeles | LUXONOMY","isPartOf":{"@id":"https:\/\/luxonomy.net\/es\/#website"},"primaryImageOfPage":{"@id":"https:\/\/luxonomy.net\/es\/la-espectacular-nueva-tienda-de-apple-en-los-angeles\/#primaryimage"},"image":{"@id":"https:\/\/luxonomy.net\/es\/la-espectacular-nueva-tienda-de-apple-en-los-angeles\/#primaryimage"},"thumbnailUrl":"https:\/\/i0.wp.com\/luxonomy.net\/wp-content\/uploads\/2021\/06\/apple-tower-theater-2.jpg?fit=1440%2C810&ssl=1","datePublished":"2021-06-24T09:14:14+00:00","breadcrumb":{"@id":"https:\/\/luxonomy.net\/es\/la-espectacular-nueva-tienda-de-apple-en-los-angeles\/#breadcrumb"},"inLanguage":"es","potentialAction":[{"@type":"ReadAction","target":["https:\/\/luxonomy.net\/es\/la-espectacular-nueva-tienda-de-apple-en-los-angeles\/"]}]},{"@type":"ImageObject","inLanguage":"es","@id":"https:\/\/luxonomy.net\/es\/la-espectacular-nueva-tienda-de-apple-en-los-angeles\/#primaryimage","url":"https:\/\/i0.wp.com\/luxonomy.net\/wp-content\/uploads\/2021\/06\/apple-tower-theater-2.jpg?fit=1440%2C810&ssl=1","contentUrl":"https:\/\/i0.wp.com\/luxonomy.net\/wp-content\/uploads\/2021\/06\/apple-tower-theater-2.jpg?fit=1440%2C810&ssl=1","width":1440,"height":810},{"@type":"BreadcrumbList","@id":"https:\/\/luxonomy.net\/es\/la-espectacular-nueva-tienda-de-apple-en-los-angeles\/#breadcrumb","itemListElement":[{"@type":"ListItem","position":1,"name":"Portada","item":"https:\/\/luxonomy.net\/es\/"},{"@type":"ListItem","position":2,"name":"La espectacular nueva tienda de Apple en Los \u00c1ngeles"}]},{"@type":"WebSite","@id":"https:\/\/luxonomy.net\/es\/#website","url":"https:\/\/luxonomy.net\/es\/","name":"LUXONOMY","description":"The Economy of Fashion &amp; Luxury","publisher":{"@id":"https:\/\/luxonomy.net\/es\/#organization"},"potentialAction":[{"@type":"SearchAction","target":{"@type":"EntryPoint","urlTemplate":"https:\/\/luxonomy.net\/es\/?s={search_term_string}"},"query-input":{"@type":"PropertyValueSpecification","valueRequired":true,"valueName":"search_term_string"}}],"inLanguage":"es"},{"@type":"Organization","@id":"https:\/\/luxonomy.net\/es\/#organization","name":"LUXONOMY","url":"https:\/\/luxonomy.net\/es\/","logo":{"@type":"ImageObject","inLanguage":"es","@id":"https:\/\/luxonomy.net\/es\/#\/schema\/logo\/image\/","url":"https:\/\/i2.wp.com\/luxonomy.net\/wp-content\/uploads\/2021\/09\/MOCKUP-TODOS-LUXONOMY.jpg?fit=1000%2C515&ssl=1","contentUrl":"https:\/\/i2.wp.com\/luxonomy.net\/wp-content\/uploads\/2021\/09\/MOCKUP-TODOS-LUXONOMY.jpg?fit=1000%2C515&ssl=1","width":1000,"height":515,"caption":"LUXONOMY"},"image":{"@id":"https:\/\/luxonomy.net\/es\/#\/schema\/logo\/image\/"},"sameAs":["https:\/\/www.facebook.com\/luxonomy","https:\/\/www.instagram.com\/luxonomy\/","https:\/\/www.linkedin.com\/company\/luxonomy\/"]},{"@type":"Person","@id":"https:\/\/luxonomy.net\/es\/#\/schema\/person\/fc021969ca4a106d7ea9a64800b05fa7","name":"Pablo Rodriguez de Aguilar","image":{"@type":"ImageObject","inLanguage":"es","@id":"https:\/\/luxonomy.net\/wp-content\/litespeed\/avatar\/d4cf5f3956bcabe0ce8ae95e4c6604f9.jpg?ver=1788140676","url":"https:\/\/luxonomy.net\/wp-content\/litespeed\/avatar\/d4cf5f3956bcabe0ce8ae95e4c6604f9.jpg?ver=1788140676","contentUrl":"https:\/\/luxonomy.net\/wp-content\/litespeed\/avatar\/d4cf5f3956bcabe0ce8ae95e4c6604f9.jpg?ver=1788140676","caption":"Pablo Rodriguez de Aguilar"},"description":"Regional Sales Manager at LUXONOMY\u2122 Group America","sameAs":["mailto:info@salondellujo.com"],"url":"https:\/\/luxonomy.net\/es\/author\/pablo-rodriguez-de-aguilar\/"}]}},"jetpack_publicize_connections":[],"jetpack_shortlink":"https:\/\/wp.me\/paPhBa-44B","jetpack_sharing_enabled":true,"jetpack_featured_media_url":"https:\/\/i0.wp.com\/luxonomy.net\/wp-content\/uploads\/2021\/06\/apple-tower-theater-2.jpg?fit=1440%2C810&ssl=1","_links":{"self":[{"href":"https:\/\/luxonomy.net\/es\/wp-json\/wp\/v2\/posts\/15661","targetHints":{"allow":["GET"]}}],"collection":[{"href":"https:\/\/luxonomy.net\/es\/wp-json\/wp\/v2\/posts"}],"about":[{"href":"https:\/\/luxonomy.net\/es\/wp-json\/wp\/v2\/types\/post"}],"author":[{"embeddable":true,"href":"https:\/\/luxonomy.net\/es\/wp-json\/wp\/v2\/users\/14"}],"replies":[{"embeddable":true,"href":"https:\/\/luxonomy.net\/es\/wp-json\/wp\/v2\/comments?post=15661"}],"version-history":[{"count":8,"href":"https:\/\/luxonomy.net\/es\/wp-json\/wp\/v2\/posts\/15661\/revisions"}],"predecessor-version":[{"id":15674,"href":"https:\/\/luxonomy.net\/es\/wp-json\/wp\/v2\/posts\/15661\/revisions\/15674"}],"wp:featuredmedia":[{"embeddable":true,"href":"https:\/\/luxonomy.net\/es\/wp-json\/wp\/v2\/media\/15664"}],"wp:attachment":[{"href":"https:\/\/luxonomy.net\/es\/wp-json\/wp\/v2\/media?parent=15661"}],"wp:term":[{"taxonomy":"category","embeddable":true,"href":"https:\/\/luxonomy.net\/es\/wp-json\/wp\/v2\/categories?post=15661"},{"taxonomy":"post_tag","embeddable":true,"href":"https:\/\/luxonomy.net\/es\/wp-json\/wp\/v2\/tags?post=15661"},{"taxonomy":"thb-sponsors","embeddable":true,"href":"https:\/\/luxonomy.net\/es\/wp-json\/wp\/v2\/thb-sponsors?post=15661"}],"curies":[{"name":"wp","href":"https:\/\/api.w.org\/{rel}","templated":true}]}}