{"id":15092,"date":"2021-05-28T13:41:18","date_gmt":"2021-05-28T11:41:18","guid":{"rendered":"https:\/?p=15092"},"modified":"2021-05-28T13:41:18","modified_gmt":"2021-05-28T11:41:18","slug":"breitling-presenta-su-colaboracion-con-sugi-amplificando-el-mensaje-de-la-reforestacion-junto-a-su-chefsquad","status":"publish","type":"post","link":"https:\/\/luxonomy.net\/es\/breitling-presenta-su-colaboracion-con-sugi-amplificando-el-mensaje-de-la-reforestacion-junto-a-su-chefsquad\/","title":{"rendered":"Breitling presenta su colaboraci\u00f3n con SUGI, amplificando el mensaje de la reforestaci\u00f3n junto a su #CHEFSQUAD"},"content":{"rendered":"<p>Los destacad\u00edsimos miembros del <strong>Chef Squad<\/strong>, <strong>Quique Dacosta, Maca de Castro y Mario Sandoval<\/strong>, que suman 8 estrellas Michelin, han presentado en <strong>Palma de Mallorca la colaboraci\u00f3n de la firma relojera con SUGi<\/strong>.<\/p>\n<p>En colaboraci\u00f3n con la <strong>organizaci\u00f3n SUGi<\/strong>, que promueve la <strong>reforestaci\u00f3n y la construcci\u00f3n de ecosistemas tanto terrestres como marinos<\/strong>, <strong>Breitling<\/strong> ha organizado una visita a la <strong>MiniSelva<\/strong>, un proyecto para reconstruir tierras agr\u00edcolas degradadas y no utilizadas en un bosque pr\u00f3spero. Su plantaci\u00f3n fue realizada en enero 2021, y ha sido el marco perfecto para presentar en primicia el nuevo video de SUGi &amp; Breitling; para ver la evoluci\u00f3n en el terreno y celebrar la asociaci\u00f3n entre ambas marcas.<\/p>\n[perfectpullquote align=&#8221;full&#8221; bordertop=&#8221;false&#8221; cite=&#8221;&#8221; link=&#8221;&#8221; color=&#8221;&#8221; class=&#8221;&#8221; size=&#8221;&#8221;]\u201cGracias a marcas como Breitling y sus colaboraciones con comunidades como la nuestra, podemos ayudar en la bonita tarea de volver a crear vida donde apenas parec\u00eda posible\u201d, ha comentado Elise Van Middelem, fundadora de SUGi.[\/perfectpullquote]\n<p>La <strong>red mundial de SUGi<\/strong> est\u00e1 formada por <strong>\u00absilvicultores\u00bb<\/strong> que practican la renaturalizaci\u00f3n para crear bosques ultradensos y biodiversos con especies nativas, aplicando \u00fanicamente la t\u00e9cnica japonesa conocida como m\u00e9todo Miyawaki. Los Bosques Urbanos SUGi son 100% nativos, 30 veces m\u00e1s densos y 100 veces m\u00e1s biodiversos que las plantaciones silv\u00edcolas convencionales. Tambi\u00e9n absorben 16 veces m\u00e1s carbono.<\/p><div id=\"luxon-1422917336\" class=\"luxon-3er-parrafo luxon-entity-placement\" style=\"margin-top: 20px;margin-bottom: 20px;margin-left: auto;margin-right: auto;text-align: center;\"><a href=\"https:\/\/luxonomy.university\/course\/master-turismo-de-lujo\" target=\"_blank\" aria-label=\"master-turismo-lujo-2026-2027\"><img loading=\"lazy\" decoding=\"async\" src=\"https:\/\/i0.wp.com\/luxonomy.net\/wp-content\/uploads\/2020\/07\/master-turismo-lujo-2026-2027.jpg?fit=1672%2C941&#038;ssl=1\" alt=\"\"  srcset=\"https:\/\/i0.wp.com\/luxonomy.net\/wp-content\/uploads\/2020\/07\/master-turismo-lujo-2026-2027.jpg?w=1672&ssl=1 1672w, https:\/\/i0.wp.com\/luxonomy.net\/wp-content\/uploads\/2020\/07\/master-turismo-lujo-2026-2027.jpg?resize=300%2C169&ssl=1 300w, https:\/\/i0.wp.com\/luxonomy.net\/wp-content\/uploads\/2020\/07\/master-turismo-lujo-2026-2027.jpg?resize=1024%2C576&ssl=1 1024w, https:\/\/i0.wp.com\/luxonomy.net\/wp-content\/uploads\/2020\/07\/master-turismo-lujo-2026-2027.jpg?resize=768%2C432&ssl=1 768w, https:\/\/i0.wp.com\/luxonomy.net\/wp-content\/uploads\/2020\/07\/master-turismo-lujo-2026-2027.jpg?resize=1536%2C864&ssl=1 1536w, https:\/\/i0.wp.com\/luxonomy.net\/wp-content\/uploads\/2020\/07\/master-turismo-lujo-2026-2027.jpg?resize=370%2C208&ssl=1 370w, https:\/\/i0.wp.com\/luxonomy.net\/wp-content\/uploads\/2020\/07\/master-turismo-lujo-2026-2027.jpg?resize=800%2C450&ssl=1 800w, https:\/\/i0.wp.com\/luxonomy.net\/wp-content\/uploads\/2020\/07\/master-turismo-lujo-2026-2027.jpg?resize=20%2C11&ssl=1 20w, https:\/\/i0.wp.com\/luxonomy.net\/wp-content\/uploads\/2020\/07\/master-turismo-lujo-2026-2027.jpg?resize=740%2C416&ssl=1 740w, https:\/\/i0.wp.com\/luxonomy.net\/wp-content\/uploads\/2020\/07\/master-turismo-lujo-2026-2027.jpg?resize=1600%2C900&ssl=1 1600w, https:\/\/i0.wp.com\/luxonomy.net\/wp-content\/uploads\/2020\/07\/master-turismo-lujo-2026-2027.jpg?resize=1200%2C675&ssl=1 1200w, https:\/\/i0.wp.com\/luxonomy.net\/wp-content\/uploads\/2020\/07\/master-turismo-lujo-2026-2027.jpg?resize=85%2C48&ssl=1 85w\" sizes=\"(max-width: 1170px) 100vw, 1170px\" class=\"no-lazyload\" width=\"1672\" height=\"941\"   \/><\/a><\/div>\n<p><img loading=\"lazy\" decoding=\"async\" data-attachment-id=\"15095\" data-permalink=\"https:\/\/luxonomy.net\/es\/breitling-presenta-su-colaboracion-con-sugi-amplificando-el-mensaje-de-la-reforestacion-junto-a-su-chefsquad\/breitling-chefs-2\/\" data-orig-file=\"https:\/\/i0.wp.com\/luxonomy.net\/wp-content\/uploads\/2021\/05\/Breitling-chefs-2.jpg?fit=750%2C500&amp;ssl=1\" data-orig-size=\"750,500\" data-comments-opened=\"1\" data-image-title=\"Breitling-chefs-2\" data-image-description=\"\" data-image-caption=\"\" data-large-file=\"https:\/\/i0.wp.com\/luxonomy.net\/wp-content\/uploads\/2021\/05\/Breitling-chefs-2.jpg?fit=750%2C500&amp;ssl=1\" class=\"aligncenter size-full wp-image-15095 lazyload\" src=\"data:image\/gif;base64,R0lGODlhAQABAAAAACH5BAEKAAEALAAAAAABAAEAAAICTAEAOw==\" data-src=\"http:\/\/luxonomy.net\/wp-content\/uploads\/2021\/05\/Breitling-chefs-2.jpg\" alt=\"\" width=\"750\" height=\"500\" data-sizes=\"auto\" data-srcset=\"https:\/\/i0.wp.com\/luxonomy.net\/wp-content\/uploads\/2021\/05\/Breitling-chefs-2.jpg?w=750&amp;ssl=1 750w, https:\/\/i0.wp.com\/luxonomy.net\/wp-content\/uploads\/2021\/05\/Breitling-chefs-2.jpg?resize=300%2C200&amp;ssl=1 300w, https:\/\/i0.wp.com\/luxonomy.net\/wp-content\/uploads\/2021\/05\/Breitling-chefs-2.jpg?resize=370%2C247&amp;ssl=1 370w, https:\/\/i0.wp.com\/luxonomy.net\/wp-content\/uploads\/2021\/05\/Breitling-chefs-2.jpg?resize=20%2C13&amp;ssl=1 20w, https:\/\/i0.wp.com\/luxonomy.net\/wp-content\/uploads\/2021\/05\/Breitling-chefs-2.jpg?resize=185%2C123&amp;ssl=1 185w, https:\/\/i0.wp.com\/luxonomy.net\/wp-content\/uploads\/2021\/05\/Breitling-chefs-2.jpg?resize=740%2C493&amp;ssl=1 740w, https:\/\/i0.wp.com\/luxonomy.net\/wp-content\/uploads\/2021\/05\/Breitling-chefs-2.jpg?resize=400%2C267&amp;ssl=1 400w, https:\/\/i0.wp.com\/luxonomy.net\/wp-content\/uploads\/2021\/05\/Breitling-chefs-2.jpg?resize=600%2C400&amp;ssl=1 600w, https:\/\/i0.wp.com\/luxonomy.net\/wp-content\/uploads\/2021\/05\/Breitling-chefs-2.jpg?resize=72%2C48&amp;ssl=1 72w\" sizes=\"auto, (max-width: 750px) 100vw, 750px\" \/><\/p>\n<p>El <strong>Chef Squad ha sido invitado<\/strong> al evento con la misi\u00f3n de poner de manifiesto su compromiso con el medio ambiente y servir de altavoz para llegar y concienciar a cada vez m\u00e1s gente. Una jornada que ha servido para aprender sobre la naturaleza, sentar precedentes y reconectar con la tierra. Tras una breve charla, los chefs han podido conocer de cerca el proyecto llamado <strong>MiniSelva<\/strong>, que se est\u00e1 llevando a cabo en Llucmajor en la ecofinca Sa Qenti. Este proyecto financiado por SUGi es el primero realizado por la organizaci\u00f3n en Espa\u00f1a, naci\u00f3 en enero de 2021 gracias a 12 voluntarios que implementaron el m\u00e9todo Miyawaki y consiguieron plantar m\u00e1s de 20 especies, con un total de 800 \u00e1rboles en 170m2.<\/p>\n<p>\u201cLa isla de Mallorca se ver\u00e1 profundamente afectada por el cambio clim\u00e1tico y la mejor protecci\u00f3n para muchas partes de la isla es recrear diversos bosques protectores alrededor y dentro de pueblos y ciudades mallorquinas. La MiniSelva ser\u00e1 un proyecto educativo para que los propietarios de tierras vecinas aprendan c\u00f3mo el m\u00e9todo Miyawaki est\u00e1 creando resultados impresionantes en cuanto a reforestaci\u00f3n y regeneraci\u00f3n de tierras agr\u00edcolas\u201d, ha declarado <strong>Ludovic Flandin, responsable de Sa Qenti<\/strong>.<\/p>\n<p>\u201cBreitling, una marca mundialmente conocida que representa un lujo inclusivo y sostenible, es el altavoz perfecto para abogar por formas innovadoras de proteger el medioambiente. Con este partnership con SUGi, buscamos dar voz a la naturaleza y si es a trav\u00e9s de rostros conocidos de nuestra regi\u00f3n como el Chef Squad, ya tenemos un gran trabajo avanzado\u201d ha concluido <strong>Alix Dupupet, Directora de Marketing Sur de Europa de Breitling<\/strong>.<\/p>\n<p><strong>Mario Sandoval<\/strong> ha comentado que es vital comunicar las iniciativas de Breitling y SUGi para que se conozcan mejor en todo el mundo sus misiones a favor del medio ambiente, \u201cla naturaleza es un tesoro al que debemos prestar atenci\u00f3n y conservar\u201d ha aclarado.<\/p><div id=\"luxon-569496931\" class=\"luxon-7-parrafo luxon-entity-placement\" style=\"margin-top: 20px;margin-bottom: 20px;margin-left: auto;margin-right: auto;text-align: center;\"><a href=\"https:\/\/theintelligence.institute\/course\/inteligencia-artificial-para-directivos\" target=\"_blank\" aria-label=\"CSIAD_empresas_THEI_horizontal_4x3_v5\"><img loading=\"lazy\" decoding=\"async\" src=\"https:\/\/i0.wp.com\/luxonomy.net\/wp-content\/uploads\/2025\/08\/CSIAD_empresas_THEI_horizontal_4x3_v5.png?fit=2000%2C1500&#038;ssl=1\" alt=\"\"  srcset=\"https:\/\/i0.wp.com\/luxonomy.net\/wp-content\/uploads\/2025\/08\/CSIAD_empresas_THEI_horizontal_4x3_v5.png?w=2000&ssl=1 2000w, https:\/\/i0.wp.com\/luxonomy.net\/wp-content\/uploads\/2025\/08\/CSIAD_empresas_THEI_horizontal_4x3_v5.png?resize=300%2C225&ssl=1 300w, https:\/\/i0.wp.com\/luxonomy.net\/wp-content\/uploads\/2025\/08\/CSIAD_empresas_THEI_horizontal_4x3_v5.png?resize=1024%2C768&ssl=1 1024w, https:\/\/i0.wp.com\/luxonomy.net\/wp-content\/uploads\/2025\/08\/CSIAD_empresas_THEI_horizontal_4x3_v5.png?resize=768%2C576&ssl=1 768w, https:\/\/i0.wp.com\/luxonomy.net\/wp-content\/uploads\/2025\/08\/CSIAD_empresas_THEI_horizontal_4x3_v5.png?resize=1536%2C1152&ssl=1 1536w, https:\/\/i0.wp.com\/luxonomy.net\/wp-content\/uploads\/2025\/08\/CSIAD_empresas_THEI_horizontal_4x3_v5.png?resize=370%2C278&ssl=1 370w, https:\/\/i0.wp.com\/luxonomy.net\/wp-content\/uploads\/2025\/08\/CSIAD_empresas_THEI_horizontal_4x3_v5.png?resize=800%2C600&ssl=1 800w, https:\/\/i0.wp.com\/luxonomy.net\/wp-content\/uploads\/2025\/08\/CSIAD_empresas_THEI_horizontal_4x3_v5.png?resize=20%2C15&ssl=1 20w, https:\/\/i0.wp.com\/luxonomy.net\/wp-content\/uploads\/2025\/08\/CSIAD_empresas_THEI_horizontal_4x3_v5.png?resize=740%2C555&ssl=1 740w, https:\/\/i0.wp.com\/luxonomy.net\/wp-content\/uploads\/2025\/08\/CSIAD_empresas_THEI_horizontal_4x3_v5.png?resize=1600%2C1200&ssl=1 1600w, https:\/\/i0.wp.com\/luxonomy.net\/wp-content\/uploads\/2025\/08\/CSIAD_empresas_THEI_horizontal_4x3_v5.png?resize=1200%2C900&ssl=1 1200w, https:\/\/i0.wp.com\/luxonomy.net\/wp-content\/uploads\/2025\/08\/CSIAD_empresas_THEI_horizontal_4x3_v5.png?resize=64%2C48&ssl=1 64w\" sizes=\"(max-width: 1170px) 100vw, 1170px\" class=\"no-lazyload\" width=\"2000\" height=\"1500\"   \/><\/a><\/div>\n<p>\u201cMe he sentido muy identificada con esta misi\u00f3n, para mi es muy importante apoyar la flora y fauna de mi isla\u201d ha declarado <strong>Macarena de Castro<\/strong>. \u201cEs importante dar ejemplo si queremos alcanzar una nueva manera de producir y consumir, que busquemos respuestas para los cambios medioambientales\u201d.<\/p>\n<p>\u201cHoy mis colegas y yo formamos Squad de nuevo para intentar cuidar y concienciar sobre el lujo m\u00e1s preciado del que disponemos: la naturaleza. Mi relaci\u00f3n con la naturaleza es de profundo respeto, algo que est\u00e1 en m\u00ed desde ni\u00f1o. Forma parte de mi ADN familiar y por tanto mi amor por el medio ambiente, por la flora y por la fauna, forma parte de mi vida y de mi oficio\u201d ha comentado <strong>Quique Dacosta<\/strong>.<\/p>\n<p>La implicaci\u00f3n de <strong>Breitling en el proyecto de SUGi<\/strong> complementa sus esfuerzos por ser neutral en CO2 y consolidarse como compa\u00f1\u00eda socialmente responsable y con una huella de carbono m\u00ednima. Breitling mantiene asociaciones centradas en el medio ambiente con Ocean Conservancy y la Solar Impulse Foundation. En cooperaci\u00f3n con el fabricante de ropa sostenible Outerknown, Breitling lanz\u00f3 su colecci\u00f3n de <strong>correas de naylon reciclado<\/strong> hechas con ECONYL\u00ae, un hilo con reciclaje infinito.<br \/>\nBreitling ha introducido recientemente la que es en el sector la <strong>primera caja para relojes ecol\u00f3gica, plegable y reutilizable<\/strong>. Gracias a su tama\u00f1o reducido y el uso de menos componentes, se minimizan tambi\u00e9n los costes y el impacto medioambiental asociados al transporte. Cuando un cliente elija el embalaje antiguo en vez de la nueva opci\u00f3n sostenible, Breitling le propondr\u00e1 donar voluntariamente 20 d\u00f3lares a SUGi.<\/p>\n<p><img loading=\"lazy\" decoding=\"async\" data-attachment-id=\"15096\" data-permalink=\"https:\/\/luxonomy.net\/es\/breitling-presenta-su-colaboracion-con-sugi-amplificando-el-mensaje-de-la-reforestacion-junto-a-su-chefsquad\/breitlings-new-watch-box\/\" data-orig-file=\"https:\/\/i0.wp.com\/luxonomy.net\/wp-content\/uploads\/2021\/05\/Breitlings-New-Watch-Box.jpg?fit=750%2C603&amp;ssl=1\" data-orig-size=\"750,603\" data-comments-opened=\"1\" data-image-title=\"Breitling&amp;#8217;s-New-Watch-Box\" data-image-description=\"\" data-image-caption=\"\" data-large-file=\"https:\/\/i0.wp.com\/luxonomy.net\/wp-content\/uploads\/2021\/05\/Breitlings-New-Watch-Box.jpg?fit=750%2C603&amp;ssl=1\" class=\"aligncenter size-full wp-image-15096 lazyload\" src=\"data:image\/gif;base64,R0lGODlhAQABAAAAACH5BAEKAAEALAAAAAABAAEAAAICTAEAOw==\" data-src=\"http:\/\/luxonomy.net\/wp-content\/uploads\/2021\/05\/Breitlings-New-Watch-Box.jpg\" alt=\"\" width=\"750\" height=\"603\" data-sizes=\"auto\" data-srcset=\"https:\/\/i0.wp.com\/luxonomy.net\/wp-content\/uploads\/2021\/05\/Breitlings-New-Watch-Box.jpg?w=750&amp;ssl=1 750w, https:\/\/i0.wp.com\/luxonomy.net\/wp-content\/uploads\/2021\/05\/Breitlings-New-Watch-Box.jpg?resize=300%2C241&amp;ssl=1 300w, https:\/\/i0.wp.com\/luxonomy.net\/wp-content\/uploads\/2021\/05\/Breitlings-New-Watch-Box.jpg?resize=370%2C297&amp;ssl=1 370w, https:\/\/i0.wp.com\/luxonomy.net\/wp-content\/uploads\/2021\/05\/Breitlings-New-Watch-Box.jpg?resize=20%2C16&amp;ssl=1 20w, https:\/\/i0.wp.com\/luxonomy.net\/wp-content\/uploads\/2021\/05\/Breitlings-New-Watch-Box.jpg?resize=185%2C149&amp;ssl=1 185w, https:\/\/i0.wp.com\/luxonomy.net\/wp-content\/uploads\/2021\/05\/Breitlings-New-Watch-Box.jpg?resize=740%2C595&amp;ssl=1 740w, https:\/\/i0.wp.com\/luxonomy.net\/wp-content\/uploads\/2021\/05\/Breitlings-New-Watch-Box.jpg?resize=400%2C322&amp;ssl=1 400w, https:\/\/i0.wp.com\/luxonomy.net\/wp-content\/uploads\/2021\/05\/Breitlings-New-Watch-Box.jpg?resize=600%2C482&amp;ssl=1 600w, https:\/\/i0.wp.com\/luxonomy.net\/wp-content\/uploads\/2021\/05\/Breitlings-New-Watch-Box.jpg?resize=60%2C48&amp;ssl=1 60w\" sizes=\"auto, (max-width: 750px) 100vw, 750px\" \/><\/p>\n<h3>PROYECTOS CON APOYO DE BREITLING<\/h3>\n<p>Breitling se enorgullece de su asociaci\u00f3n con SUGi. Esta organizaci\u00f3n de car\u00e1cter popular trabaja para hacer de la recuperaci\u00f3n de la biodiversidad una tarea simple que permita ser compartida y logre una transformaci\u00f3n social.<\/p>\n<p>Elise Van Middelem, fundadora de SUGi, se siente emocionada por la asociaci\u00f3n con Breitling. En sus propias palabras, \u00abSUGi es una oportunidad espl\u00e9ndida para que tantos parajes abandonados, vertederos, aparcamientos y canales se transformen en h\u00e1bitats ideales donde aniden las aves y crezcan los frutales, donde sople aire fresco y arraigue la magia de la naturaleza. Tenemos la misi\u00f3n de restaurar comunidades en sus aspectos ecol\u00f3gico y social haciendo de la naturaleza algo m\u00e1s cercano para cualquiera en cualquier parte. Me entusiasma dar la bienvenida a Breitling a nuestro territorio.\u00bb En un principio, Breitling presta su apoyo a cuatro importantes proyectos de SUGi con m\u00e1s de 10.500 \u00e1rboles, 3.000 metros cuadrados y 195 especie nativas.<\/p>\n<h3>SAN MIGUEL TULLY<\/h3>\n<p>San Miguel Tully, en Australia, es un ecosistema de estuario que, al igual que el terreno circundante, necesita una revitalizaci\u00f3n. Purificar sus corrientes de desag\u00fce es un factor esencial para la calidad del parque marino de la Gran Barrera de Coral. Parajes como este estuario, con una flora ex\u00f3tica y poco habitual, son santuarios naturales. Forman un oasis m\u00ednimo, pero esencial, en un oc\u00e9ano de terreno agr\u00edcola. Seg\u00fan el silvicultor Brett Krause, \u00abcon el apoyo de Breitling, el bosque Miyawaki de SUGi va a restaurar el ecosistema degradado, haciendo revivir el \u00e1rea de bosque pluvial y ayudando a la polinizaci\u00f3n de los frutales.\u00bb<\/p>\n<h3>CUENCA H\u00cdDRICA BULU<\/h3>\n<p>Aunque el \u00e1rea de Buea, al sudoeste de Camer\u00fan, goza de abundantes recursos h\u00eddricos, la poblaci\u00f3n local \u2014a consecuencia de una gesti\u00f3n insuficiente del agua\u2014 afronta desde hace una generaci\u00f3n una grave crisis de suministro. La presi\u00f3n sobre la comunidad se ha intensificado a\u00fan m\u00e1s por el crecimiento demogr\u00e1fico y el r\u00e1pido proceso urbanizador. Breitling presta su apoyo a este ambicioso proyecto, que trabaja por renaturalizar cinco de las principales cuencas h\u00eddricas de Buea.<\/p>\n<h3>TU\u2019PAXIN<\/h3>\n<p>Debra pertenece al pueblo Yakama, que habita la zona central del estado de Washington. Su nombre en lengua nativa india es Tu\u2019paxin. La llamaron as\u00ed por su bisabuela, que fue una personalidad fuerte y ben\u00e9fica en su tribu. El bosque recibe su nombre de estas dos mujeres fuertes. Tu\u2019paxin pretende ser un bosque con efectos inspiradores y educativos, al modo de una \u00abrueda medicinal\u00bb. Debra se cri\u00f3 saliendo a las monta\u00f1as con su familia todos los fines de semana para acampar, hacer rutas a pie, pescar, recolectar y cazar.<\/p>\n<h3>HEALING FOREST<\/h3>\n<p>La finalidad del \u00abBosque Curativo\u00bb, en Idaho, es cultivar un recurso abundante para el pueblo Yakama, transformando un paraje est\u00e9ril en un bosque frondoso y pr\u00f3spero en el terreno de la instituci\u00f3n de reinserci\u00f3n y rehabilitaci\u00f3n del pueblo Yakama. El objetivo \u00faltimo es nutrir la tierra y restaurar las vidas de sus habitantes. Aunque las precipitaciones anuales son de tan<br \/>\nsolo 25 cm, es posible generar en la zona un bosque aut\u00f3ctono. El Healing Forest ense\u00f1ar\u00e1 la sabidur\u00eda de aquellos tiempos antiguos en que las personas viv\u00edan en equilibrio consigo mismas, con sus vecinos y con el mundo natural.<\/p>\n","protected":false},"excerpt":{"rendered":"<p>Los destacad\u00edsimos miembros del Chef Squad, Quique Dacosta, Maca de Castro y Mario Sandoval, que suman 8 estrellas Michelin, han presentado en Palma de Mallorca la colaboraci\u00f3n de la firma relojera con SUGi. En colaboraci\u00f3n con la organizaci\u00f3n SUGi, que promueve la reforestaci\u00f3n y la construcci\u00f3n de ecosistemas tanto terrestres como marinos, Breitling ha organizado&hellip;<\/p>\n","protected":false},"author":14,"featured_media":15093,"comment_status":"open","ping_status":"open","sticky":false,"template":"","format":"standard","meta":{"_jetpack_newsletter_access":"","_jetpack_dont_email_post_to_subs":false,"_jetpack_newsletter_tier_id":0,"_jetpack_memberships_contains_paywalled_content":false,"_jetpack_feature_clip_id":0,"_jetpack_memberships_contains_paid_content":false,"footnotes":"","jetpack_publicize_message":"Breitling presenta su colaboraci\u00f3n con SUGI, amplificando el mensaje de la reforestaci\u00f3n junto a su #CHEFSQUAD\r\n\r\nLos destacad\u00edsimos miembros del Chef Squad, Quique Dacosta, Maca de Castro y Mario Sandoval, que suman 8 estrellas Michelin, han presentado en Palma de Mallorca la colaboraci\u00f3n de la firma relojera con SUGi.\r\n\r\n#luxonomy #Breitling #ecoluxury #ecolujo #ChefSquad #quiquedacosta #macadecastro #mariosandoval","jetpack_publicize_feature_enabled":true,"jetpack_social_post_already_shared":true,"jetpack_social_options":{"image_generator_settings":{"template":"edge","default_image_id":0,"font":"","enabled":false},"version":2},"jetpack_post_was_ever_published":false},"categories":[688],"tags":[896,808,233,1003,1004,1002],"thb-sponsors":[],"class_list":["post-15092","post","type-post","status-publish","format-standard","has-post-thumbnail","hentry","category-sostenibilidad","tag-breitling","tag-ecolujo","tag-ecoluxury","tag-maca-de-castro","tag-mario-sandoval","tag-quique-dacosta"],"yoast_head":"<!-- This site is optimized with the Yoast SEO plugin v28.4 - https:\/\/yoast.com\/product\/yoast-seo-wordpress\/ -->\n<title>Breitling presenta su colaboraci\u00f3n con SUGI, amplificando el mensaje de la reforestaci\u00f3n junto a su #CHEFSQUAD | LUXONOMY<\/title>\n<meta name=\"robots\" content=\"index, follow, max-snippet:-1, max-image-preview:large, max-video-preview:-1\" \/>\n<link rel=\"canonical\" href=\"https:\/\/luxonomy.net\/es\/breitling-presenta-su-colaboracion-con-sugi-amplificando-el-mensaje-de-la-reforestacion-junto-a-su-chefsquad\/\" \/>\n<meta property=\"og:locale\" content=\"es_ES\" \/>\n<meta property=\"og:type\" content=\"article\" \/>\n<meta property=\"og:title\" content=\"Breitling presenta su colaboraci\u00f3n con SUGI, amplificando el mensaje de la reforestaci\u00f3n junto a su #CHEFSQUAD | LUXONOMY\" \/>\n<meta property=\"og:description\" content=\"Los destacad\u00edsimos miembros del Chef Squad, Quique Dacosta, Maca de Castro y Mario Sandoval, que suman 8 estrellas Michelin, han presentado en Palma de Mallorca la colaboraci\u00f3n de la firma relojera con SUGi. En colaboraci\u00f3n con la organizaci\u00f3n SUGi, que promueve la reforestaci\u00f3n y la construcci\u00f3n de ecosistemas tanto terrestres como marinos, Breitling ha organizado&hellip;\" \/>\n<meta property=\"og:url\" content=\"https:\/\/luxonomy.net\/es\/breitling-presenta-su-colaboracion-con-sugi-amplificando-el-mensaje-de-la-reforestacion-junto-a-su-chefsquad\/\" \/>\n<meta property=\"og:site_name\" content=\"LUXONOMY\" \/>\n<meta property=\"article:publisher\" content=\"https:\/\/www.facebook.com\/luxonomy\" \/>\n<meta property=\"article:published_time\" content=\"2021-05-28T11:41:18+00:00\" \/>\n<meta property=\"og:image\" content=\"https:\/\/i0.wp.com\/luxonomy.net\/wp-content\/uploads\/2021\/05\/Breitling-chefs.jpg?fit=750%2C500&quality=89&ssl=1\" \/>\n\t<meta property=\"og:image:width\" content=\"750\" \/>\n\t<meta property=\"og:image:height\" content=\"500\" \/>\n\t<meta property=\"og:image:type\" content=\"image\/jpeg\" \/>\n<meta name=\"author\" content=\"Pablo Rodriguez de Aguilar\" \/>\n<meta name=\"twitter:card\" content=\"summary_large_image\" \/>\n<meta name=\"twitter:label1\" content=\"Escrito por\" \/>\n\t<meta name=\"twitter:data1\" content=\"Pablo Rodriguez de Aguilar\" \/>\n\t<meta name=\"twitter:label2\" content=\"Tiempo de lectura\" \/>\n\t<meta name=\"twitter:data2\" content=\"7 minutos\" \/>\n<script type=\"application\/ld+json\" class=\"yoast-schema-graph\">{\"@context\":\"https:\\\/\\\/schema.org\",\"@graph\":[{\"@type\":\"Article\",\"@id\":\"https:\\\/\\\/luxonomy.net\\\/es\\\/breitling-presenta-su-colaboracion-con-sugi-amplificando-el-mensaje-de-la-reforestacion-junto-a-su-chefsquad\\\/#article\",\"isPartOf\":{\"@id\":\"https:\\\/\\\/luxonomy.net\\\/es\\\/breitling-presenta-su-colaboracion-con-sugi-amplificando-el-mensaje-de-la-reforestacion-junto-a-su-chefsquad\\\/\"},\"author\":{\"name\":\"Pablo Rodriguez de Aguilar\",\"@id\":\"https:\\\/\\\/luxonomy.net\\\/es\\\/#\\\/schema\\\/person\\\/fc021969ca4a106d7ea9a64800b05fa7\"},\"headline\":\"Breitling presenta su colaboraci\u00f3n con SUGI, amplificando el mensaje de la reforestaci\u00f3n junto a su #CHEFSQUAD\",\"datePublished\":\"2021-05-28T11:41:18+00:00\",\"mainEntityOfPage\":{\"@id\":\"https:\\\/\\\/luxonomy.net\\\/es\\\/breitling-presenta-su-colaboracion-con-sugi-amplificando-el-mensaje-de-la-reforestacion-junto-a-su-chefsquad\\\/\"},\"wordCount\":1412,\"commentCount\":0,\"publisher\":{\"@id\":\"https:\\\/\\\/luxonomy.net\\\/es\\\/#organization\"},\"image\":{\"@id\":\"https:\\\/\\\/luxonomy.net\\\/es\\\/breitling-presenta-su-colaboracion-con-sugi-amplificando-el-mensaje-de-la-reforestacion-junto-a-su-chefsquad\\\/#primaryimage\"},\"thumbnailUrl\":\"https:\\\/\\\/i0.wp.com\\\/luxonomy.net\\\/wp-content\\\/uploads\\\/2021\\\/05\\\/Breitling-chefs.jpg?fit=750%2C500&ssl=1\",\"keywords\":[\"Breitling\",\"Ecolujo\",\"ecoluxury\",\"Maca de Castro\",\"Mario Sandoval\",\"Quique Dacosta\"],\"articleSection\":[\"Sostenibilidad\"],\"inLanguage\":\"es\",\"potentialAction\":[{\"@type\":\"CommentAction\",\"name\":\"Comment\",\"target\":[\"https:\\\/\\\/luxonomy.net\\\/es\\\/breitling-presenta-su-colaboracion-con-sugi-amplificando-el-mensaje-de-la-reforestacion-junto-a-su-chefsquad\\\/#respond\"]}]},{\"@type\":\"WebPage\",\"@id\":\"https:\\\/\\\/luxonomy.net\\\/es\\\/breitling-presenta-su-colaboracion-con-sugi-amplificando-el-mensaje-de-la-reforestacion-junto-a-su-chefsquad\\\/\",\"url\":\"https:\\\/\\\/luxonomy.net\\\/es\\\/breitling-presenta-su-colaboracion-con-sugi-amplificando-el-mensaje-de-la-reforestacion-junto-a-su-chefsquad\\\/\",\"name\":\"Breitling presenta su colaboraci\u00f3n con SUGI, amplificando el mensaje de la reforestaci\u00f3n junto a su #CHEFSQUAD | LUXONOMY\",\"isPartOf\":{\"@id\":\"https:\\\/\\\/luxonomy.net\\\/es\\\/#website\"},\"primaryImageOfPage\":{\"@id\":\"https:\\\/\\\/luxonomy.net\\\/es\\\/breitling-presenta-su-colaboracion-con-sugi-amplificando-el-mensaje-de-la-reforestacion-junto-a-su-chefsquad\\\/#primaryimage\"},\"image\":{\"@id\":\"https:\\\/\\\/luxonomy.net\\\/es\\\/breitling-presenta-su-colaboracion-con-sugi-amplificando-el-mensaje-de-la-reforestacion-junto-a-su-chefsquad\\\/#primaryimage\"},\"thumbnailUrl\":\"https:\\\/\\\/i0.wp.com\\\/luxonomy.net\\\/wp-content\\\/uploads\\\/2021\\\/05\\\/Breitling-chefs.jpg?fit=750%2C500&ssl=1\",\"datePublished\":\"2021-05-28T11:41:18+00:00\",\"breadcrumb\":{\"@id\":\"https:\\\/\\\/luxonomy.net\\\/es\\\/breitling-presenta-su-colaboracion-con-sugi-amplificando-el-mensaje-de-la-reforestacion-junto-a-su-chefsquad\\\/#breadcrumb\"},\"inLanguage\":\"es\",\"potentialAction\":[{\"@type\":\"ReadAction\",\"target\":[\"https:\\\/\\\/luxonomy.net\\\/es\\\/breitling-presenta-su-colaboracion-con-sugi-amplificando-el-mensaje-de-la-reforestacion-junto-a-su-chefsquad\\\/\"]}]},{\"@type\":\"ImageObject\",\"inLanguage\":\"es\",\"@id\":\"https:\\\/\\\/luxonomy.net\\\/es\\\/breitling-presenta-su-colaboracion-con-sugi-amplificando-el-mensaje-de-la-reforestacion-junto-a-su-chefsquad\\\/#primaryimage\",\"url\":\"https:\\\/\\\/i0.wp.com\\\/luxonomy.net\\\/wp-content\\\/uploads\\\/2021\\\/05\\\/Breitling-chefs.jpg?fit=750%2C500&ssl=1\",\"contentUrl\":\"https:\\\/\\\/i0.wp.com\\\/luxonomy.net\\\/wp-content\\\/uploads\\\/2021\\\/05\\\/Breitling-chefs.jpg?fit=750%2C500&ssl=1\",\"width\":750,\"height\":500},{\"@type\":\"BreadcrumbList\",\"@id\":\"https:\\\/\\\/luxonomy.net\\\/es\\\/breitling-presenta-su-colaboracion-con-sugi-amplificando-el-mensaje-de-la-reforestacion-junto-a-su-chefsquad\\\/#breadcrumb\",\"itemListElement\":[{\"@type\":\"ListItem\",\"position\":1,\"name\":\"Portada\",\"item\":\"https:\\\/\\\/luxonomy.net\\\/es\\\/\"},{\"@type\":\"ListItem\",\"position\":2,\"name\":\"Breitling presenta su colaboraci\u00f3n con SUGI, amplificando el mensaje de la reforestaci\u00f3n junto a su #CHEFSQUAD\"}]},{\"@type\":\"WebSite\",\"@id\":\"https:\\\/\\\/luxonomy.net\\\/es\\\/#website\",\"url\":\"https:\\\/\\\/luxonomy.net\\\/es\\\/\",\"name\":\"LUXONOMY\",\"description\":\"The Economy of Fashion &amp; Luxury\",\"publisher\":{\"@id\":\"https:\\\/\\\/luxonomy.net\\\/es\\\/#organization\"},\"potentialAction\":[{\"@type\":\"SearchAction\",\"target\":{\"@type\":\"EntryPoint\",\"urlTemplate\":\"https:\\\/\\\/luxonomy.net\\\/es\\\/?s={search_term_string}\"},\"query-input\":{\"@type\":\"PropertyValueSpecification\",\"valueRequired\":true,\"valueName\":\"search_term_string\"}}],\"inLanguage\":\"es\"},{\"@type\":\"Organization\",\"@id\":\"https:\\\/\\\/luxonomy.net\\\/es\\\/#organization\",\"name\":\"LUXONOMY\",\"url\":\"https:\\\/\\\/luxonomy.net\\\/es\\\/\",\"logo\":{\"@type\":\"ImageObject\",\"inLanguage\":\"es\",\"@id\":\"https:\\\/\\\/luxonomy.net\\\/es\\\/#\\\/schema\\\/logo\\\/image\\\/\",\"url\":\"https:\\\/\\\/i2.wp.com\\\/luxonomy.net\\\/wp-content\\\/uploads\\\/2021\\\/09\\\/MOCKUP-TODOS-LUXONOMY.jpg?fit=1000%2C515&ssl=1\",\"contentUrl\":\"https:\\\/\\\/i2.wp.com\\\/luxonomy.net\\\/wp-content\\\/uploads\\\/2021\\\/09\\\/MOCKUP-TODOS-LUXONOMY.jpg?fit=1000%2C515&ssl=1\",\"width\":1000,\"height\":515,\"caption\":\"LUXONOMY\"},\"image\":{\"@id\":\"https:\\\/\\\/luxonomy.net\\\/es\\\/#\\\/schema\\\/logo\\\/image\\\/\"},\"sameAs\":[\"https:\\\/\\\/www.facebook.com\\\/luxonomy\",\"https:\\\/\\\/www.instagram.com\\\/luxonomy\\\/\",\"https:\\\/\\\/www.linkedin.com\\\/company\\\/luxonomy\\\/\"]},{\"@type\":\"Person\",\"@id\":\"https:\\\/\\\/luxonomy.net\\\/es\\\/#\\\/schema\\\/person\\\/fc021969ca4a106d7ea9a64800b05fa7\",\"name\":\"Pablo Rodriguez de Aguilar\",\"image\":{\"@type\":\"ImageObject\",\"inLanguage\":\"es\",\"@id\":\"https:\\\/\\\/luxonomy.net\\\/wp-content\\\/litespeed\\\/avatar\\\/d4cf5f3956bcabe0ce8ae95e4c6604f9.jpg?ver=1788140676\",\"url\":\"https:\\\/\\\/luxonomy.net\\\/wp-content\\\/litespeed\\\/avatar\\\/d4cf5f3956bcabe0ce8ae95e4c6604f9.jpg?ver=1788140676\",\"contentUrl\":\"https:\\\/\\\/luxonomy.net\\\/wp-content\\\/litespeed\\\/avatar\\\/d4cf5f3956bcabe0ce8ae95e4c6604f9.jpg?ver=1788140676\",\"caption\":\"Pablo Rodriguez de Aguilar\"},\"description\":\"Regional Sales Manager at LUXONOMY\u2122 Group America\",\"sameAs\":[\"mailto:info@salondellujo.com\"],\"url\":\"https:\\\/\\\/luxonomy.net\\\/es\\\/author\\\/pablo-rodriguez-de-aguilar\\\/\"}]}<\/script>\n<!-- \/ Yoast SEO plugin. -->","yoast_head_json":{"title":"Breitling presenta su colaboraci\u00f3n con SUGI, amplificando el mensaje de la reforestaci\u00f3n junto a su #CHEFSQUAD | LUXONOMY","robots":{"index":"index","follow":"follow","max-snippet":"max-snippet:-1","max-image-preview":"max-image-preview:large","max-video-preview":"max-video-preview:-1"},"canonical":"https:\/\/luxonomy.net\/es\/breitling-presenta-su-colaboracion-con-sugi-amplificando-el-mensaje-de-la-reforestacion-junto-a-su-chefsquad\/","og_locale":"es_ES","og_type":"article","og_title":"Breitling presenta su colaboraci\u00f3n con SUGI, amplificando el mensaje de la reforestaci\u00f3n junto a su #CHEFSQUAD | LUXONOMY","og_description":"Los destacad\u00edsimos miembros del Chef Squad, Quique Dacosta, Maca de Castro y Mario Sandoval, que suman 8 estrellas Michelin, han presentado en Palma de Mallorca la colaboraci\u00f3n de la firma relojera con SUGi. En colaboraci\u00f3n con la organizaci\u00f3n SUGi, que promueve la reforestaci\u00f3n y la construcci\u00f3n de ecosistemas tanto terrestres como marinos, Breitling ha organizado&hellip;","og_url":"https:\/\/luxonomy.net\/es\/breitling-presenta-su-colaboracion-con-sugi-amplificando-el-mensaje-de-la-reforestacion-junto-a-su-chefsquad\/","og_site_name":"LUXONOMY","article_publisher":"https:\/\/www.facebook.com\/luxonomy","article_published_time":"2021-05-28T11:41:18+00:00","og_image":[{"width":750,"height":500,"url":"https:\/\/i0.wp.com\/luxonomy.net\/wp-content\/uploads\/2021\/05\/Breitling-chefs.jpg?fit=750%2C500&quality=89&ssl=1","type":"image\/jpeg"}],"author":"Pablo Rodriguez de Aguilar","twitter_card":"summary_large_image","twitter_misc":{"Escrito por":"Pablo Rodriguez de Aguilar","Tiempo de lectura":"7 minutos"},"schema":{"@context":"https:\/\/schema.org","@graph":[{"@type":"Article","@id":"https:\/\/luxonomy.net\/es\/breitling-presenta-su-colaboracion-con-sugi-amplificando-el-mensaje-de-la-reforestacion-junto-a-su-chefsquad\/#article","isPartOf":{"@id":"https:\/\/luxonomy.net\/es\/breitling-presenta-su-colaboracion-con-sugi-amplificando-el-mensaje-de-la-reforestacion-junto-a-su-chefsquad\/"},"author":{"name":"Pablo Rodriguez de Aguilar","@id":"https:\/\/luxonomy.net\/es\/#\/schema\/person\/fc021969ca4a106d7ea9a64800b05fa7"},"headline":"Breitling presenta su colaboraci\u00f3n con SUGI, amplificando el mensaje de la reforestaci\u00f3n junto a su #CHEFSQUAD","datePublished":"2021-05-28T11:41:18+00:00","mainEntityOfPage":{"@id":"https:\/\/luxonomy.net\/es\/breitling-presenta-su-colaboracion-con-sugi-amplificando-el-mensaje-de-la-reforestacion-junto-a-su-chefsquad\/"},"wordCount":1412,"commentCount":0,"publisher":{"@id":"https:\/\/luxonomy.net\/es\/#organization"},"image":{"@id":"https:\/\/luxonomy.net\/es\/breitling-presenta-su-colaboracion-con-sugi-amplificando-el-mensaje-de-la-reforestacion-junto-a-su-chefsquad\/#primaryimage"},"thumbnailUrl":"https:\/\/i0.wp.com\/luxonomy.net\/wp-content\/uploads\/2021\/05\/Breitling-chefs.jpg?fit=750%2C500&ssl=1","keywords":["Breitling","Ecolujo","ecoluxury","Maca de Castro","Mario Sandoval","Quique Dacosta"],"articleSection":["Sostenibilidad"],"inLanguage":"es","potentialAction":[{"@type":"CommentAction","name":"Comment","target":["https:\/\/luxonomy.net\/es\/breitling-presenta-su-colaboracion-con-sugi-amplificando-el-mensaje-de-la-reforestacion-junto-a-su-chefsquad\/#respond"]}]},{"@type":"WebPage","@id":"https:\/\/luxonomy.net\/es\/breitling-presenta-su-colaboracion-con-sugi-amplificando-el-mensaje-de-la-reforestacion-junto-a-su-chefsquad\/","url":"https:\/\/luxonomy.net\/es\/breitling-presenta-su-colaboracion-con-sugi-amplificando-el-mensaje-de-la-reforestacion-junto-a-su-chefsquad\/","name":"Breitling presenta su colaboraci\u00f3n con SUGI, amplificando el mensaje de la reforestaci\u00f3n junto a su #CHEFSQUAD | LUXONOMY","isPartOf":{"@id":"https:\/\/luxonomy.net\/es\/#website"},"primaryImageOfPage":{"@id":"https:\/\/luxonomy.net\/es\/breitling-presenta-su-colaboracion-con-sugi-amplificando-el-mensaje-de-la-reforestacion-junto-a-su-chefsquad\/#primaryimage"},"image":{"@id":"https:\/\/luxonomy.net\/es\/breitling-presenta-su-colaboracion-con-sugi-amplificando-el-mensaje-de-la-reforestacion-junto-a-su-chefsquad\/#primaryimage"},"thumbnailUrl":"https:\/\/i0.wp.com\/luxonomy.net\/wp-content\/uploads\/2021\/05\/Breitling-chefs.jpg?fit=750%2C500&ssl=1","datePublished":"2021-05-28T11:41:18+00:00","breadcrumb":{"@id":"https:\/\/luxonomy.net\/es\/breitling-presenta-su-colaboracion-con-sugi-amplificando-el-mensaje-de-la-reforestacion-junto-a-su-chefsquad\/#breadcrumb"},"inLanguage":"es","potentialAction":[{"@type":"ReadAction","target":["https:\/\/luxonomy.net\/es\/breitling-presenta-su-colaboracion-con-sugi-amplificando-el-mensaje-de-la-reforestacion-junto-a-su-chefsquad\/"]}]},{"@type":"ImageObject","inLanguage":"es","@id":"https:\/\/luxonomy.net\/es\/breitling-presenta-su-colaboracion-con-sugi-amplificando-el-mensaje-de-la-reforestacion-junto-a-su-chefsquad\/#primaryimage","url":"https:\/\/i0.wp.com\/luxonomy.net\/wp-content\/uploads\/2021\/05\/Breitling-chefs.jpg?fit=750%2C500&ssl=1","contentUrl":"https:\/\/i0.wp.com\/luxonomy.net\/wp-content\/uploads\/2021\/05\/Breitling-chefs.jpg?fit=750%2C500&ssl=1","width":750,"height":500},{"@type":"BreadcrumbList","@id":"https:\/\/luxonomy.net\/es\/breitling-presenta-su-colaboracion-con-sugi-amplificando-el-mensaje-de-la-reforestacion-junto-a-su-chefsquad\/#breadcrumb","itemListElement":[{"@type":"ListItem","position":1,"name":"Portada","item":"https:\/\/luxonomy.net\/es\/"},{"@type":"ListItem","position":2,"name":"Breitling presenta su colaboraci\u00f3n con SUGI, amplificando el mensaje de la reforestaci\u00f3n junto a su #CHEFSQUAD"}]},{"@type":"WebSite","@id":"https:\/\/luxonomy.net\/es\/#website","url":"https:\/\/luxonomy.net\/es\/","name":"LUXONOMY","description":"The Economy of Fashion &amp; Luxury","publisher":{"@id":"https:\/\/luxonomy.net\/es\/#organization"},"potentialAction":[{"@type":"SearchAction","target":{"@type":"EntryPoint","urlTemplate":"https:\/\/luxonomy.net\/es\/?s={search_term_string}"},"query-input":{"@type":"PropertyValueSpecification","valueRequired":true,"valueName":"search_term_string"}}],"inLanguage":"es"},{"@type":"Organization","@id":"https:\/\/luxonomy.net\/es\/#organization","name":"LUXONOMY","url":"https:\/\/luxonomy.net\/es\/","logo":{"@type":"ImageObject","inLanguage":"es","@id":"https:\/\/luxonomy.net\/es\/#\/schema\/logo\/image\/","url":"https:\/\/i2.wp.com\/luxonomy.net\/wp-content\/uploads\/2021\/09\/MOCKUP-TODOS-LUXONOMY.jpg?fit=1000%2C515&ssl=1","contentUrl":"https:\/\/i2.wp.com\/luxonomy.net\/wp-content\/uploads\/2021\/09\/MOCKUP-TODOS-LUXONOMY.jpg?fit=1000%2C515&ssl=1","width":1000,"height":515,"caption":"LUXONOMY"},"image":{"@id":"https:\/\/luxonomy.net\/es\/#\/schema\/logo\/image\/"},"sameAs":["https:\/\/www.facebook.com\/luxonomy","https:\/\/www.instagram.com\/luxonomy\/","https:\/\/www.linkedin.com\/company\/luxonomy\/"]},{"@type":"Person","@id":"https:\/\/luxonomy.net\/es\/#\/schema\/person\/fc021969ca4a106d7ea9a64800b05fa7","name":"Pablo Rodriguez de Aguilar","image":{"@type":"ImageObject","inLanguage":"es","@id":"https:\/\/luxonomy.net\/wp-content\/litespeed\/avatar\/d4cf5f3956bcabe0ce8ae95e4c6604f9.jpg?ver=1788140676","url":"https:\/\/luxonomy.net\/wp-content\/litespeed\/avatar\/d4cf5f3956bcabe0ce8ae95e4c6604f9.jpg?ver=1788140676","contentUrl":"https:\/\/luxonomy.net\/wp-content\/litespeed\/avatar\/d4cf5f3956bcabe0ce8ae95e4c6604f9.jpg?ver=1788140676","caption":"Pablo Rodriguez de Aguilar"},"description":"Regional Sales Manager at LUXONOMY\u2122 Group America","sameAs":["mailto:info@salondellujo.com"],"url":"https:\/\/luxonomy.net\/es\/author\/pablo-rodriguez-de-aguilar\/"}]}},"jetpack_publicize_connections":[],"jetpack_shortlink":"https:\/\/wp.me\/paPhBa-3Vq","jetpack_sharing_enabled":true,"jetpack_featured_media_url":"https:\/\/i0.wp.com\/luxonomy.net\/wp-content\/uploads\/2021\/05\/Breitling-chefs.jpg?fit=750%2C500&ssl=1","_links":{"self":[{"href":"https:\/\/luxonomy.net\/es\/wp-json\/wp\/v2\/posts\/15092","targetHints":{"allow":["GET"]}}],"collection":[{"href":"https:\/\/luxonomy.net\/es\/wp-json\/wp\/v2\/posts"}],"about":[{"href":"https:\/\/luxonomy.net\/es\/wp-json\/wp\/v2\/types\/post"}],"author":[{"embeddable":true,"href":"https:\/\/luxonomy.net\/es\/wp-json\/wp\/v2\/users\/14"}],"replies":[{"embeddable":true,"href":"https:\/\/luxonomy.net\/es\/wp-json\/wp\/v2\/comments?post=15092"}],"version-history":[{"count":2,"href":"https:\/\/luxonomy.net\/es\/wp-json\/wp\/v2\/posts\/15092\/revisions"}],"predecessor-version":[{"id":15097,"href":"https:\/\/luxonomy.net\/es\/wp-json\/wp\/v2\/posts\/15092\/revisions\/15097"}],"wp:featuredmedia":[{"embeddable":true,"href":"https:\/\/luxonomy.net\/es\/wp-json\/wp\/v2\/media\/15093"}],"wp:attachment":[{"href":"https:\/\/luxonomy.net\/es\/wp-json\/wp\/v2\/media?parent=15092"}],"wp:term":[{"taxonomy":"category","embeddable":true,"href":"https:\/\/luxonomy.net\/es\/wp-json\/wp\/v2\/categories?post=15092"},{"taxonomy":"post_tag","embeddable":true,"href":"https:\/\/luxonomy.net\/es\/wp-json\/wp\/v2\/tags?post=15092"},{"taxonomy":"thb-sponsors","embeddable":true,"href":"https:\/\/luxonomy.net\/es\/wp-json\/wp\/v2\/thb-sponsors?post=15092"}],"curies":[{"name":"wp","href":"https:\/\/api.w.org\/{rel}","templated":true}]}}