{"id":15050,"date":"2021-05-25T12:56:11","date_gmt":"2021-05-25T10:56:11","guid":{"rendered":"https:\/?p=15050"},"modified":"2021-05-25T12:56:11","modified_gmt":"2021-05-25T10:56:11","slug":"moet-hennessy-celebra-el-dia-internacional-de-la-diversidad-biologica-con-la-serie-de-charlas-mh-talks","status":"publish","type":"post","link":"https:\/\/luxonomy.net\/es\/moet-hennessy-celebra-el-dia-internacional-de-la-diversidad-biologica-con-la-serie-de-charlas-mh-talks\/","title":{"rendered":"Mo\u00ebt Hennessy celebra el D\u00eda Internacional de la Diversidad Biol\u00f3gica con la serie de charlas MH Talks"},"content":{"rendered":"<p>Para celebrar el <strong>D\u00eda Internacional de la Diversidad Biol\u00f3gica el pasado 22 de mayo<\/strong>, <strong>Mo\u00ebt Hennessy<\/strong> ha dedicado su primer ciclo de mesas redondas, la serie <em><strong>MH Talk<\/strong><\/em>, a cuestiones medio-ambientales. Del 18 al 21 de mayo, estas conferencias, que ha reunido a expertos en <strong>biodiversidad<\/strong>, profundizaron en el programa <strong>Living Soils, Living Together de Mo\u00ebt Hennessy.<\/strong><\/p>\n<p><img loading=\"lazy\" decoding=\"async\" data-attachment-id=\"15051\" data-permalink=\"https:\/\/luxonomy.net\/es\/moet-hennessy-celebra-el-dia-internacional-de-la-diversidad-biologica-con-la-serie-de-charlas-mh-talks\/moe%cc%88t-hennessy-celebra-el-dia-internacional-de-la-diversidad-biologica-con-la-serie-de-charlas-mh\/\" data-orig-file=\"https:\/\/i0.wp.com\/luxonomy.net\/wp-content\/uploads\/2021\/05\/Moe%CC%88t-Hennessy-celebra-el-Di%CC%81a-Internacional-de-la-Diversidad-Biolo%CC%81gica-con-la-serie-de-charlas-MH.jpg?fit=1000%2C550&amp;ssl=1\" data-orig-size=\"1000,550\" data-comments-opened=\"1\" data-image-title=\"Moe\u0308t Hennessy celebra el Di\u0301a Internacional de la Diversidad Biolo\u0301gica con la serie de charlas MH\" data-image-description=\"\" data-image-caption=\"\" data-large-file=\"https:\/\/i0.wp.com\/luxonomy.net\/wp-content\/uploads\/2021\/05\/Moe%CC%88t-Hennessy-celebra-el-Di%CC%81a-Internacional-de-la-Diversidad-Biolo%CC%81gica-con-la-serie-de-charlas-MH.jpg?fit=1000%2C550&amp;ssl=1\" class=\"aligncenter size-full wp-image-15051 lazyload\" src=\"data:image\/gif;base64,R0lGODlhAQABAAAAACH5BAEKAAEALAAAAAABAAEAAAICTAEAOw==\" data-src=\"http:\/\/luxonomy.net\/wp-content\/uploads\/2021\/05\/Moe\u0308t-Hennessy-celebra-el-Di\u0301a-Internacional-de-la-Diversidad-Biolo\u0301gica-con-la-serie-de-charlas-MH.jpg\" alt=\"\" width=\"1000\" height=\"550\" data-sizes=\"auto\" data-srcset=\"https:\/\/i0.wp.com\/luxonomy.net\/wp-content\/uploads\/2021\/05\/Moe%CC%88t-Hennessy-celebra-el-Di%CC%81a-Internacional-de-la-Diversidad-Biolo%CC%81gica-con-la-serie-de-charlas-MH.jpg?w=1000&amp;ssl=1 1000w, https:\/\/i0.wp.com\/luxonomy.net\/wp-content\/uploads\/2021\/05\/Moe%CC%88t-Hennessy-celebra-el-Di%CC%81a-Internacional-de-la-Diversidad-Biolo%CC%81gica-con-la-serie-de-charlas-MH.jpg?resize=300%2C165&amp;ssl=1 300w, https:\/\/i0.wp.com\/luxonomy.net\/wp-content\/uploads\/2021\/05\/Moe%CC%88t-Hennessy-celebra-el-Di%CC%81a-Internacional-de-la-Diversidad-Biolo%CC%81gica-con-la-serie-de-charlas-MH.jpg?resize=768%2C422&amp;ssl=1 768w, https:\/\/i0.wp.com\/luxonomy.net\/wp-content\/uploads\/2021\/05\/Moe%CC%88t-Hennessy-celebra-el-Di%CC%81a-Internacional-de-la-Diversidad-Biolo%CC%81gica-con-la-serie-de-charlas-MH.jpg?resize=370%2C204&amp;ssl=1 370w, https:\/\/i0.wp.com\/luxonomy.net\/wp-content\/uploads\/2021\/05\/Moe%CC%88t-Hennessy-celebra-el-Di%CC%81a-Internacional-de-la-Diversidad-Biolo%CC%81gica-con-la-serie-de-charlas-MH.jpg?resize=800%2C440&amp;ssl=1 800w, https:\/\/i0.wp.com\/luxonomy.net\/wp-content\/uploads\/2021\/05\/Moe%CC%88t-Hennessy-celebra-el-Di%CC%81a-Internacional-de-la-Diversidad-Biolo%CC%81gica-con-la-serie-de-charlas-MH.jpg?resize=20%2C11&amp;ssl=1 20w, https:\/\/i0.wp.com\/luxonomy.net\/wp-content\/uploads\/2021\/05\/Moe%CC%88t-Hennessy-celebra-el-Di%CC%81a-Internacional-de-la-Diversidad-Biolo%CC%81gica-con-la-serie-de-charlas-MH.jpg?resize=185%2C102&amp;ssl=1 185w, https:\/\/i0.wp.com\/luxonomy.net\/wp-content\/uploads\/2021\/05\/Moe%CC%88t-Hennessy-celebra-el-Di%CC%81a-Internacional-de-la-Diversidad-Biolo%CC%81gica-con-la-serie-de-charlas-MH.jpg?resize=740%2C407&amp;ssl=1 740w, https:\/\/i0.wp.com\/luxonomy.net\/wp-content\/uploads\/2021\/05\/Moe%CC%88t-Hennessy-celebra-el-Di%CC%81a-Internacional-de-la-Diversidad-Biolo%CC%81gica-con-la-serie-de-charlas-MH.jpg?resize=400%2C220&amp;ssl=1 400w, https:\/\/i0.wp.com\/luxonomy.net\/wp-content\/uploads\/2021\/05\/Moe%CC%88t-Hennessy-celebra-el-Di%CC%81a-Internacional-de-la-Diversidad-Biolo%CC%81gica-con-la-serie-de-charlas-MH.jpg?resize=600%2C330&amp;ssl=1 600w, https:\/\/i0.wp.com\/luxonomy.net\/wp-content\/uploads\/2021\/05\/Moe%CC%88t-Hennessy-celebra-el-Di%CC%81a-Internacional-de-la-Diversidad-Biolo%CC%81gica-con-la-serie-de-charlas-MH.jpg?resize=87%2C48&amp;ssl=1 87w\" sizes=\"auto, (max-width: 1000px) 100vw, 1000px\" \/><\/p>\n<p>La serie MH Talk permite debates entre profesionales en torno a los valores, misiones y objetivos contempor\u00e1neos de Mo\u00ebt Hennessy. Las conversaciones se llevan a cabo en 142, rue du Bac, en Par\u00eds 7\u00b0 distrito, en el que se basa los vinos y licores divisi\u00f3n de LVMH, junto a La Grande Epicerie y Le Bon March\u00e9. En este ambiente acogedor y moderno, expertos, intelectuales, periodistas, cient\u00edficos y altos directivos de LVMH Maisons se re\u00fanen para intercambiar ideas con potencial para moldear el futuro. Durante toda una semana dedicada a la biodiversidad, la serie MH Talk presenta paneles eminentes de hombres y mujeres apasionados por proteger el mundo viviente.<\/p>\n<p>El tema central de esta semana de la biodiversidad est\u00e1 inspirado en la filosof\u00eda de Mo\u00ebt Hennessy: Living Soils, Living Together . El objetivo de regenerar los suelos para preservar el equilibrio de los organismos vivos y garantizar la calidad de las materias primas que son esenciales para la elaboraci\u00f3n de vinos y licores es un enfoque clave de Mo\u00ebt Hennessy. El programa de la semana consta de tres conferencias y una clase magistral, que invitar\u00e1 a los participantes a descubrir la biodiversidad en todas sus formas y a reflexionar sobre las mejores acciones de cara al futuro.<\/p><div id=\"luxon-256191014\" class=\"luxon-3er-parrafo luxon-entity-placement\" style=\"margin-top: 20px;margin-bottom: 20px;margin-left: auto;margin-right: auto;text-align: center;\"><a href=\"https:\/\/luxonomy.university\/course\/master-turismo-de-lujo\" target=\"_blank\" aria-label=\"master-turismo-lujo-2026-2027\"><img loading=\"lazy\" decoding=\"async\" src=\"https:\/\/i0.wp.com\/luxonomy.net\/wp-content\/uploads\/2020\/07\/master-turismo-lujo-2026-2027.jpg?fit=1672%2C941&#038;ssl=1\" alt=\"\"  srcset=\"https:\/\/i0.wp.com\/luxonomy.net\/wp-content\/uploads\/2020\/07\/master-turismo-lujo-2026-2027.jpg?w=1672&ssl=1 1672w, https:\/\/i0.wp.com\/luxonomy.net\/wp-content\/uploads\/2020\/07\/master-turismo-lujo-2026-2027.jpg?resize=300%2C169&ssl=1 300w, https:\/\/i0.wp.com\/luxonomy.net\/wp-content\/uploads\/2020\/07\/master-turismo-lujo-2026-2027.jpg?resize=1024%2C576&ssl=1 1024w, https:\/\/i0.wp.com\/luxonomy.net\/wp-content\/uploads\/2020\/07\/master-turismo-lujo-2026-2027.jpg?resize=768%2C432&ssl=1 768w, https:\/\/i0.wp.com\/luxonomy.net\/wp-content\/uploads\/2020\/07\/master-turismo-lujo-2026-2027.jpg?resize=1536%2C864&ssl=1 1536w, https:\/\/i0.wp.com\/luxonomy.net\/wp-content\/uploads\/2020\/07\/master-turismo-lujo-2026-2027.jpg?resize=370%2C208&ssl=1 370w, https:\/\/i0.wp.com\/luxonomy.net\/wp-content\/uploads\/2020\/07\/master-turismo-lujo-2026-2027.jpg?resize=800%2C450&ssl=1 800w, https:\/\/i0.wp.com\/luxonomy.net\/wp-content\/uploads\/2020\/07\/master-turismo-lujo-2026-2027.jpg?resize=20%2C11&ssl=1 20w, https:\/\/i0.wp.com\/luxonomy.net\/wp-content\/uploads\/2020\/07\/master-turismo-lujo-2026-2027.jpg?resize=740%2C416&ssl=1 740w, https:\/\/i0.wp.com\/luxonomy.net\/wp-content\/uploads\/2020\/07\/master-turismo-lujo-2026-2027.jpg?resize=1600%2C900&ssl=1 1600w, https:\/\/i0.wp.com\/luxonomy.net\/wp-content\/uploads\/2020\/07\/master-turismo-lujo-2026-2027.jpg?resize=1200%2C675&ssl=1 1200w, https:\/\/i0.wp.com\/luxonomy.net\/wp-content\/uploads\/2020\/07\/master-turismo-lujo-2026-2027.jpg?resize=85%2C48&ssl=1 85w\" sizes=\"(max-width: 1170px) 100vw, 1170px\" class=\"no-lazyload\" width=\"1672\" height=\"941\"   \/><\/a><\/div>\n<p>El 18 de mayo, la conferencia titulada \u201cMicroorganismos, catalizadores de nuestros suelos\u201d re\u00fane a Gilles B\u0153uf, especialista en fisiolog\u00eda ambiental y biodiversidad, Marc-Andr\u00e9 Selosse, microbi\u00f3logo especializado en bot\u00e1nica y micolog\u00eda, y Fr\u00e9d\u00e9ric Gallois, director operativo de Mo\u00ebt &amp; Chandon. y vi\u00f1edos de Ruinart.<\/p>\n<p>El 19 de mayo, la charla \u201cDe las abejas a los p\u00e1jaros, estos h\u00e9roes de nuestros ecosistemas\u201d ofrece una plataforma a Thierry Dufresne, Director del Observatorio Franc\u00e9s de Apiolog\u00eda, Fr\u00e9d\u00e9ric Mahler, Vicepresidente del Centro Ornitol\u00f3gico y delegado de la LPO (Liga para la Protecci\u00f3n de las Aves) de la regi\u00f3n de Ile-de-France, B\u00e9atrice y Gilbert Cochet, Autores de L&#8217;Europe r\u00e9ensauvag\u00e9e. Vers un nouveau monde (Actes Sud), Jessica Julmy, directora general de Ch\u00e2teau Galoupet, y Vincent Erret, tractorista de vi\u00f1edos de Veuve Clicquot.<\/p>\n<p>Finalmente, el 21 de mayo est\u00e1 dedicado a los bosques, que son abundantes reservorios de vida. \u201cRegenerar los bosques, restaurar nuestros ecosistemas\u201d es un tema importante e inspirador para St\u00e9phane Hallaire, director ejecutivo de Reforest&#8217;action, Laurent Boillot, presidente de Hennessy, Fr\u00e9d\u00e9ric Dufour, presidente de Ruinart, y H\u00e9l\u00e8ne Valade, directora medioambiental de LVMH. Sandrine Sommer, directora de sostenibilidad de Mo\u00ebt Hennessy, modera la mesa redonda.<\/p>\n<p>La serie de charlas MH revela los secretos del fr\u00e1gil equilibrio de nuestra biodiversidad y destaca a los actores a veces invisibles de nuestros ecosistemas. Del 18 al 21 de mayo, todas las charlas se retransmitir\u00e1n en directo en franc\u00e9s con traducci\u00f3n simult\u00e1nea al ingl\u00e9s.<\/p><div id=\"luxon-3956096782\" class=\"luxon-7-parrafo luxon-entity-placement\" style=\"margin-top: 20px;margin-bottom: 20px;margin-left: auto;margin-right: auto;text-align: center;\"><a href=\"https:\/\/theintelligence.institute\/course\/inteligencia-artificial-para-directivos\" target=\"_blank\" aria-label=\"CSIAD_empresas_THEI_horizontal_4x3_v5\"><img loading=\"lazy\" decoding=\"async\" src=\"https:\/\/i0.wp.com\/luxonomy.net\/wp-content\/uploads\/2025\/08\/CSIAD_empresas_THEI_horizontal_4x3_v5.png?fit=2000%2C1500&#038;ssl=1\" alt=\"\"  srcset=\"https:\/\/i0.wp.com\/luxonomy.net\/wp-content\/uploads\/2025\/08\/CSIAD_empresas_THEI_horizontal_4x3_v5.png?w=2000&ssl=1 2000w, https:\/\/i0.wp.com\/luxonomy.net\/wp-content\/uploads\/2025\/08\/CSIAD_empresas_THEI_horizontal_4x3_v5.png?resize=300%2C225&ssl=1 300w, https:\/\/i0.wp.com\/luxonomy.net\/wp-content\/uploads\/2025\/08\/CSIAD_empresas_THEI_horizontal_4x3_v5.png?resize=1024%2C768&ssl=1 1024w, https:\/\/i0.wp.com\/luxonomy.net\/wp-content\/uploads\/2025\/08\/CSIAD_empresas_THEI_horizontal_4x3_v5.png?resize=768%2C576&ssl=1 768w, https:\/\/i0.wp.com\/luxonomy.net\/wp-content\/uploads\/2025\/08\/CSIAD_empresas_THEI_horizontal_4x3_v5.png?resize=1536%2C1152&ssl=1 1536w, https:\/\/i0.wp.com\/luxonomy.net\/wp-content\/uploads\/2025\/08\/CSIAD_empresas_THEI_horizontal_4x3_v5.png?resize=370%2C278&ssl=1 370w, https:\/\/i0.wp.com\/luxonomy.net\/wp-content\/uploads\/2025\/08\/CSIAD_empresas_THEI_horizontal_4x3_v5.png?resize=800%2C600&ssl=1 800w, https:\/\/i0.wp.com\/luxonomy.net\/wp-content\/uploads\/2025\/08\/CSIAD_empresas_THEI_horizontal_4x3_v5.png?resize=20%2C15&ssl=1 20w, https:\/\/i0.wp.com\/luxonomy.net\/wp-content\/uploads\/2025\/08\/CSIAD_empresas_THEI_horizontal_4x3_v5.png?resize=740%2C555&ssl=1 740w, https:\/\/i0.wp.com\/luxonomy.net\/wp-content\/uploads\/2025\/08\/CSIAD_empresas_THEI_horizontal_4x3_v5.png?resize=1600%2C1200&ssl=1 1600w, https:\/\/i0.wp.com\/luxonomy.net\/wp-content\/uploads\/2025\/08\/CSIAD_empresas_THEI_horizontal_4x3_v5.png?resize=1200%2C900&ssl=1 1200w, https:\/\/i0.wp.com\/luxonomy.net\/wp-content\/uploads\/2025\/08\/CSIAD_empresas_THEI_horizontal_4x3_v5.png?resize=64%2C48&ssl=1 64w\" sizes=\"(max-width: 1170px) 100vw, 1170px\" class=\"no-lazyload\" width=\"2000\" height=\"1500\"   \/><\/a><\/div>\n","protected":false},"excerpt":{"rendered":"<p>Para celebrar el D\u00eda Internacional de la Diversidad Biol\u00f3gica el pasado 22 de mayo, Mo\u00ebt Hennessy ha dedicado su primer ciclo de mesas redondas, la serie MH Talk, a cuestiones medio-ambientales. Del 18 al 21 de mayo, estas conferencias, que ha reunido a expertos en biodiversidad, profundizaron en el programa Living Soils, Living Together de&hellip;<\/p>\n","protected":false},"author":10,"featured_media":15053,"comment_status":"open","ping_status":"open","sticky":false,"template":"","format":"standard","meta":{"_jetpack_newsletter_access":"","_jetpack_dont_email_post_to_subs":false,"_jetpack_newsletter_tier_id":0,"_jetpack_memberships_contains_paywalled_content":false,"_jetpack_feature_clip_id":0,"_jetpack_memberships_contains_paid_content":false,"footnotes":"","jetpack_publicize_message":"Mo\u00ebt Hennessy celebra el D\u00eda Internacional de la Diversidad Biol\u00f3gica con la serie de charlas MH Talks.\r\n\r\nPara celebrar el D\u00eda Internacional de la Diversidad Biol\u00f3gica el pasado 22 de mayo, Mo\u00ebt Hennessy ha dedicado su primer ciclo de mesas redondas, la serie MH Talk, a cuestiones medio-ambientales. Del 18 al 21 de mayo, estas conferencias, que ha reunido a expertos en biodiversidad, profundizaron en el programa Living Soils, Living Together de Mo\u00ebt Hennessy.\r\n\r\n#luxonomy #LVMH #Mo\u00ebtHennessy #MHTalk","jetpack_publicize_feature_enabled":true,"jetpack_social_post_already_shared":true,"jetpack_social_options":{"image_generator_settings":{"template":"edge","default_image_id":0,"font":"","enabled":false},"version":2},"jetpack_post_was_ever_published":false},"categories":[688],"tags":[997,808,233,996],"thb-sponsors":[],"class_list":["post-15050","post","type-post","status-publish","format-standard","has-post-thumbnail","hentry","category-sostenibilidad","tag-biodiversidad","tag-ecolujo","tag-ecoluxury","tag-moet-hennessy"],"yoast_head":"<!-- This site is optimized with the Yoast SEO plugin v28.4 - https:\/\/yoast.com\/product\/yoast-seo-wordpress\/ -->\n<title>Mo\u00ebt Hennessy celebra el D\u00eda Internacional de la Diversidad Biol\u00f3gica con la serie de charlas MH Talks | LUXONOMY<\/title>\n<meta name=\"robots\" content=\"index, follow, max-snippet:-1, max-image-preview:large, max-video-preview:-1\" \/>\n<link rel=\"canonical\" href=\"https:\/\/luxonomy.net\/es\/moet-hennessy-celebra-el-dia-internacional-de-la-diversidad-biologica-con-la-serie-de-charlas-mh-talks\/\" \/>\n<meta property=\"og:locale\" content=\"es_ES\" \/>\n<meta property=\"og:type\" content=\"article\" \/>\n<meta property=\"og:title\" content=\"Mo\u00ebt Hennessy celebra el D\u00eda Internacional de la Diversidad Biol\u00f3gica con la serie de charlas MH Talks | LUXONOMY\" \/>\n<meta property=\"og:description\" content=\"Para celebrar el D\u00eda Internacional de la Diversidad Biol\u00f3gica el pasado 22 de mayo, Mo\u00ebt Hennessy ha dedicado su primer ciclo de mesas redondas, la serie MH Talk, a cuestiones medio-ambientales. Del 18 al 21 de mayo, estas conferencias, que ha reunido a expertos en biodiversidad, profundizaron en el programa Living Soils, Living Together de&hellip;\" \/>\n<meta property=\"og:url\" content=\"https:\/\/luxonomy.net\/es\/moet-hennessy-celebra-el-dia-internacional-de-la-diversidad-biologica-con-la-serie-de-charlas-mh-talks\/\" \/>\n<meta property=\"og:site_name\" content=\"LUXONOMY\" \/>\n<meta property=\"article:publisher\" content=\"https:\/\/www.facebook.com\/luxonomy\" \/>\n<meta property=\"article:published_time\" content=\"2021-05-25T10:56:11+00:00\" \/>\n<meta property=\"og:image\" content=\"https:\/\/i0.wp.com\/luxonomy.net\/wp-content\/uploads\/2021\/05\/MH-Talk.jpg?fit=1195%2C1195&quality=89&ssl=1\" \/>\n\t<meta property=\"og:image:width\" content=\"1195\" \/>\n\t<meta property=\"og:image:height\" content=\"1195\" \/>\n\t<meta property=\"og:image:type\" content=\"image\/jpeg\" \/>\n<meta name=\"author\" content=\"Chiara Gabardi\" \/>\n<meta name=\"twitter:card\" content=\"summary_large_image\" \/>\n<meta name=\"twitter:label1\" content=\"Escrito por\" \/>\n\t<meta name=\"twitter:data1\" content=\"Chiara Gabardi\" \/>\n\t<meta name=\"twitter:label2\" content=\"Tiempo de lectura\" \/>\n\t<meta name=\"twitter:data2\" content=\"3 minutos\" \/>\n<script type=\"application\/ld+json\" class=\"yoast-schema-graph\">{\"@context\":\"https:\\\/\\\/schema.org\",\"@graph\":[{\"@type\":\"Article\",\"@id\":\"https:\\\/\\\/luxonomy.net\\\/es\\\/moet-hennessy-celebra-el-dia-internacional-de-la-diversidad-biologica-con-la-serie-de-charlas-mh-talks\\\/#article\",\"isPartOf\":{\"@id\":\"https:\\\/\\\/luxonomy.net\\\/es\\\/moet-hennessy-celebra-el-dia-internacional-de-la-diversidad-biologica-con-la-serie-de-charlas-mh-talks\\\/\"},\"author\":{\"name\":\"Chiara Gabardi\",\"@id\":\"https:\\\/\\\/luxonomy.net\\\/es\\\/#\\\/schema\\\/person\\\/9d526ffe93a0cc9cecc91760f49da3ef\"},\"headline\":\"Mo\u00ebt Hennessy celebra el D\u00eda Internacional de la Diversidad Biol\u00f3gica con la serie de charlas MH Talks\",\"datePublished\":\"2021-05-25T10:56:11+00:00\",\"mainEntityOfPage\":{\"@id\":\"https:\\\/\\\/luxonomy.net\\\/es\\\/moet-hennessy-celebra-el-dia-internacional-de-la-diversidad-biologica-con-la-serie-de-charlas-mh-talks\\\/\"},\"wordCount\":558,\"commentCount\":0,\"publisher\":{\"@id\":\"https:\\\/\\\/luxonomy.net\\\/es\\\/#organization\"},\"image\":{\"@id\":\"https:\\\/\\\/luxonomy.net\\\/es\\\/moet-hennessy-celebra-el-dia-internacional-de-la-diversidad-biologica-con-la-serie-de-charlas-mh-talks\\\/#primaryimage\"},\"thumbnailUrl\":\"https:\\\/\\\/i0.wp.com\\\/luxonomy.net\\\/wp-content\\\/uploads\\\/2021\\\/05\\\/MH-Talk.jpg?fit=1195%2C1195&ssl=1\",\"keywords\":[\"biodiversidad\",\"Ecolujo\",\"ecoluxury\",\"Mo\u00ebt Hennessy\"],\"articleSection\":[\"Sostenibilidad\"],\"inLanguage\":\"es\",\"potentialAction\":[{\"@type\":\"CommentAction\",\"name\":\"Comment\",\"target\":[\"https:\\\/\\\/luxonomy.net\\\/es\\\/moet-hennessy-celebra-el-dia-internacional-de-la-diversidad-biologica-con-la-serie-de-charlas-mh-talks\\\/#respond\"]}]},{\"@type\":\"WebPage\",\"@id\":\"https:\\\/\\\/luxonomy.net\\\/es\\\/moet-hennessy-celebra-el-dia-internacional-de-la-diversidad-biologica-con-la-serie-de-charlas-mh-talks\\\/\",\"url\":\"https:\\\/\\\/luxonomy.net\\\/es\\\/moet-hennessy-celebra-el-dia-internacional-de-la-diversidad-biologica-con-la-serie-de-charlas-mh-talks\\\/\",\"name\":\"Mo\u00ebt Hennessy celebra el D\u00eda Internacional de la Diversidad Biol\u00f3gica con la serie de charlas MH Talks | LUXONOMY\",\"isPartOf\":{\"@id\":\"https:\\\/\\\/luxonomy.net\\\/es\\\/#website\"},\"primaryImageOfPage\":{\"@id\":\"https:\\\/\\\/luxonomy.net\\\/es\\\/moet-hennessy-celebra-el-dia-internacional-de-la-diversidad-biologica-con-la-serie-de-charlas-mh-talks\\\/#primaryimage\"},\"image\":{\"@id\":\"https:\\\/\\\/luxonomy.net\\\/es\\\/moet-hennessy-celebra-el-dia-internacional-de-la-diversidad-biologica-con-la-serie-de-charlas-mh-talks\\\/#primaryimage\"},\"thumbnailUrl\":\"https:\\\/\\\/i0.wp.com\\\/luxonomy.net\\\/wp-content\\\/uploads\\\/2021\\\/05\\\/MH-Talk.jpg?fit=1195%2C1195&ssl=1\",\"datePublished\":\"2021-05-25T10:56:11+00:00\",\"breadcrumb\":{\"@id\":\"https:\\\/\\\/luxonomy.net\\\/es\\\/moet-hennessy-celebra-el-dia-internacional-de-la-diversidad-biologica-con-la-serie-de-charlas-mh-talks\\\/#breadcrumb\"},\"inLanguage\":\"es\",\"potentialAction\":[{\"@type\":\"ReadAction\",\"target\":[\"https:\\\/\\\/luxonomy.net\\\/es\\\/moet-hennessy-celebra-el-dia-internacional-de-la-diversidad-biologica-con-la-serie-de-charlas-mh-talks\\\/\"]}]},{\"@type\":\"ImageObject\",\"inLanguage\":\"es\",\"@id\":\"https:\\\/\\\/luxonomy.net\\\/es\\\/moet-hennessy-celebra-el-dia-internacional-de-la-diversidad-biologica-con-la-serie-de-charlas-mh-talks\\\/#primaryimage\",\"url\":\"https:\\\/\\\/i0.wp.com\\\/luxonomy.net\\\/wp-content\\\/uploads\\\/2021\\\/05\\\/MH-Talk.jpg?fit=1195%2C1195&ssl=1\",\"contentUrl\":\"https:\\\/\\\/i0.wp.com\\\/luxonomy.net\\\/wp-content\\\/uploads\\\/2021\\\/05\\\/MH-Talk.jpg?fit=1195%2C1195&ssl=1\",\"width\":1195,\"height\":1195},{\"@type\":\"BreadcrumbList\",\"@id\":\"https:\\\/\\\/luxonomy.net\\\/es\\\/moet-hennessy-celebra-el-dia-internacional-de-la-diversidad-biologica-con-la-serie-de-charlas-mh-talks\\\/#breadcrumb\",\"itemListElement\":[{\"@type\":\"ListItem\",\"position\":1,\"name\":\"Portada\",\"item\":\"https:\\\/\\\/luxonomy.net\\\/es\\\/\"},{\"@type\":\"ListItem\",\"position\":2,\"name\":\"Mo\u00ebt Hennessy celebra el D\u00eda Internacional de la Diversidad Biol\u00f3gica con la serie de charlas MH Talks\"}]},{\"@type\":\"WebSite\",\"@id\":\"https:\\\/\\\/luxonomy.net\\\/es\\\/#website\",\"url\":\"https:\\\/\\\/luxonomy.net\\\/es\\\/\",\"name\":\"LUXONOMY\",\"description\":\"The Economy of Fashion &amp; Luxury\",\"publisher\":{\"@id\":\"https:\\\/\\\/luxonomy.net\\\/es\\\/#organization\"},\"potentialAction\":[{\"@type\":\"SearchAction\",\"target\":{\"@type\":\"EntryPoint\",\"urlTemplate\":\"https:\\\/\\\/luxonomy.net\\\/es\\\/?s={search_term_string}\"},\"query-input\":{\"@type\":\"PropertyValueSpecification\",\"valueRequired\":true,\"valueName\":\"search_term_string\"}}],\"inLanguage\":\"es\"},{\"@type\":\"Organization\",\"@id\":\"https:\\\/\\\/luxonomy.net\\\/es\\\/#organization\",\"name\":\"LUXONOMY\",\"url\":\"https:\\\/\\\/luxonomy.net\\\/es\\\/\",\"logo\":{\"@type\":\"ImageObject\",\"inLanguage\":\"es\",\"@id\":\"https:\\\/\\\/luxonomy.net\\\/es\\\/#\\\/schema\\\/logo\\\/image\\\/\",\"url\":\"https:\\\/\\\/i2.wp.com\\\/luxonomy.net\\\/wp-content\\\/uploads\\\/2021\\\/09\\\/MOCKUP-TODOS-LUXONOMY.jpg?fit=1000%2C515&ssl=1\",\"contentUrl\":\"https:\\\/\\\/i2.wp.com\\\/luxonomy.net\\\/wp-content\\\/uploads\\\/2021\\\/09\\\/MOCKUP-TODOS-LUXONOMY.jpg?fit=1000%2C515&ssl=1\",\"width\":1000,\"height\":515,\"caption\":\"LUXONOMY\"},\"image\":{\"@id\":\"https:\\\/\\\/luxonomy.net\\\/es\\\/#\\\/schema\\\/logo\\\/image\\\/\"},\"sameAs\":[\"https:\\\/\\\/www.facebook.com\\\/luxonomy\",\"https:\\\/\\\/www.instagram.com\\\/luxonomy\\\/\",\"https:\\\/\\\/www.linkedin.com\\\/company\\\/luxonomy\\\/\"]},{\"@type\":\"Person\",\"@id\":\"https:\\\/\\\/luxonomy.net\\\/es\\\/#\\\/schema\\\/person\\\/9d526ffe93a0cc9cecc91760f49da3ef\",\"name\":\"Chiara Gabardi\",\"image\":{\"@type\":\"ImageObject\",\"inLanguage\":\"es\",\"@id\":\"https:\\\/\\\/luxonomy.net\\\/wp-content\\\/litespeed\\\/avatar\\\/548640c4e2c34544e66c65ab1641a5d7.jpg?ver=1788581172\",\"url\":\"https:\\\/\\\/luxonomy.net\\\/wp-content\\\/litespeed\\\/avatar\\\/548640c4e2c34544e66c65ab1641a5d7.jpg?ver=1788581172\",\"contentUrl\":\"https:\\\/\\\/luxonomy.net\\\/wp-content\\\/litespeed\\\/avatar\\\/548640c4e2c34544e66c65ab1641a5d7.jpg?ver=1788581172\",\"caption\":\"Chiara Gabardi\"},\"description\":\"Editor at LUXONOMY\u2122 Group\",\"url\":\"https:\\\/\\\/luxonomy.net\\\/es\\\/author\\\/chiara-gabardi\\\/\"}]}<\/script>\n<!-- \/ Yoast SEO plugin. -->","yoast_head_json":{"title":"Mo\u00ebt Hennessy celebra el D\u00eda Internacional de la Diversidad Biol\u00f3gica con la serie de charlas MH Talks | LUXONOMY","robots":{"index":"index","follow":"follow","max-snippet":"max-snippet:-1","max-image-preview":"max-image-preview:large","max-video-preview":"max-video-preview:-1"},"canonical":"https:\/\/luxonomy.net\/es\/moet-hennessy-celebra-el-dia-internacional-de-la-diversidad-biologica-con-la-serie-de-charlas-mh-talks\/","og_locale":"es_ES","og_type":"article","og_title":"Mo\u00ebt Hennessy celebra el D\u00eda Internacional de la Diversidad Biol\u00f3gica con la serie de charlas MH Talks | LUXONOMY","og_description":"Para celebrar el D\u00eda Internacional de la Diversidad Biol\u00f3gica el pasado 22 de mayo, Mo\u00ebt Hennessy ha dedicado su primer ciclo de mesas redondas, la serie MH Talk, a cuestiones medio-ambientales. Del 18 al 21 de mayo, estas conferencias, que ha reunido a expertos en biodiversidad, profundizaron en el programa Living Soils, Living Together de&hellip;","og_url":"https:\/\/luxonomy.net\/es\/moet-hennessy-celebra-el-dia-internacional-de-la-diversidad-biologica-con-la-serie-de-charlas-mh-talks\/","og_site_name":"LUXONOMY","article_publisher":"https:\/\/www.facebook.com\/luxonomy","article_published_time":"2021-05-25T10:56:11+00:00","og_image":[{"width":1195,"height":1195,"url":"https:\/\/i0.wp.com\/luxonomy.net\/wp-content\/uploads\/2021\/05\/MH-Talk.jpg?fit=1195%2C1195&quality=89&ssl=1","type":"image\/jpeg"}],"author":"Chiara Gabardi","twitter_card":"summary_large_image","twitter_misc":{"Escrito por":"Chiara Gabardi","Tiempo de lectura":"3 minutos"},"schema":{"@context":"https:\/\/schema.org","@graph":[{"@type":"Article","@id":"https:\/\/luxonomy.net\/es\/moet-hennessy-celebra-el-dia-internacional-de-la-diversidad-biologica-con-la-serie-de-charlas-mh-talks\/#article","isPartOf":{"@id":"https:\/\/luxonomy.net\/es\/moet-hennessy-celebra-el-dia-internacional-de-la-diversidad-biologica-con-la-serie-de-charlas-mh-talks\/"},"author":{"name":"Chiara Gabardi","@id":"https:\/\/luxonomy.net\/es\/#\/schema\/person\/9d526ffe93a0cc9cecc91760f49da3ef"},"headline":"Mo\u00ebt Hennessy celebra el D\u00eda Internacional de la Diversidad Biol\u00f3gica con la serie de charlas MH Talks","datePublished":"2021-05-25T10:56:11+00:00","mainEntityOfPage":{"@id":"https:\/\/luxonomy.net\/es\/moet-hennessy-celebra-el-dia-internacional-de-la-diversidad-biologica-con-la-serie-de-charlas-mh-talks\/"},"wordCount":558,"commentCount":0,"publisher":{"@id":"https:\/\/luxonomy.net\/es\/#organization"},"image":{"@id":"https:\/\/luxonomy.net\/es\/moet-hennessy-celebra-el-dia-internacional-de-la-diversidad-biologica-con-la-serie-de-charlas-mh-talks\/#primaryimage"},"thumbnailUrl":"https:\/\/i0.wp.com\/luxonomy.net\/wp-content\/uploads\/2021\/05\/MH-Talk.jpg?fit=1195%2C1195&ssl=1","keywords":["biodiversidad","Ecolujo","ecoluxury","Mo\u00ebt Hennessy"],"articleSection":["Sostenibilidad"],"inLanguage":"es","potentialAction":[{"@type":"CommentAction","name":"Comment","target":["https:\/\/luxonomy.net\/es\/moet-hennessy-celebra-el-dia-internacional-de-la-diversidad-biologica-con-la-serie-de-charlas-mh-talks\/#respond"]}]},{"@type":"WebPage","@id":"https:\/\/luxonomy.net\/es\/moet-hennessy-celebra-el-dia-internacional-de-la-diversidad-biologica-con-la-serie-de-charlas-mh-talks\/","url":"https:\/\/luxonomy.net\/es\/moet-hennessy-celebra-el-dia-internacional-de-la-diversidad-biologica-con-la-serie-de-charlas-mh-talks\/","name":"Mo\u00ebt Hennessy celebra el D\u00eda Internacional de la Diversidad Biol\u00f3gica con la serie de charlas MH Talks | LUXONOMY","isPartOf":{"@id":"https:\/\/luxonomy.net\/es\/#website"},"primaryImageOfPage":{"@id":"https:\/\/luxonomy.net\/es\/moet-hennessy-celebra-el-dia-internacional-de-la-diversidad-biologica-con-la-serie-de-charlas-mh-talks\/#primaryimage"},"image":{"@id":"https:\/\/luxonomy.net\/es\/moet-hennessy-celebra-el-dia-internacional-de-la-diversidad-biologica-con-la-serie-de-charlas-mh-talks\/#primaryimage"},"thumbnailUrl":"https:\/\/i0.wp.com\/luxonomy.net\/wp-content\/uploads\/2021\/05\/MH-Talk.jpg?fit=1195%2C1195&ssl=1","datePublished":"2021-05-25T10:56:11+00:00","breadcrumb":{"@id":"https:\/\/luxonomy.net\/es\/moet-hennessy-celebra-el-dia-internacional-de-la-diversidad-biologica-con-la-serie-de-charlas-mh-talks\/#breadcrumb"},"inLanguage":"es","potentialAction":[{"@type":"ReadAction","target":["https:\/\/luxonomy.net\/es\/moet-hennessy-celebra-el-dia-internacional-de-la-diversidad-biologica-con-la-serie-de-charlas-mh-talks\/"]}]},{"@type":"ImageObject","inLanguage":"es","@id":"https:\/\/luxonomy.net\/es\/moet-hennessy-celebra-el-dia-internacional-de-la-diversidad-biologica-con-la-serie-de-charlas-mh-talks\/#primaryimage","url":"https:\/\/i0.wp.com\/luxonomy.net\/wp-content\/uploads\/2021\/05\/MH-Talk.jpg?fit=1195%2C1195&ssl=1","contentUrl":"https:\/\/i0.wp.com\/luxonomy.net\/wp-content\/uploads\/2021\/05\/MH-Talk.jpg?fit=1195%2C1195&ssl=1","width":1195,"height":1195},{"@type":"BreadcrumbList","@id":"https:\/\/luxonomy.net\/es\/moet-hennessy-celebra-el-dia-internacional-de-la-diversidad-biologica-con-la-serie-de-charlas-mh-talks\/#breadcrumb","itemListElement":[{"@type":"ListItem","position":1,"name":"Portada","item":"https:\/\/luxonomy.net\/es\/"},{"@type":"ListItem","position":2,"name":"Mo\u00ebt Hennessy celebra el D\u00eda Internacional de la Diversidad Biol\u00f3gica con la serie de charlas MH Talks"}]},{"@type":"WebSite","@id":"https:\/\/luxonomy.net\/es\/#website","url":"https:\/\/luxonomy.net\/es\/","name":"LUXONOMY","description":"The Economy of Fashion &amp; Luxury","publisher":{"@id":"https:\/\/luxonomy.net\/es\/#organization"},"potentialAction":[{"@type":"SearchAction","target":{"@type":"EntryPoint","urlTemplate":"https:\/\/luxonomy.net\/es\/?s={search_term_string}"},"query-input":{"@type":"PropertyValueSpecification","valueRequired":true,"valueName":"search_term_string"}}],"inLanguage":"es"},{"@type":"Organization","@id":"https:\/\/luxonomy.net\/es\/#organization","name":"LUXONOMY","url":"https:\/\/luxonomy.net\/es\/","logo":{"@type":"ImageObject","inLanguage":"es","@id":"https:\/\/luxonomy.net\/es\/#\/schema\/logo\/image\/","url":"https:\/\/i2.wp.com\/luxonomy.net\/wp-content\/uploads\/2021\/09\/MOCKUP-TODOS-LUXONOMY.jpg?fit=1000%2C515&ssl=1","contentUrl":"https:\/\/i2.wp.com\/luxonomy.net\/wp-content\/uploads\/2021\/09\/MOCKUP-TODOS-LUXONOMY.jpg?fit=1000%2C515&ssl=1","width":1000,"height":515,"caption":"LUXONOMY"},"image":{"@id":"https:\/\/luxonomy.net\/es\/#\/schema\/logo\/image\/"},"sameAs":["https:\/\/www.facebook.com\/luxonomy","https:\/\/www.instagram.com\/luxonomy\/","https:\/\/www.linkedin.com\/company\/luxonomy\/"]},{"@type":"Person","@id":"https:\/\/luxonomy.net\/es\/#\/schema\/person\/9d526ffe93a0cc9cecc91760f49da3ef","name":"Chiara Gabardi","image":{"@type":"ImageObject","inLanguage":"es","@id":"https:\/\/luxonomy.net\/wp-content\/litespeed\/avatar\/548640c4e2c34544e66c65ab1641a5d7.jpg?ver=1788581172","url":"https:\/\/luxonomy.net\/wp-content\/litespeed\/avatar\/548640c4e2c34544e66c65ab1641a5d7.jpg?ver=1788581172","contentUrl":"https:\/\/luxonomy.net\/wp-content\/litespeed\/avatar\/548640c4e2c34544e66c65ab1641a5d7.jpg?ver=1788581172","caption":"Chiara Gabardi"},"description":"Editor at LUXONOMY\u2122 Group","url":"https:\/\/luxonomy.net\/es\/author\/chiara-gabardi\/"}]}},"jetpack_publicize_connections":[],"jetpack_shortlink":"https:\/\/wp.me\/paPhBa-3UK","jetpack_sharing_enabled":true,"jetpack_featured_media_url":"https:\/\/i0.wp.com\/luxonomy.net\/wp-content\/uploads\/2021\/05\/MH-Talk.jpg?fit=1195%2C1195&ssl=1","_links":{"self":[{"href":"https:\/\/luxonomy.net\/es\/wp-json\/wp\/v2\/posts\/15050","targetHints":{"allow":["GET"]}}],"collection":[{"href":"https:\/\/luxonomy.net\/es\/wp-json\/wp\/v2\/posts"}],"about":[{"href":"https:\/\/luxonomy.net\/es\/wp-json\/wp\/v2\/types\/post"}],"author":[{"embeddable":true,"href":"https:\/\/luxonomy.net\/es\/wp-json\/wp\/v2\/users\/10"}],"replies":[{"embeddable":true,"href":"https:\/\/luxonomy.net\/es\/wp-json\/wp\/v2\/comments?post=15050"}],"version-history":[{"count":2,"href":"https:\/\/luxonomy.net\/es\/wp-json\/wp\/v2\/posts\/15050\/revisions"}],"predecessor-version":[{"id":15054,"href":"https:\/\/luxonomy.net\/es\/wp-json\/wp\/v2\/posts\/15050\/revisions\/15054"}],"wp:featuredmedia":[{"embeddable":true,"href":"https:\/\/luxonomy.net\/es\/wp-json\/wp\/v2\/media\/15053"}],"wp:attachment":[{"href":"https:\/\/luxonomy.net\/es\/wp-json\/wp\/v2\/media?parent=15050"}],"wp:term":[{"taxonomy":"category","embeddable":true,"href":"https:\/\/luxonomy.net\/es\/wp-json\/wp\/v2\/categories?post=15050"},{"taxonomy":"post_tag","embeddable":true,"href":"https:\/\/luxonomy.net\/es\/wp-json\/wp\/v2\/tags?post=15050"},{"taxonomy":"thb-sponsors","embeddable":true,"href":"https:\/\/luxonomy.net\/es\/wp-json\/wp\/v2\/thb-sponsors?post=15050"}],"curies":[{"name":"wp","href":"https:\/\/api.w.org\/{rel}","templated":true}]}}