{"id":14501,"date":"2021-04-22T14:46:19","date_gmt":"2021-04-22T12:46:19","guid":{"rendered":"https:\/?p=14501"},"modified":"2021-04-22T14:46:19","modified_gmt":"2021-04-22T12:46:19","slug":"luxonomy-tv-mercedes-eqs-el-pinaculo-del-lujo-del-siglo-xxi","status":"publish","type":"post","link":"https:\/\/luxonomy.net\/es\/luxonomy-tv-mercedes-eqs-el-pinaculo-del-lujo-del-siglo-xxi\/","title":{"rendered":"LUXONOMY TV: Mercedes EQS, el pin\u00e1culo del lujo del siglo XXI"},"content":{"rendered":"<p class=\"css-si1e3h css-1da0h1b\">Inicialmente, el <strong>SUV el\u00e9ctrico Mercedes EQC<\/strong> iba a ser el primer veh\u00edculo completamente el\u00e9ctrico del fabricante de autom\u00f3viles alem\u00e1n. <strong>Los planes cambiaron y, en cambio,\u00a0el EQS el\u00e9ctrico<\/strong> se dio a conocer con el objetivo de tener el veh\u00edculo en los concesionarios de EE. UU. Este oto\u00f1o, lo que significa que el <strong>Clase S el\u00e9ctrico con su gran paquete de bater\u00edas de 107,8 kWh ser\u00e1 el primero en aterrizar en suelo estadounidense<\/strong>.<\/p>\n<p class=\"css-si1e3h css-1da0h1b\">Con un precio a\u00fan por anunciar,\u00a0el <strong>EQS<\/strong> se enviar\u00e1 con caracter\u00edsticas de <strong>lujo y tecnolog\u00eda a la par con la Clase<\/strong> <strong>S<\/strong>. Ingresar\u00e1 al mercado para <strong>desafiar al Tesla Model S, Porsche Taycan, Audi e-tron GT y Lucid Air<\/strong>. Gracias a un paquete de bater\u00edas grande, el fabricante de autom\u00f3viles tiene como objetivo un alcance WLTP europeo de <strong>478 millas<\/strong>. El objetivo de la EPA no se ha anunciado, pero ser\u00e1 menor debido a pruebas m\u00e1s estrictas <strong>aqu\u00ed en los Estados Unidos<\/strong>.<\/p>\n","protected":false},"excerpt":{"rendered":"<p>Inicialmente, el SUV el\u00e9ctrico Mercedes EQC iba a ser el primer veh\u00edculo completamente el\u00e9ctrico del fabricante de autom\u00f3viles alem\u00e1n. Los planes cambiaron y, en cambio,\u00a0el EQS el\u00e9ctrico se dio a conocer con el objetivo de tener el veh\u00edculo en los concesionarios de EE. UU. Este oto\u00f1o, lo que significa que el Clase S el\u00e9ctrico con&hellip;<\/p>\n","protected":false},"author":14,"featured_media":14503,"comment_status":"open","ping_status":"open","sticky":false,"template":"","format":"video","meta":{"_jetpack_newsletter_access":"","_jetpack_dont_email_post_to_subs":false,"_jetpack_newsletter_tier_id":0,"_jetpack_memberships_contains_paywalled_content":false,"_jetpack_feature_clip_id":0,"_jetpack_memberships_contains_paid_content":false,"footnotes":"","jetpack_publicize_message":"LUXONOMY TV: Mercedes EQS, el pin\u00e1culo del lujo del siglo XXI.\r\n\r\nCon un precio a\u00fan por anunciar,\u00a0el EQS se enviar\u00e1 con caracter\u00edsticas de lujo y tecnolog\u00eda a la par con la Clase S. Ingresar\u00e1 al mercado para desafiar al Tesla Model S, Porsche Taycan, Audi e-tron GT y Lucid Air.\r\n\r\n#luxonomy #MercedesBenz #ClaseS #motor","jetpack_publicize_feature_enabled":true,"jetpack_social_post_already_shared":true,"jetpack_social_options":{"image_generator_settings":{"template":"edge","default_image_id":0,"font":"","enabled":false},"version":2},"jetpack_post_was_ever_published":false},"categories":[799,296],"tags":[955,531,222],"thb-sponsors":[],"class_list":["post-14501","post","type-post","status-publish","format-video","has-post-thumbnail","hentry","category-luxonomy-tv","category-motor","tag-mercedes-eqs","tag-mercedes-benz","tag-motor","post_format-post-format-video"],"yoast_head":"<!-- This site is optimized with the Yoast SEO plugin v28.4 - https:\/\/yoast.com\/product\/yoast-seo-wordpress\/ -->\n<title>LUXONOMY TV: Mercedes EQS, el pin\u00e1culo del lujo del siglo XXI | LUXONOMY<\/title>\n<meta name=\"robots\" content=\"index, follow, max-snippet:-1, max-image-preview:large, max-video-preview:-1\" \/>\n<link rel=\"canonical\" href=\"https:\/\/luxonomy.net\/es\/luxonomy-tv-mercedes-eqs-el-pinaculo-del-lujo-del-siglo-xxi\/\" \/>\n<meta property=\"og:locale\" content=\"es_ES\" \/>\n<meta property=\"og:type\" content=\"article\" \/>\n<meta property=\"og:title\" content=\"LUXONOMY TV: Mercedes EQS, el pin\u00e1culo del lujo del siglo XXI | LUXONOMY\" \/>\n<meta property=\"og:description\" content=\"Inicialmente, el SUV el\u00e9ctrico Mercedes EQC iba a ser el primer veh\u00edculo completamente el\u00e9ctrico del fabricante de autom\u00f3viles alem\u00e1n. Los planes cambiaron y, en cambio,\u00a0el EQS el\u00e9ctrico se dio a conocer con el objetivo de tener el veh\u00edculo en los concesionarios de EE. UU. Este oto\u00f1o, lo que significa que el Clase S el\u00e9ctrico con&hellip;\" \/>\n<meta property=\"og:url\" content=\"https:\/\/luxonomy.net\/es\/luxonomy-tv-mercedes-eqs-el-pinaculo-del-lujo-del-siglo-xxi\/\" \/>\n<meta property=\"og:site_name\" content=\"LUXONOMY\" \/>\n<meta property=\"article:publisher\" content=\"https:\/\/www.facebook.com\/luxonomy\" \/>\n<meta property=\"article:published_time\" content=\"2021-04-22T12:46:19+00:00\" \/>\n<meta property=\"og:image\" content=\"https:\/\/i0.wp.com\/luxonomy.net\/wp-content\/uploads\/2021\/04\/mercedes-eqs.jpg?fit=1200%2C800&quality=89&ssl=1\" \/>\n\t<meta property=\"og:image:width\" content=\"1200\" \/>\n\t<meta property=\"og:image:height\" content=\"800\" \/>\n\t<meta property=\"og:image:type\" content=\"image\/jpeg\" \/>\n<meta name=\"author\" content=\"Pablo Rodriguez de Aguilar\" \/>\n<meta name=\"twitter:card\" content=\"summary_large_image\" \/>\n<meta name=\"twitter:label1\" content=\"Escrito por\" \/>\n\t<meta name=\"twitter:data1\" content=\"Pablo Rodriguez de Aguilar\" \/>\n\t<meta name=\"twitter:label2\" content=\"Tiempo de lectura\" \/>\n\t<meta name=\"twitter:data2\" content=\"1 minuto\" \/>\n<script type=\"application\/ld+json\" class=\"yoast-schema-graph\">{\"@context\":\"https:\\\/\\\/schema.org\",\"@graph\":[{\"@type\":\"Article\",\"@id\":\"https:\\\/\\\/luxonomy.net\\\/es\\\/luxonomy-tv-mercedes-eqs-el-pinaculo-del-lujo-del-siglo-xxi\\\/#article\",\"isPartOf\":{\"@id\":\"https:\\\/\\\/luxonomy.net\\\/es\\\/luxonomy-tv-mercedes-eqs-el-pinaculo-del-lujo-del-siglo-xxi\\\/\"},\"author\":{\"name\":\"Pablo Rodriguez de Aguilar\",\"@id\":\"https:\\\/\\\/luxonomy.net\\\/es\\\/#\\\/schema\\\/person\\\/fc021969ca4a106d7ea9a64800b05fa7\"},\"headline\":\"LUXONOMY TV: Mercedes EQS, el pin\u00e1culo del lujo del siglo XXI\",\"datePublished\":\"2021-04-22T12:46:19+00:00\",\"mainEntityOfPage\":{\"@id\":\"https:\\\/\\\/luxonomy.net\\\/es\\\/luxonomy-tv-mercedes-eqs-el-pinaculo-del-lujo-del-siglo-xxi\\\/\"},\"wordCount\":181,\"commentCount\":0,\"publisher\":{\"@id\":\"https:\\\/\\\/luxonomy.net\\\/es\\\/#organization\"},\"image\":{\"@id\":\"https:\\\/\\\/luxonomy.net\\\/es\\\/luxonomy-tv-mercedes-eqs-el-pinaculo-del-lujo-del-siglo-xxi\\\/#primaryimage\"},\"thumbnailUrl\":\"https:\\\/\\\/i0.wp.com\\\/luxonomy.net\\\/wp-content\\\/uploads\\\/2021\\\/04\\\/mercedes-eqs.jpg?fit=1200%2C800&ssl=1\",\"keywords\":[\"Mercedes EQS\",\"Mercedes-Benz\",\"motor\"],\"articleSection\":[\"LUXONOMY TV\",\"Motor\"],\"inLanguage\":\"es\",\"potentialAction\":[{\"@type\":\"CommentAction\",\"name\":\"Comment\",\"target\":[\"https:\\\/\\\/luxonomy.net\\\/es\\\/luxonomy-tv-mercedes-eqs-el-pinaculo-del-lujo-del-siglo-xxi\\\/#respond\"]}]},{\"@type\":\"WebPage\",\"@id\":\"https:\\\/\\\/luxonomy.net\\\/es\\\/luxonomy-tv-mercedes-eqs-el-pinaculo-del-lujo-del-siglo-xxi\\\/\",\"url\":\"https:\\\/\\\/luxonomy.net\\\/es\\\/luxonomy-tv-mercedes-eqs-el-pinaculo-del-lujo-del-siglo-xxi\\\/\",\"name\":\"LUXONOMY TV: Mercedes EQS, el pin\u00e1culo del lujo del siglo XXI | LUXONOMY\",\"isPartOf\":{\"@id\":\"https:\\\/\\\/luxonomy.net\\\/es\\\/#website\"},\"primaryImageOfPage\":{\"@id\":\"https:\\\/\\\/luxonomy.net\\\/es\\\/luxonomy-tv-mercedes-eqs-el-pinaculo-del-lujo-del-siglo-xxi\\\/#primaryimage\"},\"image\":{\"@id\":\"https:\\\/\\\/luxonomy.net\\\/es\\\/luxonomy-tv-mercedes-eqs-el-pinaculo-del-lujo-del-siglo-xxi\\\/#primaryimage\"},\"thumbnailUrl\":\"https:\\\/\\\/i0.wp.com\\\/luxonomy.net\\\/wp-content\\\/uploads\\\/2021\\\/04\\\/mercedes-eqs.jpg?fit=1200%2C800&ssl=1\",\"datePublished\":\"2021-04-22T12:46:19+00:00\",\"breadcrumb\":{\"@id\":\"https:\\\/\\\/luxonomy.net\\\/es\\\/luxonomy-tv-mercedes-eqs-el-pinaculo-del-lujo-del-siglo-xxi\\\/#breadcrumb\"},\"inLanguage\":\"es\",\"potentialAction\":[{\"@type\":\"ReadAction\",\"target\":[\"https:\\\/\\\/luxonomy.net\\\/es\\\/luxonomy-tv-mercedes-eqs-el-pinaculo-del-lujo-del-siglo-xxi\\\/\"]}]},{\"@type\":\"ImageObject\",\"inLanguage\":\"es\",\"@id\":\"https:\\\/\\\/luxonomy.net\\\/es\\\/luxonomy-tv-mercedes-eqs-el-pinaculo-del-lujo-del-siglo-xxi\\\/#primaryimage\",\"url\":\"https:\\\/\\\/i0.wp.com\\\/luxonomy.net\\\/wp-content\\\/uploads\\\/2021\\\/04\\\/mercedes-eqs.jpg?fit=1200%2C800&ssl=1\",\"contentUrl\":\"https:\\\/\\\/i0.wp.com\\\/luxonomy.net\\\/wp-content\\\/uploads\\\/2021\\\/04\\\/mercedes-eqs.jpg?fit=1200%2C800&ssl=1\",\"width\":1200,\"height\":800,\"caption\":\"Mercedes-EQ, EQS 580 4MATIC, Exterieur, Farbe: hightechsilber\\\/obsidianschwarz, AMG-Line, Edition 1;( Stromverbrauch kombiniert: 20,0-16,9 kWh\\\/100 km; CO2-Emissionen kombiniert: 0 g\\\/km) \\\/\\\/ Mercedes-EQ, EQS 580 4MATIC, Exterior, colour: high-tech silver\\\/obsidian black, AMG-Line, Edition 1; (combined electrical consumption: 20.0-16.9 kWh\\\/100 km; combined CO2 emissions: 0 g\\\/km)\"},{\"@type\":\"BreadcrumbList\",\"@id\":\"https:\\\/\\\/luxonomy.net\\\/es\\\/luxonomy-tv-mercedes-eqs-el-pinaculo-del-lujo-del-siglo-xxi\\\/#breadcrumb\",\"itemListElement\":[{\"@type\":\"ListItem\",\"position\":1,\"name\":\"Portada\",\"item\":\"https:\\\/\\\/luxonomy.net\\\/es\\\/\"},{\"@type\":\"ListItem\",\"position\":2,\"name\":\"LUXONOMY TV: Mercedes EQS, el pin\u00e1culo del lujo del siglo XXI\"}]},{\"@type\":\"WebSite\",\"@id\":\"https:\\\/\\\/luxonomy.net\\\/es\\\/#website\",\"url\":\"https:\\\/\\\/luxonomy.net\\\/es\\\/\",\"name\":\"LUXONOMY\",\"description\":\"The Economy of Fashion &amp; Luxury\",\"publisher\":{\"@id\":\"https:\\\/\\\/luxonomy.net\\\/es\\\/#organization\"},\"potentialAction\":[{\"@type\":\"SearchAction\",\"target\":{\"@type\":\"EntryPoint\",\"urlTemplate\":\"https:\\\/\\\/luxonomy.net\\\/es\\\/?s={search_term_string}\"},\"query-input\":{\"@type\":\"PropertyValueSpecification\",\"valueRequired\":true,\"valueName\":\"search_term_string\"}}],\"inLanguage\":\"es\"},{\"@type\":\"Organization\",\"@id\":\"https:\\\/\\\/luxonomy.net\\\/es\\\/#organization\",\"name\":\"LUXONOMY\",\"url\":\"https:\\\/\\\/luxonomy.net\\\/es\\\/\",\"logo\":{\"@type\":\"ImageObject\",\"inLanguage\":\"es\",\"@id\":\"https:\\\/\\\/luxonomy.net\\\/es\\\/#\\\/schema\\\/logo\\\/image\\\/\",\"url\":\"https:\\\/\\\/i2.wp.com\\\/luxonomy.net\\\/wp-content\\\/uploads\\\/2021\\\/09\\\/MOCKUP-TODOS-LUXONOMY.jpg?fit=1000%2C515&ssl=1\",\"contentUrl\":\"https:\\\/\\\/i2.wp.com\\\/luxonomy.net\\\/wp-content\\\/uploads\\\/2021\\\/09\\\/MOCKUP-TODOS-LUXONOMY.jpg?fit=1000%2C515&ssl=1\",\"width\":1000,\"height\":515,\"caption\":\"LUXONOMY\"},\"image\":{\"@id\":\"https:\\\/\\\/luxonomy.net\\\/es\\\/#\\\/schema\\\/logo\\\/image\\\/\"},\"sameAs\":[\"https:\\\/\\\/www.facebook.com\\\/luxonomy\",\"https:\\\/\\\/www.instagram.com\\\/luxonomy\\\/\",\"https:\\\/\\\/www.linkedin.com\\\/company\\\/luxonomy\\\/\"]},{\"@type\":\"Person\",\"@id\":\"https:\\\/\\\/luxonomy.net\\\/es\\\/#\\\/schema\\\/person\\\/fc021969ca4a106d7ea9a64800b05fa7\",\"name\":\"Pablo Rodriguez de Aguilar\",\"image\":{\"@type\":\"ImageObject\",\"inLanguage\":\"es\",\"@id\":\"https:\\\/\\\/luxonomy.net\\\/wp-content\\\/litespeed\\\/avatar\\\/d4cf5f3956bcabe0ce8ae95e4c6604f9.jpg?ver=1788140676\",\"url\":\"https:\\\/\\\/luxonomy.net\\\/wp-content\\\/litespeed\\\/avatar\\\/d4cf5f3956bcabe0ce8ae95e4c6604f9.jpg?ver=1788140676\",\"contentUrl\":\"https:\\\/\\\/luxonomy.net\\\/wp-content\\\/litespeed\\\/avatar\\\/d4cf5f3956bcabe0ce8ae95e4c6604f9.jpg?ver=1788140676\",\"caption\":\"Pablo Rodriguez de Aguilar\"},\"description\":\"Regional Sales Manager at LUXONOMY\u2122 Group America\",\"sameAs\":[\"mailto:info@salondellujo.com\"],\"url\":\"https:\\\/\\\/luxonomy.net\\\/es\\\/author\\\/pablo-rodriguez-de-aguilar\\\/\"}]}<\/script>\n<!-- \/ Yoast SEO plugin. -->","yoast_head_json":{"title":"LUXONOMY TV: Mercedes EQS, el pin\u00e1culo del lujo del siglo XXI | LUXONOMY","robots":{"index":"index","follow":"follow","max-snippet":"max-snippet:-1","max-image-preview":"max-image-preview:large","max-video-preview":"max-video-preview:-1"},"canonical":"https:\/\/luxonomy.net\/es\/luxonomy-tv-mercedes-eqs-el-pinaculo-del-lujo-del-siglo-xxi\/","og_locale":"es_ES","og_type":"article","og_title":"LUXONOMY TV: Mercedes EQS, el pin\u00e1culo del lujo del siglo XXI | LUXONOMY","og_description":"Inicialmente, el SUV el\u00e9ctrico Mercedes EQC iba a ser el primer veh\u00edculo completamente el\u00e9ctrico del fabricante de autom\u00f3viles alem\u00e1n. Los planes cambiaron y, en cambio,\u00a0el EQS el\u00e9ctrico se dio a conocer con el objetivo de tener el veh\u00edculo en los concesionarios de EE. UU. Este oto\u00f1o, lo que significa que el Clase S el\u00e9ctrico con&hellip;","og_url":"https:\/\/luxonomy.net\/es\/luxonomy-tv-mercedes-eqs-el-pinaculo-del-lujo-del-siglo-xxi\/","og_site_name":"LUXONOMY","article_publisher":"https:\/\/www.facebook.com\/luxonomy","article_published_time":"2021-04-22T12:46:19+00:00","og_image":[{"width":1200,"height":800,"url":"https:\/\/i0.wp.com\/luxonomy.net\/wp-content\/uploads\/2021\/04\/mercedes-eqs.jpg?fit=1200%2C800&quality=89&ssl=1","type":"image\/jpeg"}],"author":"Pablo Rodriguez de Aguilar","twitter_card":"summary_large_image","twitter_misc":{"Escrito por":"Pablo Rodriguez de Aguilar","Tiempo de lectura":"1 minuto"},"schema":{"@context":"https:\/\/schema.org","@graph":[{"@type":"Article","@id":"https:\/\/luxonomy.net\/es\/luxonomy-tv-mercedes-eqs-el-pinaculo-del-lujo-del-siglo-xxi\/#article","isPartOf":{"@id":"https:\/\/luxonomy.net\/es\/luxonomy-tv-mercedes-eqs-el-pinaculo-del-lujo-del-siglo-xxi\/"},"author":{"name":"Pablo Rodriguez de Aguilar","@id":"https:\/\/luxonomy.net\/es\/#\/schema\/person\/fc021969ca4a106d7ea9a64800b05fa7"},"headline":"LUXONOMY TV: Mercedes EQS, el pin\u00e1culo del lujo del siglo XXI","datePublished":"2021-04-22T12:46:19+00:00","mainEntityOfPage":{"@id":"https:\/\/luxonomy.net\/es\/luxonomy-tv-mercedes-eqs-el-pinaculo-del-lujo-del-siglo-xxi\/"},"wordCount":181,"commentCount":0,"publisher":{"@id":"https:\/\/luxonomy.net\/es\/#organization"},"image":{"@id":"https:\/\/luxonomy.net\/es\/luxonomy-tv-mercedes-eqs-el-pinaculo-del-lujo-del-siglo-xxi\/#primaryimage"},"thumbnailUrl":"https:\/\/i0.wp.com\/luxonomy.net\/wp-content\/uploads\/2021\/04\/mercedes-eqs.jpg?fit=1200%2C800&ssl=1","keywords":["Mercedes EQS","Mercedes-Benz","motor"],"articleSection":["LUXONOMY TV","Motor"],"inLanguage":"es","potentialAction":[{"@type":"CommentAction","name":"Comment","target":["https:\/\/luxonomy.net\/es\/luxonomy-tv-mercedes-eqs-el-pinaculo-del-lujo-del-siglo-xxi\/#respond"]}]},{"@type":"WebPage","@id":"https:\/\/luxonomy.net\/es\/luxonomy-tv-mercedes-eqs-el-pinaculo-del-lujo-del-siglo-xxi\/","url":"https:\/\/luxonomy.net\/es\/luxonomy-tv-mercedes-eqs-el-pinaculo-del-lujo-del-siglo-xxi\/","name":"LUXONOMY TV: Mercedes EQS, el pin\u00e1culo del lujo del siglo XXI | LUXONOMY","isPartOf":{"@id":"https:\/\/luxonomy.net\/es\/#website"},"primaryImageOfPage":{"@id":"https:\/\/luxonomy.net\/es\/luxonomy-tv-mercedes-eqs-el-pinaculo-del-lujo-del-siglo-xxi\/#primaryimage"},"image":{"@id":"https:\/\/luxonomy.net\/es\/luxonomy-tv-mercedes-eqs-el-pinaculo-del-lujo-del-siglo-xxi\/#primaryimage"},"thumbnailUrl":"https:\/\/i0.wp.com\/luxonomy.net\/wp-content\/uploads\/2021\/04\/mercedes-eqs.jpg?fit=1200%2C800&ssl=1","datePublished":"2021-04-22T12:46:19+00:00","breadcrumb":{"@id":"https:\/\/luxonomy.net\/es\/luxonomy-tv-mercedes-eqs-el-pinaculo-del-lujo-del-siglo-xxi\/#breadcrumb"},"inLanguage":"es","potentialAction":[{"@type":"ReadAction","target":["https:\/\/luxonomy.net\/es\/luxonomy-tv-mercedes-eqs-el-pinaculo-del-lujo-del-siglo-xxi\/"]}]},{"@type":"ImageObject","inLanguage":"es","@id":"https:\/\/luxonomy.net\/es\/luxonomy-tv-mercedes-eqs-el-pinaculo-del-lujo-del-siglo-xxi\/#primaryimage","url":"https:\/\/i0.wp.com\/luxonomy.net\/wp-content\/uploads\/2021\/04\/mercedes-eqs.jpg?fit=1200%2C800&ssl=1","contentUrl":"https:\/\/i0.wp.com\/luxonomy.net\/wp-content\/uploads\/2021\/04\/mercedes-eqs.jpg?fit=1200%2C800&ssl=1","width":1200,"height":800,"caption":"Mercedes-EQ, EQS 580 4MATIC, Exterieur, Farbe: hightechsilber\/obsidianschwarz, AMG-Line, Edition 1;( Stromverbrauch kombiniert: 20,0-16,9 kWh\/100 km; CO2-Emissionen kombiniert: 0 g\/km) \/\/ Mercedes-EQ, EQS 580 4MATIC, Exterior, colour: high-tech silver\/obsidian black, AMG-Line, Edition 1; (combined electrical consumption: 20.0-16.9 kWh\/100 km; combined CO2 emissions: 0 g\/km)"},{"@type":"BreadcrumbList","@id":"https:\/\/luxonomy.net\/es\/luxonomy-tv-mercedes-eqs-el-pinaculo-del-lujo-del-siglo-xxi\/#breadcrumb","itemListElement":[{"@type":"ListItem","position":1,"name":"Portada","item":"https:\/\/luxonomy.net\/es\/"},{"@type":"ListItem","position":2,"name":"LUXONOMY TV: Mercedes EQS, el pin\u00e1culo del lujo del siglo XXI"}]},{"@type":"WebSite","@id":"https:\/\/luxonomy.net\/es\/#website","url":"https:\/\/luxonomy.net\/es\/","name":"LUXONOMY","description":"The Economy of Fashion &amp; Luxury","publisher":{"@id":"https:\/\/luxonomy.net\/es\/#organization"},"potentialAction":[{"@type":"SearchAction","target":{"@type":"EntryPoint","urlTemplate":"https:\/\/luxonomy.net\/es\/?s={search_term_string}"},"query-input":{"@type":"PropertyValueSpecification","valueRequired":true,"valueName":"search_term_string"}}],"inLanguage":"es"},{"@type":"Organization","@id":"https:\/\/luxonomy.net\/es\/#organization","name":"LUXONOMY","url":"https:\/\/luxonomy.net\/es\/","logo":{"@type":"ImageObject","inLanguage":"es","@id":"https:\/\/luxonomy.net\/es\/#\/schema\/logo\/image\/","url":"https:\/\/i2.wp.com\/luxonomy.net\/wp-content\/uploads\/2021\/09\/MOCKUP-TODOS-LUXONOMY.jpg?fit=1000%2C515&ssl=1","contentUrl":"https:\/\/i2.wp.com\/luxonomy.net\/wp-content\/uploads\/2021\/09\/MOCKUP-TODOS-LUXONOMY.jpg?fit=1000%2C515&ssl=1","width":1000,"height":515,"caption":"LUXONOMY"},"image":{"@id":"https:\/\/luxonomy.net\/es\/#\/schema\/logo\/image\/"},"sameAs":["https:\/\/www.facebook.com\/luxonomy","https:\/\/www.instagram.com\/luxonomy\/","https:\/\/www.linkedin.com\/company\/luxonomy\/"]},{"@type":"Person","@id":"https:\/\/luxonomy.net\/es\/#\/schema\/person\/fc021969ca4a106d7ea9a64800b05fa7","name":"Pablo Rodriguez de Aguilar","image":{"@type":"ImageObject","inLanguage":"es","@id":"https:\/\/luxonomy.net\/wp-content\/litespeed\/avatar\/d4cf5f3956bcabe0ce8ae95e4c6604f9.jpg?ver=1788140676","url":"https:\/\/luxonomy.net\/wp-content\/litespeed\/avatar\/d4cf5f3956bcabe0ce8ae95e4c6604f9.jpg?ver=1788140676","contentUrl":"https:\/\/luxonomy.net\/wp-content\/litespeed\/avatar\/d4cf5f3956bcabe0ce8ae95e4c6604f9.jpg?ver=1788140676","caption":"Pablo Rodriguez de Aguilar"},"description":"Regional Sales Manager at LUXONOMY\u2122 Group America","sameAs":["mailto:info@salondellujo.com"],"url":"https:\/\/luxonomy.net\/es\/author\/pablo-rodriguez-de-aguilar\/"}]}},"jetpack_publicize_connections":[],"jetpack_shortlink":"https:\/\/wp.me\/paPhBa-3LT","jetpack_sharing_enabled":true,"jetpack_featured_media_url":"https:\/\/i0.wp.com\/luxonomy.net\/wp-content\/uploads\/2021\/04\/mercedes-eqs.jpg?fit=1200%2C800&ssl=1","_links":{"self":[{"href":"https:\/\/luxonomy.net\/es\/wp-json\/wp\/v2\/posts\/14501","targetHints":{"allow":["GET"]}}],"collection":[{"href":"https:\/\/luxonomy.net\/es\/wp-json\/wp\/v2\/posts"}],"about":[{"href":"https:\/\/luxonomy.net\/es\/wp-json\/wp\/v2\/types\/post"}],"author":[{"embeddable":true,"href":"https:\/\/luxonomy.net\/es\/wp-json\/wp\/v2\/users\/14"}],"replies":[{"embeddable":true,"href":"https:\/\/luxonomy.net\/es\/wp-json\/wp\/v2\/comments?post=14501"}],"version-history":[{"count":3,"href":"https:\/\/luxonomy.net\/es\/wp-json\/wp\/v2\/posts\/14501\/revisions"}],"predecessor-version":[{"id":14505,"href":"https:\/\/luxonomy.net\/es\/wp-json\/wp\/v2\/posts\/14501\/revisions\/14505"}],"wp:featuredmedia":[{"embeddable":true,"href":"https:\/\/luxonomy.net\/es\/wp-json\/wp\/v2\/media\/14503"}],"wp:attachment":[{"href":"https:\/\/luxonomy.net\/es\/wp-json\/wp\/v2\/media?parent=14501"}],"wp:term":[{"taxonomy":"category","embeddable":true,"href":"https:\/\/luxonomy.net\/es\/wp-json\/wp\/v2\/categories?post=14501"},{"taxonomy":"post_tag","embeddable":true,"href":"https:\/\/luxonomy.net\/es\/wp-json\/wp\/v2\/tags?post=14501"},{"taxonomy":"thb-sponsors","embeddable":true,"href":"https:\/\/luxonomy.net\/es\/wp-json\/wp\/v2\/thb-sponsors?post=14501"}],"curies":[{"name":"wp","href":"https:\/\/api.w.org\/{rel}","templated":true}]}}