{"id":14166,"date":"2021-04-09T17:18:00","date_gmt":"2021-04-09T15:18:00","guid":{"rendered":"https:\/?p=14166"},"modified":"2021-04-10T18:34:17","modified_gmt":"2021-04-10T16:34:17","slug":"tods-anuncia-que-chiara-ferragni-entra-en-el-consejo-de-administracion-del-grupo-y-en-unos-minutos-despues-las-acciones-se-disparan","status":"publish","type":"post","link":"https:\/\/luxonomy.net\/es\/tods-anuncia-que-chiara-ferragni-entra-en-el-consejo-de-administracion-del-grupo-y-en-unos-minutos-despues-las-acciones-se-disparan\/","title":{"rendered":"Tod&#8217;s anuncia que Chiara Ferragni entra en el Consejo de Administraci\u00f3n del Grupo y en unos minutos despu\u00e9s las acciones se disparan"},"content":{"rendered":"<p><strong>Tod&#8217;s<\/strong> anuncia en torno a las 10.30 horas que <strong>Chiara Ferragni entra en el Consejo de Administraci\u00f3n del Grupo<\/strong> y pocos minutos despu\u00e9s las <em>acciones despegan literalmente<\/em>, como se ve en el <strong>gr\u00e1fico<\/strong>, y luego cierra la sesi\u00f3n con m\u00e1s de <strong>100 millones de euros de capitalizaci\u00f3n<\/strong> ganadas en piazza Affari.<\/p>\n<p><img loading=\"lazy\" decoding=\"async\" data-attachment-id=\"14168\" data-permalink=\"https:\/\/luxonomy.net\/es\/tods-anuncia-que-chiara-ferragni-entra-en-el-consejo-de-administracion-del-grupo-y-en-unos-minutos-despues-las-acciones-se-disparan\/img_4508\/\" data-orig-file=\"https:\/\/i0.wp.com\/luxonomy.net\/wp-content\/uploads\/2021\/04\/img_4508.jpg?fit=1270%2C612&amp;ssl=1\" data-orig-size=\"1270,612\" data-comments-opened=\"1\" data-image-title=\"img_4508\" data-image-description=\"\" data-image-caption=\"\" data-large-file=\"https:\/\/i0.wp.com\/luxonomy.net\/wp-content\/uploads\/2021\/04\/img_4508.jpg?fit=1024%2C493&amp;ssl=1\" src=\"data:image\/gif;base64,R0lGODlhAQABAAAAACH5BAEKAAEALAAAAAABAAEAAAICTAEAOw==\" data-src=\"http:\/\/luxonomy.net\/wp-content\/uploads\/2021\/04\/img_4508.jpg\" class=\"size-full wp-image-14168 lazyload\" width=\"1270\" height=\"612\" data-sizes=\"auto\" data-srcset=\"https:\/\/i0.wp.com\/luxonomy.net\/wp-content\/uploads\/2021\/04\/img_4508.jpg?w=1270&amp;ssl=1 1270w, https:\/\/i0.wp.com\/luxonomy.net\/wp-content\/uploads\/2021\/04\/img_4508.jpg?resize=300%2C145&amp;ssl=1 300w, https:\/\/i0.wp.com\/luxonomy.net\/wp-content\/uploads\/2021\/04\/img_4508.jpg?resize=1024%2C493&amp;ssl=1 1024w, https:\/\/i0.wp.com\/luxonomy.net\/wp-content\/uploads\/2021\/04\/img_4508.jpg?resize=768%2C370&amp;ssl=1 768w, https:\/\/i0.wp.com\/luxonomy.net\/wp-content\/uploads\/2021\/04\/img_4508.jpg?resize=100%2C48&amp;ssl=1 100w, https:\/\/i0.wp.com\/luxonomy.net\/wp-content\/uploads\/2021\/04\/img_4508.jpg?resize=370%2C178&amp;ssl=1 370w, https:\/\/i0.wp.com\/luxonomy.net\/wp-content\/uploads\/2021\/04\/img_4508.jpg?resize=800%2C386&amp;ssl=1 800w, https:\/\/i0.wp.com\/luxonomy.net\/wp-content\/uploads\/2021\/04\/img_4508.jpg?resize=185%2C89&amp;ssl=1 185w, https:\/\/i0.wp.com\/luxonomy.net\/wp-content\/uploads\/2021\/04\/img_4508.jpg?resize=740%2C357&amp;ssl=1 740w, https:\/\/i0.wp.com\/luxonomy.net\/wp-content\/uploads\/2021\/04\/img_4508.jpg?resize=20%2C10&amp;ssl=1 20w, https:\/\/i0.wp.com\/luxonomy.net\/wp-content\/uploads\/2021\/04\/img_4508.jpg?resize=400%2C193&amp;ssl=1 400w, https:\/\/i0.wp.com\/luxonomy.net\/wp-content\/uploads\/2021\/04\/img_4508.jpg?resize=600%2C289&amp;ssl=1 600w\" sizes=\"auto, (max-width: 1170px) 100vw, 1170px\" \/><\/p>\n<blockquote><p>La firma Tod&#8217;S ha anunciado este viernes que la &#8216;influencer&#8217; y empresaria Chiara Ferragni se incorpora a su Consejo de Administraci\u00f3n, una noticia que ha disparado las acciones del grupo un 14 % en la Bolsa de Mil\u00e1n.<br \/>\nSus acciones han cerrado este viernes a 32,74 euros, en m\u00e1ximos desde hace un a\u00f1o.<br \/>\nLa firma hab\u00eda acabado el jueves con una capitalizaci\u00f3n de 945 millones de euros y este viernes vale 1.042 millones, es decir, casi 100 millones m\u00e1s por el &#8220;efecto Ferragni&#8221;.<\/p>\n<\/blockquote>\n<p>No parece que sea <strong>Chiara Ferragni la que necesite a Tod, sino todo lo contrario<\/strong>. En los \u00faltimos dos a\u00f1os, el grupo ha perdido la mitad de su valor burs\u00e1til. Su entrada en el Consejo de Administraci\u00f3n tendr\u00e1 un enorme valor de visibilidad para Della Valle, teniendo en cuenta los casi <strong>50 millones de seguidores<\/strong> que siguen a la Influencer de moda en las diferentes plataformas donde est\u00e1 presente.<\/p>\n<p>Este movimiento, adem\u00e1s, le da a <strong><a href=\"https:\/\/eu1.chiaraferragnicollection.com\/\" target=\"_blank\" rel=\"noopener\">Chiara Ferragni Brand<\/a> una posici\u00f3n adicional<\/strong>. Por mucho que ya estuviera establecida y en asociaci\u00f3n con muchas empresas de lujo, ahora entra en la sala de mandos de un grupo multinacional de moda italiano. Y lo hace como sentada en la mesa de operaciones, no como &#8220;bloguera&#8221;. Un golpe a sus detractores y esc\u00e9pticos.<\/p><div id=\"luxon-4270762750\" class=\"luxon-3er-parrafo luxon-entity-placement\" style=\"margin-top: 20px;margin-bottom: 20px;margin-left: auto;margin-right: auto;text-align: center;\"><a href=\"https:\/\/luxonomy.university\/course\/master-turismo-de-lujo\" target=\"_blank\" aria-label=\"master-turismo-lujo-2026-2027\"><img loading=\"lazy\" decoding=\"async\" src=\"https:\/\/i0.wp.com\/luxonomy.net\/wp-content\/uploads\/2020\/07\/master-turismo-lujo-2026-2027.jpg?fit=1672%2C941&#038;ssl=1\" alt=\"\"  srcset=\"https:\/\/i0.wp.com\/luxonomy.net\/wp-content\/uploads\/2020\/07\/master-turismo-lujo-2026-2027.jpg?w=1672&ssl=1 1672w, https:\/\/i0.wp.com\/luxonomy.net\/wp-content\/uploads\/2020\/07\/master-turismo-lujo-2026-2027.jpg?resize=300%2C169&ssl=1 300w, https:\/\/i0.wp.com\/luxonomy.net\/wp-content\/uploads\/2020\/07\/master-turismo-lujo-2026-2027.jpg?resize=1024%2C576&ssl=1 1024w, https:\/\/i0.wp.com\/luxonomy.net\/wp-content\/uploads\/2020\/07\/master-turismo-lujo-2026-2027.jpg?resize=768%2C432&ssl=1 768w, https:\/\/i0.wp.com\/luxonomy.net\/wp-content\/uploads\/2020\/07\/master-turismo-lujo-2026-2027.jpg?resize=1536%2C864&ssl=1 1536w, https:\/\/i0.wp.com\/luxonomy.net\/wp-content\/uploads\/2020\/07\/master-turismo-lujo-2026-2027.jpg?resize=370%2C208&ssl=1 370w, https:\/\/i0.wp.com\/luxonomy.net\/wp-content\/uploads\/2020\/07\/master-turismo-lujo-2026-2027.jpg?resize=800%2C450&ssl=1 800w, https:\/\/i0.wp.com\/luxonomy.net\/wp-content\/uploads\/2020\/07\/master-turismo-lujo-2026-2027.jpg?resize=20%2C11&ssl=1 20w, https:\/\/i0.wp.com\/luxonomy.net\/wp-content\/uploads\/2020\/07\/master-turismo-lujo-2026-2027.jpg?resize=740%2C416&ssl=1 740w, https:\/\/i0.wp.com\/luxonomy.net\/wp-content\/uploads\/2020\/07\/master-turismo-lujo-2026-2027.jpg?resize=1600%2C900&ssl=1 1600w, https:\/\/i0.wp.com\/luxonomy.net\/wp-content\/uploads\/2020\/07\/master-turismo-lujo-2026-2027.jpg?resize=1200%2C675&ssl=1 1200w, https:\/\/i0.wp.com\/luxonomy.net\/wp-content\/uploads\/2020\/07\/master-turismo-lujo-2026-2027.jpg?resize=85%2C48&ssl=1 85w\" sizes=\"(max-width: 1170px) 100vw, 1170px\" class=\"no-lazyload\" width=\"1672\" height=\"941\"   \/><\/a><\/div>\n","protected":false},"excerpt":{"rendered":"<p>Tod&#8217;s anuncia en torno a las 10.30 horas que Chiara Ferragni entra en el Consejo de Administraci\u00f3n del Grupo y pocos minutos despu\u00e9s las acciones despegan literalmente, como se ve en el gr\u00e1fico, y luego cierra la sesi\u00f3n con m\u00e1s de 100 millones de euros de capitalizaci\u00f3n ganadas en piazza Affari. La firma Tod&#8217;S ha&hellip;<\/p>\n","protected":false},"author":1,"featured_media":14170,"comment_status":"open","ping_status":"open","sticky":false,"template":"","format":"standard","meta":{"_jetpack_newsletter_access":"","_jetpack_dont_email_post_to_subs":false,"_jetpack_newsletter_tier_id":0,"_jetpack_memberships_contains_paywalled_content":false,"_jetpack_feature_clip_id":0,"_jetpack_memberships_contains_paid_content":false,"footnotes":"","jetpack_publicize_message":"BOOM! En LUXONOMY: Tod's anuncia que Chiara Ferragni entra en el Consejo de Administraci\u00f3n del Grupo y en unos minutos despu\u00e9s las acciones se disparan.\n\nLa firma Tod'S ha anunciado este viernes que la 'influencer' y empresaria Chiara Ferragni se incorpora a su Consejo de Administraci\u00f3n, una noticia que ha disparado las acciones del grupo un 14 % en la Bolsa de Mil\u00e1n.\nSus acciones han cerrado este viernes a 32,74 euros, en m\u00e1ximos desde hace un a\u00f1o.\nLa firma hab\u00eda acabado el jueves con una capitalizaci\u00f3n de 945 millones de euros y este viernes vale 1.042 millones, es decir, casi 100 millones m\u00e1s por el \"efecto Ferragni\".\n\nEste movimiento, adem\u00e1s, le da a Chiara Ferragni Brand una posici\u00f3n adicional. Por mucho que ya estuviera establecida y en asociaci\u00f3n con muchas empresas de lujo, ahora entra en la sala de mandos de un grupo multinacional de moda italiano. Y lo hace como sentada en la mesa de operaciones, no como \"bloguera\". Un golpe a sus detractores y esc\u00e9pticos.\u2029\n#luxonomy #Tods #ChiaraFerragni","jetpack_publicize_feature_enabled":true,"jetpack_social_post_already_shared":true,"jetpack_social_options":{"image_generator_settings":{"template":"edge","default_image_id":0,"font":"","enabled":false},"version":2},"jetpack_post_was_ever_published":false},"categories":[534,889,505],"tags":[770,586,904],"thb-sponsors":[],"class_list":["post-14166","post","type-post","status-publish","format-standard","has-post-thumbnail","hentry","category-moda","category-mujer","category-sin-categorizar","tag-chiara-ferragni","tag-moda","tag-tods"],"yoast_head":"<!-- This site is optimized with the Yoast SEO plugin v28.4 - https:\/\/yoast.com\/product\/yoast-seo-wordpress\/ -->\n<title>Tod&#039;s anuncia que Chiara Ferragni entra en el Consejo de Administraci\u00f3n del Grupo y en unos minutos despu\u00e9s las acciones se disparan | LUXONOMY<\/title>\n<meta name=\"robots\" content=\"index, follow, max-snippet:-1, max-image-preview:large, max-video-preview:-1\" \/>\n<link rel=\"canonical\" href=\"https:\/\/luxonomy.net\/es\/tods-anuncia-que-chiara-ferragni-entra-en-el-consejo-de-administracion-del-grupo-y-en-unos-minutos-despues-las-acciones-se-disparan\/\" \/>\n<meta property=\"og:locale\" content=\"es_ES\" \/>\n<meta property=\"og:type\" content=\"article\" \/>\n<meta property=\"og:title\" content=\"Tod&#039;s anuncia que Chiara Ferragni entra en el Consejo de Administraci\u00f3n del Grupo y en unos minutos despu\u00e9s las acciones se disparan | LUXONOMY\" \/>\n<meta property=\"og:description\" content=\"Tod&#8217;s anuncia en torno a las 10.30 horas que Chiara Ferragni entra en el Consejo de Administraci\u00f3n del Grupo y pocos minutos despu\u00e9s las acciones despegan literalmente, como se ve en el gr\u00e1fico, y luego cierra la sesi\u00f3n con m\u00e1s de 100 millones de euros de capitalizaci\u00f3n ganadas en piazza Affari. La firma Tod&#8217;S ha&hellip;\" \/>\n<meta property=\"og:url\" content=\"https:\/\/luxonomy.net\/es\/tods-anuncia-que-chiara-ferragni-entra-en-el-consejo-de-administracion-del-grupo-y-en-unos-minutos-despues-las-acciones-se-disparan\/\" \/>\n<meta property=\"og:site_name\" content=\"LUXONOMY\" \/>\n<meta property=\"article:publisher\" content=\"https:\/\/www.facebook.com\/luxonomy\" \/>\n<meta property=\"article:published_time\" content=\"2021-04-09T15:18:00+00:00\" \/>\n<meta property=\"article:modified_time\" content=\"2021-04-10T16:34:17+00:00\" \/>\n<meta property=\"og:image\" content=\"https:\/\/i0.wp.com\/luxonomy.net\/wp-content\/uploads\/2021\/04\/img_4509.jpg?fit=1800%2C1020&quality=89&ssl=1\" \/>\n\t<meta property=\"og:image:width\" content=\"1800\" \/>\n\t<meta property=\"og:image:height\" content=\"1020\" \/>\n\t<meta property=\"og:image:type\" content=\"image\/jpeg\" \/>\n<meta name=\"author\" content=\"LUXONOMY\" \/>\n<meta name=\"twitter:card\" content=\"summary_large_image\" \/>\n<meta name=\"twitter:label1\" content=\"Escrito por\" \/>\n\t<meta name=\"twitter:data1\" content=\"LUXONOMY\" \/>\n\t<meta name=\"twitter:label2\" content=\"Tiempo de lectura\" \/>\n\t<meta name=\"twitter:data2\" content=\"1 minuto\" \/>\n<script type=\"application\/ld+json\" class=\"yoast-schema-graph\">{\"@context\":\"https:\\\/\\\/schema.org\",\"@graph\":[{\"@type\":\"Article\",\"@id\":\"https:\\\/\\\/luxonomy.net\\\/es\\\/tods-anuncia-que-chiara-ferragni-entra-en-el-consejo-de-administracion-del-grupo-y-en-unos-minutos-despues-las-acciones-se-disparan\\\/#article\",\"isPartOf\":{\"@id\":\"https:\\\/\\\/luxonomy.net\\\/es\\\/tods-anuncia-que-chiara-ferragni-entra-en-el-consejo-de-administracion-del-grupo-y-en-unos-minutos-despues-las-acciones-se-disparan\\\/\"},\"author\":{\"name\":\"LUXONOMY\",\"@id\":\"https:\\\/\\\/luxonomy.net\\\/es\\\/#\\\/schema\\\/person\\\/c5b6009a752bcc03b6b0a35b41e0ce40\"},\"headline\":\"Tod&#8217;s anuncia que Chiara Ferragni entra en el Consejo de Administraci\u00f3n del Grupo y en unos minutos despu\u00e9s las acciones se disparan\",\"datePublished\":\"2021-04-09T15:18:00+00:00\",\"dateModified\":\"2021-04-10T16:34:17+00:00\",\"mainEntityOfPage\":{\"@id\":\"https:\\\/\\\/luxonomy.net\\\/es\\\/tods-anuncia-que-chiara-ferragni-entra-en-el-consejo-de-administracion-del-grupo-y-en-unos-minutos-despues-las-acciones-se-disparan\\\/\"},\"wordCount\":301,\"commentCount\":0,\"publisher\":{\"@id\":\"https:\\\/\\\/luxonomy.net\\\/es\\\/#organization\"},\"image\":{\"@id\":\"https:\\\/\\\/luxonomy.net\\\/es\\\/tods-anuncia-que-chiara-ferragni-entra-en-el-consejo-de-administracion-del-grupo-y-en-unos-minutos-despues-las-acciones-se-disparan\\\/#primaryimage\"},\"thumbnailUrl\":\"https:\\\/\\\/i0.wp.com\\\/luxonomy.net\\\/wp-content\\\/uploads\\\/2021\\\/04\\\/img_4509.jpg?fit=1800%2C1020&ssl=1\",\"keywords\":[\"Chiara Ferragni\",\"Moda\",\"Tod\u2019s\"],\"articleSection\":[\"Moda\",\"Mujer\",\"Sin categorizar\"],\"inLanguage\":\"es\",\"potentialAction\":[{\"@type\":\"CommentAction\",\"name\":\"Comment\",\"target\":[\"https:\\\/\\\/luxonomy.net\\\/es\\\/tods-anuncia-que-chiara-ferragni-entra-en-el-consejo-de-administracion-del-grupo-y-en-unos-minutos-despues-las-acciones-se-disparan\\\/#respond\"]}]},{\"@type\":\"WebPage\",\"@id\":\"https:\\\/\\\/luxonomy.net\\\/es\\\/tods-anuncia-que-chiara-ferragni-entra-en-el-consejo-de-administracion-del-grupo-y-en-unos-minutos-despues-las-acciones-se-disparan\\\/\",\"url\":\"https:\\\/\\\/luxonomy.net\\\/es\\\/tods-anuncia-que-chiara-ferragni-entra-en-el-consejo-de-administracion-del-grupo-y-en-unos-minutos-despues-las-acciones-se-disparan\\\/\",\"name\":\"Tod's anuncia que Chiara Ferragni entra en el Consejo de Administraci\u00f3n del Grupo y en unos minutos despu\u00e9s las acciones se disparan | LUXONOMY\",\"isPartOf\":{\"@id\":\"https:\\\/\\\/luxonomy.net\\\/es\\\/#website\"},\"primaryImageOfPage\":{\"@id\":\"https:\\\/\\\/luxonomy.net\\\/es\\\/tods-anuncia-que-chiara-ferragni-entra-en-el-consejo-de-administracion-del-grupo-y-en-unos-minutos-despues-las-acciones-se-disparan\\\/#primaryimage\"},\"image\":{\"@id\":\"https:\\\/\\\/luxonomy.net\\\/es\\\/tods-anuncia-que-chiara-ferragni-entra-en-el-consejo-de-administracion-del-grupo-y-en-unos-minutos-despues-las-acciones-se-disparan\\\/#primaryimage\"},\"thumbnailUrl\":\"https:\\\/\\\/i0.wp.com\\\/luxonomy.net\\\/wp-content\\\/uploads\\\/2021\\\/04\\\/img_4509.jpg?fit=1800%2C1020&ssl=1\",\"datePublished\":\"2021-04-09T15:18:00+00:00\",\"dateModified\":\"2021-04-10T16:34:17+00:00\",\"breadcrumb\":{\"@id\":\"https:\\\/\\\/luxonomy.net\\\/es\\\/tods-anuncia-que-chiara-ferragni-entra-en-el-consejo-de-administracion-del-grupo-y-en-unos-minutos-despues-las-acciones-se-disparan\\\/#breadcrumb\"},\"inLanguage\":\"es\",\"potentialAction\":[{\"@type\":\"ReadAction\",\"target\":[\"https:\\\/\\\/luxonomy.net\\\/es\\\/tods-anuncia-que-chiara-ferragni-entra-en-el-consejo-de-administracion-del-grupo-y-en-unos-minutos-despues-las-acciones-se-disparan\\\/\"]}]},{\"@type\":\"ImageObject\",\"inLanguage\":\"es\",\"@id\":\"https:\\\/\\\/luxonomy.net\\\/es\\\/tods-anuncia-que-chiara-ferragni-entra-en-el-consejo-de-administracion-del-grupo-y-en-unos-minutos-despues-las-acciones-se-disparan\\\/#primaryimage\",\"url\":\"https:\\\/\\\/i0.wp.com\\\/luxonomy.net\\\/wp-content\\\/uploads\\\/2021\\\/04\\\/img_4509.jpg?fit=1800%2C1020&ssl=1\",\"contentUrl\":\"https:\\\/\\\/i0.wp.com\\\/luxonomy.net\\\/wp-content\\\/uploads\\\/2021\\\/04\\\/img_4509.jpg?fit=1800%2C1020&ssl=1\",\"width\":1800,\"height\":1020},{\"@type\":\"BreadcrumbList\",\"@id\":\"https:\\\/\\\/luxonomy.net\\\/es\\\/tods-anuncia-que-chiara-ferragni-entra-en-el-consejo-de-administracion-del-grupo-y-en-unos-minutos-despues-las-acciones-se-disparan\\\/#breadcrumb\",\"itemListElement\":[{\"@type\":\"ListItem\",\"position\":1,\"name\":\"Portada\",\"item\":\"https:\\\/\\\/luxonomy.net\\\/es\\\/\"},{\"@type\":\"ListItem\",\"position\":2,\"name\":\"Tod&#8217;s anuncia que Chiara Ferragni entra en el Consejo de Administraci\u00f3n del Grupo y en unos minutos despu\u00e9s las acciones se disparan\"}]},{\"@type\":\"WebSite\",\"@id\":\"https:\\\/\\\/luxonomy.net\\\/es\\\/#website\",\"url\":\"https:\\\/\\\/luxonomy.net\\\/es\\\/\",\"name\":\"LUXONOMY\",\"description\":\"The Economy of Fashion &amp; Luxury\",\"publisher\":{\"@id\":\"https:\\\/\\\/luxonomy.net\\\/es\\\/#organization\"},\"potentialAction\":[{\"@type\":\"SearchAction\",\"target\":{\"@type\":\"EntryPoint\",\"urlTemplate\":\"https:\\\/\\\/luxonomy.net\\\/es\\\/?s={search_term_string}\"},\"query-input\":{\"@type\":\"PropertyValueSpecification\",\"valueRequired\":true,\"valueName\":\"search_term_string\"}}],\"inLanguage\":\"es\"},{\"@type\":\"Organization\",\"@id\":\"https:\\\/\\\/luxonomy.net\\\/es\\\/#organization\",\"name\":\"LUXONOMY\",\"url\":\"https:\\\/\\\/luxonomy.net\\\/es\\\/\",\"logo\":{\"@type\":\"ImageObject\",\"inLanguage\":\"es\",\"@id\":\"https:\\\/\\\/luxonomy.net\\\/es\\\/#\\\/schema\\\/logo\\\/image\\\/\",\"url\":\"https:\\\/\\\/i2.wp.com\\\/luxonomy.net\\\/wp-content\\\/uploads\\\/2021\\\/09\\\/MOCKUP-TODOS-LUXONOMY.jpg?fit=1000%2C515&ssl=1\",\"contentUrl\":\"https:\\\/\\\/i2.wp.com\\\/luxonomy.net\\\/wp-content\\\/uploads\\\/2021\\\/09\\\/MOCKUP-TODOS-LUXONOMY.jpg?fit=1000%2C515&ssl=1\",\"width\":1000,\"height\":515,\"caption\":\"LUXONOMY\"},\"image\":{\"@id\":\"https:\\\/\\\/luxonomy.net\\\/es\\\/#\\\/schema\\\/logo\\\/image\\\/\"},\"sameAs\":[\"https:\\\/\\\/www.facebook.com\\\/luxonomy\",\"https:\\\/\\\/www.instagram.com\\\/luxonomy\\\/\",\"https:\\\/\\\/www.linkedin.com\\\/company\\\/luxonomy\\\/\"]},{\"@type\":\"Person\",\"@id\":\"https:\\\/\\\/luxonomy.net\\\/es\\\/#\\\/schema\\\/person\\\/c5b6009a752bcc03b6b0a35b41e0ce40\",\"name\":\"LUXONOMY\",\"image\":{\"@type\":\"ImageObject\",\"inLanguage\":\"es\",\"@id\":\"https:\\\/\\\/luxonomy.net\\\/wp-content\\\/litespeed\\\/avatar\\\/a6436cdb14fdaf9c21808e63d0da2055.jpg?ver=1788366758\",\"url\":\"https:\\\/\\\/luxonomy.net\\\/wp-content\\\/litespeed\\\/avatar\\\/a6436cdb14fdaf9c21808e63d0da2055.jpg?ver=1788366758\",\"contentUrl\":\"https:\\\/\\\/luxonomy.net\\\/wp-content\\\/litespeed\\\/avatar\\\/a6436cdb14fdaf9c21808e63d0da2055.jpg?ver=1788366758\",\"caption\":\"LUXONOMY\"},\"sameAs\":[\"https:\\\/\"],\"url\":\"https:\\\/\\\/luxonomy.net\\\/es\\\/author\\\/luxonomy\\\/\"}]}<\/script>\n<!-- \/ Yoast SEO plugin. -->","yoast_head_json":{"title":"Tod's anuncia que Chiara Ferragni entra en el Consejo de Administraci\u00f3n del Grupo y en unos minutos despu\u00e9s las acciones se disparan | LUXONOMY","robots":{"index":"index","follow":"follow","max-snippet":"max-snippet:-1","max-image-preview":"max-image-preview:large","max-video-preview":"max-video-preview:-1"},"canonical":"https:\/\/luxonomy.net\/es\/tods-anuncia-que-chiara-ferragni-entra-en-el-consejo-de-administracion-del-grupo-y-en-unos-minutos-despues-las-acciones-se-disparan\/","og_locale":"es_ES","og_type":"article","og_title":"Tod's anuncia que Chiara Ferragni entra en el Consejo de Administraci\u00f3n del Grupo y en unos minutos despu\u00e9s las acciones se disparan | LUXONOMY","og_description":"Tod&#8217;s anuncia en torno a las 10.30 horas que Chiara Ferragni entra en el Consejo de Administraci\u00f3n del Grupo y pocos minutos despu\u00e9s las acciones despegan literalmente, como se ve en el gr\u00e1fico, y luego cierra la sesi\u00f3n con m\u00e1s de 100 millones de euros de capitalizaci\u00f3n ganadas en piazza Affari. La firma Tod&#8217;S ha&hellip;","og_url":"https:\/\/luxonomy.net\/es\/tods-anuncia-que-chiara-ferragni-entra-en-el-consejo-de-administracion-del-grupo-y-en-unos-minutos-despues-las-acciones-se-disparan\/","og_site_name":"LUXONOMY","article_publisher":"https:\/\/www.facebook.com\/luxonomy","article_published_time":"2021-04-09T15:18:00+00:00","article_modified_time":"2021-04-10T16:34:17+00:00","og_image":[{"width":1800,"height":1020,"url":"https:\/\/i0.wp.com\/luxonomy.net\/wp-content\/uploads\/2021\/04\/img_4509.jpg?fit=1800%2C1020&quality=89&ssl=1","type":"image\/jpeg"}],"author":"LUXONOMY","twitter_card":"summary_large_image","twitter_misc":{"Escrito por":"LUXONOMY","Tiempo de lectura":"1 minuto"},"schema":{"@context":"https:\/\/schema.org","@graph":[{"@type":"Article","@id":"https:\/\/luxonomy.net\/es\/tods-anuncia-que-chiara-ferragni-entra-en-el-consejo-de-administracion-del-grupo-y-en-unos-minutos-despues-las-acciones-se-disparan\/#article","isPartOf":{"@id":"https:\/\/luxonomy.net\/es\/tods-anuncia-que-chiara-ferragni-entra-en-el-consejo-de-administracion-del-grupo-y-en-unos-minutos-despues-las-acciones-se-disparan\/"},"author":{"name":"LUXONOMY","@id":"https:\/\/luxonomy.net\/es\/#\/schema\/person\/c5b6009a752bcc03b6b0a35b41e0ce40"},"headline":"Tod&#8217;s anuncia que Chiara Ferragni entra en el Consejo de Administraci\u00f3n del Grupo y en unos minutos despu\u00e9s las acciones se disparan","datePublished":"2021-04-09T15:18:00+00:00","dateModified":"2021-04-10T16:34:17+00:00","mainEntityOfPage":{"@id":"https:\/\/luxonomy.net\/es\/tods-anuncia-que-chiara-ferragni-entra-en-el-consejo-de-administracion-del-grupo-y-en-unos-minutos-despues-las-acciones-se-disparan\/"},"wordCount":301,"commentCount":0,"publisher":{"@id":"https:\/\/luxonomy.net\/es\/#organization"},"image":{"@id":"https:\/\/luxonomy.net\/es\/tods-anuncia-que-chiara-ferragni-entra-en-el-consejo-de-administracion-del-grupo-y-en-unos-minutos-despues-las-acciones-se-disparan\/#primaryimage"},"thumbnailUrl":"https:\/\/i0.wp.com\/luxonomy.net\/wp-content\/uploads\/2021\/04\/img_4509.jpg?fit=1800%2C1020&ssl=1","keywords":["Chiara Ferragni","Moda","Tod\u2019s"],"articleSection":["Moda","Mujer","Sin categorizar"],"inLanguage":"es","potentialAction":[{"@type":"CommentAction","name":"Comment","target":["https:\/\/luxonomy.net\/es\/tods-anuncia-que-chiara-ferragni-entra-en-el-consejo-de-administracion-del-grupo-y-en-unos-minutos-despues-las-acciones-se-disparan\/#respond"]}]},{"@type":"WebPage","@id":"https:\/\/luxonomy.net\/es\/tods-anuncia-que-chiara-ferragni-entra-en-el-consejo-de-administracion-del-grupo-y-en-unos-minutos-despues-las-acciones-se-disparan\/","url":"https:\/\/luxonomy.net\/es\/tods-anuncia-que-chiara-ferragni-entra-en-el-consejo-de-administracion-del-grupo-y-en-unos-minutos-despues-las-acciones-se-disparan\/","name":"Tod's anuncia que Chiara Ferragni entra en el Consejo de Administraci\u00f3n del Grupo y en unos minutos despu\u00e9s las acciones se disparan | LUXONOMY","isPartOf":{"@id":"https:\/\/luxonomy.net\/es\/#website"},"primaryImageOfPage":{"@id":"https:\/\/luxonomy.net\/es\/tods-anuncia-que-chiara-ferragni-entra-en-el-consejo-de-administracion-del-grupo-y-en-unos-minutos-despues-las-acciones-se-disparan\/#primaryimage"},"image":{"@id":"https:\/\/luxonomy.net\/es\/tods-anuncia-que-chiara-ferragni-entra-en-el-consejo-de-administracion-del-grupo-y-en-unos-minutos-despues-las-acciones-se-disparan\/#primaryimage"},"thumbnailUrl":"https:\/\/i0.wp.com\/luxonomy.net\/wp-content\/uploads\/2021\/04\/img_4509.jpg?fit=1800%2C1020&ssl=1","datePublished":"2021-04-09T15:18:00+00:00","dateModified":"2021-04-10T16:34:17+00:00","breadcrumb":{"@id":"https:\/\/luxonomy.net\/es\/tods-anuncia-que-chiara-ferragni-entra-en-el-consejo-de-administracion-del-grupo-y-en-unos-minutos-despues-las-acciones-se-disparan\/#breadcrumb"},"inLanguage":"es","potentialAction":[{"@type":"ReadAction","target":["https:\/\/luxonomy.net\/es\/tods-anuncia-que-chiara-ferragni-entra-en-el-consejo-de-administracion-del-grupo-y-en-unos-minutos-despues-las-acciones-se-disparan\/"]}]},{"@type":"ImageObject","inLanguage":"es","@id":"https:\/\/luxonomy.net\/es\/tods-anuncia-que-chiara-ferragni-entra-en-el-consejo-de-administracion-del-grupo-y-en-unos-minutos-despues-las-acciones-se-disparan\/#primaryimage","url":"https:\/\/i0.wp.com\/luxonomy.net\/wp-content\/uploads\/2021\/04\/img_4509.jpg?fit=1800%2C1020&ssl=1","contentUrl":"https:\/\/i0.wp.com\/luxonomy.net\/wp-content\/uploads\/2021\/04\/img_4509.jpg?fit=1800%2C1020&ssl=1","width":1800,"height":1020},{"@type":"BreadcrumbList","@id":"https:\/\/luxonomy.net\/es\/tods-anuncia-que-chiara-ferragni-entra-en-el-consejo-de-administracion-del-grupo-y-en-unos-minutos-despues-las-acciones-se-disparan\/#breadcrumb","itemListElement":[{"@type":"ListItem","position":1,"name":"Portada","item":"https:\/\/luxonomy.net\/es\/"},{"@type":"ListItem","position":2,"name":"Tod&#8217;s anuncia que Chiara Ferragni entra en el Consejo de Administraci\u00f3n del Grupo y en unos minutos despu\u00e9s las acciones se disparan"}]},{"@type":"WebSite","@id":"https:\/\/luxonomy.net\/es\/#website","url":"https:\/\/luxonomy.net\/es\/","name":"LUXONOMY","description":"The Economy of Fashion &amp; Luxury","publisher":{"@id":"https:\/\/luxonomy.net\/es\/#organization"},"potentialAction":[{"@type":"SearchAction","target":{"@type":"EntryPoint","urlTemplate":"https:\/\/luxonomy.net\/es\/?s={search_term_string}"},"query-input":{"@type":"PropertyValueSpecification","valueRequired":true,"valueName":"search_term_string"}}],"inLanguage":"es"},{"@type":"Organization","@id":"https:\/\/luxonomy.net\/es\/#organization","name":"LUXONOMY","url":"https:\/\/luxonomy.net\/es\/","logo":{"@type":"ImageObject","inLanguage":"es","@id":"https:\/\/luxonomy.net\/es\/#\/schema\/logo\/image\/","url":"https:\/\/i2.wp.com\/luxonomy.net\/wp-content\/uploads\/2021\/09\/MOCKUP-TODOS-LUXONOMY.jpg?fit=1000%2C515&ssl=1","contentUrl":"https:\/\/i2.wp.com\/luxonomy.net\/wp-content\/uploads\/2021\/09\/MOCKUP-TODOS-LUXONOMY.jpg?fit=1000%2C515&ssl=1","width":1000,"height":515,"caption":"LUXONOMY"},"image":{"@id":"https:\/\/luxonomy.net\/es\/#\/schema\/logo\/image\/"},"sameAs":["https:\/\/www.facebook.com\/luxonomy","https:\/\/www.instagram.com\/luxonomy\/","https:\/\/www.linkedin.com\/company\/luxonomy\/"]},{"@type":"Person","@id":"https:\/\/luxonomy.net\/es\/#\/schema\/person\/c5b6009a752bcc03b6b0a35b41e0ce40","name":"LUXONOMY","image":{"@type":"ImageObject","inLanguage":"es","@id":"https:\/\/luxonomy.net\/wp-content\/litespeed\/avatar\/a6436cdb14fdaf9c21808e63d0da2055.jpg?ver=1788366758","url":"https:\/\/luxonomy.net\/wp-content\/litespeed\/avatar\/a6436cdb14fdaf9c21808e63d0da2055.jpg?ver=1788366758","contentUrl":"https:\/\/luxonomy.net\/wp-content\/litespeed\/avatar\/a6436cdb14fdaf9c21808e63d0da2055.jpg?ver=1788366758","caption":"LUXONOMY"},"sameAs":["https:\/"],"url":"https:\/\/luxonomy.net\/es\/author\/luxonomy\/"}]}},"jetpack_publicize_connections":[],"jetpack_shortlink":"https:\/\/wp.me\/paPhBa-3Gu","jetpack_sharing_enabled":true,"jetpack_featured_media_url":"https:\/\/i0.wp.com\/luxonomy.net\/wp-content\/uploads\/2021\/04\/img_4509.jpg?fit=1800%2C1020&ssl=1","_links":{"self":[{"href":"https:\/\/luxonomy.net\/es\/wp-json\/wp\/v2\/posts\/14166","targetHints":{"allow":["GET"]}}],"collection":[{"href":"https:\/\/luxonomy.net\/es\/wp-json\/wp\/v2\/posts"}],"about":[{"href":"https:\/\/luxonomy.net\/es\/wp-json\/wp\/v2\/types\/post"}],"author":[{"embeddable":true,"href":"https:\/\/luxonomy.net\/es\/wp-json\/wp\/v2\/users\/1"}],"replies":[{"embeddable":true,"href":"https:\/\/luxonomy.net\/es\/wp-json\/wp\/v2\/comments?post=14166"}],"version-history":[{"count":3,"href":"https:\/\/luxonomy.net\/es\/wp-json\/wp\/v2\/posts\/14166\/revisions"}],"predecessor-version":[{"id":14171,"href":"https:\/\/luxonomy.net\/es\/wp-json\/wp\/v2\/posts\/14166\/revisions\/14171"}],"wp:featuredmedia":[{"embeddable":true,"href":"https:\/\/luxonomy.net\/es\/wp-json\/wp\/v2\/media\/14170"}],"wp:attachment":[{"href":"https:\/\/luxonomy.net\/es\/wp-json\/wp\/v2\/media?parent=14166"}],"wp:term":[{"taxonomy":"category","embeddable":true,"href":"https:\/\/luxonomy.net\/es\/wp-json\/wp\/v2\/categories?post=14166"},{"taxonomy":"post_tag","embeddable":true,"href":"https:\/\/luxonomy.net\/es\/wp-json\/wp\/v2\/tags?post=14166"},{"taxonomy":"thb-sponsors","embeddable":true,"href":"https:\/\/luxonomy.net\/es\/wp-json\/wp\/v2\/thb-sponsors?post=14166"}],"curies":[{"name":"wp","href":"https:\/\/api.w.org\/{rel}","templated":true}]}}