{"id":13396,"date":"2021-04-01T15:40:29","date_gmt":"2021-04-01T13:40:29","guid":{"rendered":"https:\/?p=13396"},"modified":"2021-04-10T18:35:21","modified_gmt":"2021-04-10T16:35:21","slug":"lady-gaga-se-une-a-dom-perignon","status":"publish","type":"post","link":"https:\/\/luxonomy.net\/es\/lady-gaga-se-une-a-dom-perignon\/","title":{"rendered":"Lady Gaga se une a Dom P\u00e9rignon"},"content":{"rendered":"<p>Varios d\u00edas despu\u00e9s de celebrar su <strong>35 cumplea\u00f1os<\/strong>, <a class=\"external\" href=\"https:\/\/twitter.com\/ladygaga?ref_src=twsrc%5Egoogle%7Ctwcamp%5Eserp%7Ctwgr%5Eauthor\" target=\"_blank\" rel=\"noopener\">Lady Gaga\u00a0<\/a>\u00a0tiene un nuevo motivo para brindar: <strong>la cantante y actriz se asocia con\u00a0<a class=\"external\" href=\"http:\/\/www.domperignon.com\/\" target=\"_blank\" rel=\"noopener\">Dom P\u00e9rignon<\/a>.<\/strong><\/p>\n<p>La marca de <strong>Champagne<\/strong> ha anunciado la colaboraci\u00f3n, que se describe como una &#8220;<em><strong>empresa art\u00edstica<\/strong><\/em>&#8220;. La colaboraci\u00f3n incluir\u00e1 <strong>dise\u00f1os de botellas de edici\u00f3n limitada y una escultura dise\u00f1ada por Gaga<\/strong>.\u00a0La asociaci\u00f3n, que se lanza el <strong>6 de abril<\/strong>, tambi\u00e9n tiene un <strong>componente ben\u00e9fico: el apoyo a la fundaci\u00f3n Born This Way de Lady Gaga, que promueve iniciativas de salud mental para j\u00f3venes<\/strong>.<\/p>\n<p>La semana pasada, tambi\u00e9n present\u00f3 \u201c<strong>The Studio by Klarna x\u00a0<a class=\"external\" href=\"https:\/\/www.hauslabs.com\/\" target=\"_blank\" rel=\"noopener\">Haus Labs<\/a>\u201d<\/strong> en Los \u00c1ngeles, <strong>un centro creativo para su marca de cosm\u00e9ticos<\/strong>, Haus Laboratories.<\/p><div id=\"luxon-3536916426\" class=\"luxon-3er-parrafo luxon-entity-placement\" style=\"margin-top: 20px;margin-bottom: 20px;margin-left: auto;margin-right: auto;text-align: center;\"><a href=\"https:\/\/luxonomy.university\/course\/master-turismo-de-lujo\" target=\"_blank\" aria-label=\"master-turismo-lujo-2026-2027\"><img loading=\"lazy\" decoding=\"async\" src=\"https:\/\/i0.wp.com\/luxonomy.net\/wp-content\/uploads\/2020\/07\/master-turismo-lujo-2026-2027.jpg?fit=1672%2C941&#038;ssl=1\" alt=\"\"  srcset=\"https:\/\/i0.wp.com\/luxonomy.net\/wp-content\/uploads\/2020\/07\/master-turismo-lujo-2026-2027.jpg?w=1672&ssl=1 1672w, https:\/\/i0.wp.com\/luxonomy.net\/wp-content\/uploads\/2020\/07\/master-turismo-lujo-2026-2027.jpg?resize=300%2C169&ssl=1 300w, https:\/\/i0.wp.com\/luxonomy.net\/wp-content\/uploads\/2020\/07\/master-turismo-lujo-2026-2027.jpg?resize=1024%2C576&ssl=1 1024w, https:\/\/i0.wp.com\/luxonomy.net\/wp-content\/uploads\/2020\/07\/master-turismo-lujo-2026-2027.jpg?resize=768%2C432&ssl=1 768w, https:\/\/i0.wp.com\/luxonomy.net\/wp-content\/uploads\/2020\/07\/master-turismo-lujo-2026-2027.jpg?resize=1536%2C864&ssl=1 1536w, https:\/\/i0.wp.com\/luxonomy.net\/wp-content\/uploads\/2020\/07\/master-turismo-lujo-2026-2027.jpg?resize=370%2C208&ssl=1 370w, https:\/\/i0.wp.com\/luxonomy.net\/wp-content\/uploads\/2020\/07\/master-turismo-lujo-2026-2027.jpg?resize=800%2C450&ssl=1 800w, https:\/\/i0.wp.com\/luxonomy.net\/wp-content\/uploads\/2020\/07\/master-turismo-lujo-2026-2027.jpg?resize=20%2C11&ssl=1 20w, https:\/\/i0.wp.com\/luxonomy.net\/wp-content\/uploads\/2020\/07\/master-turismo-lujo-2026-2027.jpg?resize=740%2C416&ssl=1 740w, https:\/\/i0.wp.com\/luxonomy.net\/wp-content\/uploads\/2020\/07\/master-turismo-lujo-2026-2027.jpg?resize=1600%2C900&ssl=1 1600w, https:\/\/i0.wp.com\/luxonomy.net\/wp-content\/uploads\/2020\/07\/master-turismo-lujo-2026-2027.jpg?resize=1200%2C675&ssl=1 1200w, https:\/\/i0.wp.com\/luxonomy.net\/wp-content\/uploads\/2020\/07\/master-turismo-lujo-2026-2027.jpg?resize=85%2C48&ssl=1 85w\" sizes=\"(max-width: 1170px) 100vw, 1170px\" class=\"no-lazyload\" width=\"1672\" height=\"941\"   \/><\/a><\/div>\n<p>Lady Gaga est\u00e1 en Italia donde est\u00e1 <strong>filmando la tan esperada &#8220;House of Gucci&#8221;<\/strong>, dirigida por <strong>Ridley Scott<\/strong> y coprotagonizada por <strong>Adam Driver<\/strong>. La actriz protagoniza la pel\u00edcula como la ex esposa de Maurizio Gucci, Patrizia Reggiani, quien contrat\u00f3 a un sicario para asesinar a Gucci en 1995.<\/p>\n<p>La <strong>pel\u00edcula, que se estrenar\u00e1 a finales de este oto\u00f1o<\/strong>, se basa en el libro de Sara Gay Forden, exjefa de la oficina de WWD en Mil\u00e1n,\u00a0<em>&#8220;<strong>La casa de Gucci: una historia sensacional de asesinato, locura, glamour y codicia<\/strong>&#8220;.\u00a0<\/em>Gaga ha sido fotografiada dentro y fuera del set en las \u00faltimas semanas vistiendo atuendos de dise\u00f1adores como\u00a0<a class=\"external\" href=\"http:\/\/www.celine.com\/\" target=\"_blank\" rel=\"noopener\">Celine<\/a>\u00a0y\u00a0<a class=\"external\" href=\"http:\/\/www.maxmara.com\/\" target=\"_blank\" rel=\"noopener\">Max Mara<\/a> , lo que les brinda a los fans una vista previa de lo que pueden esperar cuando la pel\u00edcula finalmente se estrene.<\/p>\n<p>Dom Perignon es propiedad de\u00a0<a class=\"external\" href=\"http:\/\/www.lvmh.com\/\" target=\"_blank\" rel=\"noopener\">LVMH<\/a><\/p>\n","protected":false},"excerpt":{"rendered":"<p>Varios d\u00edas despu\u00e9s de celebrar su 35 cumplea\u00f1os, Lady Gaga\u00a0\u00a0tiene un nuevo motivo para brindar: la cantante y actriz se asocia con\u00a0Dom P\u00e9rignon. La marca de Champagne ha anunciado la colaboraci\u00f3n, que se describe como una &#8220;empresa art\u00edstica&#8220;. La colaboraci\u00f3n incluir\u00e1 dise\u00f1os de botellas de edici\u00f3n limitada y una escultura dise\u00f1ada por Gaga.\u00a0La asociaci\u00f3n, que&hellip;<\/p>\n","protected":false},"author":14,"featured_media":13397,"comment_status":"open","ping_status":"open","sticky":false,"template":"","format":"standard","meta":{"_jetpack_newsletter_access":"","_jetpack_dont_email_post_to_subs":false,"_jetpack_newsletter_tier_id":0,"_jetpack_memberships_contains_paywalled_content":false,"_jetpack_feature_clip_id":0,"_jetpack_memberships_contains_paid_content":false,"footnotes":"","jetpack_publicize_message":"En LUXONOMY: Lady Gaga se une a Dom P\u00e9rignon.\r\nSer\u00e1 una coalici\u00f3n art\u00edstica, que incluir\u00e1 dise\u00f1os de botellas de edici\u00f3n limitada y una escultura dise\u00f1ada por Lady Gaga, con componente ben\u00e9fico: el apoyo a la fundaci\u00f3n Born This Way de Lady Gaga, que promueve iniciativas de salud mental para j\u00f3venes.\r\n#luxonomy #luxury #lujo #LadyGaga #DomPerignon #champagne","jetpack_publicize_feature_enabled":true,"jetpack_social_post_already_shared":true,"jetpack_social_options":{"image_generator_settings":{"template":"edge","default_image_id":0,"font":"","enabled":false},"version":2},"jetpack_post_was_ever_published":false},"categories":[510,889],"tags":[521,800,248,880],"thb-sponsors":[],"class_list":["post-13396","post","type-post","status-publish","format-standard","has-post-thumbnail","hentry","category-gourmet","category-mujer","tag-champagne","tag-dom-perignon","tag-gourmet","tag-lady-gaga"],"yoast_head":"<!-- This site is optimized with the Yoast SEO plugin v28.4 - https:\/\/yoast.com\/product\/yoast-seo-wordpress\/ -->\n<title>Lady Gaga se une a Dom P\u00e9rignon | LUXONOMY<\/title>\n<meta name=\"robots\" content=\"index, follow, max-snippet:-1, max-image-preview:large, max-video-preview:-1\" \/>\n<link rel=\"canonical\" href=\"https:\/\/luxonomy.net\/es\/lady-gaga-se-une-a-dom-perignon\/\" \/>\n<meta property=\"og:locale\" content=\"es_ES\" \/>\n<meta property=\"og:type\" content=\"article\" \/>\n<meta property=\"og:title\" content=\"Lady Gaga se une a Dom P\u00e9rignon | LUXONOMY\" \/>\n<meta property=\"og:description\" content=\"Varios d\u00edas despu\u00e9s de celebrar su 35 cumplea\u00f1os, Lady Gaga\u00a0\u00a0tiene un nuevo motivo para brindar: la cantante y actriz se asocia con\u00a0Dom P\u00e9rignon. La marca de Champagne ha anunciado la colaboraci\u00f3n, que se describe como una &#8220;empresa art\u00edstica&#8220;. La colaboraci\u00f3n incluir\u00e1 dise\u00f1os de botellas de edici\u00f3n limitada y una escultura dise\u00f1ada por Gaga.\u00a0La asociaci\u00f3n, que&hellip;\" \/>\n<meta property=\"og:url\" content=\"https:\/\/luxonomy.net\/es\/lady-gaga-se-une-a-dom-perignon\/\" \/>\n<meta property=\"og:site_name\" content=\"LUXONOMY\" \/>\n<meta property=\"article:publisher\" content=\"https:\/\/www.facebook.com\/luxonomy\" \/>\n<meta property=\"article:published_time\" content=\"2021-04-01T13:40:29+00:00\" \/>\n<meta property=\"article:modified_time\" content=\"2021-04-10T16:35:21+00:00\" \/>\n<meta property=\"og:image\" content=\"https:\/\/i0.wp.com\/luxonomy.net\/wp-content\/uploads\/2021\/04\/Lady-Gaga-se-une-a-Dom-Pe%CC%81rignon.jpeg?fit=2000%2C1295&quality=89&ssl=1\" \/>\n\t<meta property=\"og:image:width\" content=\"2000\" \/>\n\t<meta property=\"og:image:height\" content=\"1295\" \/>\n\t<meta property=\"og:image:type\" content=\"image\/jpeg\" \/>\n<meta name=\"author\" content=\"Pablo Rodriguez de Aguilar\" \/>\n<meta name=\"twitter:card\" content=\"summary_large_image\" \/>\n<meta name=\"twitter:label1\" content=\"Escrito por\" \/>\n\t<meta name=\"twitter:data1\" content=\"Pablo Rodriguez de Aguilar\" \/>\n\t<meta name=\"twitter:label2\" content=\"Tiempo de lectura\" \/>\n\t<meta name=\"twitter:data2\" content=\"2 minutos\" \/>\n<script type=\"application\/ld+json\" class=\"yoast-schema-graph\">{\"@context\":\"https:\\\/\\\/schema.org\",\"@graph\":[{\"@type\":\"Article\",\"@id\":\"https:\\\/\\\/luxonomy.net\\\/es\\\/lady-gaga-se-une-a-dom-perignon\\\/#article\",\"isPartOf\":{\"@id\":\"https:\\\/\\\/luxonomy.net\\\/es\\\/lady-gaga-se-une-a-dom-perignon\\\/\"},\"author\":{\"name\":\"Pablo Rodriguez de Aguilar\",\"@id\":\"https:\\\/\\\/luxonomy.net\\\/es\\\/#\\\/schema\\\/person\\\/fc021969ca4a106d7ea9a64800b05fa7\"},\"headline\":\"Lady Gaga se une a Dom P\u00e9rignon\",\"datePublished\":\"2021-04-01T13:40:29+00:00\",\"dateModified\":\"2021-04-10T16:35:21+00:00\",\"mainEntityOfPage\":{\"@id\":\"https:\\\/\\\/luxonomy.net\\\/es\\\/lady-gaga-se-une-a-dom-perignon\\\/\"},\"wordCount\":278,\"commentCount\":0,\"publisher\":{\"@id\":\"https:\\\/\\\/luxonomy.net\\\/es\\\/#organization\"},\"image\":{\"@id\":\"https:\\\/\\\/luxonomy.net\\\/es\\\/lady-gaga-se-une-a-dom-perignon\\\/#primaryimage\"},\"thumbnailUrl\":\"https:\\\/\\\/i0.wp.com\\\/luxonomy.net\\\/wp-content\\\/uploads\\\/2021\\\/04\\\/Lady-Gaga-se-une-a-Dom-Pe%CC%81rignon.jpeg?fit=2000%2C1295&ssl=1\",\"keywords\":[\"champagne\",\"Dom P\u00e9rignon\",\"gourmet\",\"Lady Gaga\"],\"articleSection\":[\"Gourmet\",\"Mujer\"],\"inLanguage\":\"es\",\"potentialAction\":[{\"@type\":\"CommentAction\",\"name\":\"Comment\",\"target\":[\"https:\\\/\\\/luxonomy.net\\\/es\\\/lady-gaga-se-une-a-dom-perignon\\\/#respond\"]}]},{\"@type\":\"WebPage\",\"@id\":\"https:\\\/\\\/luxonomy.net\\\/es\\\/lady-gaga-se-une-a-dom-perignon\\\/\",\"url\":\"https:\\\/\\\/luxonomy.net\\\/es\\\/lady-gaga-se-une-a-dom-perignon\\\/\",\"name\":\"Lady Gaga se une a Dom P\u00e9rignon | LUXONOMY\",\"isPartOf\":{\"@id\":\"https:\\\/\\\/luxonomy.net\\\/es\\\/#website\"},\"primaryImageOfPage\":{\"@id\":\"https:\\\/\\\/luxonomy.net\\\/es\\\/lady-gaga-se-une-a-dom-perignon\\\/#primaryimage\"},\"image\":{\"@id\":\"https:\\\/\\\/luxonomy.net\\\/es\\\/lady-gaga-se-une-a-dom-perignon\\\/#primaryimage\"},\"thumbnailUrl\":\"https:\\\/\\\/i0.wp.com\\\/luxonomy.net\\\/wp-content\\\/uploads\\\/2021\\\/04\\\/Lady-Gaga-se-une-a-Dom-Pe%CC%81rignon.jpeg?fit=2000%2C1295&ssl=1\",\"datePublished\":\"2021-04-01T13:40:29+00:00\",\"dateModified\":\"2021-04-10T16:35:21+00:00\",\"breadcrumb\":{\"@id\":\"https:\\\/\\\/luxonomy.net\\\/es\\\/lady-gaga-se-une-a-dom-perignon\\\/#breadcrumb\"},\"inLanguage\":\"es\",\"potentialAction\":[{\"@type\":\"ReadAction\",\"target\":[\"https:\\\/\\\/luxonomy.net\\\/es\\\/lady-gaga-se-une-a-dom-perignon\\\/\"]}]},{\"@type\":\"ImageObject\",\"inLanguage\":\"es\",\"@id\":\"https:\\\/\\\/luxonomy.net\\\/es\\\/lady-gaga-se-une-a-dom-perignon\\\/#primaryimage\",\"url\":\"https:\\\/\\\/i0.wp.com\\\/luxonomy.net\\\/wp-content\\\/uploads\\\/2021\\\/04\\\/Lady-Gaga-se-une-a-Dom-Pe%CC%81rignon.jpeg?fit=2000%2C1295&ssl=1\",\"contentUrl\":\"https:\\\/\\\/i0.wp.com\\\/luxonomy.net\\\/wp-content\\\/uploads\\\/2021\\\/04\\\/Lady-Gaga-se-une-a-Dom-Pe%CC%81rignon.jpeg?fit=2000%2C1295&ssl=1\",\"width\":2000,\"height\":1295},{\"@type\":\"BreadcrumbList\",\"@id\":\"https:\\\/\\\/luxonomy.net\\\/es\\\/lady-gaga-se-une-a-dom-perignon\\\/#breadcrumb\",\"itemListElement\":[{\"@type\":\"ListItem\",\"position\":1,\"name\":\"Portada\",\"item\":\"https:\\\/\\\/luxonomy.net\\\/es\\\/\"},{\"@type\":\"ListItem\",\"position\":2,\"name\":\"Lady Gaga se une a Dom P\u00e9rignon\"}]},{\"@type\":\"WebSite\",\"@id\":\"https:\\\/\\\/luxonomy.net\\\/es\\\/#website\",\"url\":\"https:\\\/\\\/luxonomy.net\\\/es\\\/\",\"name\":\"LUXONOMY\",\"description\":\"The Economy of Fashion &amp; Luxury\",\"publisher\":{\"@id\":\"https:\\\/\\\/luxonomy.net\\\/es\\\/#organization\"},\"potentialAction\":[{\"@type\":\"SearchAction\",\"target\":{\"@type\":\"EntryPoint\",\"urlTemplate\":\"https:\\\/\\\/luxonomy.net\\\/es\\\/?s={search_term_string}\"},\"query-input\":{\"@type\":\"PropertyValueSpecification\",\"valueRequired\":true,\"valueName\":\"search_term_string\"}}],\"inLanguage\":\"es\"},{\"@type\":\"Organization\",\"@id\":\"https:\\\/\\\/luxonomy.net\\\/es\\\/#organization\",\"name\":\"LUXONOMY\",\"url\":\"https:\\\/\\\/luxonomy.net\\\/es\\\/\",\"logo\":{\"@type\":\"ImageObject\",\"inLanguage\":\"es\",\"@id\":\"https:\\\/\\\/luxonomy.net\\\/es\\\/#\\\/schema\\\/logo\\\/image\\\/\",\"url\":\"https:\\\/\\\/i2.wp.com\\\/luxonomy.net\\\/wp-content\\\/uploads\\\/2021\\\/09\\\/MOCKUP-TODOS-LUXONOMY.jpg?fit=1000%2C515&ssl=1\",\"contentUrl\":\"https:\\\/\\\/i2.wp.com\\\/luxonomy.net\\\/wp-content\\\/uploads\\\/2021\\\/09\\\/MOCKUP-TODOS-LUXONOMY.jpg?fit=1000%2C515&ssl=1\",\"width\":1000,\"height\":515,\"caption\":\"LUXONOMY\"},\"image\":{\"@id\":\"https:\\\/\\\/luxonomy.net\\\/es\\\/#\\\/schema\\\/logo\\\/image\\\/\"},\"sameAs\":[\"https:\\\/\\\/www.facebook.com\\\/luxonomy\",\"https:\\\/\\\/www.instagram.com\\\/luxonomy\\\/\",\"https:\\\/\\\/www.linkedin.com\\\/company\\\/luxonomy\\\/\"]},{\"@type\":\"Person\",\"@id\":\"https:\\\/\\\/luxonomy.net\\\/es\\\/#\\\/schema\\\/person\\\/fc021969ca4a106d7ea9a64800b05fa7\",\"name\":\"Pablo Rodriguez de Aguilar\",\"image\":{\"@type\":\"ImageObject\",\"inLanguage\":\"es\",\"@id\":\"https:\\\/\\\/luxonomy.net\\\/wp-content\\\/litespeed\\\/avatar\\\/d4cf5f3956bcabe0ce8ae95e4c6604f9.jpg?ver=1788140676\",\"url\":\"https:\\\/\\\/luxonomy.net\\\/wp-content\\\/litespeed\\\/avatar\\\/d4cf5f3956bcabe0ce8ae95e4c6604f9.jpg?ver=1788140676\",\"contentUrl\":\"https:\\\/\\\/luxonomy.net\\\/wp-content\\\/litespeed\\\/avatar\\\/d4cf5f3956bcabe0ce8ae95e4c6604f9.jpg?ver=1788140676\",\"caption\":\"Pablo Rodriguez de Aguilar\"},\"description\":\"Regional Sales Manager at LUXONOMY\u2122 Group America\",\"sameAs\":[\"mailto:info@salondellujo.com\"],\"url\":\"https:\\\/\\\/luxonomy.net\\\/es\\\/author\\\/pablo-rodriguez-de-aguilar\\\/\"}]}<\/script>\n<!-- \/ Yoast SEO plugin. -->","yoast_head_json":{"title":"Lady Gaga se une a Dom P\u00e9rignon | LUXONOMY","robots":{"index":"index","follow":"follow","max-snippet":"max-snippet:-1","max-image-preview":"max-image-preview:large","max-video-preview":"max-video-preview:-1"},"canonical":"https:\/\/luxonomy.net\/es\/lady-gaga-se-une-a-dom-perignon\/","og_locale":"es_ES","og_type":"article","og_title":"Lady Gaga se une a Dom P\u00e9rignon | LUXONOMY","og_description":"Varios d\u00edas despu\u00e9s de celebrar su 35 cumplea\u00f1os, Lady Gaga\u00a0\u00a0tiene un nuevo motivo para brindar: la cantante y actriz se asocia con\u00a0Dom P\u00e9rignon. La marca de Champagne ha anunciado la colaboraci\u00f3n, que se describe como una &#8220;empresa art\u00edstica&#8220;. La colaboraci\u00f3n incluir\u00e1 dise\u00f1os de botellas de edici\u00f3n limitada y una escultura dise\u00f1ada por Gaga.\u00a0La asociaci\u00f3n, que&hellip;","og_url":"https:\/\/luxonomy.net\/es\/lady-gaga-se-une-a-dom-perignon\/","og_site_name":"LUXONOMY","article_publisher":"https:\/\/www.facebook.com\/luxonomy","article_published_time":"2021-04-01T13:40:29+00:00","article_modified_time":"2021-04-10T16:35:21+00:00","og_image":[{"width":2000,"height":1295,"url":"https:\/\/i0.wp.com\/luxonomy.net\/wp-content\/uploads\/2021\/04\/Lady-Gaga-se-une-a-Dom-Pe%CC%81rignon.jpeg?fit=2000%2C1295&quality=89&ssl=1","type":"image\/jpeg"}],"author":"Pablo Rodriguez de Aguilar","twitter_card":"summary_large_image","twitter_misc":{"Escrito por":"Pablo Rodriguez de Aguilar","Tiempo de lectura":"2 minutos"},"schema":{"@context":"https:\/\/schema.org","@graph":[{"@type":"Article","@id":"https:\/\/luxonomy.net\/es\/lady-gaga-se-une-a-dom-perignon\/#article","isPartOf":{"@id":"https:\/\/luxonomy.net\/es\/lady-gaga-se-une-a-dom-perignon\/"},"author":{"name":"Pablo Rodriguez de Aguilar","@id":"https:\/\/luxonomy.net\/es\/#\/schema\/person\/fc021969ca4a106d7ea9a64800b05fa7"},"headline":"Lady Gaga se une a Dom P\u00e9rignon","datePublished":"2021-04-01T13:40:29+00:00","dateModified":"2021-04-10T16:35:21+00:00","mainEntityOfPage":{"@id":"https:\/\/luxonomy.net\/es\/lady-gaga-se-une-a-dom-perignon\/"},"wordCount":278,"commentCount":0,"publisher":{"@id":"https:\/\/luxonomy.net\/es\/#organization"},"image":{"@id":"https:\/\/luxonomy.net\/es\/lady-gaga-se-une-a-dom-perignon\/#primaryimage"},"thumbnailUrl":"https:\/\/i0.wp.com\/luxonomy.net\/wp-content\/uploads\/2021\/04\/Lady-Gaga-se-une-a-Dom-Pe%CC%81rignon.jpeg?fit=2000%2C1295&ssl=1","keywords":["champagne","Dom P\u00e9rignon","gourmet","Lady Gaga"],"articleSection":["Gourmet","Mujer"],"inLanguage":"es","potentialAction":[{"@type":"CommentAction","name":"Comment","target":["https:\/\/luxonomy.net\/es\/lady-gaga-se-une-a-dom-perignon\/#respond"]}]},{"@type":"WebPage","@id":"https:\/\/luxonomy.net\/es\/lady-gaga-se-une-a-dom-perignon\/","url":"https:\/\/luxonomy.net\/es\/lady-gaga-se-une-a-dom-perignon\/","name":"Lady Gaga se une a Dom P\u00e9rignon | LUXONOMY","isPartOf":{"@id":"https:\/\/luxonomy.net\/es\/#website"},"primaryImageOfPage":{"@id":"https:\/\/luxonomy.net\/es\/lady-gaga-se-une-a-dom-perignon\/#primaryimage"},"image":{"@id":"https:\/\/luxonomy.net\/es\/lady-gaga-se-une-a-dom-perignon\/#primaryimage"},"thumbnailUrl":"https:\/\/i0.wp.com\/luxonomy.net\/wp-content\/uploads\/2021\/04\/Lady-Gaga-se-une-a-Dom-Pe%CC%81rignon.jpeg?fit=2000%2C1295&ssl=1","datePublished":"2021-04-01T13:40:29+00:00","dateModified":"2021-04-10T16:35:21+00:00","breadcrumb":{"@id":"https:\/\/luxonomy.net\/es\/lady-gaga-se-une-a-dom-perignon\/#breadcrumb"},"inLanguage":"es","potentialAction":[{"@type":"ReadAction","target":["https:\/\/luxonomy.net\/es\/lady-gaga-se-une-a-dom-perignon\/"]}]},{"@type":"ImageObject","inLanguage":"es","@id":"https:\/\/luxonomy.net\/es\/lady-gaga-se-une-a-dom-perignon\/#primaryimage","url":"https:\/\/i0.wp.com\/luxonomy.net\/wp-content\/uploads\/2021\/04\/Lady-Gaga-se-une-a-Dom-Pe%CC%81rignon.jpeg?fit=2000%2C1295&ssl=1","contentUrl":"https:\/\/i0.wp.com\/luxonomy.net\/wp-content\/uploads\/2021\/04\/Lady-Gaga-se-une-a-Dom-Pe%CC%81rignon.jpeg?fit=2000%2C1295&ssl=1","width":2000,"height":1295},{"@type":"BreadcrumbList","@id":"https:\/\/luxonomy.net\/es\/lady-gaga-se-une-a-dom-perignon\/#breadcrumb","itemListElement":[{"@type":"ListItem","position":1,"name":"Portada","item":"https:\/\/luxonomy.net\/es\/"},{"@type":"ListItem","position":2,"name":"Lady Gaga se une a Dom P\u00e9rignon"}]},{"@type":"WebSite","@id":"https:\/\/luxonomy.net\/es\/#website","url":"https:\/\/luxonomy.net\/es\/","name":"LUXONOMY","description":"The Economy of Fashion &amp; Luxury","publisher":{"@id":"https:\/\/luxonomy.net\/es\/#organization"},"potentialAction":[{"@type":"SearchAction","target":{"@type":"EntryPoint","urlTemplate":"https:\/\/luxonomy.net\/es\/?s={search_term_string}"},"query-input":{"@type":"PropertyValueSpecification","valueRequired":true,"valueName":"search_term_string"}}],"inLanguage":"es"},{"@type":"Organization","@id":"https:\/\/luxonomy.net\/es\/#organization","name":"LUXONOMY","url":"https:\/\/luxonomy.net\/es\/","logo":{"@type":"ImageObject","inLanguage":"es","@id":"https:\/\/luxonomy.net\/es\/#\/schema\/logo\/image\/","url":"https:\/\/i2.wp.com\/luxonomy.net\/wp-content\/uploads\/2021\/09\/MOCKUP-TODOS-LUXONOMY.jpg?fit=1000%2C515&ssl=1","contentUrl":"https:\/\/i2.wp.com\/luxonomy.net\/wp-content\/uploads\/2021\/09\/MOCKUP-TODOS-LUXONOMY.jpg?fit=1000%2C515&ssl=1","width":1000,"height":515,"caption":"LUXONOMY"},"image":{"@id":"https:\/\/luxonomy.net\/es\/#\/schema\/logo\/image\/"},"sameAs":["https:\/\/www.facebook.com\/luxonomy","https:\/\/www.instagram.com\/luxonomy\/","https:\/\/www.linkedin.com\/company\/luxonomy\/"]},{"@type":"Person","@id":"https:\/\/luxonomy.net\/es\/#\/schema\/person\/fc021969ca4a106d7ea9a64800b05fa7","name":"Pablo Rodriguez de Aguilar","image":{"@type":"ImageObject","inLanguage":"es","@id":"https:\/\/luxonomy.net\/wp-content\/litespeed\/avatar\/d4cf5f3956bcabe0ce8ae95e4c6604f9.jpg?ver=1788140676","url":"https:\/\/luxonomy.net\/wp-content\/litespeed\/avatar\/d4cf5f3956bcabe0ce8ae95e4c6604f9.jpg?ver=1788140676","contentUrl":"https:\/\/luxonomy.net\/wp-content\/litespeed\/avatar\/d4cf5f3956bcabe0ce8ae95e4c6604f9.jpg?ver=1788140676","caption":"Pablo Rodriguez de Aguilar"},"description":"Regional Sales Manager at LUXONOMY\u2122 Group America","sameAs":["mailto:info@salondellujo.com"],"url":"https:\/\/luxonomy.net\/es\/author\/pablo-rodriguez-de-aguilar\/"}]}},"jetpack_publicize_connections":[],"jetpack_shortlink":"https:\/\/wp.me\/paPhBa-3u4","jetpack_sharing_enabled":true,"jetpack_featured_media_url":"https:\/\/i0.wp.com\/luxonomy.net\/wp-content\/uploads\/2021\/04\/Lady-Gaga-se-une-a-Dom-Pe%CC%81rignon.jpeg?fit=2000%2C1295&ssl=1","_links":{"self":[{"href":"https:\/\/luxonomy.net\/es\/wp-json\/wp\/v2\/posts\/13396","targetHints":{"allow":["GET"]}}],"collection":[{"href":"https:\/\/luxonomy.net\/es\/wp-json\/wp\/v2\/posts"}],"about":[{"href":"https:\/\/luxonomy.net\/es\/wp-json\/wp\/v2\/types\/post"}],"author":[{"embeddable":true,"href":"https:\/\/luxonomy.net\/es\/wp-json\/wp\/v2\/users\/14"}],"replies":[{"embeddable":true,"href":"https:\/\/luxonomy.net\/es\/wp-json\/wp\/v2\/comments?post=13396"}],"version-history":[{"count":4,"href":"https:\/\/luxonomy.net\/es\/wp-json\/wp\/v2\/posts\/13396\/revisions"}],"predecessor-version":[{"id":13399,"href":"https:\/\/luxonomy.net\/es\/wp-json\/wp\/v2\/posts\/13396\/revisions\/13399"}],"wp:featuredmedia":[{"embeddable":true,"href":"https:\/\/luxonomy.net\/es\/wp-json\/wp\/v2\/media\/13397"}],"wp:attachment":[{"href":"https:\/\/luxonomy.net\/es\/wp-json\/wp\/v2\/media?parent=13396"}],"wp:term":[{"taxonomy":"category","embeddable":true,"href":"https:\/\/luxonomy.net\/es\/wp-json\/wp\/v2\/categories?post=13396"},{"taxonomy":"post_tag","embeddable":true,"href":"https:\/\/luxonomy.net\/es\/wp-json\/wp\/v2\/tags?post=13396"},{"taxonomy":"thb-sponsors","embeddable":true,"href":"https:\/\/luxonomy.net\/es\/wp-json\/wp\/v2\/thb-sponsors?post=13396"}],"curies":[{"name":"wp","href":"https:\/\/api.w.org\/{rel}","templated":true}]}}