{"id":13311,"date":"2021-03-18T13:38:28","date_gmt":"2021-03-18T12:38:28","guid":{"rendered":"https:\/?p=13311"},"modified":"2021-03-18T13:38:28","modified_gmt":"2021-03-18T12:38:28","slug":"sera-el-futuro-del-lujo-el-silencio-en-las-redes-sociales","status":"publish","type":"post","link":"https:\/\/luxonomy.net\/es\/sera-el-futuro-del-lujo-el-silencio-en-las-redes-sociales\/","title":{"rendered":"\u00bfSer\u00e1 el futuro del lujo el silencio en las redes sociales?"},"content":{"rendered":"<p><strong>En enero comenz\u00e1bamos el a\u00f1o con una bomba<\/strong> &#8220;<a href=\"https:\/bottega-veneta-elimina-sus-redes-sociales-pero-sigue-con-weibo-y-wechat\/\" target=\"_blank\" rel=\"noopener\">Bottega Veneta ha eliminado sus cuentas de las redes sociales en las plataformas de Instagram, Facebook y Twitter<\/a>&#8220;, ahora anunciamos que <strong>Bottega Veneta ha cerrado sus redes sociales tambi\u00e9n en Asia.<\/strong><\/p>\n<p>Ha <strong>eliminado su cuenta de Weibo, que ten\u00eda 270.000 seguidores<\/strong>, dos meses despu\u00e9s de retirarse de todas las redes sociales en los mercados occidentales.<\/p>\n<p><strong>La compa\u00f1\u00eda se ha negado repetidamente a comentar sobre la estrategia.<\/strong><\/p><div id=\"luxon-505697350\" class=\"luxon-3er-parrafo luxon-entity-placement\" style=\"margin-top: 20px;margin-bottom: 20px;margin-left: auto;margin-right: auto;text-align: center;\"><a href=\"https:\/\/luxonomy.university\/course\/master-turismo-de-lujo\" target=\"_blank\" aria-label=\"master-turismo-lujo-2026-2027\"><img loading=\"lazy\" decoding=\"async\" src=\"https:\/\/i0.wp.com\/luxonomy.net\/wp-content\/uploads\/2020\/07\/master-turismo-lujo-2026-2027.jpg?fit=1672%2C941&#038;ssl=1\" alt=\"\"  srcset=\"https:\/\/i0.wp.com\/luxonomy.net\/wp-content\/uploads\/2020\/07\/master-turismo-lujo-2026-2027.jpg?w=1672&ssl=1 1672w, https:\/\/i0.wp.com\/luxonomy.net\/wp-content\/uploads\/2020\/07\/master-turismo-lujo-2026-2027.jpg?resize=300%2C169&ssl=1 300w, https:\/\/i0.wp.com\/luxonomy.net\/wp-content\/uploads\/2020\/07\/master-turismo-lujo-2026-2027.jpg?resize=1024%2C576&ssl=1 1024w, https:\/\/i0.wp.com\/luxonomy.net\/wp-content\/uploads\/2020\/07\/master-turismo-lujo-2026-2027.jpg?resize=768%2C432&ssl=1 768w, https:\/\/i0.wp.com\/luxonomy.net\/wp-content\/uploads\/2020\/07\/master-turismo-lujo-2026-2027.jpg?resize=1536%2C864&ssl=1 1536w, https:\/\/i0.wp.com\/luxonomy.net\/wp-content\/uploads\/2020\/07\/master-turismo-lujo-2026-2027.jpg?resize=370%2C208&ssl=1 370w, https:\/\/i0.wp.com\/luxonomy.net\/wp-content\/uploads\/2020\/07\/master-turismo-lujo-2026-2027.jpg?resize=800%2C450&ssl=1 800w, https:\/\/i0.wp.com\/luxonomy.net\/wp-content\/uploads\/2020\/07\/master-turismo-lujo-2026-2027.jpg?resize=20%2C11&ssl=1 20w, https:\/\/i0.wp.com\/luxonomy.net\/wp-content\/uploads\/2020\/07\/master-turismo-lujo-2026-2027.jpg?resize=740%2C416&ssl=1 740w, https:\/\/i0.wp.com\/luxonomy.net\/wp-content\/uploads\/2020\/07\/master-turismo-lujo-2026-2027.jpg?resize=1600%2C900&ssl=1 1600w, https:\/\/i0.wp.com\/luxonomy.net\/wp-content\/uploads\/2020\/07\/master-turismo-lujo-2026-2027.jpg?resize=1200%2C675&ssl=1 1200w, https:\/\/i0.wp.com\/luxonomy.net\/wp-content\/uploads\/2020\/07\/master-turismo-lujo-2026-2027.jpg?resize=85%2C48&ssl=1 85w\" sizes=\"(max-width: 1170px) 100vw, 1170px\" class=\"no-lazyload\" width=\"1672\" height=\"941\"   \/><\/a><\/div>\n<p>La semana pasada, el <strong>presidente y director ejecutivo de Kering, Fran\u00e7ois-Henri Pinault<\/strong>, indic\u00f3 que la actuaci\u00f3n llevada a cabo por Bottega no es diferente a la de <strong>Balenciaga<\/strong>, que desde 2018 ha publicado lo que parecen ser im\u00e1genes generadas por usuarios sin subt\u00edtulos en su cuenta de Instagram .<\/p>\n<p>A diferencia de Balenciaga, <strong>Bottega Veneta borr\u00f3 repentinamente su cuenta de Instagram, que ten\u00eda 2,5 millones de seguidores<\/strong>.<\/p>\n<p>En su lugar, ahora hay una p\u00e1ginas de fans, como <strong>@newbottega<\/strong>, que <strong>no est\u00e1n oficialmente afiliados a la marca<\/strong>. Bottega ha decidido, en l\u00ednea con su posicionamiento, <strong>apoyarse mucho m\u00e1s en sus embajadores y fans d\u00e1ndoles el material que necesitan para hablar de la marca a trav\u00e9s de varias redes sociales<\/strong>, dej\u00e1ndoles <strong>hablar por la marca en lugar de hacerlo ellos mismos.<\/strong><\/p>\n<p>Esta idea de <strong>dejar que hablen de la marca sus clientes o fans, manteniendo ellos el silencio en redes sociales<\/strong>, est\u00e1 dando su fruto:<\/p><div id=\"luxon-3537073173\" class=\"luxon-7-parrafo luxon-entity-placement\" style=\"margin-top: 20px;margin-bottom: 20px;margin-left: auto;margin-right: auto;text-align: center;\"><a href=\"https:\/\/theintelligence.institute\/course\/inteligencia-artificial-para-directivos\" target=\"_blank\" aria-label=\"CSIAD_empresas_THEI_horizontal_4x3_v5\"><img loading=\"lazy\" decoding=\"async\" src=\"https:\/\/i0.wp.com\/luxonomy.net\/wp-content\/uploads\/2025\/08\/CSIAD_empresas_THEI_horizontal_4x3_v5.png?fit=2000%2C1500&#038;ssl=1\" alt=\"\"  srcset=\"https:\/\/i0.wp.com\/luxonomy.net\/wp-content\/uploads\/2025\/08\/CSIAD_empresas_THEI_horizontal_4x3_v5.png?w=2000&ssl=1 2000w, https:\/\/i0.wp.com\/luxonomy.net\/wp-content\/uploads\/2025\/08\/CSIAD_empresas_THEI_horizontal_4x3_v5.png?resize=300%2C225&ssl=1 300w, https:\/\/i0.wp.com\/luxonomy.net\/wp-content\/uploads\/2025\/08\/CSIAD_empresas_THEI_horizontal_4x3_v5.png?resize=1024%2C768&ssl=1 1024w, https:\/\/i0.wp.com\/luxonomy.net\/wp-content\/uploads\/2025\/08\/CSIAD_empresas_THEI_horizontal_4x3_v5.png?resize=768%2C576&ssl=1 768w, https:\/\/i0.wp.com\/luxonomy.net\/wp-content\/uploads\/2025\/08\/CSIAD_empresas_THEI_horizontal_4x3_v5.png?resize=1536%2C1152&ssl=1 1536w, https:\/\/i0.wp.com\/luxonomy.net\/wp-content\/uploads\/2025\/08\/CSIAD_empresas_THEI_horizontal_4x3_v5.png?resize=370%2C278&ssl=1 370w, https:\/\/i0.wp.com\/luxonomy.net\/wp-content\/uploads\/2025\/08\/CSIAD_empresas_THEI_horizontal_4x3_v5.png?resize=800%2C600&ssl=1 800w, https:\/\/i0.wp.com\/luxonomy.net\/wp-content\/uploads\/2025\/08\/CSIAD_empresas_THEI_horizontal_4x3_v5.png?resize=20%2C15&ssl=1 20w, https:\/\/i0.wp.com\/luxonomy.net\/wp-content\/uploads\/2025\/08\/CSIAD_empresas_THEI_horizontal_4x3_v5.png?resize=740%2C555&ssl=1 740w, https:\/\/i0.wp.com\/luxonomy.net\/wp-content\/uploads\/2025\/08\/CSIAD_empresas_THEI_horizontal_4x3_v5.png?resize=1600%2C1200&ssl=1 1600w, https:\/\/i0.wp.com\/luxonomy.net\/wp-content\/uploads\/2025\/08\/CSIAD_empresas_THEI_horizontal_4x3_v5.png?resize=1200%2C900&ssl=1 1200w, https:\/\/i0.wp.com\/luxonomy.net\/wp-content\/uploads\/2025\/08\/CSIAD_empresas_THEI_horizontal_4x3_v5.png?resize=64%2C48&ssl=1 64w\" sizes=\"(max-width: 1170px) 100vw, 1170px\" class=\"no-lazyload\" width=\"2000\" height=\"1500\"   \/><\/a><\/div>\n<blockquote><p><em>Debo decir que despu\u00e9s de un mes y medio, es bastante convincente en t\u00e9rminos de\u00a0visibilidad\u00a0de\u00a0Bottega Veneta , y lo estamos monitoreando con bastante precisi\u00f3n&#8221; ha indicado Pinault.<\/em><\/p><\/blockquote>\n<p><strong>\u00bfQu\u00e9 opinas?, \u00bfdebe el lujo adoptar este &#8220;silencio&#8221; en redes sociales?<\/strong><\/p>\n","protected":false},"excerpt":{"rendered":"<p>En enero comenz\u00e1bamos el a\u00f1o con una bomba &#8220;Bottega Veneta ha eliminado sus cuentas de las redes sociales en las plataformas de Instagram, Facebook y Twitter&#8220;, ahora anunciamos que Bottega Veneta ha cerrado sus redes sociales tambi\u00e9n en Asia. Ha eliminado su cuenta de Weibo, que ten\u00eda 270.000 seguidores, dos meses despu\u00e9s de retirarse de&hellip;<\/p>\n","protected":false},"author":12,"featured_media":13317,"comment_status":"open","ping_status":"open","sticky":false,"template":"","format":"standard","meta":{"_jetpack_newsletter_access":"","_jetpack_dont_email_post_to_subs":false,"_jetpack_newsletter_tier_id":0,"_jetpack_memberships_contains_paywalled_content":false,"_jetpack_feature_clip_id":0,"_jetpack_memberships_contains_paid_content":false,"footnotes":"","jetpack_publicize_message":"\u00bfSer\u00e1 el futuro del lujo el silencio en las redes sociales?\r\nEn enero comenz\u00e1bamos el a\u00f1o con una bomba \"Bottega Veneta ha eliminado sus cuentas de las redes sociales en las plataformas de Instagram, Facebook y Twitter\", ahora anunciamos que Bottega Veneta ha cerrado sus redes sociales tambi\u00e9n en Asia.\r\nHa eliminado su cuenta de Weibo, que ten\u00eda 270.000 seguidores, dos meses despu\u00e9s de retirarse de todas las redes sociales en los mercados occidentales.\r\nLa idea de dejar que hablen de la marca sus clientes o fans, manteniendo ellos el silencio en redes sociales, y est\u00e1 dando su fruto.\r\n\u00bfQu\u00e9 opinas?, \u00bfdebe el lujo adoptar este \"silencio\" en redes sociales?\r\n#luxonomy \u20acBottegaVeneta","jetpack_publicize_feature_enabled":true,"jetpack_social_post_already_shared":true,"jetpack_social_options":{"image_generator_settings":{"template":"edge","default_image_id":0,"font":"","enabled":false},"version":2},"jetpack_post_was_ever_published":false},"categories":[505],"tags":[846],"thb-sponsors":[],"class_list":["post-13311","post","type-post","status-publish","format-standard","has-post-thumbnail","hentry","category-sin-categorizar","tag-bottega-veneta"],"yoast_head":"<!-- This site is optimized with the Yoast SEO plugin v28.4 - https:\/\/yoast.com\/product\/yoast-seo-wordpress\/ -->\n<title>\u00bfSer\u00e1 el futuro del lujo el silencio en las redes sociales? | LUXONOMY<\/title>\n<meta name=\"robots\" content=\"index, follow, max-snippet:-1, max-image-preview:large, max-video-preview:-1\" \/>\n<link rel=\"canonical\" href=\"https:\/\/luxonomy.net\/es\/sera-el-futuro-del-lujo-el-silencio-en-las-redes-sociales\/\" \/>\n<meta property=\"og:locale\" content=\"es_ES\" \/>\n<meta property=\"og:type\" content=\"article\" \/>\n<meta property=\"og:title\" content=\"\u00bfSer\u00e1 el futuro del lujo el silencio en las redes sociales? | LUXONOMY\" \/>\n<meta property=\"og:description\" content=\"En enero comenz\u00e1bamos el a\u00f1o con una bomba &#8220;Bottega Veneta ha eliminado sus cuentas de las redes sociales en las plataformas de Instagram, Facebook y Twitter&#8220;, ahora anunciamos que Bottega Veneta ha cerrado sus redes sociales tambi\u00e9n en Asia. Ha eliminado su cuenta de Weibo, que ten\u00eda 270.000 seguidores, dos meses despu\u00e9s de retirarse de&hellip;\" \/>\n<meta property=\"og:url\" content=\"https:\/\/luxonomy.net\/es\/sera-el-futuro-del-lujo-el-silencio-en-las-redes-sociales\/\" \/>\n<meta property=\"og:site_name\" content=\"LUXONOMY\" \/>\n<meta property=\"article:publisher\" content=\"https:\/\/www.facebook.com\/luxonomy\" \/>\n<meta property=\"article:published_time\" content=\"2021-03-18T12:38:28+00:00\" \/>\n<meta property=\"og:image\" content=\"https:\/\/i0.wp.com\/luxonomy.net\/wp-content\/uploads\/2021\/03\/bottega-veneta-social-media.jpeg?fit=2000%2C1125&quality=89&ssl=1\" \/>\n\t<meta property=\"og:image:width\" content=\"2000\" \/>\n\t<meta property=\"og:image:height\" content=\"1125\" \/>\n\t<meta property=\"og:image:type\" content=\"image\/jpeg\" \/>\n<meta name=\"author\" content=\"Lin Ying\" \/>\n<meta name=\"twitter:card\" content=\"summary_large_image\" \/>\n<meta name=\"twitter:label1\" content=\"Escrito por\" \/>\n\t<meta name=\"twitter:data1\" content=\"Lin Ying\" \/>\n\t<meta name=\"twitter:label2\" content=\"Tiempo de lectura\" \/>\n\t<meta name=\"twitter:data2\" content=\"2 minutos\" \/>\n<script type=\"application\/ld+json\" class=\"yoast-schema-graph\">{\"@context\":\"https:\\\/\\\/schema.org\",\"@graph\":[{\"@type\":\"Article\",\"@id\":\"https:\\\/\\\/luxonomy.net\\\/es\\\/sera-el-futuro-del-lujo-el-silencio-en-las-redes-sociales\\\/#article\",\"isPartOf\":{\"@id\":\"https:\\\/\\\/luxonomy.net\\\/es\\\/sera-el-futuro-del-lujo-el-silencio-en-las-redes-sociales\\\/\"},\"author\":{\"name\":\"Lin Ying\",\"@id\":\"https:\\\/\\\/luxonomy.net\\\/es\\\/#\\\/schema\\\/person\\\/e41ee995dbce79e2800287db6ae24220\"},\"headline\":\"\u00bfSer\u00e1 el futuro del lujo el silencio en las redes sociales?\",\"datePublished\":\"2021-03-18T12:38:28+00:00\",\"mainEntityOfPage\":{\"@id\":\"https:\\\/\\\/luxonomy.net\\\/es\\\/sera-el-futuro-del-lujo-el-silencio-en-las-redes-sociales\\\/\"},\"wordCount\":295,\"commentCount\":0,\"publisher\":{\"@id\":\"https:\\\/\\\/luxonomy.net\\\/es\\\/#organization\"},\"image\":{\"@id\":\"https:\\\/\\\/luxonomy.net\\\/es\\\/sera-el-futuro-del-lujo-el-silencio-en-las-redes-sociales\\\/#primaryimage\"},\"thumbnailUrl\":\"https:\\\/\\\/i0.wp.com\\\/luxonomy.net\\\/wp-content\\\/uploads\\\/2021\\\/03\\\/bottega-veneta-social-media.jpeg?fit=2000%2C1125&ssl=1\",\"keywords\":[\"Bottega Veneta\"],\"articleSection\":[\"Sin categorizar\"],\"inLanguage\":\"es\",\"potentialAction\":[{\"@type\":\"CommentAction\",\"name\":\"Comment\",\"target\":[\"https:\\\/\\\/luxonomy.net\\\/es\\\/sera-el-futuro-del-lujo-el-silencio-en-las-redes-sociales\\\/#respond\"]}]},{\"@type\":\"WebPage\",\"@id\":\"https:\\\/\\\/luxonomy.net\\\/es\\\/sera-el-futuro-del-lujo-el-silencio-en-las-redes-sociales\\\/\",\"url\":\"https:\\\/\\\/luxonomy.net\\\/es\\\/sera-el-futuro-del-lujo-el-silencio-en-las-redes-sociales\\\/\",\"name\":\"\u00bfSer\u00e1 el futuro del lujo el silencio en las redes sociales? | LUXONOMY\",\"isPartOf\":{\"@id\":\"https:\\\/\\\/luxonomy.net\\\/es\\\/#website\"},\"primaryImageOfPage\":{\"@id\":\"https:\\\/\\\/luxonomy.net\\\/es\\\/sera-el-futuro-del-lujo-el-silencio-en-las-redes-sociales\\\/#primaryimage\"},\"image\":{\"@id\":\"https:\\\/\\\/luxonomy.net\\\/es\\\/sera-el-futuro-del-lujo-el-silencio-en-las-redes-sociales\\\/#primaryimage\"},\"thumbnailUrl\":\"https:\\\/\\\/i0.wp.com\\\/luxonomy.net\\\/wp-content\\\/uploads\\\/2021\\\/03\\\/bottega-veneta-social-media.jpeg?fit=2000%2C1125&ssl=1\",\"datePublished\":\"2021-03-18T12:38:28+00:00\",\"breadcrumb\":{\"@id\":\"https:\\\/\\\/luxonomy.net\\\/es\\\/sera-el-futuro-del-lujo-el-silencio-en-las-redes-sociales\\\/#breadcrumb\"},\"inLanguage\":\"es\",\"potentialAction\":[{\"@type\":\"ReadAction\",\"target\":[\"https:\\\/\\\/luxonomy.net\\\/es\\\/sera-el-futuro-del-lujo-el-silencio-en-las-redes-sociales\\\/\"]}]},{\"@type\":\"ImageObject\",\"inLanguage\":\"es\",\"@id\":\"https:\\\/\\\/luxonomy.net\\\/es\\\/sera-el-futuro-del-lujo-el-silencio-en-las-redes-sociales\\\/#primaryimage\",\"url\":\"https:\\\/\\\/i0.wp.com\\\/luxonomy.net\\\/wp-content\\\/uploads\\\/2021\\\/03\\\/bottega-veneta-social-media.jpeg?fit=2000%2C1125&ssl=1\",\"contentUrl\":\"https:\\\/\\\/i0.wp.com\\\/luxonomy.net\\\/wp-content\\\/uploads\\\/2021\\\/03\\\/bottega-veneta-social-media.jpeg?fit=2000%2C1125&ssl=1\",\"width\":2000,\"height\":1125},{\"@type\":\"BreadcrumbList\",\"@id\":\"https:\\\/\\\/luxonomy.net\\\/es\\\/sera-el-futuro-del-lujo-el-silencio-en-las-redes-sociales\\\/#breadcrumb\",\"itemListElement\":[{\"@type\":\"ListItem\",\"position\":1,\"name\":\"Portada\",\"item\":\"https:\\\/\\\/luxonomy.net\\\/es\\\/\"},{\"@type\":\"ListItem\",\"position\":2,\"name\":\"\u00bfSer\u00e1 el futuro del lujo el silencio en las redes sociales?\"}]},{\"@type\":\"WebSite\",\"@id\":\"https:\\\/\\\/luxonomy.net\\\/es\\\/#website\",\"url\":\"https:\\\/\\\/luxonomy.net\\\/es\\\/\",\"name\":\"LUXONOMY\",\"description\":\"The Economy of Fashion &amp; Luxury\",\"publisher\":{\"@id\":\"https:\\\/\\\/luxonomy.net\\\/es\\\/#organization\"},\"potentialAction\":[{\"@type\":\"SearchAction\",\"target\":{\"@type\":\"EntryPoint\",\"urlTemplate\":\"https:\\\/\\\/luxonomy.net\\\/es\\\/?s={search_term_string}\"},\"query-input\":{\"@type\":\"PropertyValueSpecification\",\"valueRequired\":true,\"valueName\":\"search_term_string\"}}],\"inLanguage\":\"es\"},{\"@type\":\"Organization\",\"@id\":\"https:\\\/\\\/luxonomy.net\\\/es\\\/#organization\",\"name\":\"LUXONOMY\",\"url\":\"https:\\\/\\\/luxonomy.net\\\/es\\\/\",\"logo\":{\"@type\":\"ImageObject\",\"inLanguage\":\"es\",\"@id\":\"https:\\\/\\\/luxonomy.net\\\/es\\\/#\\\/schema\\\/logo\\\/image\\\/\",\"url\":\"https:\\\/\\\/i2.wp.com\\\/luxonomy.net\\\/wp-content\\\/uploads\\\/2021\\\/09\\\/MOCKUP-TODOS-LUXONOMY.jpg?fit=1000%2C515&ssl=1\",\"contentUrl\":\"https:\\\/\\\/i2.wp.com\\\/luxonomy.net\\\/wp-content\\\/uploads\\\/2021\\\/09\\\/MOCKUP-TODOS-LUXONOMY.jpg?fit=1000%2C515&ssl=1\",\"width\":1000,\"height\":515,\"caption\":\"LUXONOMY\"},\"image\":{\"@id\":\"https:\\\/\\\/luxonomy.net\\\/es\\\/#\\\/schema\\\/logo\\\/image\\\/\"},\"sameAs\":[\"https:\\\/\\\/www.facebook.com\\\/luxonomy\",\"https:\\\/\\\/www.instagram.com\\\/luxonomy\\\/\",\"https:\\\/\\\/www.linkedin.com\\\/company\\\/luxonomy\\\/\"]},{\"@type\":\"Person\",\"@id\":\"https:\\\/\\\/luxonomy.net\\\/es\\\/#\\\/schema\\\/person\\\/e41ee995dbce79e2800287db6ae24220\",\"name\":\"Lin Ying\",\"image\":{\"@type\":\"ImageObject\",\"inLanguage\":\"es\",\"@id\":\"https:\\\/\\\/luxonomy.net\\\/wp-content\\\/litespeed\\\/avatar\\\/9377a5a1a950be96450e20ff0cd047de.jpg?ver=1788523777\",\"url\":\"https:\\\/\\\/luxonomy.net\\\/wp-content\\\/litespeed\\\/avatar\\\/9377a5a1a950be96450e20ff0cd047de.jpg?ver=1788523777\",\"contentUrl\":\"https:\\\/\\\/luxonomy.net\\\/wp-content\\\/litespeed\\\/avatar\\\/9377a5a1a950be96450e20ff0cd047de.jpg?ver=1788523777\",\"caption\":\"Lin Ying\"},\"url\":\"https:\\\/\\\/luxonomy.net\\\/es\\\/author\\\/maria-jose-flores-de-santis\\\/\"}]}<\/script>\n<!-- \/ Yoast SEO plugin. -->","yoast_head_json":{"title":"\u00bfSer\u00e1 el futuro del lujo el silencio en las redes sociales? | LUXONOMY","robots":{"index":"index","follow":"follow","max-snippet":"max-snippet:-1","max-image-preview":"max-image-preview:large","max-video-preview":"max-video-preview:-1"},"canonical":"https:\/\/luxonomy.net\/es\/sera-el-futuro-del-lujo-el-silencio-en-las-redes-sociales\/","og_locale":"es_ES","og_type":"article","og_title":"\u00bfSer\u00e1 el futuro del lujo el silencio en las redes sociales? | LUXONOMY","og_description":"En enero comenz\u00e1bamos el a\u00f1o con una bomba &#8220;Bottega Veneta ha eliminado sus cuentas de las redes sociales en las plataformas de Instagram, Facebook y Twitter&#8220;, ahora anunciamos que Bottega Veneta ha cerrado sus redes sociales tambi\u00e9n en Asia. Ha eliminado su cuenta de Weibo, que ten\u00eda 270.000 seguidores, dos meses despu\u00e9s de retirarse de&hellip;","og_url":"https:\/\/luxonomy.net\/es\/sera-el-futuro-del-lujo-el-silencio-en-las-redes-sociales\/","og_site_name":"LUXONOMY","article_publisher":"https:\/\/www.facebook.com\/luxonomy","article_published_time":"2021-03-18T12:38:28+00:00","og_image":[{"width":2000,"height":1125,"url":"https:\/\/i0.wp.com\/luxonomy.net\/wp-content\/uploads\/2021\/03\/bottega-veneta-social-media.jpeg?fit=2000%2C1125&quality=89&ssl=1","type":"image\/jpeg"}],"author":"Lin Ying","twitter_card":"summary_large_image","twitter_misc":{"Escrito por":"Lin Ying","Tiempo de lectura":"2 minutos"},"schema":{"@context":"https:\/\/schema.org","@graph":[{"@type":"Article","@id":"https:\/\/luxonomy.net\/es\/sera-el-futuro-del-lujo-el-silencio-en-las-redes-sociales\/#article","isPartOf":{"@id":"https:\/\/luxonomy.net\/es\/sera-el-futuro-del-lujo-el-silencio-en-las-redes-sociales\/"},"author":{"name":"Lin Ying","@id":"https:\/\/luxonomy.net\/es\/#\/schema\/person\/e41ee995dbce79e2800287db6ae24220"},"headline":"\u00bfSer\u00e1 el futuro del lujo el silencio en las redes sociales?","datePublished":"2021-03-18T12:38:28+00:00","mainEntityOfPage":{"@id":"https:\/\/luxonomy.net\/es\/sera-el-futuro-del-lujo-el-silencio-en-las-redes-sociales\/"},"wordCount":295,"commentCount":0,"publisher":{"@id":"https:\/\/luxonomy.net\/es\/#organization"},"image":{"@id":"https:\/\/luxonomy.net\/es\/sera-el-futuro-del-lujo-el-silencio-en-las-redes-sociales\/#primaryimage"},"thumbnailUrl":"https:\/\/i0.wp.com\/luxonomy.net\/wp-content\/uploads\/2021\/03\/bottega-veneta-social-media.jpeg?fit=2000%2C1125&ssl=1","keywords":["Bottega Veneta"],"articleSection":["Sin categorizar"],"inLanguage":"es","potentialAction":[{"@type":"CommentAction","name":"Comment","target":["https:\/\/luxonomy.net\/es\/sera-el-futuro-del-lujo-el-silencio-en-las-redes-sociales\/#respond"]}]},{"@type":"WebPage","@id":"https:\/\/luxonomy.net\/es\/sera-el-futuro-del-lujo-el-silencio-en-las-redes-sociales\/","url":"https:\/\/luxonomy.net\/es\/sera-el-futuro-del-lujo-el-silencio-en-las-redes-sociales\/","name":"\u00bfSer\u00e1 el futuro del lujo el silencio en las redes sociales? | LUXONOMY","isPartOf":{"@id":"https:\/\/luxonomy.net\/es\/#website"},"primaryImageOfPage":{"@id":"https:\/\/luxonomy.net\/es\/sera-el-futuro-del-lujo-el-silencio-en-las-redes-sociales\/#primaryimage"},"image":{"@id":"https:\/\/luxonomy.net\/es\/sera-el-futuro-del-lujo-el-silencio-en-las-redes-sociales\/#primaryimage"},"thumbnailUrl":"https:\/\/i0.wp.com\/luxonomy.net\/wp-content\/uploads\/2021\/03\/bottega-veneta-social-media.jpeg?fit=2000%2C1125&ssl=1","datePublished":"2021-03-18T12:38:28+00:00","breadcrumb":{"@id":"https:\/\/luxonomy.net\/es\/sera-el-futuro-del-lujo-el-silencio-en-las-redes-sociales\/#breadcrumb"},"inLanguage":"es","potentialAction":[{"@type":"ReadAction","target":["https:\/\/luxonomy.net\/es\/sera-el-futuro-del-lujo-el-silencio-en-las-redes-sociales\/"]}]},{"@type":"ImageObject","inLanguage":"es","@id":"https:\/\/luxonomy.net\/es\/sera-el-futuro-del-lujo-el-silencio-en-las-redes-sociales\/#primaryimage","url":"https:\/\/i0.wp.com\/luxonomy.net\/wp-content\/uploads\/2021\/03\/bottega-veneta-social-media.jpeg?fit=2000%2C1125&ssl=1","contentUrl":"https:\/\/i0.wp.com\/luxonomy.net\/wp-content\/uploads\/2021\/03\/bottega-veneta-social-media.jpeg?fit=2000%2C1125&ssl=1","width":2000,"height":1125},{"@type":"BreadcrumbList","@id":"https:\/\/luxonomy.net\/es\/sera-el-futuro-del-lujo-el-silencio-en-las-redes-sociales\/#breadcrumb","itemListElement":[{"@type":"ListItem","position":1,"name":"Portada","item":"https:\/\/luxonomy.net\/es\/"},{"@type":"ListItem","position":2,"name":"\u00bfSer\u00e1 el futuro del lujo el silencio en las redes sociales?"}]},{"@type":"WebSite","@id":"https:\/\/luxonomy.net\/es\/#website","url":"https:\/\/luxonomy.net\/es\/","name":"LUXONOMY","description":"The Economy of Fashion &amp; Luxury","publisher":{"@id":"https:\/\/luxonomy.net\/es\/#organization"},"potentialAction":[{"@type":"SearchAction","target":{"@type":"EntryPoint","urlTemplate":"https:\/\/luxonomy.net\/es\/?s={search_term_string}"},"query-input":{"@type":"PropertyValueSpecification","valueRequired":true,"valueName":"search_term_string"}}],"inLanguage":"es"},{"@type":"Organization","@id":"https:\/\/luxonomy.net\/es\/#organization","name":"LUXONOMY","url":"https:\/\/luxonomy.net\/es\/","logo":{"@type":"ImageObject","inLanguage":"es","@id":"https:\/\/luxonomy.net\/es\/#\/schema\/logo\/image\/","url":"https:\/\/i2.wp.com\/luxonomy.net\/wp-content\/uploads\/2021\/09\/MOCKUP-TODOS-LUXONOMY.jpg?fit=1000%2C515&ssl=1","contentUrl":"https:\/\/i2.wp.com\/luxonomy.net\/wp-content\/uploads\/2021\/09\/MOCKUP-TODOS-LUXONOMY.jpg?fit=1000%2C515&ssl=1","width":1000,"height":515,"caption":"LUXONOMY"},"image":{"@id":"https:\/\/luxonomy.net\/es\/#\/schema\/logo\/image\/"},"sameAs":["https:\/\/www.facebook.com\/luxonomy","https:\/\/www.instagram.com\/luxonomy\/","https:\/\/www.linkedin.com\/company\/luxonomy\/"]},{"@type":"Person","@id":"https:\/\/luxonomy.net\/es\/#\/schema\/person\/e41ee995dbce79e2800287db6ae24220","name":"Lin Ying","image":{"@type":"ImageObject","inLanguage":"es","@id":"https:\/\/luxonomy.net\/wp-content\/litespeed\/avatar\/9377a5a1a950be96450e20ff0cd047de.jpg?ver=1788523777","url":"https:\/\/luxonomy.net\/wp-content\/litespeed\/avatar\/9377a5a1a950be96450e20ff0cd047de.jpg?ver=1788523777","contentUrl":"https:\/\/luxonomy.net\/wp-content\/litespeed\/avatar\/9377a5a1a950be96450e20ff0cd047de.jpg?ver=1788523777","caption":"Lin Ying"},"url":"https:\/\/luxonomy.net\/es\/author\/maria-jose-flores-de-santis\/"}]}},"jetpack_publicize_connections":[],"jetpack_shortlink":"https:\/\/wp.me\/paPhBa-3sH","jetpack_sharing_enabled":true,"jetpack_featured_media_url":"https:\/\/i0.wp.com\/luxonomy.net\/wp-content\/uploads\/2021\/03\/bottega-veneta-social-media.jpeg?fit=2000%2C1125&ssl=1","_links":{"self":[{"href":"https:\/\/luxonomy.net\/es\/wp-json\/wp\/v2\/posts\/13311","targetHints":{"allow":["GET"]}}],"collection":[{"href":"https:\/\/luxonomy.net\/es\/wp-json\/wp\/v2\/posts"}],"about":[{"href":"https:\/\/luxonomy.net\/es\/wp-json\/wp\/v2\/types\/post"}],"author":[{"embeddable":true,"href":"https:\/\/luxonomy.net\/es\/wp-json\/wp\/v2\/users\/12"}],"replies":[{"embeddable":true,"href":"https:\/\/luxonomy.net\/es\/wp-json\/wp\/v2\/comments?post=13311"}],"version-history":[{"count":6,"href":"https:\/\/luxonomy.net\/es\/wp-json\/wp\/v2\/posts\/13311\/revisions"}],"predecessor-version":[{"id":13318,"href":"https:\/\/luxonomy.net\/es\/wp-json\/wp\/v2\/posts\/13311\/revisions\/13318"}],"wp:featuredmedia":[{"embeddable":true,"href":"https:\/\/luxonomy.net\/es\/wp-json\/wp\/v2\/media\/13317"}],"wp:attachment":[{"href":"https:\/\/luxonomy.net\/es\/wp-json\/wp\/v2\/media?parent=13311"}],"wp:term":[{"taxonomy":"category","embeddable":true,"href":"https:\/\/luxonomy.net\/es\/wp-json\/wp\/v2\/categories?post=13311"},{"taxonomy":"post_tag","embeddable":true,"href":"https:\/\/luxonomy.net\/es\/wp-json\/wp\/v2\/tags?post=13311"},{"taxonomy":"thb-sponsors","embeddable":true,"href":"https:\/\/luxonomy.net\/es\/wp-json\/wp\/v2\/thb-sponsors?post=13311"}],"curies":[{"name":"wp","href":"https:\/\/api.w.org\/{rel}","templated":true}]}}