{"id":13232,"date":"2021-03-11T12:19:09","date_gmt":"2021-03-11T11:19:09","guid":{"rendered":"https:\/?p=13232"},"modified":"2021-03-11T12:19:09","modified_gmt":"2021-03-11T11:19:09","slug":"ralph-lauren-lanza-una-iniciativa-de-alquiler-de-ropa-por-suscripcion","status":"publish","type":"post","link":"https:\/\/luxonomy.net\/es\/ralph-lauren-lanza-una-iniciativa-de-alquiler-de-ropa-por-suscripcion\/","title":{"rendered":"Ralph Lauren lanza una iniciativa de alquiler de ropa por suscripci\u00f3n"},"content":{"rendered":"<p>El ic\u00f3nico grupo de moda <strong>estadounidense Ralph Lauren<\/strong> busca aprovechar el <strong>cambio en el comportamiento del consumidor<\/strong> con el lanzamiento de <strong>The Lauren Look<\/strong>, la primera iniciativa de <strong>alquiler de ropa por suscripci\u00f3n<\/strong> de la compa\u00f1\u00eda.<\/p>\n<p class=\"col-md-10 article-content--texte\">A partir de <strong>125 d\u00f3lares al mes<\/strong>, los suscriptores pueden acceder a una gama en constante cambio de <strong>ropa de Ralph Lauren<\/strong>, incluidos vestidos, pantalones y blusas. Las piezas van <strong>acompa\u00f1adas de sugerencias de estilistas sobre c\u00f3mo llevarlas<\/strong>.<\/p>\n<p>Una vez que hayas terminado de usar la ropa, puedes optar por <strong>devolverla y cambiarla por otras prendas, o comprarla a precios exclusivos para miembros<\/strong>.<\/p><div id=\"luxon-973396402\" class=\"luxon-3er-parrafo luxon-entity-placement\" style=\"margin-top: 20px;margin-bottom: 20px;margin-left: auto;margin-right: auto;text-align: center;\"><a href=\"https:\/\/luxonomy.university\/course\/master-turismo-de-lujo\" target=\"_blank\" aria-label=\"master-turismo-lujo-2026-2027\"><img loading=\"lazy\" decoding=\"async\" src=\"https:\/\/i0.wp.com\/luxonomy.net\/wp-content\/uploads\/2020\/07\/master-turismo-lujo-2026-2027.jpg?fit=1672%2C941&#038;ssl=1\" alt=\"\"  srcset=\"https:\/\/i0.wp.com\/luxonomy.net\/wp-content\/uploads\/2020\/07\/master-turismo-lujo-2026-2027.jpg?w=1672&ssl=1 1672w, https:\/\/i0.wp.com\/luxonomy.net\/wp-content\/uploads\/2020\/07\/master-turismo-lujo-2026-2027.jpg?resize=300%2C169&ssl=1 300w, https:\/\/i0.wp.com\/luxonomy.net\/wp-content\/uploads\/2020\/07\/master-turismo-lujo-2026-2027.jpg?resize=1024%2C576&ssl=1 1024w, https:\/\/i0.wp.com\/luxonomy.net\/wp-content\/uploads\/2020\/07\/master-turismo-lujo-2026-2027.jpg?resize=768%2C432&ssl=1 768w, https:\/\/i0.wp.com\/luxonomy.net\/wp-content\/uploads\/2020\/07\/master-turismo-lujo-2026-2027.jpg?resize=1536%2C864&ssl=1 1536w, https:\/\/i0.wp.com\/luxonomy.net\/wp-content\/uploads\/2020\/07\/master-turismo-lujo-2026-2027.jpg?resize=370%2C208&ssl=1 370w, https:\/\/i0.wp.com\/luxonomy.net\/wp-content\/uploads\/2020\/07\/master-turismo-lujo-2026-2027.jpg?resize=800%2C450&ssl=1 800w, https:\/\/i0.wp.com\/luxonomy.net\/wp-content\/uploads\/2020\/07\/master-turismo-lujo-2026-2027.jpg?resize=20%2C11&ssl=1 20w, https:\/\/i0.wp.com\/luxonomy.net\/wp-content\/uploads\/2020\/07\/master-turismo-lujo-2026-2027.jpg?resize=740%2C416&ssl=1 740w, https:\/\/i0.wp.com\/luxonomy.net\/wp-content\/uploads\/2020\/07\/master-turismo-lujo-2026-2027.jpg?resize=1600%2C900&ssl=1 1600w, https:\/\/i0.wp.com\/luxonomy.net\/wp-content\/uploads\/2020\/07\/master-turismo-lujo-2026-2027.jpg?resize=1200%2C675&ssl=1 1200w, https:\/\/i0.wp.com\/luxonomy.net\/wp-content\/uploads\/2020\/07\/master-turismo-lujo-2026-2027.jpg?resize=85%2C48&ssl=1 85w\" sizes=\"(max-width: 1170px) 100vw, 1170px\" class=\"no-lazyload\" width=\"1672\" height=\"941\"   \/><\/a><\/div>\n<p><strong>The Lauren Look<\/strong> tambi\u00e9n servir\u00e1 como una oportunidad para que la empresa genere comentarios directos de los clientes y obtenga una <strong>mejor comprensi\u00f3n del mercado<\/strong>.<\/p>\n<p>Una apuesta total de <strong>Ralph Lauren hacia la tendencia imparable de la econom\u00eda circular.<\/strong><\/p>\n<p><strong>De momento el servicio est\u00e1 disponible \u00fanicamente para Estados Unidos.<\/strong><\/p>\n<p>M\u00e1s informaci\u00f3n en <a href=\"https:\/\/www.thelaurenlook.com\/\" target=\"_blank\" rel=\"noopener\">https:\/\/www.thelaurenlook.com\/<\/a><\/p><div id=\"luxon-2166360834\" class=\"luxon-7-parrafo luxon-entity-placement\" style=\"margin-top: 20px;margin-bottom: 20px;margin-left: auto;margin-right: auto;text-align: center;\"><a href=\"https:\/\/theintelligence.institute\/course\/inteligencia-artificial-para-directivos\" target=\"_blank\" aria-label=\"CSIAD_empresas_THEI_horizontal_4x3_v5\"><img loading=\"lazy\" decoding=\"async\" src=\"https:\/\/i0.wp.com\/luxonomy.net\/wp-content\/uploads\/2025\/08\/CSIAD_empresas_THEI_horizontal_4x3_v5.png?fit=2000%2C1500&#038;ssl=1\" alt=\"\"  srcset=\"https:\/\/i0.wp.com\/luxonomy.net\/wp-content\/uploads\/2025\/08\/CSIAD_empresas_THEI_horizontal_4x3_v5.png?w=2000&ssl=1 2000w, https:\/\/i0.wp.com\/luxonomy.net\/wp-content\/uploads\/2025\/08\/CSIAD_empresas_THEI_horizontal_4x3_v5.png?resize=300%2C225&ssl=1 300w, https:\/\/i0.wp.com\/luxonomy.net\/wp-content\/uploads\/2025\/08\/CSIAD_empresas_THEI_horizontal_4x3_v5.png?resize=1024%2C768&ssl=1 1024w, https:\/\/i0.wp.com\/luxonomy.net\/wp-content\/uploads\/2025\/08\/CSIAD_empresas_THEI_horizontal_4x3_v5.png?resize=768%2C576&ssl=1 768w, https:\/\/i0.wp.com\/luxonomy.net\/wp-content\/uploads\/2025\/08\/CSIAD_empresas_THEI_horizontal_4x3_v5.png?resize=1536%2C1152&ssl=1 1536w, https:\/\/i0.wp.com\/luxonomy.net\/wp-content\/uploads\/2025\/08\/CSIAD_empresas_THEI_horizontal_4x3_v5.png?resize=370%2C278&ssl=1 370w, https:\/\/i0.wp.com\/luxonomy.net\/wp-content\/uploads\/2025\/08\/CSIAD_empresas_THEI_horizontal_4x3_v5.png?resize=800%2C600&ssl=1 800w, https:\/\/i0.wp.com\/luxonomy.net\/wp-content\/uploads\/2025\/08\/CSIAD_empresas_THEI_horizontal_4x3_v5.png?resize=20%2C15&ssl=1 20w, https:\/\/i0.wp.com\/luxonomy.net\/wp-content\/uploads\/2025\/08\/CSIAD_empresas_THEI_horizontal_4x3_v5.png?resize=740%2C555&ssl=1 740w, https:\/\/i0.wp.com\/luxonomy.net\/wp-content\/uploads\/2025\/08\/CSIAD_empresas_THEI_horizontal_4x3_v5.png?resize=1600%2C1200&ssl=1 1600w, https:\/\/i0.wp.com\/luxonomy.net\/wp-content\/uploads\/2025\/08\/CSIAD_empresas_THEI_horizontal_4x3_v5.png?resize=1200%2C900&ssl=1 1200w, https:\/\/i0.wp.com\/luxonomy.net\/wp-content\/uploads\/2025\/08\/CSIAD_empresas_THEI_horizontal_4x3_v5.png?resize=64%2C48&ssl=1 64w\" sizes=\"(max-width: 1170px) 100vw, 1170px\" class=\"no-lazyload\" width=\"2000\" height=\"1500\"   \/><\/a><\/div>\n","protected":false},"excerpt":{"rendered":"<p>El ic\u00f3nico grupo de moda estadounidense Ralph Lauren busca aprovechar el cambio en el comportamiento del consumidor con el lanzamiento de The Lauren Look, la primera iniciativa de alquiler de ropa por suscripci\u00f3n de la compa\u00f1\u00eda. A partir de 125 d\u00f3lares al mes, los suscriptores pueden acceder a una gama en constante cambio de ropa&hellip;<\/p>\n","protected":false},"author":14,"featured_media":13236,"comment_status":"open","ping_status":"open","sticky":false,"template":"","format":"standard","meta":{"_jetpack_newsletter_access":"","_jetpack_dont_email_post_to_subs":false,"_jetpack_newsletter_tier_id":0,"_jetpack_memberships_contains_paywalled_content":false,"_jetpack_feature_clip_id":0,"_jetpack_memberships_contains_paid_content":false,"footnotes":"","jetpack_publicize_message":"Ralph Lauren lanza una iniciativa de alquiler de ropa por suscripci\u00f3n.\r\nEl ic\u00f3nico grupo de moda estadounidense Ralph Lauren busca aprovechar el cambio en el comportamiento del consumidor con el lanzamiento de The Lauren Look,a partir de 125 d\u00f3lares al mes, los suscriptores pueden acceder a una gama en constante cambio de ropa de Ralph Lauren, incluidos vestidos, pantalones y blusas. Las piezas van acompa\u00f1adas de sugerencias de estilistas sobre c\u00f3mo llevarlas.\r\nTe contamos la historia en luxonomy.net\r\n#luxonomy #ecoluxury #ecolujo #RalphLauren #TheLaurenLook","jetpack_publicize_feature_enabled":true,"jetpack_social_post_already_shared":true,"jetpack_social_options":{"image_generator_settings":{"template":"edge","default_image_id":0,"font":"","enabled":false},"version":2},"jetpack_post_was_ever_published":false},"categories":[688],"tags":[808,233,867],"thb-sponsors":[],"class_list":["post-13232","post","type-post","status-publish","format-standard","has-post-thumbnail","hentry","category-sostenibilidad","tag-ecolujo","tag-ecoluxury","tag-ralph-lauren"],"yoast_head":"<!-- This site is optimized with the Yoast SEO plugin v28.4 - https:\/\/yoast.com\/product\/yoast-seo-wordpress\/ -->\n<title>Ralph Lauren lanza una iniciativa de alquiler de ropa por suscripci\u00f3n | LUXONOMY<\/title>\n<meta name=\"robots\" content=\"index, follow, max-snippet:-1, max-image-preview:large, max-video-preview:-1\" \/>\n<link rel=\"canonical\" href=\"https:\/\/luxonomy.net\/es\/ralph-lauren-lanza-una-iniciativa-de-alquiler-de-ropa-por-suscripcion\/\" \/>\n<meta property=\"og:locale\" content=\"es_ES\" \/>\n<meta property=\"og:type\" content=\"article\" \/>\n<meta property=\"og:title\" content=\"Ralph Lauren lanza una iniciativa de alquiler de ropa por suscripci\u00f3n | LUXONOMY\" \/>\n<meta property=\"og:description\" content=\"El ic\u00f3nico grupo de moda estadounidense Ralph Lauren busca aprovechar el cambio en el comportamiento del consumidor con el lanzamiento de The Lauren Look, la primera iniciativa de alquiler de ropa por suscripci\u00f3n de la compa\u00f1\u00eda. A partir de 125 d\u00f3lares al mes, los suscriptores pueden acceder a una gama en constante cambio de ropa&hellip;\" \/>\n<meta property=\"og:url\" content=\"https:\/\/luxonomy.net\/es\/ralph-lauren-lanza-una-iniciativa-de-alquiler-de-ropa-por-suscripcion\/\" \/>\n<meta property=\"og:site_name\" content=\"LUXONOMY\" \/>\n<meta property=\"article:publisher\" content=\"https:\/\/www.facebook.com\/luxonomy\" \/>\n<meta property=\"article:published_time\" content=\"2021-03-11T11:19:09+00:00\" \/>\n<meta property=\"og:image\" content=\"https:\/\/i0.wp.com\/luxonomy.net\/wp-content\/uploads\/2021\/03\/Captura-de-pantalla-2021-03-11-a-las-12.06.32.png?fit=1440%2C900&quality=80&ssl=1\" \/>\n\t<meta property=\"og:image:width\" content=\"1440\" \/>\n\t<meta property=\"og:image:height\" content=\"900\" \/>\n\t<meta property=\"og:image:type\" content=\"image\/png\" \/>\n<meta name=\"author\" content=\"Pablo Rodriguez de Aguilar\" \/>\n<meta name=\"twitter:card\" content=\"summary_large_image\" \/>\n<meta name=\"twitter:label1\" content=\"Escrito por\" \/>\n\t<meta name=\"twitter:data1\" content=\"Pablo Rodriguez de Aguilar\" \/>\n\t<meta name=\"twitter:label2\" content=\"Tiempo de lectura\" \/>\n\t<meta name=\"twitter:data2\" content=\"1 minuto\" \/>\n<script type=\"application\/ld+json\" class=\"yoast-schema-graph\">{\"@context\":\"https:\\\/\\\/schema.org\",\"@graph\":[{\"@type\":\"Article\",\"@id\":\"https:\\\/\\\/luxonomy.net\\\/es\\\/ralph-lauren-lanza-una-iniciativa-de-alquiler-de-ropa-por-suscripcion\\\/#article\",\"isPartOf\":{\"@id\":\"https:\\\/\\\/luxonomy.net\\\/es\\\/ralph-lauren-lanza-una-iniciativa-de-alquiler-de-ropa-por-suscripcion\\\/\"},\"author\":{\"name\":\"Pablo Rodriguez de Aguilar\",\"@id\":\"https:\\\/\\\/luxonomy.net\\\/es\\\/#\\\/schema\\\/person\\\/fc021969ca4a106d7ea9a64800b05fa7\"},\"headline\":\"Ralph Lauren lanza una iniciativa de alquiler de ropa por suscripci\u00f3n\",\"datePublished\":\"2021-03-11T11:19:09+00:00\",\"mainEntityOfPage\":{\"@id\":\"https:\\\/\\\/luxonomy.net\\\/es\\\/ralph-lauren-lanza-una-iniciativa-de-alquiler-de-ropa-por-suscripcion\\\/\"},\"wordCount\":177,\"commentCount\":0,\"publisher\":{\"@id\":\"https:\\\/\\\/luxonomy.net\\\/es\\\/#organization\"},\"image\":{\"@id\":\"https:\\\/\\\/luxonomy.net\\\/es\\\/ralph-lauren-lanza-una-iniciativa-de-alquiler-de-ropa-por-suscripcion\\\/#primaryimage\"},\"thumbnailUrl\":\"https:\\\/\\\/i0.wp.com\\\/luxonomy.net\\\/wp-content\\\/uploads\\\/2021\\\/03\\\/Captura-de-pantalla-2021-03-11-a-las-12.06.32.png?fit=1440%2C900&ssl=1\",\"keywords\":[\"Ecolujo\",\"ecoluxury\",\"Ralph Lauren\"],\"articleSection\":[\"Sostenibilidad\"],\"inLanguage\":\"es\",\"potentialAction\":[{\"@type\":\"CommentAction\",\"name\":\"Comment\",\"target\":[\"https:\\\/\\\/luxonomy.net\\\/es\\\/ralph-lauren-lanza-una-iniciativa-de-alquiler-de-ropa-por-suscripcion\\\/#respond\"]}]},{\"@type\":\"WebPage\",\"@id\":\"https:\\\/\\\/luxonomy.net\\\/es\\\/ralph-lauren-lanza-una-iniciativa-de-alquiler-de-ropa-por-suscripcion\\\/\",\"url\":\"https:\\\/\\\/luxonomy.net\\\/es\\\/ralph-lauren-lanza-una-iniciativa-de-alquiler-de-ropa-por-suscripcion\\\/\",\"name\":\"Ralph Lauren lanza una iniciativa de alquiler de ropa por suscripci\u00f3n | LUXONOMY\",\"isPartOf\":{\"@id\":\"https:\\\/\\\/luxonomy.net\\\/es\\\/#website\"},\"primaryImageOfPage\":{\"@id\":\"https:\\\/\\\/luxonomy.net\\\/es\\\/ralph-lauren-lanza-una-iniciativa-de-alquiler-de-ropa-por-suscripcion\\\/#primaryimage\"},\"image\":{\"@id\":\"https:\\\/\\\/luxonomy.net\\\/es\\\/ralph-lauren-lanza-una-iniciativa-de-alquiler-de-ropa-por-suscripcion\\\/#primaryimage\"},\"thumbnailUrl\":\"https:\\\/\\\/i0.wp.com\\\/luxonomy.net\\\/wp-content\\\/uploads\\\/2021\\\/03\\\/Captura-de-pantalla-2021-03-11-a-las-12.06.32.png?fit=1440%2C900&ssl=1\",\"datePublished\":\"2021-03-11T11:19:09+00:00\",\"breadcrumb\":{\"@id\":\"https:\\\/\\\/luxonomy.net\\\/es\\\/ralph-lauren-lanza-una-iniciativa-de-alquiler-de-ropa-por-suscripcion\\\/#breadcrumb\"},\"inLanguage\":\"es\",\"potentialAction\":[{\"@type\":\"ReadAction\",\"target\":[\"https:\\\/\\\/luxonomy.net\\\/es\\\/ralph-lauren-lanza-una-iniciativa-de-alquiler-de-ropa-por-suscripcion\\\/\"]}]},{\"@type\":\"ImageObject\",\"inLanguage\":\"es\",\"@id\":\"https:\\\/\\\/luxonomy.net\\\/es\\\/ralph-lauren-lanza-una-iniciativa-de-alquiler-de-ropa-por-suscripcion\\\/#primaryimage\",\"url\":\"https:\\\/\\\/i0.wp.com\\\/luxonomy.net\\\/wp-content\\\/uploads\\\/2021\\\/03\\\/Captura-de-pantalla-2021-03-11-a-las-12.06.32.png?fit=1440%2C900&ssl=1\",\"contentUrl\":\"https:\\\/\\\/i0.wp.com\\\/luxonomy.net\\\/wp-content\\\/uploads\\\/2021\\\/03\\\/Captura-de-pantalla-2021-03-11-a-las-12.06.32.png?fit=1440%2C900&ssl=1\",\"width\":1440,\"height\":900},{\"@type\":\"BreadcrumbList\",\"@id\":\"https:\\\/\\\/luxonomy.net\\\/es\\\/ralph-lauren-lanza-una-iniciativa-de-alquiler-de-ropa-por-suscripcion\\\/#breadcrumb\",\"itemListElement\":[{\"@type\":\"ListItem\",\"position\":1,\"name\":\"Portada\",\"item\":\"https:\\\/\\\/luxonomy.net\\\/es\\\/\"},{\"@type\":\"ListItem\",\"position\":2,\"name\":\"Ralph Lauren lanza una iniciativa de alquiler de ropa por suscripci\u00f3n\"}]},{\"@type\":\"WebSite\",\"@id\":\"https:\\\/\\\/luxonomy.net\\\/es\\\/#website\",\"url\":\"https:\\\/\\\/luxonomy.net\\\/es\\\/\",\"name\":\"LUXONOMY\",\"description\":\"The Economy of Fashion &amp; Luxury\",\"publisher\":{\"@id\":\"https:\\\/\\\/luxonomy.net\\\/es\\\/#organization\"},\"potentialAction\":[{\"@type\":\"SearchAction\",\"target\":{\"@type\":\"EntryPoint\",\"urlTemplate\":\"https:\\\/\\\/luxonomy.net\\\/es\\\/?s={search_term_string}\"},\"query-input\":{\"@type\":\"PropertyValueSpecification\",\"valueRequired\":true,\"valueName\":\"search_term_string\"}}],\"inLanguage\":\"es\"},{\"@type\":\"Organization\",\"@id\":\"https:\\\/\\\/luxonomy.net\\\/es\\\/#organization\",\"name\":\"LUXONOMY\",\"url\":\"https:\\\/\\\/luxonomy.net\\\/es\\\/\",\"logo\":{\"@type\":\"ImageObject\",\"inLanguage\":\"es\",\"@id\":\"https:\\\/\\\/luxonomy.net\\\/es\\\/#\\\/schema\\\/logo\\\/image\\\/\",\"url\":\"https:\\\/\\\/i2.wp.com\\\/luxonomy.net\\\/wp-content\\\/uploads\\\/2021\\\/09\\\/MOCKUP-TODOS-LUXONOMY.jpg?fit=1000%2C515&ssl=1\",\"contentUrl\":\"https:\\\/\\\/i2.wp.com\\\/luxonomy.net\\\/wp-content\\\/uploads\\\/2021\\\/09\\\/MOCKUP-TODOS-LUXONOMY.jpg?fit=1000%2C515&ssl=1\",\"width\":1000,\"height\":515,\"caption\":\"LUXONOMY\"},\"image\":{\"@id\":\"https:\\\/\\\/luxonomy.net\\\/es\\\/#\\\/schema\\\/logo\\\/image\\\/\"},\"sameAs\":[\"https:\\\/\\\/www.facebook.com\\\/luxonomy\",\"https:\\\/\\\/www.instagram.com\\\/luxonomy\\\/\",\"https:\\\/\\\/www.linkedin.com\\\/company\\\/luxonomy\\\/\"]},{\"@type\":\"Person\",\"@id\":\"https:\\\/\\\/luxonomy.net\\\/es\\\/#\\\/schema\\\/person\\\/fc021969ca4a106d7ea9a64800b05fa7\",\"name\":\"Pablo Rodriguez de Aguilar\",\"image\":{\"@type\":\"ImageObject\",\"inLanguage\":\"es\",\"@id\":\"https:\\\/\\\/luxonomy.net\\\/wp-content\\\/litespeed\\\/avatar\\\/d4cf5f3956bcabe0ce8ae95e4c6604f9.jpg?ver=1788140676\",\"url\":\"https:\\\/\\\/luxonomy.net\\\/wp-content\\\/litespeed\\\/avatar\\\/d4cf5f3956bcabe0ce8ae95e4c6604f9.jpg?ver=1788140676\",\"contentUrl\":\"https:\\\/\\\/luxonomy.net\\\/wp-content\\\/litespeed\\\/avatar\\\/d4cf5f3956bcabe0ce8ae95e4c6604f9.jpg?ver=1788140676\",\"caption\":\"Pablo Rodriguez de Aguilar\"},\"description\":\"Regional Sales Manager at LUXONOMY\u2122 Group America\",\"sameAs\":[\"mailto:info@salondellujo.com\"],\"url\":\"https:\\\/\\\/luxonomy.net\\\/es\\\/author\\\/pablo-rodriguez-de-aguilar\\\/\"}]}<\/script>\n<!-- \/ Yoast SEO plugin. -->","yoast_head_json":{"title":"Ralph Lauren lanza una iniciativa de alquiler de ropa por suscripci\u00f3n | LUXONOMY","robots":{"index":"index","follow":"follow","max-snippet":"max-snippet:-1","max-image-preview":"max-image-preview:large","max-video-preview":"max-video-preview:-1"},"canonical":"https:\/\/luxonomy.net\/es\/ralph-lauren-lanza-una-iniciativa-de-alquiler-de-ropa-por-suscripcion\/","og_locale":"es_ES","og_type":"article","og_title":"Ralph Lauren lanza una iniciativa de alquiler de ropa por suscripci\u00f3n | LUXONOMY","og_description":"El ic\u00f3nico grupo de moda estadounidense Ralph Lauren busca aprovechar el cambio en el comportamiento del consumidor con el lanzamiento de The Lauren Look, la primera iniciativa de alquiler de ropa por suscripci\u00f3n de la compa\u00f1\u00eda. A partir de 125 d\u00f3lares al mes, los suscriptores pueden acceder a una gama en constante cambio de ropa&hellip;","og_url":"https:\/\/luxonomy.net\/es\/ralph-lauren-lanza-una-iniciativa-de-alquiler-de-ropa-por-suscripcion\/","og_site_name":"LUXONOMY","article_publisher":"https:\/\/www.facebook.com\/luxonomy","article_published_time":"2021-03-11T11:19:09+00:00","og_image":[{"width":1440,"height":900,"url":"https:\/\/i0.wp.com\/luxonomy.net\/wp-content\/uploads\/2021\/03\/Captura-de-pantalla-2021-03-11-a-las-12.06.32.png?fit=1440%2C900&quality=80&ssl=1","type":"image\/png"}],"author":"Pablo Rodriguez de Aguilar","twitter_card":"summary_large_image","twitter_misc":{"Escrito por":"Pablo Rodriguez de Aguilar","Tiempo de lectura":"1 minuto"},"schema":{"@context":"https:\/\/schema.org","@graph":[{"@type":"Article","@id":"https:\/\/luxonomy.net\/es\/ralph-lauren-lanza-una-iniciativa-de-alquiler-de-ropa-por-suscripcion\/#article","isPartOf":{"@id":"https:\/\/luxonomy.net\/es\/ralph-lauren-lanza-una-iniciativa-de-alquiler-de-ropa-por-suscripcion\/"},"author":{"name":"Pablo Rodriguez de Aguilar","@id":"https:\/\/luxonomy.net\/es\/#\/schema\/person\/fc021969ca4a106d7ea9a64800b05fa7"},"headline":"Ralph Lauren lanza una iniciativa de alquiler de ropa por suscripci\u00f3n","datePublished":"2021-03-11T11:19:09+00:00","mainEntityOfPage":{"@id":"https:\/\/luxonomy.net\/es\/ralph-lauren-lanza-una-iniciativa-de-alquiler-de-ropa-por-suscripcion\/"},"wordCount":177,"commentCount":0,"publisher":{"@id":"https:\/\/luxonomy.net\/es\/#organization"},"image":{"@id":"https:\/\/luxonomy.net\/es\/ralph-lauren-lanza-una-iniciativa-de-alquiler-de-ropa-por-suscripcion\/#primaryimage"},"thumbnailUrl":"https:\/\/i0.wp.com\/luxonomy.net\/wp-content\/uploads\/2021\/03\/Captura-de-pantalla-2021-03-11-a-las-12.06.32.png?fit=1440%2C900&ssl=1","keywords":["Ecolujo","ecoluxury","Ralph Lauren"],"articleSection":["Sostenibilidad"],"inLanguage":"es","potentialAction":[{"@type":"CommentAction","name":"Comment","target":["https:\/\/luxonomy.net\/es\/ralph-lauren-lanza-una-iniciativa-de-alquiler-de-ropa-por-suscripcion\/#respond"]}]},{"@type":"WebPage","@id":"https:\/\/luxonomy.net\/es\/ralph-lauren-lanza-una-iniciativa-de-alquiler-de-ropa-por-suscripcion\/","url":"https:\/\/luxonomy.net\/es\/ralph-lauren-lanza-una-iniciativa-de-alquiler-de-ropa-por-suscripcion\/","name":"Ralph Lauren lanza una iniciativa de alquiler de ropa por suscripci\u00f3n | LUXONOMY","isPartOf":{"@id":"https:\/\/luxonomy.net\/es\/#website"},"primaryImageOfPage":{"@id":"https:\/\/luxonomy.net\/es\/ralph-lauren-lanza-una-iniciativa-de-alquiler-de-ropa-por-suscripcion\/#primaryimage"},"image":{"@id":"https:\/\/luxonomy.net\/es\/ralph-lauren-lanza-una-iniciativa-de-alquiler-de-ropa-por-suscripcion\/#primaryimage"},"thumbnailUrl":"https:\/\/i0.wp.com\/luxonomy.net\/wp-content\/uploads\/2021\/03\/Captura-de-pantalla-2021-03-11-a-las-12.06.32.png?fit=1440%2C900&ssl=1","datePublished":"2021-03-11T11:19:09+00:00","breadcrumb":{"@id":"https:\/\/luxonomy.net\/es\/ralph-lauren-lanza-una-iniciativa-de-alquiler-de-ropa-por-suscripcion\/#breadcrumb"},"inLanguage":"es","potentialAction":[{"@type":"ReadAction","target":["https:\/\/luxonomy.net\/es\/ralph-lauren-lanza-una-iniciativa-de-alquiler-de-ropa-por-suscripcion\/"]}]},{"@type":"ImageObject","inLanguage":"es","@id":"https:\/\/luxonomy.net\/es\/ralph-lauren-lanza-una-iniciativa-de-alquiler-de-ropa-por-suscripcion\/#primaryimage","url":"https:\/\/i0.wp.com\/luxonomy.net\/wp-content\/uploads\/2021\/03\/Captura-de-pantalla-2021-03-11-a-las-12.06.32.png?fit=1440%2C900&ssl=1","contentUrl":"https:\/\/i0.wp.com\/luxonomy.net\/wp-content\/uploads\/2021\/03\/Captura-de-pantalla-2021-03-11-a-las-12.06.32.png?fit=1440%2C900&ssl=1","width":1440,"height":900},{"@type":"BreadcrumbList","@id":"https:\/\/luxonomy.net\/es\/ralph-lauren-lanza-una-iniciativa-de-alquiler-de-ropa-por-suscripcion\/#breadcrumb","itemListElement":[{"@type":"ListItem","position":1,"name":"Portada","item":"https:\/\/luxonomy.net\/es\/"},{"@type":"ListItem","position":2,"name":"Ralph Lauren lanza una iniciativa de alquiler de ropa por suscripci\u00f3n"}]},{"@type":"WebSite","@id":"https:\/\/luxonomy.net\/es\/#website","url":"https:\/\/luxonomy.net\/es\/","name":"LUXONOMY","description":"The Economy of Fashion &amp; Luxury","publisher":{"@id":"https:\/\/luxonomy.net\/es\/#organization"},"potentialAction":[{"@type":"SearchAction","target":{"@type":"EntryPoint","urlTemplate":"https:\/\/luxonomy.net\/es\/?s={search_term_string}"},"query-input":{"@type":"PropertyValueSpecification","valueRequired":true,"valueName":"search_term_string"}}],"inLanguage":"es"},{"@type":"Organization","@id":"https:\/\/luxonomy.net\/es\/#organization","name":"LUXONOMY","url":"https:\/\/luxonomy.net\/es\/","logo":{"@type":"ImageObject","inLanguage":"es","@id":"https:\/\/luxonomy.net\/es\/#\/schema\/logo\/image\/","url":"https:\/\/i2.wp.com\/luxonomy.net\/wp-content\/uploads\/2021\/09\/MOCKUP-TODOS-LUXONOMY.jpg?fit=1000%2C515&ssl=1","contentUrl":"https:\/\/i2.wp.com\/luxonomy.net\/wp-content\/uploads\/2021\/09\/MOCKUP-TODOS-LUXONOMY.jpg?fit=1000%2C515&ssl=1","width":1000,"height":515,"caption":"LUXONOMY"},"image":{"@id":"https:\/\/luxonomy.net\/es\/#\/schema\/logo\/image\/"},"sameAs":["https:\/\/www.facebook.com\/luxonomy","https:\/\/www.instagram.com\/luxonomy\/","https:\/\/www.linkedin.com\/company\/luxonomy\/"]},{"@type":"Person","@id":"https:\/\/luxonomy.net\/es\/#\/schema\/person\/fc021969ca4a106d7ea9a64800b05fa7","name":"Pablo Rodriguez de Aguilar","image":{"@type":"ImageObject","inLanguage":"es","@id":"https:\/\/luxonomy.net\/wp-content\/litespeed\/avatar\/d4cf5f3956bcabe0ce8ae95e4c6604f9.jpg?ver=1788140676","url":"https:\/\/luxonomy.net\/wp-content\/litespeed\/avatar\/d4cf5f3956bcabe0ce8ae95e4c6604f9.jpg?ver=1788140676","contentUrl":"https:\/\/luxonomy.net\/wp-content\/litespeed\/avatar\/d4cf5f3956bcabe0ce8ae95e4c6604f9.jpg?ver=1788140676","caption":"Pablo Rodriguez de Aguilar"},"description":"Regional Sales Manager at LUXONOMY\u2122 Group America","sameAs":["mailto:info@salondellujo.com"],"url":"https:\/\/luxonomy.net\/es\/author\/pablo-rodriguez-de-aguilar\/"}]}},"jetpack_publicize_connections":[],"jetpack_shortlink":"https:\/\/wp.me\/paPhBa-3rq","jetpack_sharing_enabled":true,"jetpack_featured_media_url":"https:\/\/i0.wp.com\/luxonomy.net\/wp-content\/uploads\/2021\/03\/Captura-de-pantalla-2021-03-11-a-las-12.06.32.png?fit=1440%2C900&ssl=1","_links":{"self":[{"href":"https:\/\/luxonomy.net\/es\/wp-json\/wp\/v2\/posts\/13232","targetHints":{"allow":["GET"]}}],"collection":[{"href":"https:\/\/luxonomy.net\/es\/wp-json\/wp\/v2\/posts"}],"about":[{"href":"https:\/\/luxonomy.net\/es\/wp-json\/wp\/v2\/types\/post"}],"author":[{"embeddable":true,"href":"https:\/\/luxonomy.net\/es\/wp-json\/wp\/v2\/users\/14"}],"replies":[{"embeddable":true,"href":"https:\/\/luxonomy.net\/es\/wp-json\/wp\/v2\/comments?post=13232"}],"version-history":[{"count":4,"href":"https:\/\/luxonomy.net\/es\/wp-json\/wp\/v2\/posts\/13232\/revisions"}],"predecessor-version":[{"id":13234,"href":"https:\/\/luxonomy.net\/es\/wp-json\/wp\/v2\/posts\/13232\/revisions\/13234"}],"wp:featuredmedia":[{"embeddable":true,"href":"https:\/\/luxonomy.net\/es\/wp-json\/wp\/v2\/media\/13236"}],"wp:attachment":[{"href":"https:\/\/luxonomy.net\/es\/wp-json\/wp\/v2\/media?parent=13232"}],"wp:term":[{"taxonomy":"category","embeddable":true,"href":"https:\/\/luxonomy.net\/es\/wp-json\/wp\/v2\/categories?post=13232"},{"taxonomy":"post_tag","embeddable":true,"href":"https:\/\/luxonomy.net\/es\/wp-json\/wp\/v2\/tags?post=13232"},{"taxonomy":"thb-sponsors","embeddable":true,"href":"https:\/\/luxonomy.net\/es\/wp-json\/wp\/v2\/thb-sponsors?post=13232"}],"curies":[{"name":"wp","href":"https:\/\/api.w.org\/{rel}","templated":true}]}}