{"id":13164,"date":"2021-03-05T15:03:13","date_gmt":"2021-03-05T14:03:13","guid":{"rendered":"https:\/?p=13164"},"modified":"2021-03-05T15:03:13","modified_gmt":"2021-03-05T14:03:13","slug":"estrellas-de-hollywood-que-se-conectaran-a-los-goya-este-sabado","status":"publish","type":"post","link":"https:\/\/luxonomy.net\/es\/estrellas-de-hollywood-que-se-conectaran-a-los-goya-este-sabado\/","title":{"rendered":"Estrellas de Hollywood que se conectar\u00e1n a los Goya este s\u00e1bado"},"content":{"rendered":"<p>En una edici\u00f3n deslucida por la falta presencial, <strong>Robert de Niro,\u00a0Al Pacino,\u00a0Dustin Hoffman,\u00a0Helen Mirren,\u00a0Charlize Theron,\u00a0Isabelle Huppert,\u00a0Monica Bellucci,\u00a0Salma Hayek,\u00a0Sylvester Stallone,\u00a0Emma Thompson,\u00a0Benicio del Toro,\u00a0Ricardo Dar\u00edn\u00a0y\u00a0Laura Dern<\/strong> son algunos de los m\u00e1s de 30 nombres que saludar\u00e1n a la audiencia de la gala y lanzar\u00e1n mensajes de apoyo a la cinematograf\u00eda espa\u00f1ola desde localizaciones de todo el mundo, todo ello fruto de los contactos y el buen hacer del <strong>anfitri\u00f3n, Antonio Banderas<\/strong>.<\/p>\n<p>Desde el <strong>Teatro Soho Caixabank de M\u00e1laga<\/strong> que gestiona el actor, ser\u00e1 una Gala presentada por \u00e9l mismo y <strong>Mar\u00eda Casado. <\/strong>Los Goya cumplen <strong>35 a\u00f1os<\/strong> y con la pandemia no puede celebrarse una fiesta similar a las anteriores. Los <strong>166 nominados<\/strong> se <strong>conectar\u00e1n a trav\u00e9s del ordenador<\/strong> desde sus casas o en los hoteles donde se reunir\u00e1n algunos de los equipos de las pel\u00edculas.<\/p>\n<figure id=\"attachment_13170\" aria-describedby=\"caption-attachment-13170\" style=\"width: 620px\" class=\"wp-caption aligncenter\"><img data-recalc-dims=\"1\" loading=\"lazy\" decoding=\"async\" data-attachment-id=\"13170\" data-permalink=\"https:\/\/luxonomy.net\/es\/estrellas-de-hollywood-que-se-conectaran-a-los-goya-este-sabado\/banderas-casado\/\" data-orig-file=\"https:\/\/i0.wp.com\/luxonomy.net\/wp-content\/uploads\/2021\/03\/banderas-casado.jpg?fit=620%2C478&amp;ssl=1\" data-orig-size=\"620,478\" data-comments-opened=\"1\" data-image-title=\"banderas-casado\" data-image-description=\"&lt;p&gt;Antonio Banderas y Mar\u00eda Casado dirigir\u00e1n y presentar\u00e1n los 35 Premios Goya&lt;\/p&gt;\n\" data-image-caption=\"&lt;p&gt;Antonio Banderas y Mar\u00eda Casado dirigir\u00e1n y presentar\u00e1n los 35 Premios Goya&lt;\/p&gt;\n\" data-large-file=\"https:\/\/i0.wp.com\/luxonomy.net\/wp-content\/uploads\/2021\/03\/banderas-casado.jpg?fit=620%2C478&amp;ssl=1\" class=\"size-full wp-image-13170\" src=\"https:\/\/i0.wp.com\/luxonomy.net\/wp-content\/uploads\/2021\/03\/banderas-casado.jpg?resize=620%2C478\" alt=\"\" width=\"620\" height=\"478\" srcset=\"https:\/\/i0.wp.com\/luxonomy.net\/wp-content\/uploads\/2021\/03\/banderas-casado.jpg?w=620&amp;ssl=1 620w, https:\/\/i0.wp.com\/luxonomy.net\/wp-content\/uploads\/2021\/03\/banderas-casado.jpg?resize=300%2C231&amp;ssl=1 300w, https:\/\/i0.wp.com\/luxonomy.net\/wp-content\/uploads\/2021\/03\/banderas-casado.jpg?resize=370%2C285&amp;ssl=1 370w, https:\/\/i0.wp.com\/luxonomy.net\/wp-content\/uploads\/2021\/03\/banderas-casado.jpg?resize=20%2C15&amp;ssl=1 20w, https:\/\/i0.wp.com\/luxonomy.net\/wp-content\/uploads\/2021\/03\/banderas-casado.jpg?resize=185%2C143&amp;ssl=1 185w, https:\/\/i0.wp.com\/luxonomy.net\/wp-content\/uploads\/2021\/03\/banderas-casado.jpg?resize=400%2C308&amp;ssl=1 400w, https:\/\/i0.wp.com\/luxonomy.net\/wp-content\/uploads\/2021\/03\/banderas-casado.jpg?resize=600%2C463&amp;ssl=1 600w, https:\/\/i0.wp.com\/luxonomy.net\/wp-content\/uploads\/2021\/03\/banderas-casado.jpg?resize=62%2C48&amp;ssl=1 62w\" sizes=\"auto, (max-width: 620px) 100vw, 620px\" \/><figcaption id=\"caption-attachment-13170\" class=\"wp-caption-text\">Antonio Banderas y Mar\u00eda Casado dirigir\u00e1n y presentar\u00e1n los 35 Premios Goya<\/figcaption><\/figure>\n<p>S\u00ed estar\u00e1 presente <strong>\u00c1ngela Molina<\/strong>, que recibir\u00e1 el Goya de Honor, y una nutrida representaci\u00f3n del cine espa\u00f1ol que presentar\u00e1 a los candidatos y abrir\u00e1 los sobres para conocer cada galard\u00f3n: <strong>Pedro Almod\u00f3var,\u00a0Pen\u00e9lope Cruz,\u00a0Alejandro Amen\u00e1bar,\u00a0Juan Antonio Bayona,\u00a0Paz Vega,\u00a0Bel\u00e9n Cuesta,\u00a0Antonio de la Torre,\u00a0Mar\u00eda Barranco, Najwa Nimri, Leonardo Sbaraglia, Carlos Areces,\u00a0Juli\u00e1n L\u00f3pez,\u00a0Adri\u00e1n Lastra,\u00a0Hiba Abouk,\u00a0Marta Etura,\u00a0Maggie Civantos,\u00a0Natalia Verbeke,\u00a0Trist\u00e1n Ulloa,\u00a0Daniela Santiago,\u00a0Jon Kortajarena,\u00a0Marta Nieto,\u00a0Antonio Vel\u00e1zquez,\u00a0M\u00f3nica Randall,\u00a0Ver\u00f3nica Forqu\u00e9,\u00a0Elena Irureta,\u00a0Pedro Casablanc,\u00a0Jaime Ch\u00e1varri,\u00a0Emma Su\u00e1rez,\u00a0Marisa Paredes,\u00a0Roberto \u00c1lamo,\u00a0Jose Coronado,\u00a0Chus Guti\u00e9rrez\u00a0y\u00a0Gracia Querejeta.<\/strong><\/p><div id=\"luxon-2908513273\" class=\"luxon-3er-parrafo luxon-entity-placement\" style=\"margin-top: 20px;margin-bottom: 20px;margin-left: auto;margin-right: auto;text-align: center;\"><a href=\"https:\/\/luxonomy.university\/course\/master-turismo-de-lujo\" target=\"_blank\" aria-label=\"master-turismo-lujo-2026-2027\"><img loading=\"lazy\" decoding=\"async\" src=\"https:\/\/i0.wp.com\/luxonomy.net\/wp-content\/uploads\/2020\/07\/master-turismo-lujo-2026-2027.jpg?fit=1672%2C941&#038;ssl=1\" alt=\"\"  srcset=\"https:\/\/i0.wp.com\/luxonomy.net\/wp-content\/uploads\/2020\/07\/master-turismo-lujo-2026-2027.jpg?w=1672&ssl=1 1672w, https:\/\/i0.wp.com\/luxonomy.net\/wp-content\/uploads\/2020\/07\/master-turismo-lujo-2026-2027.jpg?resize=300%2C169&ssl=1 300w, https:\/\/i0.wp.com\/luxonomy.net\/wp-content\/uploads\/2020\/07\/master-turismo-lujo-2026-2027.jpg?resize=1024%2C576&ssl=1 1024w, https:\/\/i0.wp.com\/luxonomy.net\/wp-content\/uploads\/2020\/07\/master-turismo-lujo-2026-2027.jpg?resize=768%2C432&ssl=1 768w, https:\/\/i0.wp.com\/luxonomy.net\/wp-content\/uploads\/2020\/07\/master-turismo-lujo-2026-2027.jpg?resize=1536%2C864&ssl=1 1536w, https:\/\/i0.wp.com\/luxonomy.net\/wp-content\/uploads\/2020\/07\/master-turismo-lujo-2026-2027.jpg?resize=370%2C208&ssl=1 370w, https:\/\/i0.wp.com\/luxonomy.net\/wp-content\/uploads\/2020\/07\/master-turismo-lujo-2026-2027.jpg?resize=800%2C450&ssl=1 800w, https:\/\/i0.wp.com\/luxonomy.net\/wp-content\/uploads\/2020\/07\/master-turismo-lujo-2026-2027.jpg?resize=20%2C11&ssl=1 20w, https:\/\/i0.wp.com\/luxonomy.net\/wp-content\/uploads\/2020\/07\/master-turismo-lujo-2026-2027.jpg?resize=740%2C416&ssl=1 740w, https:\/\/i0.wp.com\/luxonomy.net\/wp-content\/uploads\/2020\/07\/master-turismo-lujo-2026-2027.jpg?resize=1600%2C900&ssl=1 1600w, https:\/\/i0.wp.com\/luxonomy.net\/wp-content\/uploads\/2020\/07\/master-turismo-lujo-2026-2027.jpg?resize=1200%2C675&ssl=1 1200w, https:\/\/i0.wp.com\/luxonomy.net\/wp-content\/uploads\/2020\/07\/master-turismo-lujo-2026-2027.jpg?resize=85%2C48&ssl=1 85w\" sizes=\"(max-width: 1170px) 100vw, 1170px\" class=\"no-lazyload\" width=\"1672\" height=\"941\"   \/><\/a><\/div>\n<p>La Sinf\u00f3nica de la ciudad andaluza, junto al maestro\u00a0Arturo D\u00edez Boscovich, pondr\u00e1 la nota musical a una ceremonia en la que se escuchar\u00e1n bandas sonoras de\u00a0Ennio Morricone\u00a0y actuar\u00e1n\u00a0la argentina\u00a0<strong>Nathy Peluso,<\/strong>\u00a0la malague\u00f1a\u00a0<strong>Vanesa Mart\u00edn<\/strong>\u00a0y la catalana\u00a0<strong>Aitana.<\/strong>\u00a0En el homenaje a\u00a0Luis Garc\u00eda Berlanga\u00a0en el centenario de su nacimiento participar\u00e1n la cantante\u00a0<strong>Diana Navarro\u00a0<\/strong>y el humorista, actor e imitador<strong>\u00a0Carlos Latre<\/strong>\u00a0que, caracterizado de\u00a0Pepe Isbert, recordar\u00e1 al maestro valenciano.<\/p>\n<p>La gala\u00a0<strong>arrancar\u00e1 a las 22 horas\u00a0<\/strong>(retransmitida por TVE-1).<\/p>\n<p><strong>M\u00e1s informaci\u00f3n: <a href=\"https:\/\/www.premiosgoya.com\/35-edicion\/\" target=\"_blank\" rel=\"noopener\">https:\/\/www.premiosgoya.com\/35-edicion\/<\/a><\/strong><\/p>\n","protected":false},"excerpt":{"rendered":"<p>En una edici\u00f3n deslucida por la falta presencial, Robert de Niro,\u00a0Al Pacino,\u00a0Dustin Hoffman,\u00a0Helen Mirren,\u00a0Charlize Theron,\u00a0Isabelle Huppert,\u00a0Monica Bellucci,\u00a0Salma Hayek,\u00a0Sylvester Stallone,\u00a0Emma Thompson,\u00a0Benicio del Toro,\u00a0Ricardo Dar\u00edn\u00a0y\u00a0Laura Dern son algunos de los m\u00e1s de 30 nombres que saludar\u00e1n a la audiencia de la gala y lanzar\u00e1n mensajes de apoyo a la cinematograf\u00eda espa\u00f1ola desde localizaciones de todo el mundo,&hellip;<\/p>\n","protected":false},"author":11,"featured_media":13167,"comment_status":"open","ping_status":"open","sticky":false,"template":"","format":"standard","meta":{"_jetpack_newsletter_access":"","_jetpack_dont_email_post_to_subs":false,"_jetpack_newsletter_tier_id":0,"_jetpack_memberships_contains_paywalled_content":false,"_jetpack_feature_clip_id":0,"_jetpack_memberships_contains_paid_content":false,"footnotes":"","jetpack_publicize_message":"Estrellas de Hollywood que se conectar\u00e1n a los Goya este s\u00e1bado.\r\nRobert de Niro,\u00a0Al Pacino,\u00a0Dustin Hoffman,\u00a0Helen Mirren,\u00a0Charlize Theron,\u00a0Isabelle Huppert,\u00a0Monica Bellucci,\u00a0Salma Hayek,\u00a0Sylvester Stallone,\u00a0Emma Thompson,\u00a0Benicio del Toro... ser\u00e1n algunas de las estrellas que se asomar\u00e1n al escaparate de la 35 edici\u00f3n de los Goya en M\u00e1laga.\r\n#luxonomy #Goya #Goya35","jetpack_publicize_feature_enabled":true,"jetpack_social_post_already_shared":true,"jetpack_social_options":{"image_generator_settings":{"template":"edge","default_image_id":0,"font":"","enabled":false},"version":2},"jetpack_post_was_ever_published":false},"categories":[505],"tags":[635,361],"thb-sponsors":[],"class_list":["post-13164","post","type-post","status-publish","format-standard","has-post-thumbnail","hentry","category-sin-categorizar","tag-actualidad","tag-malaga"],"yoast_head":"<!-- This site is optimized with the Yoast SEO plugin v28.4 - https:\/\/yoast.com\/product\/yoast-seo-wordpress\/ -->\n<title>Estrellas de Hollywood que se conectar\u00e1n a los Goya este s\u00e1bado | LUXONOMY<\/title>\n<meta name=\"robots\" content=\"index, follow, max-snippet:-1, max-image-preview:large, max-video-preview:-1\" \/>\n<link rel=\"canonical\" href=\"https:\/\/luxonomy.net\/es\/estrellas-de-hollywood-que-se-conectaran-a-los-goya-este-sabado\/\" \/>\n<meta property=\"og:locale\" content=\"es_ES\" \/>\n<meta property=\"og:type\" content=\"article\" \/>\n<meta property=\"og:title\" content=\"Estrellas de Hollywood que se conectar\u00e1n a los Goya este s\u00e1bado | LUXONOMY\" \/>\n<meta property=\"og:description\" content=\"En una edici\u00f3n deslucida por la falta presencial, Robert de Niro,\u00a0Al Pacino,\u00a0Dustin Hoffman,\u00a0Helen Mirren,\u00a0Charlize Theron,\u00a0Isabelle Huppert,\u00a0Monica Bellucci,\u00a0Salma Hayek,\u00a0Sylvester Stallone,\u00a0Emma Thompson,\u00a0Benicio del Toro,\u00a0Ricardo Dar\u00edn\u00a0y\u00a0Laura Dern son algunos de los m\u00e1s de 30 nombres que saludar\u00e1n a la audiencia de la gala y lanzar\u00e1n mensajes de apoyo a la cinematograf\u00eda espa\u00f1ola desde localizaciones de todo el mundo,&hellip;\" \/>\n<meta property=\"og:url\" content=\"https:\/\/luxonomy.net\/es\/estrellas-de-hollywood-que-se-conectaran-a-los-goya-este-sabado\/\" \/>\n<meta property=\"og:site_name\" content=\"LUXONOMY\" \/>\n<meta property=\"article:publisher\" content=\"https:\/\/www.facebook.com\/luxonomy\" \/>\n<meta property=\"article:published_time\" content=\"2021-03-05T14:03:13+00:00\" \/>\n<meta property=\"og:image\" content=\"https:\/\/i0.wp.com\/luxonomy.net\/wp-content\/uploads\/2021\/03\/combo-de-niro-theron.jpg?fit=624%2C385&quality=89&ssl=1\" \/>\n\t<meta property=\"og:image:width\" content=\"624\" \/>\n\t<meta property=\"og:image:height\" content=\"385\" \/>\n\t<meta property=\"og:image:type\" content=\"image\/jpeg\" \/>\n<meta name=\"author\" content=\"Kristi Ellis\" \/>\n<meta name=\"twitter:card\" content=\"summary_large_image\" \/>\n<meta name=\"twitter:label1\" content=\"Escrito por\" \/>\n\t<meta name=\"twitter:data1\" content=\"Kristi Ellis\" \/>\n\t<meta name=\"twitter:label2\" content=\"Tiempo de lectura\" \/>\n\t<meta name=\"twitter:data2\" content=\"2 minutos\" \/>\n<script type=\"application\/ld+json\" class=\"yoast-schema-graph\">{\"@context\":\"https:\\\/\\\/schema.org\",\"@graph\":[{\"@type\":\"Article\",\"@id\":\"https:\\\/\\\/luxonomy.net\\\/es\\\/estrellas-de-hollywood-que-se-conectaran-a-los-goya-este-sabado\\\/#article\",\"isPartOf\":{\"@id\":\"https:\\\/\\\/luxonomy.net\\\/es\\\/estrellas-de-hollywood-que-se-conectaran-a-los-goya-este-sabado\\\/\"},\"author\":{\"name\":\"Kristi Ellis\",\"@id\":\"https:\\\/\\\/luxonomy.net\\\/es\\\/#\\\/schema\\\/person\\\/1a813e5ec518f582af236d6344aa6c01\"},\"headline\":\"Estrellas de Hollywood que se conectar\u00e1n a los Goya este s\u00e1bado\",\"datePublished\":\"2021-03-05T14:03:13+00:00\",\"mainEntityOfPage\":{\"@id\":\"https:\\\/\\\/luxonomy.net\\\/es\\\/estrellas-de-hollywood-que-se-conectaran-a-los-goya-este-sabado\\\/\"},\"wordCount\":416,\"commentCount\":0,\"publisher\":{\"@id\":\"https:\\\/\\\/luxonomy.net\\\/es\\\/#organization\"},\"image\":{\"@id\":\"https:\\\/\\\/luxonomy.net\\\/es\\\/estrellas-de-hollywood-que-se-conectaran-a-los-goya-este-sabado\\\/#primaryimage\"},\"thumbnailUrl\":\"https:\\\/\\\/i0.wp.com\\\/luxonomy.net\\\/wp-content\\\/uploads\\\/2021\\\/03\\\/combo-de-niro-theron.jpg?fit=624%2C385&ssl=1\",\"keywords\":[\"actualidad\",\"M\u00e1laga\"],\"articleSection\":[\"Sin categorizar\"],\"inLanguage\":\"es\",\"potentialAction\":[{\"@type\":\"CommentAction\",\"name\":\"Comment\",\"target\":[\"https:\\\/\\\/luxonomy.net\\\/es\\\/estrellas-de-hollywood-que-se-conectaran-a-los-goya-este-sabado\\\/#respond\"]}]},{\"@type\":\"WebPage\",\"@id\":\"https:\\\/\\\/luxonomy.net\\\/es\\\/estrellas-de-hollywood-que-se-conectaran-a-los-goya-este-sabado\\\/\",\"url\":\"https:\\\/\\\/luxonomy.net\\\/es\\\/estrellas-de-hollywood-que-se-conectaran-a-los-goya-este-sabado\\\/\",\"name\":\"Estrellas de Hollywood que se conectar\u00e1n a los Goya este s\u00e1bado | LUXONOMY\",\"isPartOf\":{\"@id\":\"https:\\\/\\\/luxonomy.net\\\/es\\\/#website\"},\"primaryImageOfPage\":{\"@id\":\"https:\\\/\\\/luxonomy.net\\\/es\\\/estrellas-de-hollywood-que-se-conectaran-a-los-goya-este-sabado\\\/#primaryimage\"},\"image\":{\"@id\":\"https:\\\/\\\/luxonomy.net\\\/es\\\/estrellas-de-hollywood-que-se-conectaran-a-los-goya-este-sabado\\\/#primaryimage\"},\"thumbnailUrl\":\"https:\\\/\\\/i0.wp.com\\\/luxonomy.net\\\/wp-content\\\/uploads\\\/2021\\\/03\\\/combo-de-niro-theron.jpg?fit=624%2C385&ssl=1\",\"datePublished\":\"2021-03-05T14:03:13+00:00\",\"breadcrumb\":{\"@id\":\"https:\\\/\\\/luxonomy.net\\\/es\\\/estrellas-de-hollywood-que-se-conectaran-a-los-goya-este-sabado\\\/#breadcrumb\"},\"inLanguage\":\"es\",\"potentialAction\":[{\"@type\":\"ReadAction\",\"target\":[\"https:\\\/\\\/luxonomy.net\\\/es\\\/estrellas-de-hollywood-que-se-conectaran-a-los-goya-este-sabado\\\/\"]}]},{\"@type\":\"ImageObject\",\"inLanguage\":\"es\",\"@id\":\"https:\\\/\\\/luxonomy.net\\\/es\\\/estrellas-de-hollywood-que-se-conectaran-a-los-goya-este-sabado\\\/#primaryimage\",\"url\":\"https:\\\/\\\/i0.wp.com\\\/luxonomy.net\\\/wp-content\\\/uploads\\\/2021\\\/03\\\/combo-de-niro-theron.jpg?fit=624%2C385&ssl=1\",\"contentUrl\":\"https:\\\/\\\/i0.wp.com\\\/luxonomy.net\\\/wp-content\\\/uploads\\\/2021\\\/03\\\/combo-de-niro-theron.jpg?fit=624%2C385&ssl=1\",\"width\":624,\"height\":385},{\"@type\":\"BreadcrumbList\",\"@id\":\"https:\\\/\\\/luxonomy.net\\\/es\\\/estrellas-de-hollywood-que-se-conectaran-a-los-goya-este-sabado\\\/#breadcrumb\",\"itemListElement\":[{\"@type\":\"ListItem\",\"position\":1,\"name\":\"Portada\",\"item\":\"https:\\\/\\\/luxonomy.net\\\/es\\\/\"},{\"@type\":\"ListItem\",\"position\":2,\"name\":\"Estrellas de Hollywood que se conectar\u00e1n a los Goya este s\u00e1bado\"}]},{\"@type\":\"WebSite\",\"@id\":\"https:\\\/\\\/luxonomy.net\\\/es\\\/#website\",\"url\":\"https:\\\/\\\/luxonomy.net\\\/es\\\/\",\"name\":\"LUXONOMY\",\"description\":\"The Economy of Fashion &amp; Luxury\",\"publisher\":{\"@id\":\"https:\\\/\\\/luxonomy.net\\\/es\\\/#organization\"},\"potentialAction\":[{\"@type\":\"SearchAction\",\"target\":{\"@type\":\"EntryPoint\",\"urlTemplate\":\"https:\\\/\\\/luxonomy.net\\\/es\\\/?s={search_term_string}\"},\"query-input\":{\"@type\":\"PropertyValueSpecification\",\"valueRequired\":true,\"valueName\":\"search_term_string\"}}],\"inLanguage\":\"es\"},{\"@type\":\"Organization\",\"@id\":\"https:\\\/\\\/luxonomy.net\\\/es\\\/#organization\",\"name\":\"LUXONOMY\",\"url\":\"https:\\\/\\\/luxonomy.net\\\/es\\\/\",\"logo\":{\"@type\":\"ImageObject\",\"inLanguage\":\"es\",\"@id\":\"https:\\\/\\\/luxonomy.net\\\/es\\\/#\\\/schema\\\/logo\\\/image\\\/\",\"url\":\"https:\\\/\\\/i2.wp.com\\\/luxonomy.net\\\/wp-content\\\/uploads\\\/2021\\\/09\\\/MOCKUP-TODOS-LUXONOMY.jpg?fit=1000%2C515&ssl=1\",\"contentUrl\":\"https:\\\/\\\/i2.wp.com\\\/luxonomy.net\\\/wp-content\\\/uploads\\\/2021\\\/09\\\/MOCKUP-TODOS-LUXONOMY.jpg?fit=1000%2C515&ssl=1\",\"width\":1000,\"height\":515,\"caption\":\"LUXONOMY\"},\"image\":{\"@id\":\"https:\\\/\\\/luxonomy.net\\\/es\\\/#\\\/schema\\\/logo\\\/image\\\/\"},\"sameAs\":[\"https:\\\/\\\/www.facebook.com\\\/luxonomy\",\"https:\\\/\\\/www.instagram.com\\\/luxonomy\\\/\",\"https:\\\/\\\/www.linkedin.com\\\/company\\\/luxonomy\\\/\"]},{\"@type\":\"Person\",\"@id\":\"https:\\\/\\\/luxonomy.net\\\/es\\\/#\\\/schema\\\/person\\\/1a813e5ec518f582af236d6344aa6c01\",\"name\":\"Kristi Ellis\",\"image\":{\"@type\":\"ImageObject\",\"inLanguage\":\"es\",\"@id\":\"https:\\\/\\\/luxonomy.net\\\/wp-content\\\/litespeed\\\/avatar\\\/ae0c58256b980352bba3c97a8f9abe32.jpg?ver=1788580188\",\"url\":\"https:\\\/\\\/luxonomy.net\\\/wp-content\\\/litespeed\\\/avatar\\\/ae0c58256b980352bba3c97a8f9abe32.jpg?ver=1788580188\",\"contentUrl\":\"https:\\\/\\\/luxonomy.net\\\/wp-content\\\/litespeed\\\/avatar\\\/ae0c58256b980352bba3c97a8f9abe32.jpg?ver=1788580188\",\"caption\":\"Kristi Ellis\"},\"url\":\"https:\\\/\\\/luxonomy.net\\\/es\\\/author\\\/kristi-ellis\\\/\"}]}<\/script>\n<!-- \/ Yoast SEO plugin. -->","yoast_head_json":{"title":"Estrellas de Hollywood que se conectar\u00e1n a los Goya este s\u00e1bado | LUXONOMY","robots":{"index":"index","follow":"follow","max-snippet":"max-snippet:-1","max-image-preview":"max-image-preview:large","max-video-preview":"max-video-preview:-1"},"canonical":"https:\/\/luxonomy.net\/es\/estrellas-de-hollywood-que-se-conectaran-a-los-goya-este-sabado\/","og_locale":"es_ES","og_type":"article","og_title":"Estrellas de Hollywood que se conectar\u00e1n a los Goya este s\u00e1bado | LUXONOMY","og_description":"En una edici\u00f3n deslucida por la falta presencial, Robert de Niro,\u00a0Al Pacino,\u00a0Dustin Hoffman,\u00a0Helen Mirren,\u00a0Charlize Theron,\u00a0Isabelle Huppert,\u00a0Monica Bellucci,\u00a0Salma Hayek,\u00a0Sylvester Stallone,\u00a0Emma Thompson,\u00a0Benicio del Toro,\u00a0Ricardo Dar\u00edn\u00a0y\u00a0Laura Dern son algunos de los m\u00e1s de 30 nombres que saludar\u00e1n a la audiencia de la gala y lanzar\u00e1n mensajes de apoyo a la cinematograf\u00eda espa\u00f1ola desde localizaciones de todo el mundo,&hellip;","og_url":"https:\/\/luxonomy.net\/es\/estrellas-de-hollywood-que-se-conectaran-a-los-goya-este-sabado\/","og_site_name":"LUXONOMY","article_publisher":"https:\/\/www.facebook.com\/luxonomy","article_published_time":"2021-03-05T14:03:13+00:00","og_image":[{"width":624,"height":385,"url":"https:\/\/i0.wp.com\/luxonomy.net\/wp-content\/uploads\/2021\/03\/combo-de-niro-theron.jpg?fit=624%2C385&quality=89&ssl=1","type":"image\/jpeg"}],"author":"Kristi Ellis","twitter_card":"summary_large_image","twitter_misc":{"Escrito por":"Kristi Ellis","Tiempo de lectura":"2 minutos"},"schema":{"@context":"https:\/\/schema.org","@graph":[{"@type":"Article","@id":"https:\/\/luxonomy.net\/es\/estrellas-de-hollywood-que-se-conectaran-a-los-goya-este-sabado\/#article","isPartOf":{"@id":"https:\/\/luxonomy.net\/es\/estrellas-de-hollywood-que-se-conectaran-a-los-goya-este-sabado\/"},"author":{"name":"Kristi Ellis","@id":"https:\/\/luxonomy.net\/es\/#\/schema\/person\/1a813e5ec518f582af236d6344aa6c01"},"headline":"Estrellas de Hollywood que se conectar\u00e1n a los Goya este s\u00e1bado","datePublished":"2021-03-05T14:03:13+00:00","mainEntityOfPage":{"@id":"https:\/\/luxonomy.net\/es\/estrellas-de-hollywood-que-se-conectaran-a-los-goya-este-sabado\/"},"wordCount":416,"commentCount":0,"publisher":{"@id":"https:\/\/luxonomy.net\/es\/#organization"},"image":{"@id":"https:\/\/luxonomy.net\/es\/estrellas-de-hollywood-que-se-conectaran-a-los-goya-este-sabado\/#primaryimage"},"thumbnailUrl":"https:\/\/i0.wp.com\/luxonomy.net\/wp-content\/uploads\/2021\/03\/combo-de-niro-theron.jpg?fit=624%2C385&ssl=1","keywords":["actualidad","M\u00e1laga"],"articleSection":["Sin categorizar"],"inLanguage":"es","potentialAction":[{"@type":"CommentAction","name":"Comment","target":["https:\/\/luxonomy.net\/es\/estrellas-de-hollywood-que-se-conectaran-a-los-goya-este-sabado\/#respond"]}]},{"@type":"WebPage","@id":"https:\/\/luxonomy.net\/es\/estrellas-de-hollywood-que-se-conectaran-a-los-goya-este-sabado\/","url":"https:\/\/luxonomy.net\/es\/estrellas-de-hollywood-que-se-conectaran-a-los-goya-este-sabado\/","name":"Estrellas de Hollywood que se conectar\u00e1n a los Goya este s\u00e1bado | LUXONOMY","isPartOf":{"@id":"https:\/\/luxonomy.net\/es\/#website"},"primaryImageOfPage":{"@id":"https:\/\/luxonomy.net\/es\/estrellas-de-hollywood-que-se-conectaran-a-los-goya-este-sabado\/#primaryimage"},"image":{"@id":"https:\/\/luxonomy.net\/es\/estrellas-de-hollywood-que-se-conectaran-a-los-goya-este-sabado\/#primaryimage"},"thumbnailUrl":"https:\/\/i0.wp.com\/luxonomy.net\/wp-content\/uploads\/2021\/03\/combo-de-niro-theron.jpg?fit=624%2C385&ssl=1","datePublished":"2021-03-05T14:03:13+00:00","breadcrumb":{"@id":"https:\/\/luxonomy.net\/es\/estrellas-de-hollywood-que-se-conectaran-a-los-goya-este-sabado\/#breadcrumb"},"inLanguage":"es","potentialAction":[{"@type":"ReadAction","target":["https:\/\/luxonomy.net\/es\/estrellas-de-hollywood-que-se-conectaran-a-los-goya-este-sabado\/"]}]},{"@type":"ImageObject","inLanguage":"es","@id":"https:\/\/luxonomy.net\/es\/estrellas-de-hollywood-que-se-conectaran-a-los-goya-este-sabado\/#primaryimage","url":"https:\/\/i0.wp.com\/luxonomy.net\/wp-content\/uploads\/2021\/03\/combo-de-niro-theron.jpg?fit=624%2C385&ssl=1","contentUrl":"https:\/\/i0.wp.com\/luxonomy.net\/wp-content\/uploads\/2021\/03\/combo-de-niro-theron.jpg?fit=624%2C385&ssl=1","width":624,"height":385},{"@type":"BreadcrumbList","@id":"https:\/\/luxonomy.net\/es\/estrellas-de-hollywood-que-se-conectaran-a-los-goya-este-sabado\/#breadcrumb","itemListElement":[{"@type":"ListItem","position":1,"name":"Portada","item":"https:\/\/luxonomy.net\/es\/"},{"@type":"ListItem","position":2,"name":"Estrellas de Hollywood que se conectar\u00e1n a los Goya este s\u00e1bado"}]},{"@type":"WebSite","@id":"https:\/\/luxonomy.net\/es\/#website","url":"https:\/\/luxonomy.net\/es\/","name":"LUXONOMY","description":"The Economy of Fashion &amp; Luxury","publisher":{"@id":"https:\/\/luxonomy.net\/es\/#organization"},"potentialAction":[{"@type":"SearchAction","target":{"@type":"EntryPoint","urlTemplate":"https:\/\/luxonomy.net\/es\/?s={search_term_string}"},"query-input":{"@type":"PropertyValueSpecification","valueRequired":true,"valueName":"search_term_string"}}],"inLanguage":"es"},{"@type":"Organization","@id":"https:\/\/luxonomy.net\/es\/#organization","name":"LUXONOMY","url":"https:\/\/luxonomy.net\/es\/","logo":{"@type":"ImageObject","inLanguage":"es","@id":"https:\/\/luxonomy.net\/es\/#\/schema\/logo\/image\/","url":"https:\/\/i2.wp.com\/luxonomy.net\/wp-content\/uploads\/2021\/09\/MOCKUP-TODOS-LUXONOMY.jpg?fit=1000%2C515&ssl=1","contentUrl":"https:\/\/i2.wp.com\/luxonomy.net\/wp-content\/uploads\/2021\/09\/MOCKUP-TODOS-LUXONOMY.jpg?fit=1000%2C515&ssl=1","width":1000,"height":515,"caption":"LUXONOMY"},"image":{"@id":"https:\/\/luxonomy.net\/es\/#\/schema\/logo\/image\/"},"sameAs":["https:\/\/www.facebook.com\/luxonomy","https:\/\/www.instagram.com\/luxonomy\/","https:\/\/www.linkedin.com\/company\/luxonomy\/"]},{"@type":"Person","@id":"https:\/\/luxonomy.net\/es\/#\/schema\/person\/1a813e5ec518f582af236d6344aa6c01","name":"Kristi Ellis","image":{"@type":"ImageObject","inLanguage":"es","@id":"https:\/\/luxonomy.net\/wp-content\/litespeed\/avatar\/ae0c58256b980352bba3c97a8f9abe32.jpg?ver=1788580188","url":"https:\/\/luxonomy.net\/wp-content\/litespeed\/avatar\/ae0c58256b980352bba3c97a8f9abe32.jpg?ver=1788580188","contentUrl":"https:\/\/luxonomy.net\/wp-content\/litespeed\/avatar\/ae0c58256b980352bba3c97a8f9abe32.jpg?ver=1788580188","caption":"Kristi Ellis"},"url":"https:\/\/luxonomy.net\/es\/author\/kristi-ellis\/"}]}},"jetpack_publicize_connections":[],"jetpack_shortlink":"https:\/\/wp.me\/paPhBa-3qk","jetpack_sharing_enabled":true,"jetpack_featured_media_url":"https:\/\/i0.wp.com\/luxonomy.net\/wp-content\/uploads\/2021\/03\/combo-de-niro-theron.jpg?fit=624%2C385&ssl=1","_links":{"self":[{"href":"https:\/\/luxonomy.net\/es\/wp-json\/wp\/v2\/posts\/13164","targetHints":{"allow":["GET"]}}],"collection":[{"href":"https:\/\/luxonomy.net\/es\/wp-json\/wp\/v2\/posts"}],"about":[{"href":"https:\/\/luxonomy.net\/es\/wp-json\/wp\/v2\/types\/post"}],"author":[{"embeddable":true,"href":"https:\/\/luxonomy.net\/es\/wp-json\/wp\/v2\/users\/11"}],"replies":[{"embeddable":true,"href":"https:\/\/luxonomy.net\/es\/wp-json\/wp\/v2\/comments?post=13164"}],"version-history":[{"count":5,"href":"https:\/\/luxonomy.net\/es\/wp-json\/wp\/v2\/posts\/13164\/revisions"}],"predecessor-version":[{"id":13166,"href":"https:\/\/luxonomy.net\/es\/wp-json\/wp\/v2\/posts\/13164\/revisions\/13166"}],"wp:featuredmedia":[{"embeddable":true,"href":"https:\/\/luxonomy.net\/es\/wp-json\/wp\/v2\/media\/13167"}],"wp:attachment":[{"href":"https:\/\/luxonomy.net\/es\/wp-json\/wp\/v2\/media?parent=13164"}],"wp:term":[{"taxonomy":"category","embeddable":true,"href":"https:\/\/luxonomy.net\/es\/wp-json\/wp\/v2\/categories?post=13164"},{"taxonomy":"post_tag","embeddable":true,"href":"https:\/\/luxonomy.net\/es\/wp-json\/wp\/v2\/tags?post=13164"},{"taxonomy":"thb-sponsors","embeddable":true,"href":"https:\/\/luxonomy.net\/es\/wp-json\/wp\/v2\/thb-sponsors?post=13164"}],"curies":[{"name":"wp","href":"https:\/\/api.w.org\/{rel}","templated":true}]}}