{"id":13123,"date":"2021-02-26T13:50:05","date_gmt":"2021-02-26T12:50:05","guid":{"rendered":"https:\/?p=13123"},"modified":"2021-02-26T13:50:05","modified_gmt":"2021-02-26T12:50:05","slug":"lexus-e-iberdrola-se-unen-para-instalar-150-000-cargadores-electricos","status":"publish","type":"post","link":"https:\/\/luxonomy.net\/es\/lexus-e-iberdrola-se-unen-para-instalar-150-000-cargadores-electricos\/","title":{"rendered":"Lexus e Iberdrola se unen para instalar 150.000 cargadores el\u00e9ctricos"},"content":{"rendered":"<p>Lexus ha firmado una alianza con Iberdrola para que la compa\u00f1\u00eda energ\u00e9tica se convierta en el proveedor de recarga de sus modelos el\u00e9ctricos en Espa\u00f1a, en concreto del nuevo UX 300e, el primer veh\u00edculo 100% el\u00e9ctrico de Lexus.<\/p>\n<p>Lexus instalar\u00e1 a los usuarios que adquieran un veh\u00edculo el\u00e9ctrico -en colaboraci\u00f3n con Iberdrola-, y sin coste, el punto de recarga en su domicilio. Gracias a este acuerdo con la energ\u00e9tica, disfrutar\u00e1n tambi\u00e9n de 3 a\u00f1os de garant\u00eda, tanto de la instalaci\u00f3n como de un equipo Wallbox.<\/p>\n<p>Adem\u00e1s, aquellos clientes que a su vez lo sean de Iberdrola o que decidan contratar con ella, se beneficiar\u00e1n de seis meses de recarga gratuita en toda la red de uso p\u00fablico de Iberdrola, a trav\u00e9s de su app. En concreto el Plan Veh\u00edculo El\u00e9ctrico, creado especialmente para la recarga de veh\u00edculos el\u00e9ctricos, permite ahorrar en su recarga del veh\u00edculo con energ\u00eda 100% renovable, sin factura y sin permanencia.<\/p><div id=\"luxon-1845263283\" class=\"luxon-3er-parrafo luxon-entity-placement\" style=\"margin-top: 20px;margin-bottom: 20px;margin-left: auto;margin-right: auto;text-align: center;\"><a href=\"https:\/\/luxonomy.university\/course\/master-turismo-de-lujo\" target=\"_blank\" aria-label=\"master-turismo-lujo-2026-2027\"><img loading=\"lazy\" decoding=\"async\" src=\"https:\/\/i0.wp.com\/luxonomy.net\/wp-content\/uploads\/2020\/07\/master-turismo-lujo-2026-2027.jpg?fit=1672%2C941&#038;ssl=1\" alt=\"\"  srcset=\"https:\/\/i0.wp.com\/luxonomy.net\/wp-content\/uploads\/2020\/07\/master-turismo-lujo-2026-2027.jpg?w=1672&ssl=1 1672w, https:\/\/i0.wp.com\/luxonomy.net\/wp-content\/uploads\/2020\/07\/master-turismo-lujo-2026-2027.jpg?resize=300%2C169&ssl=1 300w, https:\/\/i0.wp.com\/luxonomy.net\/wp-content\/uploads\/2020\/07\/master-turismo-lujo-2026-2027.jpg?resize=1024%2C576&ssl=1 1024w, https:\/\/i0.wp.com\/luxonomy.net\/wp-content\/uploads\/2020\/07\/master-turismo-lujo-2026-2027.jpg?resize=768%2C432&ssl=1 768w, https:\/\/i0.wp.com\/luxonomy.net\/wp-content\/uploads\/2020\/07\/master-turismo-lujo-2026-2027.jpg?resize=1536%2C864&ssl=1 1536w, https:\/\/i0.wp.com\/luxonomy.net\/wp-content\/uploads\/2020\/07\/master-turismo-lujo-2026-2027.jpg?resize=370%2C208&ssl=1 370w, https:\/\/i0.wp.com\/luxonomy.net\/wp-content\/uploads\/2020\/07\/master-turismo-lujo-2026-2027.jpg?resize=800%2C450&ssl=1 800w, https:\/\/i0.wp.com\/luxonomy.net\/wp-content\/uploads\/2020\/07\/master-turismo-lujo-2026-2027.jpg?resize=20%2C11&ssl=1 20w, https:\/\/i0.wp.com\/luxonomy.net\/wp-content\/uploads\/2020\/07\/master-turismo-lujo-2026-2027.jpg?resize=740%2C416&ssl=1 740w, https:\/\/i0.wp.com\/luxonomy.net\/wp-content\/uploads\/2020\/07\/master-turismo-lujo-2026-2027.jpg?resize=1600%2C900&ssl=1 1600w, https:\/\/i0.wp.com\/luxonomy.net\/wp-content\/uploads\/2020\/07\/master-turismo-lujo-2026-2027.jpg?resize=1200%2C675&ssl=1 1200w, https:\/\/i0.wp.com\/luxonomy.net\/wp-content\/uploads\/2020\/07\/master-turismo-lujo-2026-2027.jpg?resize=85%2C48&ssl=1 85w\" sizes=\"(max-width: 1170px) 100vw, 1170px\" class=\"no-lazyload\" width=\"1672\" height=\"941\"   \/><\/a><\/div>\n<div class=\"tiled-gallery type-rectangular tiled-gallery-unresized\" data-original-width=\"1170\" data-carousel-extra='{&quot;blog_id&quot;:1,&quot;permalink&quot;:&quot;https:\\\/\\\/luxonomy.net\\\/es\\\/lexus-e-iberdrola-se-unen-para-instalar-150-000-cargadores-electricos\\\/&quot;,&quot;likes_blog_id&quot;:159985740}' itemscope itemtype=\"http:\/\/schema.org\/ImageGallery\" > <div class=\"gallery-row\" style=\"width: 1170px; height: 284px;\" data-original-width=\"1170\" data-original-height=\"284\" > <div class=\"gallery-group images-2\" style=\"width: 211px; height: 284px;\" data-original-width=\"211\" data-original-height=\"284\" > <div class=\"tiled-gallery-item tiled-gallery-item-small\" itemprop=\"associatedMedia\" itemscope itemtype=\"http:\/\/schema.org\/ImageObject\"> <meta itemprop=\"width\" content=\"207\"> <meta itemprop=\"height\" content=\"138\"> <img decoding=\"async\" class=\" lazyload\" data-attachment-id=\"13127\" data-orig-file=\"https:\/\/luxonomy.net\/wp-content\/uploads\/2021\/02\/2020.07.26-Lexus-UX-Iberdrola-4-Final_.jpg\" data-orig-size=\"1000,667\" data-comments-opened=\"1\" data-image-title=\"2020.07.26-Lexus-UX-Iberdrola-4-Final_\" data-image-description=\"\" data-medium-file=\"https:\/\/i0.wp.com\/luxonomy.net\/wp-content\/uploads\/2021\/02\/2020.07.26-Lexus-UX-Iberdrola-4-Final_.jpg?fit=300%2C200&#038;ssl=1\" data-large-file=\"https:\/\/i0.wp.com\/luxonomy.net\/wp-content\/uploads\/2021\/02\/2020.07.26-Lexus-UX-Iberdrola-4-Final_.jpg?fit=1000%2C667&#038;ssl=1\" src=\"data:image\/gif;base64,R0lGODlhAQABAAAAACH5BAEKAAEALAAAAAABAAEAAAICTAEAOw==\" data-src=\"https:\/\/i0.wp.com\/luxonomy.net\/wp-content\/uploads\/2021\/02\/2020.07.26-Lexus-UX-Iberdrola-4-Final_.jpg?w=207&#038;h=138&#038;ssl=1\" data-sizes=\"auto\" data-srcset=\"https:\/\/i0.wp.com\/luxonomy.net\/wp-content\/uploads\/2021\/02\/2020.07.26-Lexus-UX-Iberdrola-4-Final_.jpg?w=1000&amp;ssl=1 1000w, https:\/\/i0.wp.com\/luxonomy.net\/wp-content\/uploads\/2021\/02\/2020.07.26-Lexus-UX-Iberdrola-4-Final_.jpg?resize=20%2C13&amp;ssl=1 20w, https:\/\/i0.wp.com\/luxonomy.net\/wp-content\/uploads\/2021\/02\/2020.07.26-Lexus-UX-Iberdrola-4-Final_.jpg?resize=185%2C123&amp;ssl=1 185w, https:\/\/i0.wp.com\/luxonomy.net\/wp-content\/uploads\/2021\/02\/2020.07.26-Lexus-UX-Iberdrola-4-Final_.jpg?resize=72%2C48&amp;ssl=1 72w\" width=\"207\" height=\"138\" loading=\"lazy\" data-original-width=\"207\" data-original-height=\"138\" itemprop=\"http:\/\/schema.org\/image\" title=\"2020.07.26-Lexus-UX-Iberdrola-4-Final_\" alt=\"2020.07.26-Lexus-UX-Iberdrola-4-Final_\" style=\"width: 207px; height: 138px;\" \/> <\/div> <div class=\"tiled-gallery-item tiled-gallery-item-small\" itemprop=\"associatedMedia\" itemscope itemtype=\"http:\/\/schema.org\/ImageObject\"> <meta itemprop=\"width\" content=\"207\"> <meta itemprop=\"height\" content=\"138\"> <img decoding=\"async\" class=\" lazyload\" data-attachment-id=\"13128\" data-orig-file=\"https:\/\/luxonomy.net\/wp-content\/uploads\/2021\/02\/2020.07.26-Lexus-UX-Iberdrola-5-Final_.jpg\" data-orig-size=\"1000,667\" data-comments-opened=\"1\" data-image-title=\"2020.07.26-Lexus-UX-Iberdrola-5-Final_\" data-image-description=\"\" data-medium-file=\"https:\/\/i0.wp.com\/luxonomy.net\/wp-content\/uploads\/2021\/02\/2020.07.26-Lexus-UX-Iberdrola-5-Final_.jpg?fit=300%2C200&#038;ssl=1\" data-large-file=\"https:\/\/i0.wp.com\/luxonomy.net\/wp-content\/uploads\/2021\/02\/2020.07.26-Lexus-UX-Iberdrola-5-Final_.jpg?fit=1000%2C667&#038;ssl=1\" src=\"data:image\/gif;base64,R0lGODlhAQABAAAAACH5BAEKAAEALAAAAAABAAEAAAICTAEAOw==\" data-src=\"https:\/\/i0.wp.com\/luxonomy.net\/wp-content\/uploads\/2021\/02\/2020.07.26-Lexus-UX-Iberdrola-5-Final_.jpg?w=207&#038;h=138&#038;ssl=1\" data-sizes=\"auto\" data-srcset=\"https:\/\/i0.wp.com\/luxonomy.net\/wp-content\/uploads\/2021\/02\/2020.07.26-Lexus-UX-Iberdrola-5-Final_.jpg?w=1000&amp;ssl=1 1000w, https:\/\/i0.wp.com\/luxonomy.net\/wp-content\/uploads\/2021\/02\/2020.07.26-Lexus-UX-Iberdrola-5-Final_.jpg?resize=20%2C13&amp;ssl=1 20w, https:\/\/i0.wp.com\/luxonomy.net\/wp-content\/uploads\/2021\/02\/2020.07.26-Lexus-UX-Iberdrola-5-Final_.jpg?resize=185%2C123&amp;ssl=1 185w, https:\/\/i0.wp.com\/luxonomy.net\/wp-content\/uploads\/2021\/02\/2020.07.26-Lexus-UX-Iberdrola-5-Final_.jpg?resize=72%2C48&amp;ssl=1 72w\" width=\"207\" height=\"138\" loading=\"lazy\" data-original-width=\"207\" data-original-height=\"138\" itemprop=\"http:\/\/schema.org\/image\" title=\"2020.07.26-Lexus-UX-Iberdrola-5-Final_\" alt=\"2020.07.26-Lexus-UX-Iberdrola-5-Final_\" style=\"width: 207px; height: 138px;\" \/> <\/div> <\/div> <!-- close group --> <div class=\"gallery-group images-1\" style=\"width: 423px; height: 284px;\" data-original-width=\"423\" data-original-height=\"284\" > <div class=\"tiled-gallery-item tiled-gallery-item-large\" itemprop=\"associatedMedia\" itemscope itemtype=\"http:\/\/schema.org\/ImageObject\"> <meta itemprop=\"width\" content=\"419\"> <meta itemprop=\"height\" content=\"280\"> <img decoding=\"async\" class=\" lazyload\" data-attachment-id=\"13129\" data-orig-file=\"https:\/\/luxonomy.net\/wp-content\/uploads\/2021\/02\/2020.07.26-Lexus-UX-Iberdrola-1-Final.jpg\" data-orig-size=\"1000,667\" data-comments-opened=\"1\" data-image-title=\"2020.07.26-Lexus-UX-Iberdrola-1-Final\" data-image-description=\"\" data-medium-file=\"https:\/\/i0.wp.com\/luxonomy.net\/wp-content\/uploads\/2021\/02\/2020.07.26-Lexus-UX-Iberdrola-1-Final.jpg?fit=300%2C200&#038;ssl=1\" data-large-file=\"https:\/\/i0.wp.com\/luxonomy.net\/wp-content\/uploads\/2021\/02\/2020.07.26-Lexus-UX-Iberdrola-1-Final.jpg?fit=1000%2C667&#038;ssl=1\" src=\"data:image\/gif;base64,R0lGODlhAQABAAAAACH5BAEKAAEALAAAAAABAAEAAAICTAEAOw==\" data-src=\"https:\/\/i0.wp.com\/luxonomy.net\/wp-content\/uploads\/2021\/02\/2020.07.26-Lexus-UX-Iberdrola-1-Final.jpg?w=419&#038;h=280&#038;ssl=1\" data-sizes=\"auto\" data-srcset=\"https:\/\/i0.wp.com\/luxonomy.net\/wp-content\/uploads\/2021\/02\/2020.07.26-Lexus-UX-Iberdrola-1-Final.jpg?w=1000&amp;ssl=1 1000w, https:\/\/i0.wp.com\/luxonomy.net\/wp-content\/uploads\/2021\/02\/2020.07.26-Lexus-UX-Iberdrola-1-Final.jpg?resize=300%2C200&amp;ssl=1 300w, https:\/\/i0.wp.com\/luxonomy.net\/wp-content\/uploads\/2021\/02\/2020.07.26-Lexus-UX-Iberdrola-1-Final.jpg?resize=370%2C247&amp;ssl=1 370w, https:\/\/i0.wp.com\/luxonomy.net\/wp-content\/uploads\/2021\/02\/2020.07.26-Lexus-UX-Iberdrola-1-Final.jpg?resize=20%2C13&amp;ssl=1 20w, https:\/\/i0.wp.com\/luxonomy.net\/wp-content\/uploads\/2021\/02\/2020.07.26-Lexus-UX-Iberdrola-1-Final.jpg?resize=185%2C123&amp;ssl=1 185w, https:\/\/i0.wp.com\/luxonomy.net\/wp-content\/uploads\/2021\/02\/2020.07.26-Lexus-UX-Iberdrola-1-Final.jpg?resize=400%2C267&amp;ssl=1 400w, https:\/\/i0.wp.com\/luxonomy.net\/wp-content\/uploads\/2021\/02\/2020.07.26-Lexus-UX-Iberdrola-1-Final.jpg?resize=72%2C48&amp;ssl=1 72w\" width=\"419\" height=\"280\" loading=\"lazy\" data-original-width=\"419\" data-original-height=\"280\" itemprop=\"http:\/\/schema.org\/image\" title=\"2020.07.26-Lexus-UX-Iberdrola-1-Final\" alt=\"2020.07.26-Lexus-UX-Iberdrola-1-Final\" style=\"width: 419px; height: 280px;\" \/> <\/div> <\/div> <!-- close group --> <div class=\"gallery-group images-1\" style=\"width: 536px; height: 284px;\" data-original-width=\"536\" data-original-height=\"284\" > <div class=\"tiled-gallery-item tiled-gallery-item-large\" itemprop=\"associatedMedia\" itemscope itemtype=\"http:\/\/schema.org\/ImageObject\"> <meta itemprop=\"width\" content=\"532\"> <meta itemprop=\"height\" content=\"280\"> <img decoding=\"async\" class=\" lazyload\" data-attachment-id=\"13124\" data-orig-file=\"https:\/\/luxonomy.net\/wp-content\/uploads\/2021\/02\/cabecera_2020.07.26-Lexus-UX-Iberdrola-2b-Final.jpg\" data-orig-size=\"1000,526\" data-comments-opened=\"1\" data-image-title=\"cabecera_2020.07.26-Lexus-UX-Iberdrola-2b-Final\" data-image-description=\"\" data-medium-file=\"https:\/\/i0.wp.com\/luxonomy.net\/wp-content\/uploads\/2021\/02\/cabecera_2020.07.26-Lexus-UX-Iberdrola-2b-Final.jpg?fit=300%2C158&#038;ssl=1\" data-large-file=\"https:\/\/i0.wp.com\/luxonomy.net\/wp-content\/uploads\/2021\/02\/cabecera_2020.07.26-Lexus-UX-Iberdrola-2b-Final.jpg?fit=1000%2C526&#038;ssl=1\" src=\"data:image\/gif;base64,R0lGODlhAQABAAAAACH5BAEKAAEALAAAAAABAAEAAAICTAEAOw==\" data-src=\"https:\/\/i0.wp.com\/luxonomy.net\/wp-content\/uploads\/2021\/02\/cabecera_2020.07.26-Lexus-UX-Iberdrola-2b-Final.jpg?w=532&#038;h=280&#038;ssl=1\" data-sizes=\"auto\" data-srcset=\"https:\/\/i0.wp.com\/luxonomy.net\/wp-content\/uploads\/2021\/02\/cabecera_2020.07.26-Lexus-UX-Iberdrola-2b-Final.jpg?w=1000&amp;ssl=1 1000w, https:\/\/i0.wp.com\/luxonomy.net\/wp-content\/uploads\/2021\/02\/cabecera_2020.07.26-Lexus-UX-Iberdrola-2b-Final.jpg?resize=300%2C158&amp;ssl=1 300w, https:\/\/i0.wp.com\/luxonomy.net\/wp-content\/uploads\/2021\/02\/cabecera_2020.07.26-Lexus-UX-Iberdrola-2b-Final.jpg?resize=370%2C195&amp;ssl=1 370w, https:\/\/i0.wp.com\/luxonomy.net\/wp-content\/uploads\/2021\/02\/cabecera_2020.07.26-Lexus-UX-Iberdrola-2b-Final.jpg?resize=20%2C11&amp;ssl=1 20w, https:\/\/i0.wp.com\/luxonomy.net\/wp-content\/uploads\/2021\/02\/cabecera_2020.07.26-Lexus-UX-Iberdrola-2b-Final.jpg?resize=185%2C97&amp;ssl=1 185w, https:\/\/i0.wp.com\/luxonomy.net\/wp-content\/uploads\/2021\/02\/cabecera_2020.07.26-Lexus-UX-Iberdrola-2b-Final.jpg?resize=400%2C210&amp;ssl=1 400w, https:\/\/i0.wp.com\/luxonomy.net\/wp-content\/uploads\/2021\/02\/cabecera_2020.07.26-Lexus-UX-Iberdrola-2b-Final.jpg?resize=91%2C48&amp;ssl=1 91w\" width=\"532\" height=\"280\" loading=\"lazy\" data-original-width=\"532\" data-original-height=\"280\" itemprop=\"http:\/\/schema.org\/image\" title=\"cabecera_2020.07.26-Lexus-UX-Iberdrola-2b-Final\" alt=\"cabecera_2020.07.26-Lexus-UX-Iberdrola-2b-Final\" style=\"width: 532px; height: 280px;\" \/> <\/div> <\/div> <!-- close group --> <\/div> <!-- close row --> <\/div>\n<p><strong>MOVILIDAD EL\u00c9CTRICA Y RECUPERACI\u00d3N EN VERDE<\/strong><\/p>\n<p>Iberdrola sigue apostando por la electrificaci\u00f3n del transporte en su estrategia de transici\u00f3n hacia una econom\u00eda descarbonizada, como palanca clave para la reducci\u00f3n de las emisiones y la contaminaci\u00f3n, as\u00ed como para la recuperaci\u00f3n verde.<\/p>\n<p>La compa\u00f1\u00eda despliega un plan de movilidad sostenible, con una inversi\u00f3n de 150 millones de euros, con el que intensificar\u00e1 el despliegue de puntos de recarga para veh\u00edculos el\u00e9ctricos en los pr\u00f3ximos a\u00f1os.<\/p>\n<p>La iniciativa prev\u00e9 la instalaci\u00f3n de cerca de 150.000 puntos de recarga, tanto en hogares como empresas, as\u00ed como en v\u00eda urbana, en ciudades y en las principales autov\u00edas. La apuesta por el despliegue de estaciones de alta eficiencia se concretar\u00e1 en la instalaci\u00f3n de estaciones ultra r\u00e1pidas (350 kW) cada 200 kil\u00f3metros, s\u00faper r\u00e1pidas (150 kW) cada 100 kil\u00f3metros y r\u00e1pidas (50 kW), cada 50 kil\u00f3metros.<\/p><div id=\"luxon-808021298\" class=\"luxon-7-parrafo luxon-entity-placement\" style=\"margin-top: 20px;margin-bottom: 20px;margin-left: auto;margin-right: auto;text-align: center;\"><a href=\"https:\/\/theintelligence.institute\/course\/inteligencia-artificial-para-directivos\" target=\"_blank\" aria-label=\"CSIAD_empresas_THEI_horizontal_4x3_v5\"><img loading=\"lazy\" decoding=\"async\" src=\"https:\/\/i0.wp.com\/luxonomy.net\/wp-content\/uploads\/2025\/08\/CSIAD_empresas_THEI_horizontal_4x3_v5.png?fit=2000%2C1500&#038;ssl=1\" alt=\"\"  srcset=\"https:\/\/i0.wp.com\/luxonomy.net\/wp-content\/uploads\/2025\/08\/CSIAD_empresas_THEI_horizontal_4x3_v5.png?w=2000&ssl=1 2000w, https:\/\/i0.wp.com\/luxonomy.net\/wp-content\/uploads\/2025\/08\/CSIAD_empresas_THEI_horizontal_4x3_v5.png?resize=300%2C225&ssl=1 300w, https:\/\/i0.wp.com\/luxonomy.net\/wp-content\/uploads\/2025\/08\/CSIAD_empresas_THEI_horizontal_4x3_v5.png?resize=1024%2C768&ssl=1 1024w, https:\/\/i0.wp.com\/luxonomy.net\/wp-content\/uploads\/2025\/08\/CSIAD_empresas_THEI_horizontal_4x3_v5.png?resize=768%2C576&ssl=1 768w, https:\/\/i0.wp.com\/luxonomy.net\/wp-content\/uploads\/2025\/08\/CSIAD_empresas_THEI_horizontal_4x3_v5.png?resize=1536%2C1152&ssl=1 1536w, https:\/\/i0.wp.com\/luxonomy.net\/wp-content\/uploads\/2025\/08\/CSIAD_empresas_THEI_horizontal_4x3_v5.png?resize=370%2C278&ssl=1 370w, https:\/\/i0.wp.com\/luxonomy.net\/wp-content\/uploads\/2025\/08\/CSIAD_empresas_THEI_horizontal_4x3_v5.png?resize=800%2C600&ssl=1 800w, https:\/\/i0.wp.com\/luxonomy.net\/wp-content\/uploads\/2025\/08\/CSIAD_empresas_THEI_horizontal_4x3_v5.png?resize=20%2C15&ssl=1 20w, https:\/\/i0.wp.com\/luxonomy.net\/wp-content\/uploads\/2025\/08\/CSIAD_empresas_THEI_horizontal_4x3_v5.png?resize=740%2C555&ssl=1 740w, https:\/\/i0.wp.com\/luxonomy.net\/wp-content\/uploads\/2025\/08\/CSIAD_empresas_THEI_horizontal_4x3_v5.png?resize=1600%2C1200&ssl=1 1600w, https:\/\/i0.wp.com\/luxonomy.net\/wp-content\/uploads\/2025\/08\/CSIAD_empresas_THEI_horizontal_4x3_v5.png?resize=1200%2C900&ssl=1 1200w, https:\/\/i0.wp.com\/luxonomy.net\/wp-content\/uploads\/2025\/08\/CSIAD_empresas_THEI_horizontal_4x3_v5.png?resize=64%2C48&ssl=1 64w\" sizes=\"(max-width: 1170px) 100vw, 1170px\" class=\"no-lazyload\" width=\"2000\" height=\"1500\"   \/><\/a><\/div>\n<p>Iberdrola es consciente de la necesidad de impulsar la electromovilidad en Espa\u00f1a a trav\u00e9s de una acci\u00f3n coordinada y eficaz con los principales agentes implicados. La compa\u00f1\u00eda contin\u00faa identificando oportunidades para generar un ecosistema industrial, comercial y de innovaci\u00f3n, que permita consolidar el desarrollo de la movilidad sostenible. Por ello, ha completado ya m\u00e1s de 40 acuerdos de despliegue de infraestructura con administraciones, instituciones, empresas, estaciones de servicio, concesionarios y fabricantes de veh\u00edculos.<\/p>\n<p>Iberdrola ha sido la primera empresa espa\u00f1ola en suscribir la iniciativa EV100 de The Climate Group, con el objetivo de acelerar la transici\u00f3n hacia los veh\u00edculos el\u00e9ctricos, comprometi\u00e9ndose a electrificar toda su flota de veh\u00edculos y facilitar la recarga al personal en sus negocios en Espa\u00f1a y Reino Unido a 2030.<\/p>\n","protected":false},"excerpt":{"rendered":"<p>Lexus ha firmado una alianza con Iberdrola para que la compa\u00f1\u00eda energ\u00e9tica se convierta en el proveedor de recarga de sus modelos el\u00e9ctricos en Espa\u00f1a, en concreto del nuevo UX 300e, el primer veh\u00edculo 100% el\u00e9ctrico de Lexus. Lexus instalar\u00e1 a los usuarios que adquieran un veh\u00edculo el\u00e9ctrico -en colaboraci\u00f3n con Iberdrola-, y sin coste,&hellip;<\/p>\n","protected":false},"author":1,"featured_media":13124,"comment_status":"open","ping_status":"open","sticky":false,"template":"","format":"standard","meta":{"_jetpack_newsletter_access":"","_jetpack_dont_email_post_to_subs":false,"_jetpack_newsletter_tier_id":0,"_jetpack_memberships_contains_paywalled_content":false,"_jetpack_feature_clip_id":0,"_jetpack_memberships_contains_paid_content":false,"footnotes":"","jetpack_publicize_message":"Lexus e Iberdrola se unen para instalar 150.000 cargadores el\u00e9ctricos.\r\nEl acuerdo facilitar\u00e1 a los clientes de Lexus el acceso a la amplia red de recarga p\u00fablica de Iberdrola, que prev\u00e9 instalar 150.000 cargadores p\u00fablicos y privados. \r\n#luxonomy #Lexus #Iberdrola","jetpack_publicize_feature_enabled":true,"jetpack_social_post_already_shared":true,"jetpack_social_options":{"image_generator_settings":{"template":"edge","default_image_id":0,"font":"","enabled":false},"version":2},"jetpack_post_was_ever_published":false},"categories":[296,688],"tags":[808,233,295],"thb-sponsors":[],"class_list":["post-13123","post","type-post","status-publish","format-standard","has-post-thumbnail","hentry","category-motor","category-sostenibilidad","tag-ecolujo","tag-ecoluxury","tag-lexus"],"yoast_head":"<!-- This site is optimized with the Yoast SEO plugin v28.4 - https:\/\/yoast.com\/product\/yoast-seo-wordpress\/ -->\n<title>Lexus e Iberdrola se unen para instalar 150.000 cargadores el\u00e9ctricos | LUXONOMY<\/title>\n<meta name=\"robots\" content=\"index, follow, max-snippet:-1, max-image-preview:large, max-video-preview:-1\" \/>\n<link rel=\"canonical\" href=\"https:\/\/luxonomy.net\/es\/lexus-e-iberdrola-se-unen-para-instalar-150-000-cargadores-electricos\/\" \/>\n<meta property=\"og:locale\" content=\"es_ES\" \/>\n<meta property=\"og:type\" content=\"article\" \/>\n<meta property=\"og:title\" content=\"Lexus e Iberdrola se unen para instalar 150.000 cargadores el\u00e9ctricos | LUXONOMY\" \/>\n<meta property=\"og:description\" content=\"Lexus ha firmado una alianza con Iberdrola para que la compa\u00f1\u00eda energ\u00e9tica se convierta en el proveedor de recarga de sus modelos el\u00e9ctricos en Espa\u00f1a, en concreto del nuevo UX 300e, el primer veh\u00edculo 100% el\u00e9ctrico de Lexus. Lexus instalar\u00e1 a los usuarios que adquieran un veh\u00edculo el\u00e9ctrico -en colaboraci\u00f3n con Iberdrola-, y sin coste,&hellip;\" \/>\n<meta property=\"og:url\" content=\"https:\/\/luxonomy.net\/es\/lexus-e-iberdrola-se-unen-para-instalar-150-000-cargadores-electricos\/\" \/>\n<meta property=\"og:site_name\" content=\"LUXONOMY\" \/>\n<meta property=\"article:publisher\" content=\"https:\/\/www.facebook.com\/luxonomy\" \/>\n<meta property=\"article:published_time\" content=\"2021-02-26T12:50:05+00:00\" \/>\n<meta property=\"og:image\" content=\"https:\/\/i0.wp.com\/luxonomy.net\/wp-content\/uploads\/2021\/02\/cabecera_2020.07.26-Lexus-UX-Iberdrola-2b-Final.jpg?fit=1000%2C526&quality=89&ssl=1\" \/>\n\t<meta property=\"og:image:width\" content=\"1000\" \/>\n\t<meta property=\"og:image:height\" content=\"526\" \/>\n\t<meta property=\"og:image:type\" content=\"image\/jpeg\" \/>\n<meta name=\"author\" content=\"LUXONOMY\" \/>\n<meta name=\"twitter:card\" content=\"summary_large_image\" \/>\n<meta name=\"twitter:label1\" content=\"Escrito por\" \/>\n\t<meta name=\"twitter:data1\" content=\"LUXONOMY\" \/>\n\t<meta name=\"twitter:label2\" content=\"Tiempo de lectura\" \/>\n\t<meta name=\"twitter:data2\" content=\"2 minutos\" \/>\n<script type=\"application\/ld+json\" class=\"yoast-schema-graph\">{\"@context\":\"https:\\\/\\\/schema.org\",\"@graph\":[{\"@type\":\"Article\",\"@id\":\"https:\\\/\\\/luxonomy.net\\\/es\\\/lexus-e-iberdrola-se-unen-para-instalar-150-000-cargadores-electricos\\\/#article\",\"isPartOf\":{\"@id\":\"https:\\\/\\\/luxonomy.net\\\/es\\\/lexus-e-iberdrola-se-unen-para-instalar-150-000-cargadores-electricos\\\/\"},\"author\":{\"name\":\"LUXONOMY\",\"@id\":\"https:\\\/\\\/luxonomy.net\\\/es\\\/#\\\/schema\\\/person\\\/ca588d8b741a1fdd9065289c8d98ee8c\"},\"headline\":\"Lexus e Iberdrola se unen para instalar 150.000 cargadores el\u00e9ctricos\",\"datePublished\":\"2021-02-26T12:50:05+00:00\",\"mainEntityOfPage\":{\"@id\":\"https:\\\/\\\/luxonomy.net\\\/es\\\/lexus-e-iberdrola-se-unen-para-instalar-150-000-cargadores-electricos\\\/\"},\"wordCount\":490,\"commentCount\":0,\"publisher\":{\"@id\":\"https:\\\/\\\/luxonomy.net\\\/es\\\/#organization\"},\"image\":{\"@id\":\"https:\\\/\\\/luxonomy.net\\\/es\\\/lexus-e-iberdrola-se-unen-para-instalar-150-000-cargadores-electricos\\\/#primaryimage\"},\"thumbnailUrl\":\"https:\\\/\\\/i0.wp.com\\\/luxonomy.net\\\/wp-content\\\/uploads\\\/2021\\\/02\\\/cabecera_2020.07.26-Lexus-UX-Iberdrola-2b-Final.jpg?fit=1000%2C526&ssl=1\",\"keywords\":[\"Ecolujo\",\"ecoluxury\",\"Lexus\"],\"articleSection\":[\"Motor\",\"Sostenibilidad\"],\"inLanguage\":\"es\",\"potentialAction\":[{\"@type\":\"CommentAction\",\"name\":\"Comment\",\"target\":[\"https:\\\/\\\/luxonomy.net\\\/es\\\/lexus-e-iberdrola-se-unen-para-instalar-150-000-cargadores-electricos\\\/#respond\"]}]},{\"@type\":\"WebPage\",\"@id\":\"https:\\\/\\\/luxonomy.net\\\/es\\\/lexus-e-iberdrola-se-unen-para-instalar-150-000-cargadores-electricos\\\/\",\"url\":\"https:\\\/\\\/luxonomy.net\\\/es\\\/lexus-e-iberdrola-se-unen-para-instalar-150-000-cargadores-electricos\\\/\",\"name\":\"Lexus e Iberdrola se unen para instalar 150.000 cargadores el\u00e9ctricos | LUXONOMY\",\"isPartOf\":{\"@id\":\"https:\\\/\\\/luxonomy.net\\\/es\\\/#website\"},\"primaryImageOfPage\":{\"@id\":\"https:\\\/\\\/luxonomy.net\\\/es\\\/lexus-e-iberdrola-se-unen-para-instalar-150-000-cargadores-electricos\\\/#primaryimage\"},\"image\":{\"@id\":\"https:\\\/\\\/luxonomy.net\\\/es\\\/lexus-e-iberdrola-se-unen-para-instalar-150-000-cargadores-electricos\\\/#primaryimage\"},\"thumbnailUrl\":\"https:\\\/\\\/i0.wp.com\\\/luxonomy.net\\\/wp-content\\\/uploads\\\/2021\\\/02\\\/cabecera_2020.07.26-Lexus-UX-Iberdrola-2b-Final.jpg?fit=1000%2C526&ssl=1\",\"datePublished\":\"2021-02-26T12:50:05+00:00\",\"breadcrumb\":{\"@id\":\"https:\\\/\\\/luxonomy.net\\\/es\\\/lexus-e-iberdrola-se-unen-para-instalar-150-000-cargadores-electricos\\\/#breadcrumb\"},\"inLanguage\":\"es\",\"potentialAction\":[{\"@type\":\"ReadAction\",\"target\":[\"https:\\\/\\\/luxonomy.net\\\/es\\\/lexus-e-iberdrola-se-unen-para-instalar-150-000-cargadores-electricos\\\/\"]}]},{\"@type\":\"ImageObject\",\"inLanguage\":\"es\",\"@id\":\"https:\\\/\\\/luxonomy.net\\\/es\\\/lexus-e-iberdrola-se-unen-para-instalar-150-000-cargadores-electricos\\\/#primaryimage\",\"url\":\"https:\\\/\\\/i0.wp.com\\\/luxonomy.net\\\/wp-content\\\/uploads\\\/2021\\\/02\\\/cabecera_2020.07.26-Lexus-UX-Iberdrola-2b-Final.jpg?fit=1000%2C526&ssl=1\",\"contentUrl\":\"https:\\\/\\\/i0.wp.com\\\/luxonomy.net\\\/wp-content\\\/uploads\\\/2021\\\/02\\\/cabecera_2020.07.26-Lexus-UX-Iberdrola-2b-Final.jpg?fit=1000%2C526&ssl=1\",\"width\":1000,\"height\":526},{\"@type\":\"BreadcrumbList\",\"@id\":\"https:\\\/\\\/luxonomy.net\\\/es\\\/lexus-e-iberdrola-se-unen-para-instalar-150-000-cargadores-electricos\\\/#breadcrumb\",\"itemListElement\":[{\"@type\":\"ListItem\",\"position\":1,\"name\":\"Portada\",\"item\":\"https:\\\/\\\/luxonomy.net\\\/es\\\/\"},{\"@type\":\"ListItem\",\"position\":2,\"name\":\"Lexus e Iberdrola se unen para instalar 150.000 cargadores el\u00e9ctricos\"}]},{\"@type\":\"WebSite\",\"@id\":\"https:\\\/\\\/luxonomy.net\\\/es\\\/#website\",\"url\":\"https:\\\/\\\/luxonomy.net\\\/es\\\/\",\"name\":\"LUXONOMY\",\"description\":\"The Economy of Fashion &amp; Luxury\",\"publisher\":{\"@id\":\"https:\\\/\\\/luxonomy.net\\\/es\\\/#organization\"},\"potentialAction\":[{\"@type\":\"SearchAction\",\"target\":{\"@type\":\"EntryPoint\",\"urlTemplate\":\"https:\\\/\\\/luxonomy.net\\\/es\\\/?s={search_term_string}\"},\"query-input\":{\"@type\":\"PropertyValueSpecification\",\"valueRequired\":true,\"valueName\":\"search_term_string\"}}],\"inLanguage\":\"es\"},{\"@type\":\"Organization\",\"@id\":\"https:\\\/\\\/luxonomy.net\\\/es\\\/#organization\",\"name\":\"LUXONOMY\",\"url\":\"https:\\\/\\\/luxonomy.net\\\/es\\\/\",\"logo\":{\"@type\":\"ImageObject\",\"inLanguage\":\"es\",\"@id\":\"https:\\\/\\\/luxonomy.net\\\/es\\\/#\\\/schema\\\/logo\\\/image\\\/\",\"url\":\"https:\\\/\\\/i2.wp.com\\\/luxonomy.net\\\/wp-content\\\/uploads\\\/2021\\\/09\\\/MOCKUP-TODOS-LUXONOMY.jpg?fit=1000%2C515&ssl=1\",\"contentUrl\":\"https:\\\/\\\/i2.wp.com\\\/luxonomy.net\\\/wp-content\\\/uploads\\\/2021\\\/09\\\/MOCKUP-TODOS-LUXONOMY.jpg?fit=1000%2C515&ssl=1\",\"width\":1000,\"height\":515,\"caption\":\"LUXONOMY\"},\"image\":{\"@id\":\"https:\\\/\\\/luxonomy.net\\\/es\\\/#\\\/schema\\\/logo\\\/image\\\/\"},\"sameAs\":[\"https:\\\/\\\/www.facebook.com\\\/luxonomy\",\"https:\\\/\\\/www.instagram.com\\\/luxonomy\\\/\",\"https:\\\/\\\/www.linkedin.com\\\/company\\\/luxonomy\\\/\"]},{\"@type\":\"Person\",\"@id\":\"https:\\\/\\\/luxonomy.net\\\/es\\\/#\\\/schema\\\/person\\\/ca588d8b741a1fdd9065289c8d98ee8c\",\"name\":\"LUXONOMY\",\"image\":{\"@type\":\"ImageObject\",\"inLanguage\":\"es\",\"@id\":\"https:\\\/\\\/luxonomy.net\\\/wp-content\\\/litespeed\\\/avatar\\\/a6436cdb14fdaf9c21808e63d0da2055.jpg?ver=1788366758\",\"url\":\"https:\\\/\\\/luxonomy.net\\\/wp-content\\\/litespeed\\\/avatar\\\/a6436cdb14fdaf9c21808e63d0da2055.jpg?ver=1788366758\",\"contentUrl\":\"https:\\\/\\\/luxonomy.net\\\/wp-content\\\/litespeed\\\/avatar\\\/a6436cdb14fdaf9c21808e63d0da2055.jpg?ver=1788366758\",\"caption\":\"LUXONOMY\"},\"sameAs\":[\"https:\\\/\"],\"url\":\"https:\\\/\\\/luxonomy.net\\\/es\\\/author\\\/luxonomy\\\/\"}]}<\/script>\n<!-- \/ Yoast SEO plugin. -->","yoast_head_json":{"title":"Lexus e Iberdrola se unen para instalar 150.000 cargadores el\u00e9ctricos | LUXONOMY","robots":{"index":"index","follow":"follow","max-snippet":"max-snippet:-1","max-image-preview":"max-image-preview:large","max-video-preview":"max-video-preview:-1"},"canonical":"https:\/\/luxonomy.net\/es\/lexus-e-iberdrola-se-unen-para-instalar-150-000-cargadores-electricos\/","og_locale":"es_ES","og_type":"article","og_title":"Lexus e Iberdrola se unen para instalar 150.000 cargadores el\u00e9ctricos | LUXONOMY","og_description":"Lexus ha firmado una alianza con Iberdrola para que la compa\u00f1\u00eda energ\u00e9tica se convierta en el proveedor de recarga de sus modelos el\u00e9ctricos en Espa\u00f1a, en concreto del nuevo UX 300e, el primer veh\u00edculo 100% el\u00e9ctrico de Lexus. Lexus instalar\u00e1 a los usuarios que adquieran un veh\u00edculo el\u00e9ctrico -en colaboraci\u00f3n con Iberdrola-, y sin coste,&hellip;","og_url":"https:\/\/luxonomy.net\/es\/lexus-e-iberdrola-se-unen-para-instalar-150-000-cargadores-electricos\/","og_site_name":"LUXONOMY","article_publisher":"https:\/\/www.facebook.com\/luxonomy","article_published_time":"2021-02-26T12:50:05+00:00","og_image":[{"width":1000,"height":526,"url":"https:\/\/i0.wp.com\/luxonomy.net\/wp-content\/uploads\/2021\/02\/cabecera_2020.07.26-Lexus-UX-Iberdrola-2b-Final.jpg?fit=1000%2C526&quality=89&ssl=1","type":"image\/jpeg"}],"author":"LUXONOMY","twitter_card":"summary_large_image","twitter_misc":{"Escrito por":"LUXONOMY","Tiempo de lectura":"2 minutos"},"schema":{"@context":"https:\/\/schema.org","@graph":[{"@type":"Article","@id":"https:\/\/luxonomy.net\/es\/lexus-e-iberdrola-se-unen-para-instalar-150-000-cargadores-electricos\/#article","isPartOf":{"@id":"https:\/\/luxonomy.net\/es\/lexus-e-iberdrola-se-unen-para-instalar-150-000-cargadores-electricos\/"},"author":{"name":"LUXONOMY","@id":"https:\/\/luxonomy.net\/es\/#\/schema\/person\/ca588d8b741a1fdd9065289c8d98ee8c"},"headline":"Lexus e Iberdrola se unen para instalar 150.000 cargadores el\u00e9ctricos","datePublished":"2021-02-26T12:50:05+00:00","mainEntityOfPage":{"@id":"https:\/\/luxonomy.net\/es\/lexus-e-iberdrola-se-unen-para-instalar-150-000-cargadores-electricos\/"},"wordCount":490,"commentCount":0,"publisher":{"@id":"https:\/\/luxonomy.net\/es\/#organization"},"image":{"@id":"https:\/\/luxonomy.net\/es\/lexus-e-iberdrola-se-unen-para-instalar-150-000-cargadores-electricos\/#primaryimage"},"thumbnailUrl":"https:\/\/i0.wp.com\/luxonomy.net\/wp-content\/uploads\/2021\/02\/cabecera_2020.07.26-Lexus-UX-Iberdrola-2b-Final.jpg?fit=1000%2C526&ssl=1","keywords":["Ecolujo","ecoluxury","Lexus"],"articleSection":["Motor","Sostenibilidad"],"inLanguage":"es","potentialAction":[{"@type":"CommentAction","name":"Comment","target":["https:\/\/luxonomy.net\/es\/lexus-e-iberdrola-se-unen-para-instalar-150-000-cargadores-electricos\/#respond"]}]},{"@type":"WebPage","@id":"https:\/\/luxonomy.net\/es\/lexus-e-iberdrola-se-unen-para-instalar-150-000-cargadores-electricos\/","url":"https:\/\/luxonomy.net\/es\/lexus-e-iberdrola-se-unen-para-instalar-150-000-cargadores-electricos\/","name":"Lexus e Iberdrola se unen para instalar 150.000 cargadores el\u00e9ctricos | LUXONOMY","isPartOf":{"@id":"https:\/\/luxonomy.net\/es\/#website"},"primaryImageOfPage":{"@id":"https:\/\/luxonomy.net\/es\/lexus-e-iberdrola-se-unen-para-instalar-150-000-cargadores-electricos\/#primaryimage"},"image":{"@id":"https:\/\/luxonomy.net\/es\/lexus-e-iberdrola-se-unen-para-instalar-150-000-cargadores-electricos\/#primaryimage"},"thumbnailUrl":"https:\/\/i0.wp.com\/luxonomy.net\/wp-content\/uploads\/2021\/02\/cabecera_2020.07.26-Lexus-UX-Iberdrola-2b-Final.jpg?fit=1000%2C526&ssl=1","datePublished":"2021-02-26T12:50:05+00:00","breadcrumb":{"@id":"https:\/\/luxonomy.net\/es\/lexus-e-iberdrola-se-unen-para-instalar-150-000-cargadores-electricos\/#breadcrumb"},"inLanguage":"es","potentialAction":[{"@type":"ReadAction","target":["https:\/\/luxonomy.net\/es\/lexus-e-iberdrola-se-unen-para-instalar-150-000-cargadores-electricos\/"]}]},{"@type":"ImageObject","inLanguage":"es","@id":"https:\/\/luxonomy.net\/es\/lexus-e-iberdrola-se-unen-para-instalar-150-000-cargadores-electricos\/#primaryimage","url":"https:\/\/i0.wp.com\/luxonomy.net\/wp-content\/uploads\/2021\/02\/cabecera_2020.07.26-Lexus-UX-Iberdrola-2b-Final.jpg?fit=1000%2C526&ssl=1","contentUrl":"https:\/\/i0.wp.com\/luxonomy.net\/wp-content\/uploads\/2021\/02\/cabecera_2020.07.26-Lexus-UX-Iberdrola-2b-Final.jpg?fit=1000%2C526&ssl=1","width":1000,"height":526},{"@type":"BreadcrumbList","@id":"https:\/\/luxonomy.net\/es\/lexus-e-iberdrola-se-unen-para-instalar-150-000-cargadores-electricos\/#breadcrumb","itemListElement":[{"@type":"ListItem","position":1,"name":"Portada","item":"https:\/\/luxonomy.net\/es\/"},{"@type":"ListItem","position":2,"name":"Lexus e Iberdrola se unen para instalar 150.000 cargadores el\u00e9ctricos"}]},{"@type":"WebSite","@id":"https:\/\/luxonomy.net\/es\/#website","url":"https:\/\/luxonomy.net\/es\/","name":"LUXONOMY","description":"The Economy of Fashion &amp; Luxury","publisher":{"@id":"https:\/\/luxonomy.net\/es\/#organization"},"potentialAction":[{"@type":"SearchAction","target":{"@type":"EntryPoint","urlTemplate":"https:\/\/luxonomy.net\/es\/?s={search_term_string}"},"query-input":{"@type":"PropertyValueSpecification","valueRequired":true,"valueName":"search_term_string"}}],"inLanguage":"es"},{"@type":"Organization","@id":"https:\/\/luxonomy.net\/es\/#organization","name":"LUXONOMY","url":"https:\/\/luxonomy.net\/es\/","logo":{"@type":"ImageObject","inLanguage":"es","@id":"https:\/\/luxonomy.net\/es\/#\/schema\/logo\/image\/","url":"https:\/\/i2.wp.com\/luxonomy.net\/wp-content\/uploads\/2021\/09\/MOCKUP-TODOS-LUXONOMY.jpg?fit=1000%2C515&ssl=1","contentUrl":"https:\/\/i2.wp.com\/luxonomy.net\/wp-content\/uploads\/2021\/09\/MOCKUP-TODOS-LUXONOMY.jpg?fit=1000%2C515&ssl=1","width":1000,"height":515,"caption":"LUXONOMY"},"image":{"@id":"https:\/\/luxonomy.net\/es\/#\/schema\/logo\/image\/"},"sameAs":["https:\/\/www.facebook.com\/luxonomy","https:\/\/www.instagram.com\/luxonomy\/","https:\/\/www.linkedin.com\/company\/luxonomy\/"]},{"@type":"Person","@id":"https:\/\/luxonomy.net\/es\/#\/schema\/person\/ca588d8b741a1fdd9065289c8d98ee8c","name":"LUXONOMY","image":{"@type":"ImageObject","inLanguage":"es","@id":"https:\/\/luxonomy.net\/wp-content\/litespeed\/avatar\/a6436cdb14fdaf9c21808e63d0da2055.jpg?ver=1788366758","url":"https:\/\/luxonomy.net\/wp-content\/litespeed\/avatar\/a6436cdb14fdaf9c21808e63d0da2055.jpg?ver=1788366758","contentUrl":"https:\/\/luxonomy.net\/wp-content\/litespeed\/avatar\/a6436cdb14fdaf9c21808e63d0da2055.jpg?ver=1788366758","caption":"LUXONOMY"},"sameAs":["https:\/"],"url":"https:\/\/luxonomy.net\/es\/author\/luxonomy\/"}]}},"jetpack_publicize_connections":[],"jetpack_shortlink":"https:\/\/wp.me\/paPhBa-3pF","jetpack_sharing_enabled":true,"jetpack_featured_media_url":"https:\/\/i0.wp.com\/luxonomy.net\/wp-content\/uploads\/2021\/02\/cabecera_2020.07.26-Lexus-UX-Iberdrola-2b-Final.jpg?fit=1000%2C526&ssl=1","_links":{"self":[{"href":"https:\/\/luxonomy.net\/es\/wp-json\/wp\/v2\/posts\/13123","targetHints":{"allow":["GET"]}}],"collection":[{"href":"https:\/\/luxonomy.net\/es\/wp-json\/wp\/v2\/posts"}],"about":[{"href":"https:\/\/luxonomy.net\/es\/wp-json\/wp\/v2\/types\/post"}],"author":[{"embeddable":true,"href":"https:\/\/luxonomy.net\/es\/wp-json\/wp\/v2\/users\/1"}],"replies":[{"embeddable":true,"href":"https:\/\/luxonomy.net\/es\/wp-json\/wp\/v2\/comments?post=13123"}],"version-history":[{"count":3,"href":"https:\/\/luxonomy.net\/es\/wp-json\/wp\/v2\/posts\/13123\/revisions"}],"predecessor-version":[{"id":13130,"href":"https:\/\/luxonomy.net\/es\/wp-json\/wp\/v2\/posts\/13123\/revisions\/13130"}],"wp:featuredmedia":[{"embeddable":true,"href":"https:\/\/luxonomy.net\/es\/wp-json\/wp\/v2\/media\/13124"}],"wp:attachment":[{"href":"https:\/\/luxonomy.net\/es\/wp-json\/wp\/v2\/media?parent=13123"}],"wp:term":[{"taxonomy":"category","embeddable":true,"href":"https:\/\/luxonomy.net\/es\/wp-json\/wp\/v2\/categories?post=13123"},{"taxonomy":"post_tag","embeddable":true,"href":"https:\/\/luxonomy.net\/es\/wp-json\/wp\/v2\/tags?post=13123"},{"taxonomy":"thb-sponsors","embeddable":true,"href":"https:\/\/luxonomy.net\/es\/wp-json\/wp\/v2\/thb-sponsors?post=13123"}],"curies":[{"name":"wp","href":"https:\/\/api.w.org\/{rel}","templated":true}]}}