{"id":12782,"date":"2021-01-07T20:00:54","date_gmt":"2021-01-07T19:00:54","guid":{"rendered":"https:\/?p=12782"},"modified":"2021-01-11T20:14:25","modified_gmt":"2021-01-11T19:14:25","slug":"lvmh-completa-la-adquisicion-de-tiffany-co","status":"publish","type":"post","link":"https:\/\/luxonomy.net\/es\/lvmh-completa-la-adquisicion-de-tiffany-co\/","title":{"rendered":"LVMH completa la adquisici\u00f3n de Tiffany &#038; Co."},"content":{"rendered":"<p><a href=\"https:\/la-guerra-de-lvmh-y-tiffany-por-una-compra-fracasada\/\"><strong>Tras meses de diversas complicaciones<\/strong><\/a>, hoy 7 de enero se ha completado el cierre de la operaci\u00f3n de LVMH con Tiffany &amp; Co. La adquisici\u00f3n de este ic\u00f3nico joyero estadounidense transformar\u00e1 profundamente la divisi\u00f3n de relojes y joyer\u00eda de LVMH y <strong>complementar\u00e1 las 75 firmas de LVMH<\/strong>.<\/p>\n<figure id=\"attachment_12783\" aria-describedby=\"caption-attachment-12783\" style=\"width: 1260px\" class=\"wp-caption aligncenter\"><img data-recalc-dims=\"1\" loading=\"lazy\" decoding=\"async\" data-attachment-id=\"12783\" data-permalink=\"https:\/\/luxonomy.net\/es\/lvmh-completa-la-adquisicion-de-tiffany-co\/arnault\/\" data-orig-file=\"https:\/\/i0.wp.com\/luxonomy.net\/wp-content\/uploads\/2021\/01\/arnault.jpeg?fit=1260%2C840&amp;ssl=1\" data-orig-size=\"1260,840\" data-comments-opened=\"1\" data-image-title=\"arnault\" data-image-description=\"&lt;p&gt;Bernard Arnault, presidente de LVMH&lt;\/p&gt;\n\" data-image-caption=\"&lt;p&gt;Bernard Arnault, presidente de LVMH&lt;\/p&gt;\n\" data-large-file=\"https:\/\/i0.wp.com\/luxonomy.net\/wp-content\/uploads\/2021\/01\/arnault.jpeg?fit=1024%2C683&amp;ssl=1\" class=\"size-full wp-image-12783\" src=\"https:\/\/i0.wp.com\/luxonomy.net\/wp-content\/uploads\/2021\/01\/arnault.jpeg?resize=1170%2C780\" alt=\"\" width=\"1170\" height=\"780\" srcset=\"https:\/\/i0.wp.com\/luxonomy.net\/wp-content\/uploads\/2021\/01\/arnault.jpeg?w=1260&amp;ssl=1 1260w, https:\/\/i0.wp.com\/luxonomy.net\/wp-content\/uploads\/2021\/01\/arnault.jpeg?resize=300%2C200&amp;ssl=1 300w, https:\/\/i0.wp.com\/luxonomy.net\/wp-content\/uploads\/2021\/01\/arnault.jpeg?resize=1024%2C683&amp;ssl=1 1024w, https:\/\/i0.wp.com\/luxonomy.net\/wp-content\/uploads\/2021\/01\/arnault.jpeg?resize=768%2C512&amp;ssl=1 768w, https:\/\/i0.wp.com\/luxonomy.net\/wp-content\/uploads\/2021\/01\/arnault.jpeg?resize=370%2C247&amp;ssl=1 370w, https:\/\/i0.wp.com\/luxonomy.net\/wp-content\/uploads\/2021\/01\/arnault.jpeg?resize=800%2C533&amp;ssl=1 800w, https:\/\/i0.wp.com\/luxonomy.net\/wp-content\/uploads\/2021\/01\/arnault.jpeg?resize=20%2C13&amp;ssl=1 20w, https:\/\/i0.wp.com\/luxonomy.net\/wp-content\/uploads\/2021\/01\/arnault.jpeg?resize=185%2C123&amp;ssl=1 185w, https:\/\/i0.wp.com\/luxonomy.net\/wp-content\/uploads\/2021\/01\/arnault.jpeg?resize=740%2C493&amp;ssl=1 740w, https:\/\/i0.wp.com\/luxonomy.net\/wp-content\/uploads\/2021\/01\/arnault.jpeg?resize=400%2C267&amp;ssl=1 400w, https:\/\/i0.wp.com\/luxonomy.net\/wp-content\/uploads\/2021\/01\/arnault.jpeg?resize=600%2C400&amp;ssl=1 600w, https:\/\/i0.wp.com\/luxonomy.net\/wp-content\/uploads\/2021\/01\/arnault.jpeg?resize=72%2C48&amp;ssl=1 72w\" sizes=\"auto, (max-width: 1170px) 100vw, 1170px\" \/><figcaption id=\"caption-attachment-12783\" class=\"wp-caption-text\">Bernard Arnault, presidente de LVMH<\/figcaption><\/figure>\n<p><strong>Bernard Arnault<\/strong>, presidente y director ejecutivo de LVMH, ha indicado:<\/p>\n<blockquote><p><em>\u201cMe complace dar la bienvenida a Tiffany ya todos sus talentosos empleados en nuestro Grupo. Tiffany es una marca ic\u00f3nica y un emblema por excelencia del sector mundial de la joyer\u00eda. Estamos comprometidos en apoyar a Tiffany, una marca que es sin\u00f3nimo de amor y cuya Blue Box es venerada en todo el mundo, con la misma dedicaci\u00f3n y pasi\u00f3n que hemos aplicado a cada una de nuestras prestigiosas Maisons a lo largo de los a\u00f1os. Somos optimistas sobre la capacidad de Tiffany para acelerar su crecimiento, innovar y permanecer a la vanguardia de los logros y recuerdos de vida m\u00e1s preciados de nuestros clientes m\u00e1s exigentes. Me gustar\u00eda agradecer a Alessandro Bogliolo y su equipo por su dedicaci\u00f3n a Tiffany y su trabajo durante los \u00faltimos tres a\u00f1os, especialmente durante este per\u00edodo desafiante &#8220;.<\/em><\/p><\/blockquote>\n<h3>Liderazgo ejecutivo de Tiffany<\/h3>\n<p>Junto con el cierre de la transacci\u00f3n, LVMH ha anunciado varios <strong>nombramientos<\/strong>\u00a0en Tiffany:<\/p><div id=\"luxon-917619963\" class=\"luxon-3er-parrafo luxon-entity-placement\" style=\"margin-top: 20px;margin-bottom: 20px;margin-left: auto;margin-right: auto;text-align: center;\"><a href=\"https:\/\/luxonomy.university\/course\/master-turismo-de-lujo\" target=\"_blank\" aria-label=\"master-turismo-lujo-2026-2027\"><img loading=\"lazy\" decoding=\"async\" src=\"https:\/\/i0.wp.com\/luxonomy.net\/wp-content\/uploads\/2020\/07\/master-turismo-lujo-2026-2027.jpg?fit=1672%2C941&#038;ssl=1\" alt=\"\"  srcset=\"https:\/\/i0.wp.com\/luxonomy.net\/wp-content\/uploads\/2020\/07\/master-turismo-lujo-2026-2027.jpg?w=1672&ssl=1 1672w, https:\/\/i0.wp.com\/luxonomy.net\/wp-content\/uploads\/2020\/07\/master-turismo-lujo-2026-2027.jpg?resize=300%2C169&ssl=1 300w, https:\/\/i0.wp.com\/luxonomy.net\/wp-content\/uploads\/2020\/07\/master-turismo-lujo-2026-2027.jpg?resize=1024%2C576&ssl=1 1024w, https:\/\/i0.wp.com\/luxonomy.net\/wp-content\/uploads\/2020\/07\/master-turismo-lujo-2026-2027.jpg?resize=768%2C432&ssl=1 768w, https:\/\/i0.wp.com\/luxonomy.net\/wp-content\/uploads\/2020\/07\/master-turismo-lujo-2026-2027.jpg?resize=1536%2C864&ssl=1 1536w, https:\/\/i0.wp.com\/luxonomy.net\/wp-content\/uploads\/2020\/07\/master-turismo-lujo-2026-2027.jpg?resize=370%2C208&ssl=1 370w, https:\/\/i0.wp.com\/luxonomy.net\/wp-content\/uploads\/2020\/07\/master-turismo-lujo-2026-2027.jpg?resize=800%2C450&ssl=1 800w, https:\/\/i0.wp.com\/luxonomy.net\/wp-content\/uploads\/2020\/07\/master-turismo-lujo-2026-2027.jpg?resize=20%2C11&ssl=1 20w, https:\/\/i0.wp.com\/luxonomy.net\/wp-content\/uploads\/2020\/07\/master-turismo-lujo-2026-2027.jpg?resize=740%2C416&ssl=1 740w, https:\/\/i0.wp.com\/luxonomy.net\/wp-content\/uploads\/2020\/07\/master-turismo-lujo-2026-2027.jpg?resize=1600%2C900&ssl=1 1600w, https:\/\/i0.wp.com\/luxonomy.net\/wp-content\/uploads\/2020\/07\/master-turismo-lujo-2026-2027.jpg?resize=1200%2C675&ssl=1 1200w, https:\/\/i0.wp.com\/luxonomy.net\/wp-content\/uploads\/2020\/07\/master-turismo-lujo-2026-2027.jpg?resize=85%2C48&ssl=1 85w\" sizes=\"(max-width: 1170px) 100vw, 1170px\" class=\"no-lazyload\" width=\"1672\" height=\"941\"   \/><\/a><\/div>\n<p><strong>Anthony Ledru<\/strong>, anteriormente Vicepresidente Ejecutivo de Actividades Comerciales Globales en Louis Vuitton y anteriormente Vicepresidente Senior de Norteam\u00e9rica en Tiffany, se convierte en Director Ejecutivo de Tiffany, con efecto inmediato.<\/p>\n<p><strong>Alexandre Arnault<\/strong>, anteriormente director ejecutivo de la empresa de equipaje de alta calidad RIMOWA, se convierte en vicepresidente ejecutivo de productos y comunicaciones de Tiffany, con efecto inmediato.<\/p>\n<p><strong>Michael Burke<\/strong>, presidente y director ejecutivo de Louis Vuitton, se convertir\u00e1 en presidente de la junta directiva de Tiffany.<\/p>\n<h3>Transiciones de liderazgo<\/h3>\n<p><strong>Alessandro Bogliolo<\/strong>, el actual director ejecutivo de Tiffany, ha acordado permanecer en la compa\u00f1\u00eda para facilitar la transici\u00f3n hasta el 22 de enero de 2021, despu\u00e9s de lo cual dejar\u00e1 la compa\u00f1\u00eda.<\/p><div id=\"luxon-2021246240\" class=\"luxon-7-parrafo luxon-entity-placement\" style=\"margin-top: 20px;margin-bottom: 20px;margin-left: auto;margin-right: auto;text-align: center;\"><a href=\"https:\/\/theintelligence.institute\/course\/inteligencia-artificial-para-directivos\" target=\"_blank\" aria-label=\"CSIAD_empresas_THEI_horizontal_4x3_v5\"><img loading=\"lazy\" decoding=\"async\" src=\"https:\/\/i0.wp.com\/luxonomy.net\/wp-content\/uploads\/2025\/08\/CSIAD_empresas_THEI_horizontal_4x3_v5.png?fit=2000%2C1500&#038;ssl=1\" alt=\"\"  srcset=\"https:\/\/i0.wp.com\/luxonomy.net\/wp-content\/uploads\/2025\/08\/CSIAD_empresas_THEI_horizontal_4x3_v5.png?w=2000&ssl=1 2000w, https:\/\/i0.wp.com\/luxonomy.net\/wp-content\/uploads\/2025\/08\/CSIAD_empresas_THEI_horizontal_4x3_v5.png?resize=300%2C225&ssl=1 300w, https:\/\/i0.wp.com\/luxonomy.net\/wp-content\/uploads\/2025\/08\/CSIAD_empresas_THEI_horizontal_4x3_v5.png?resize=1024%2C768&ssl=1 1024w, https:\/\/i0.wp.com\/luxonomy.net\/wp-content\/uploads\/2025\/08\/CSIAD_empresas_THEI_horizontal_4x3_v5.png?resize=768%2C576&ssl=1 768w, https:\/\/i0.wp.com\/luxonomy.net\/wp-content\/uploads\/2025\/08\/CSIAD_empresas_THEI_horizontal_4x3_v5.png?resize=1536%2C1152&ssl=1 1536w, https:\/\/i0.wp.com\/luxonomy.net\/wp-content\/uploads\/2025\/08\/CSIAD_empresas_THEI_horizontal_4x3_v5.png?resize=370%2C278&ssl=1 370w, https:\/\/i0.wp.com\/luxonomy.net\/wp-content\/uploads\/2025\/08\/CSIAD_empresas_THEI_horizontal_4x3_v5.png?resize=800%2C600&ssl=1 800w, https:\/\/i0.wp.com\/luxonomy.net\/wp-content\/uploads\/2025\/08\/CSIAD_empresas_THEI_horizontal_4x3_v5.png?resize=20%2C15&ssl=1 20w, https:\/\/i0.wp.com\/luxonomy.net\/wp-content\/uploads\/2025\/08\/CSIAD_empresas_THEI_horizontal_4x3_v5.png?resize=740%2C555&ssl=1 740w, https:\/\/i0.wp.com\/luxonomy.net\/wp-content\/uploads\/2025\/08\/CSIAD_empresas_THEI_horizontal_4x3_v5.png?resize=1600%2C1200&ssl=1 1600w, https:\/\/i0.wp.com\/luxonomy.net\/wp-content\/uploads\/2025\/08\/CSIAD_empresas_THEI_horizontal_4x3_v5.png?resize=1200%2C900&ssl=1 1200w, https:\/\/i0.wp.com\/luxonomy.net\/wp-content\/uploads\/2025\/08\/CSIAD_empresas_THEI_horizontal_4x3_v5.png?resize=64%2C48&ssl=1 64w\" sizes=\"(max-width: 1170px) 100vw, 1170px\" class=\"no-lazyload\" width=\"2000\" height=\"1500\"   \/><\/a><\/div>\n<p><strong>Reed Krakoff<\/strong>, director art\u00edstico jefe, y <strong>Daniella Vitale<\/strong>, vicepresidenta ejecutiva y directora de marca de Tiffany, dejar\u00e1n Tiffany despu\u00e9s de una breve transici\u00f3n de responsabilidades.<\/p>\n<p><strong>Anthony Ledru<\/strong>, director ejecutivo de Tiffany, ha afirmado:<\/p>\n<blockquote><p><em>\u201cEstoy encantado de volver a unirme a Tiffany, la marca de lujo estadounidense m\u00e1s ic\u00f3nica que he admirado durante mucho tiempo. La inclusividad y el optimismo sobre los que se fund\u00f3 Tiffany resuenan ahora m\u00e1s que nunca. Tambi\u00e9n vuelvo a una Maison que est\u00e1 a la vanguardia de los est\u00e1ndares ambientales y de abastecimiento en su industria. De cara al futuro, tengo una profunda confianza en el compromiso de LVMH de proteger la marca, impulsar su estrategia de crecimiento y aplicar los m\u00e1s altos est\u00e1ndares de excelencia minorista a Tiffany. El potencial que tenemos por delante es ilimitado y espero escribir este pr\u00f3ximo cap\u00edtulo profundamente prometedor, junto con los 14.000 empleados de Tiffany en todo el mundo &#8220;.<\/em><\/p><\/blockquote>\n<p><strong>Alessandro Bogliolo<\/strong>, ex director ejecutivo de Tiffany, ha comentado:<\/p>\n<blockquote><p><em>\u201cMe siento honrado de haber liderado a Tiffany como una empresa p\u00fablica y haber contribuido con un equipo tan talentoso a fortalecer a\u00fan m\u00e1s la posici\u00f3n ic\u00f3nica de Tiffany. Gracias al arduo trabajo y compromiso de todos los miembros de nuestro equipo, Tiffany est\u00e1 en una posici\u00f3n ideal para continuar su crecimiento. Tambi\u00e9n me gustar\u00eda aprovechar este momento para agradecer a Reed y Daniella por haber liderado la visi\u00f3n creativa, la direcci\u00f3n digital y de marketing de la empresa. Todos podemos estar orgullosos de lo que logramos juntos durante los \u00faltimos tres a\u00f1os y estoy convencido de que Tiffany prosperar\u00e1 bajo el liderazgo de LVMH. Espero asegurar una transici\u00f3n sin problemas para Anthony y su equipo y le deseo a \u00e9l y a toda la comunidad de Tiffany el \u00e9xito continuo en los pr\u00f3ximos a\u00f1os &#8220;.<\/em><\/p><\/blockquote>\n","protected":false},"excerpt":{"rendered":"<p>Tras meses de diversas complicaciones, hoy 7 de enero se ha completado el cierre de la operaci\u00f3n de LVMH con Tiffany &amp; Co. La adquisici\u00f3n de este ic\u00f3nico joyero estadounidense transformar\u00e1 profundamente la divisi\u00f3n de relojes y joyer\u00eda de LVMH y complementar\u00e1 las 75 firmas de LVMH. Bernard Arnault, presidente y director ejecutivo de LVMH,&hellip;<\/p>\n","protected":false},"author":1,"featured_media":12783,"comment_status":"open","ping_status":"open","sticky":false,"template":"","format":"standard","meta":{"_jetpack_newsletter_access":"","_jetpack_dont_email_post_to_subs":false,"_jetpack_newsletter_tier_id":0,"_jetpack_memberships_contains_paywalled_content":false,"_jetpack_feature_clip_id":0,"_jetpack_memberships_contains_paid_content":false,"footnotes":"","jetpack_publicize_message":"LVMH completa la adquisici\u00f3n de Tiffany & Co.\r\n-Tras meses de diversas complicaciones, hoy 7 de enero se ha completado el cierre de la operaci\u00f3n de LVMH con Tiffany & Co. \r\n-La adquisici\u00f3n de este ic\u00f3nico joyero estadounidense transformar\u00e1 profundamente la divisi\u00f3n de relojes y joyer\u00eda de LVMH y complementar\u00e1 las 75 firmas de LVMH.","jetpack_publicize_feature_enabled":true,"jetpack_social_post_already_shared":true,"jetpack_social_options":{"image_generator_settings":{"template":"edge","default_image_id":0,"font":"","enabled":false},"version":2},"jetpack_post_was_ever_published":false},"categories":[505],"tags":[585,679],"thb-sponsors":[],"class_list":["post-12782","post","type-post","status-publish","format-standard","has-post-thumbnail","hentry","category-sin-categorizar","tag-lvmh","tag-tiffany"],"yoast_head":"<!-- This site is optimized with the Yoast SEO plugin v28.4 - https:\/\/yoast.com\/product\/yoast-seo-wordpress\/ -->\n<title>LVMH completa la adquisici\u00f3n de Tiffany &amp; Co. | LUXONOMY<\/title>\n<meta name=\"robots\" content=\"index, follow, max-snippet:-1, max-image-preview:large, max-video-preview:-1\" \/>\n<link rel=\"canonical\" href=\"https:\/\/luxonomy.net\/es\/lvmh-completa-la-adquisicion-de-tiffany-co\/\" \/>\n<meta property=\"og:locale\" content=\"es_ES\" \/>\n<meta property=\"og:type\" content=\"article\" \/>\n<meta property=\"og:title\" content=\"LVMH completa la adquisici\u00f3n de Tiffany &amp; Co. | LUXONOMY\" \/>\n<meta property=\"og:description\" content=\"Tras meses de diversas complicaciones, hoy 7 de enero se ha completado el cierre de la operaci\u00f3n de LVMH con Tiffany &amp; Co. La adquisici\u00f3n de este ic\u00f3nico joyero estadounidense transformar\u00e1 profundamente la divisi\u00f3n de relojes y joyer\u00eda de LVMH y complementar\u00e1 las 75 firmas de LVMH. Bernard Arnault, presidente y director ejecutivo de LVMH,&hellip;\" \/>\n<meta property=\"og:url\" content=\"https:\/\/luxonomy.net\/es\/lvmh-completa-la-adquisicion-de-tiffany-co\/\" \/>\n<meta property=\"og:site_name\" content=\"LUXONOMY\" \/>\n<meta property=\"article:publisher\" content=\"https:\/\/www.facebook.com\/luxonomy\" \/>\n<meta property=\"article:published_time\" content=\"2021-01-07T19:00:54+00:00\" \/>\n<meta property=\"article:modified_time\" content=\"2021-01-11T19:14:25+00:00\" \/>\n<meta property=\"og:image\" content=\"https:\/\/i0.wp.com\/luxonomy.net\/wp-content\/uploads\/2021\/01\/arnault.jpeg?fit=1260%2C840&quality=89&ssl=1\" \/>\n\t<meta property=\"og:image:width\" content=\"1260\" \/>\n\t<meta property=\"og:image:height\" content=\"840\" \/>\n\t<meta property=\"og:image:type\" content=\"image\/jpeg\" \/>\n<meta name=\"author\" content=\"LUXONOMY\" \/>\n<meta name=\"twitter:card\" content=\"summary_large_image\" \/>\n<meta name=\"twitter:label1\" content=\"Escrito por\" \/>\n\t<meta name=\"twitter:data1\" content=\"LUXONOMY\" \/>\n\t<meta name=\"twitter:label2\" content=\"Tiempo de lectura\" \/>\n\t<meta name=\"twitter:data2\" content=\"3 minutos\" \/>\n<script type=\"application\/ld+json\" class=\"yoast-schema-graph\">{\"@context\":\"https:\\\/\\\/schema.org\",\"@graph\":[{\"@type\":\"Article\",\"@id\":\"https:\\\/\\\/luxonomy.net\\\/es\\\/lvmh-completa-la-adquisicion-de-tiffany-co\\\/#article\",\"isPartOf\":{\"@id\":\"https:\\\/\\\/luxonomy.net\\\/es\\\/lvmh-completa-la-adquisicion-de-tiffany-co\\\/\"},\"author\":{\"name\":\"LUXONOMY\",\"@id\":\"https:\\\/\\\/luxonomy.net\\\/es\\\/#\\\/schema\\\/person\\\/ca588d8b741a1fdd9065289c8d98ee8c\"},\"headline\":\"LVMH completa la adquisici\u00f3n de Tiffany &#038; Co.\",\"datePublished\":\"2021-01-07T19:00:54+00:00\",\"dateModified\":\"2021-01-11T19:14:25+00:00\",\"mainEntityOfPage\":{\"@id\":\"https:\\\/\\\/luxonomy.net\\\/es\\\/lvmh-completa-la-adquisicion-de-tiffany-co\\\/\"},\"wordCount\":680,\"commentCount\":0,\"publisher\":{\"@id\":\"https:\\\/\\\/luxonomy.net\\\/es\\\/#organization\"},\"image\":{\"@id\":\"https:\\\/\\\/luxonomy.net\\\/es\\\/lvmh-completa-la-adquisicion-de-tiffany-co\\\/#primaryimage\"},\"thumbnailUrl\":\"https:\\\/\\\/i0.wp.com\\\/luxonomy.net\\\/wp-content\\\/uploads\\\/2021\\\/01\\\/arnault.jpeg?fit=1260%2C840&ssl=1\",\"keywords\":[\"LVMH\",\"Tiffany\"],\"articleSection\":[\"Sin categorizar\"],\"inLanguage\":\"es\",\"potentialAction\":[{\"@type\":\"CommentAction\",\"name\":\"Comment\",\"target\":[\"https:\\\/\\\/luxonomy.net\\\/es\\\/lvmh-completa-la-adquisicion-de-tiffany-co\\\/#respond\"]}]},{\"@type\":\"WebPage\",\"@id\":\"https:\\\/\\\/luxonomy.net\\\/es\\\/lvmh-completa-la-adquisicion-de-tiffany-co\\\/\",\"url\":\"https:\\\/\\\/luxonomy.net\\\/es\\\/lvmh-completa-la-adquisicion-de-tiffany-co\\\/\",\"name\":\"LVMH completa la adquisici\u00f3n de Tiffany & Co. | LUXONOMY\",\"isPartOf\":{\"@id\":\"https:\\\/\\\/luxonomy.net\\\/es\\\/#website\"},\"primaryImageOfPage\":{\"@id\":\"https:\\\/\\\/luxonomy.net\\\/es\\\/lvmh-completa-la-adquisicion-de-tiffany-co\\\/#primaryimage\"},\"image\":{\"@id\":\"https:\\\/\\\/luxonomy.net\\\/es\\\/lvmh-completa-la-adquisicion-de-tiffany-co\\\/#primaryimage\"},\"thumbnailUrl\":\"https:\\\/\\\/i0.wp.com\\\/luxonomy.net\\\/wp-content\\\/uploads\\\/2021\\\/01\\\/arnault.jpeg?fit=1260%2C840&ssl=1\",\"datePublished\":\"2021-01-07T19:00:54+00:00\",\"dateModified\":\"2021-01-11T19:14:25+00:00\",\"breadcrumb\":{\"@id\":\"https:\\\/\\\/luxonomy.net\\\/es\\\/lvmh-completa-la-adquisicion-de-tiffany-co\\\/#breadcrumb\"},\"inLanguage\":\"es\",\"potentialAction\":[{\"@type\":\"ReadAction\",\"target\":[\"https:\\\/\\\/luxonomy.net\\\/es\\\/lvmh-completa-la-adquisicion-de-tiffany-co\\\/\"]}]},{\"@type\":\"ImageObject\",\"inLanguage\":\"es\",\"@id\":\"https:\\\/\\\/luxonomy.net\\\/es\\\/lvmh-completa-la-adquisicion-de-tiffany-co\\\/#primaryimage\",\"url\":\"https:\\\/\\\/i0.wp.com\\\/luxonomy.net\\\/wp-content\\\/uploads\\\/2021\\\/01\\\/arnault.jpeg?fit=1260%2C840&ssl=1\",\"contentUrl\":\"https:\\\/\\\/i0.wp.com\\\/luxonomy.net\\\/wp-content\\\/uploads\\\/2021\\\/01\\\/arnault.jpeg?fit=1260%2C840&ssl=1\",\"width\":1260,\"height\":840,\"caption\":\"Bernard Arnault, presidente de LVMH\"},{\"@type\":\"BreadcrumbList\",\"@id\":\"https:\\\/\\\/luxonomy.net\\\/es\\\/lvmh-completa-la-adquisicion-de-tiffany-co\\\/#breadcrumb\",\"itemListElement\":[{\"@type\":\"ListItem\",\"position\":1,\"name\":\"Portada\",\"item\":\"https:\\\/\\\/luxonomy.net\\\/es\\\/\"},{\"@type\":\"ListItem\",\"position\":2,\"name\":\"LVMH completa la adquisici\u00f3n de Tiffany &#038; Co.\"}]},{\"@type\":\"WebSite\",\"@id\":\"https:\\\/\\\/luxonomy.net\\\/es\\\/#website\",\"url\":\"https:\\\/\\\/luxonomy.net\\\/es\\\/\",\"name\":\"LUXONOMY\",\"description\":\"The Economy of Fashion &amp; Luxury\",\"publisher\":{\"@id\":\"https:\\\/\\\/luxonomy.net\\\/es\\\/#organization\"},\"potentialAction\":[{\"@type\":\"SearchAction\",\"target\":{\"@type\":\"EntryPoint\",\"urlTemplate\":\"https:\\\/\\\/luxonomy.net\\\/es\\\/?s={search_term_string}\"},\"query-input\":{\"@type\":\"PropertyValueSpecification\",\"valueRequired\":true,\"valueName\":\"search_term_string\"}}],\"inLanguage\":\"es\"},{\"@type\":\"Organization\",\"@id\":\"https:\\\/\\\/luxonomy.net\\\/es\\\/#organization\",\"name\":\"LUXONOMY\",\"url\":\"https:\\\/\\\/luxonomy.net\\\/es\\\/\",\"logo\":{\"@type\":\"ImageObject\",\"inLanguage\":\"es\",\"@id\":\"https:\\\/\\\/luxonomy.net\\\/es\\\/#\\\/schema\\\/logo\\\/image\\\/\",\"url\":\"https:\\\/\\\/i2.wp.com\\\/luxonomy.net\\\/wp-content\\\/uploads\\\/2021\\\/09\\\/MOCKUP-TODOS-LUXONOMY.jpg?fit=1000%2C515&ssl=1\",\"contentUrl\":\"https:\\\/\\\/i2.wp.com\\\/luxonomy.net\\\/wp-content\\\/uploads\\\/2021\\\/09\\\/MOCKUP-TODOS-LUXONOMY.jpg?fit=1000%2C515&ssl=1\",\"width\":1000,\"height\":515,\"caption\":\"LUXONOMY\"},\"image\":{\"@id\":\"https:\\\/\\\/luxonomy.net\\\/es\\\/#\\\/schema\\\/logo\\\/image\\\/\"},\"sameAs\":[\"https:\\\/\\\/www.facebook.com\\\/luxonomy\",\"https:\\\/\\\/www.instagram.com\\\/luxonomy\\\/\",\"https:\\\/\\\/www.linkedin.com\\\/company\\\/luxonomy\\\/\"]},{\"@type\":\"Person\",\"@id\":\"https:\\\/\\\/luxonomy.net\\\/es\\\/#\\\/schema\\\/person\\\/ca588d8b741a1fdd9065289c8d98ee8c\",\"name\":\"LUXONOMY\",\"image\":{\"@type\":\"ImageObject\",\"inLanguage\":\"es\",\"@id\":\"https:\\\/\\\/luxonomy.net\\\/wp-content\\\/litespeed\\\/avatar\\\/a6436cdb14fdaf9c21808e63d0da2055.jpg?ver=1788366758\",\"url\":\"https:\\\/\\\/luxonomy.net\\\/wp-content\\\/litespeed\\\/avatar\\\/a6436cdb14fdaf9c21808e63d0da2055.jpg?ver=1788366758\",\"contentUrl\":\"https:\\\/\\\/luxonomy.net\\\/wp-content\\\/litespeed\\\/avatar\\\/a6436cdb14fdaf9c21808e63d0da2055.jpg?ver=1788366758\",\"caption\":\"LUXONOMY\"},\"sameAs\":[\"https:\\\/\"],\"url\":\"https:\\\/\\\/luxonomy.net\\\/es\\\/author\\\/luxonomy\\\/\"}]}<\/script>\n<!-- \/ Yoast SEO plugin. -->","yoast_head_json":{"title":"LVMH completa la adquisici\u00f3n de Tiffany & Co. | LUXONOMY","robots":{"index":"index","follow":"follow","max-snippet":"max-snippet:-1","max-image-preview":"max-image-preview:large","max-video-preview":"max-video-preview:-1"},"canonical":"https:\/\/luxonomy.net\/es\/lvmh-completa-la-adquisicion-de-tiffany-co\/","og_locale":"es_ES","og_type":"article","og_title":"LVMH completa la adquisici\u00f3n de Tiffany & Co. | LUXONOMY","og_description":"Tras meses de diversas complicaciones, hoy 7 de enero se ha completado el cierre de la operaci\u00f3n de LVMH con Tiffany &amp; Co. La adquisici\u00f3n de este ic\u00f3nico joyero estadounidense transformar\u00e1 profundamente la divisi\u00f3n de relojes y joyer\u00eda de LVMH y complementar\u00e1 las 75 firmas de LVMH. Bernard Arnault, presidente y director ejecutivo de LVMH,&hellip;","og_url":"https:\/\/luxonomy.net\/es\/lvmh-completa-la-adquisicion-de-tiffany-co\/","og_site_name":"LUXONOMY","article_publisher":"https:\/\/www.facebook.com\/luxonomy","article_published_time":"2021-01-07T19:00:54+00:00","article_modified_time":"2021-01-11T19:14:25+00:00","og_image":[{"width":1260,"height":840,"url":"https:\/\/i0.wp.com\/luxonomy.net\/wp-content\/uploads\/2021\/01\/arnault.jpeg?fit=1260%2C840&quality=89&ssl=1","type":"image\/jpeg"}],"author":"LUXONOMY","twitter_card":"summary_large_image","twitter_misc":{"Escrito por":"LUXONOMY","Tiempo de lectura":"3 minutos"},"schema":{"@context":"https:\/\/schema.org","@graph":[{"@type":"Article","@id":"https:\/\/luxonomy.net\/es\/lvmh-completa-la-adquisicion-de-tiffany-co\/#article","isPartOf":{"@id":"https:\/\/luxonomy.net\/es\/lvmh-completa-la-adquisicion-de-tiffany-co\/"},"author":{"name":"LUXONOMY","@id":"https:\/\/luxonomy.net\/es\/#\/schema\/person\/ca588d8b741a1fdd9065289c8d98ee8c"},"headline":"LVMH completa la adquisici\u00f3n de Tiffany &#038; Co.","datePublished":"2021-01-07T19:00:54+00:00","dateModified":"2021-01-11T19:14:25+00:00","mainEntityOfPage":{"@id":"https:\/\/luxonomy.net\/es\/lvmh-completa-la-adquisicion-de-tiffany-co\/"},"wordCount":680,"commentCount":0,"publisher":{"@id":"https:\/\/luxonomy.net\/es\/#organization"},"image":{"@id":"https:\/\/luxonomy.net\/es\/lvmh-completa-la-adquisicion-de-tiffany-co\/#primaryimage"},"thumbnailUrl":"https:\/\/i0.wp.com\/luxonomy.net\/wp-content\/uploads\/2021\/01\/arnault.jpeg?fit=1260%2C840&ssl=1","keywords":["LVMH","Tiffany"],"articleSection":["Sin categorizar"],"inLanguage":"es","potentialAction":[{"@type":"CommentAction","name":"Comment","target":["https:\/\/luxonomy.net\/es\/lvmh-completa-la-adquisicion-de-tiffany-co\/#respond"]}]},{"@type":"WebPage","@id":"https:\/\/luxonomy.net\/es\/lvmh-completa-la-adquisicion-de-tiffany-co\/","url":"https:\/\/luxonomy.net\/es\/lvmh-completa-la-adquisicion-de-tiffany-co\/","name":"LVMH completa la adquisici\u00f3n de Tiffany & Co. | LUXONOMY","isPartOf":{"@id":"https:\/\/luxonomy.net\/es\/#website"},"primaryImageOfPage":{"@id":"https:\/\/luxonomy.net\/es\/lvmh-completa-la-adquisicion-de-tiffany-co\/#primaryimage"},"image":{"@id":"https:\/\/luxonomy.net\/es\/lvmh-completa-la-adquisicion-de-tiffany-co\/#primaryimage"},"thumbnailUrl":"https:\/\/i0.wp.com\/luxonomy.net\/wp-content\/uploads\/2021\/01\/arnault.jpeg?fit=1260%2C840&ssl=1","datePublished":"2021-01-07T19:00:54+00:00","dateModified":"2021-01-11T19:14:25+00:00","breadcrumb":{"@id":"https:\/\/luxonomy.net\/es\/lvmh-completa-la-adquisicion-de-tiffany-co\/#breadcrumb"},"inLanguage":"es","potentialAction":[{"@type":"ReadAction","target":["https:\/\/luxonomy.net\/es\/lvmh-completa-la-adquisicion-de-tiffany-co\/"]}]},{"@type":"ImageObject","inLanguage":"es","@id":"https:\/\/luxonomy.net\/es\/lvmh-completa-la-adquisicion-de-tiffany-co\/#primaryimage","url":"https:\/\/i0.wp.com\/luxonomy.net\/wp-content\/uploads\/2021\/01\/arnault.jpeg?fit=1260%2C840&ssl=1","contentUrl":"https:\/\/i0.wp.com\/luxonomy.net\/wp-content\/uploads\/2021\/01\/arnault.jpeg?fit=1260%2C840&ssl=1","width":1260,"height":840,"caption":"Bernard Arnault, presidente de LVMH"},{"@type":"BreadcrumbList","@id":"https:\/\/luxonomy.net\/es\/lvmh-completa-la-adquisicion-de-tiffany-co\/#breadcrumb","itemListElement":[{"@type":"ListItem","position":1,"name":"Portada","item":"https:\/\/luxonomy.net\/es\/"},{"@type":"ListItem","position":2,"name":"LVMH completa la adquisici\u00f3n de Tiffany &#038; Co."}]},{"@type":"WebSite","@id":"https:\/\/luxonomy.net\/es\/#website","url":"https:\/\/luxonomy.net\/es\/","name":"LUXONOMY","description":"The Economy of Fashion &amp; Luxury","publisher":{"@id":"https:\/\/luxonomy.net\/es\/#organization"},"potentialAction":[{"@type":"SearchAction","target":{"@type":"EntryPoint","urlTemplate":"https:\/\/luxonomy.net\/es\/?s={search_term_string}"},"query-input":{"@type":"PropertyValueSpecification","valueRequired":true,"valueName":"search_term_string"}}],"inLanguage":"es"},{"@type":"Organization","@id":"https:\/\/luxonomy.net\/es\/#organization","name":"LUXONOMY","url":"https:\/\/luxonomy.net\/es\/","logo":{"@type":"ImageObject","inLanguage":"es","@id":"https:\/\/luxonomy.net\/es\/#\/schema\/logo\/image\/","url":"https:\/\/i2.wp.com\/luxonomy.net\/wp-content\/uploads\/2021\/09\/MOCKUP-TODOS-LUXONOMY.jpg?fit=1000%2C515&ssl=1","contentUrl":"https:\/\/i2.wp.com\/luxonomy.net\/wp-content\/uploads\/2021\/09\/MOCKUP-TODOS-LUXONOMY.jpg?fit=1000%2C515&ssl=1","width":1000,"height":515,"caption":"LUXONOMY"},"image":{"@id":"https:\/\/luxonomy.net\/es\/#\/schema\/logo\/image\/"},"sameAs":["https:\/\/www.facebook.com\/luxonomy","https:\/\/www.instagram.com\/luxonomy\/","https:\/\/www.linkedin.com\/company\/luxonomy\/"]},{"@type":"Person","@id":"https:\/\/luxonomy.net\/es\/#\/schema\/person\/ca588d8b741a1fdd9065289c8d98ee8c","name":"LUXONOMY","image":{"@type":"ImageObject","inLanguage":"es","@id":"https:\/\/luxonomy.net\/wp-content\/litespeed\/avatar\/a6436cdb14fdaf9c21808e63d0da2055.jpg?ver=1788366758","url":"https:\/\/luxonomy.net\/wp-content\/litespeed\/avatar\/a6436cdb14fdaf9c21808e63d0da2055.jpg?ver=1788366758","contentUrl":"https:\/\/luxonomy.net\/wp-content\/litespeed\/avatar\/a6436cdb14fdaf9c21808e63d0da2055.jpg?ver=1788366758","caption":"LUXONOMY"},"sameAs":["https:\/"],"url":"https:\/\/luxonomy.net\/es\/author\/luxonomy\/"}]}},"jetpack_publicize_connections":[],"jetpack_shortlink":"https:\/\/wp.me\/paPhBa-3ka","jetpack_sharing_enabled":true,"jetpack_featured_media_url":"https:\/\/i0.wp.com\/luxonomy.net\/wp-content\/uploads\/2021\/01\/arnault.jpeg?fit=1260%2C840&ssl=1","_links":{"self":[{"href":"https:\/\/luxonomy.net\/es\/wp-json\/wp\/v2\/posts\/12782","targetHints":{"allow":["GET"]}}],"collection":[{"href":"https:\/\/luxonomy.net\/es\/wp-json\/wp\/v2\/posts"}],"about":[{"href":"https:\/\/luxonomy.net\/es\/wp-json\/wp\/v2\/types\/post"}],"author":[{"embeddable":true,"href":"https:\/\/luxonomy.net\/es\/wp-json\/wp\/v2\/users\/1"}],"replies":[{"embeddable":true,"href":"https:\/\/luxonomy.net\/es\/wp-json\/wp\/v2\/comments?post=12782"}],"version-history":[{"count":1,"href":"https:\/\/luxonomy.net\/es\/wp-json\/wp\/v2\/posts\/12782\/revisions"}],"predecessor-version":[{"id":12784,"href":"https:\/\/luxonomy.net\/es\/wp-json\/wp\/v2\/posts\/12782\/revisions\/12784"}],"wp:featuredmedia":[{"embeddable":true,"href":"https:\/\/luxonomy.net\/es\/wp-json\/wp\/v2\/media\/12783"}],"wp:attachment":[{"href":"https:\/\/luxonomy.net\/es\/wp-json\/wp\/v2\/media?parent=12782"}],"wp:term":[{"taxonomy":"category","embeddable":true,"href":"https:\/\/luxonomy.net\/es\/wp-json\/wp\/v2\/categories?post=12782"},{"taxonomy":"post_tag","embeddable":true,"href":"https:\/\/luxonomy.net\/es\/wp-json\/wp\/v2\/tags?post=12782"},{"taxonomy":"thb-sponsors","embeddable":true,"href":"https:\/\/luxonomy.net\/es\/wp-json\/wp\/v2\/thb-sponsors?post=12782"}],"curies":[{"name":"wp","href":"https:\/\/api.w.org\/{rel}","templated":true}]}}