{"id":12728,"date":"2021-01-08T22:26:25","date_gmt":"2021-01-08T21:26:25","guid":{"rendered":"https:\/?p=12728"},"modified":"2021-01-08T22:34:28","modified_gmt":"2021-01-08T21:34:28","slug":"una-conocida-marca-de-coches-podria-fabricar-el-apple-car","status":"publish","type":"post","link":"https:\/\/luxonomy.net\/es\/una-conocida-marca-de-coches-podria-fabricar-el-apple-car\/","title":{"rendered":"Una conocida marca de coches podr\u00eda fabricar el Apple Car"},"content":{"rendered":"<p>Tras publicar el 5 de enero la <a href=\"https:\/icar-el-coche-electrico-de-apple\/\">noticia en relaci\u00f3n al coche de Apple<\/a>, hoy hemos sabido que <strong>Hyundai podr\u00eda fabricar el ansiado iCar<\/strong>.<\/p>\n<p>En las \u00faltimas horas ha saltado un <strong>bombazo<\/strong> y es que la conocida marca automovil\u00edstica Hyundai Motor podr\u00eda encargarse finalmente de la fabricaci\u00f3n del futuro coche el\u00e9ctrico de la marca californiana. O al menos de una parte de ella. Por el momento son pocos los datos que se saben al respecto de esto, pero lo que se ha podido saber lo recapitulan en CBNC.<\/p>\n<p>Al parecer <strong>la fabricante coreana est\u00e1 en conversaciones con Apple para cerrar un acuerdo<\/strong> que haga realidad esta informaci\u00f3n.<\/p><div id=\"luxon-726551088\" class=\"luxon-3er-parrafo luxon-entity-placement\" style=\"margin-top: 20px;margin-bottom: 20px;margin-left: auto;margin-right: auto;text-align: center;\"><a href=\"https:\/\/luxonomy.university\/course\/master-turismo-de-lujo\" target=\"_blank\" aria-label=\"master-turismo-lujo-2026-2027\"><img loading=\"lazy\" decoding=\"async\" src=\"https:\/\/i0.wp.com\/luxonomy.net\/wp-content\/uploads\/2020\/07\/master-turismo-lujo-2026-2027.jpg?fit=1672%2C941&#038;ssl=1\" alt=\"\"  srcset=\"https:\/\/i0.wp.com\/luxonomy.net\/wp-content\/uploads\/2020\/07\/master-turismo-lujo-2026-2027.jpg?w=1672&ssl=1 1672w, https:\/\/i0.wp.com\/luxonomy.net\/wp-content\/uploads\/2020\/07\/master-turismo-lujo-2026-2027.jpg?resize=300%2C169&ssl=1 300w, https:\/\/i0.wp.com\/luxonomy.net\/wp-content\/uploads\/2020\/07\/master-turismo-lujo-2026-2027.jpg?resize=1024%2C576&ssl=1 1024w, https:\/\/i0.wp.com\/luxonomy.net\/wp-content\/uploads\/2020\/07\/master-turismo-lujo-2026-2027.jpg?resize=768%2C432&ssl=1 768w, https:\/\/i0.wp.com\/luxonomy.net\/wp-content\/uploads\/2020\/07\/master-turismo-lujo-2026-2027.jpg?resize=1536%2C864&ssl=1 1536w, https:\/\/i0.wp.com\/luxonomy.net\/wp-content\/uploads\/2020\/07\/master-turismo-lujo-2026-2027.jpg?resize=370%2C208&ssl=1 370w, https:\/\/i0.wp.com\/luxonomy.net\/wp-content\/uploads\/2020\/07\/master-turismo-lujo-2026-2027.jpg?resize=800%2C450&ssl=1 800w, https:\/\/i0.wp.com\/luxonomy.net\/wp-content\/uploads\/2020\/07\/master-turismo-lujo-2026-2027.jpg?resize=20%2C11&ssl=1 20w, https:\/\/i0.wp.com\/luxonomy.net\/wp-content\/uploads\/2020\/07\/master-turismo-lujo-2026-2027.jpg?resize=740%2C416&ssl=1 740w, https:\/\/i0.wp.com\/luxonomy.net\/wp-content\/uploads\/2020\/07\/master-turismo-lujo-2026-2027.jpg?resize=1600%2C900&ssl=1 1600w, https:\/\/i0.wp.com\/luxonomy.net\/wp-content\/uploads\/2020\/07\/master-turismo-lujo-2026-2027.jpg?resize=1200%2C675&ssl=1 1200w, https:\/\/i0.wp.com\/luxonomy.net\/wp-content\/uploads\/2020\/07\/master-turismo-lujo-2026-2027.jpg?resize=85%2C48&ssl=1 85w\" sizes=\"(max-width: 1170px) 100vw, 1170px\" class=\"no-lazyload\" width=\"1672\" height=\"941\"   \/><\/a><\/div>\n<p>La firma dirigida por <strong>Tim Cook<\/strong> no quiso comentar los primeros informes que se conocieron al respecto de este preacuerdo, aunque fuentes de Hyundai si que pudieron confirmar que <strong>efectivamente estaban existiendo conversaciones<\/strong>.<\/p>\n<p>Era evidente que una empresa como <strong>Apple, novata<\/strong> completamente en este sector, se nutrir\u00eda de <strong>acuerdos con fabricantes contrastados <\/strong>o con al menos algo de experiencia, pero lo cierto es que ha sorprendido que se trate finalmente de Hyundai.<\/p>\n<p>Hace pocas semanas que Tim Cook <strong>reconoci\u00f3 haber tenido la oportunidad de comprar Tesla<\/strong> cuando esta empresa no era tan grande ni cotizaba en valores burs\u00e1tiles tan altos.<\/p>\n<p>Seguro que a d\u00eda de hoy se estar\u00e1 tirando de los pelos por no haber accedido a ello, ya que <strong>habr\u00eda sido tremendamente beneficioso para el desarrollo de su coche<\/strong>.<\/p><div id=\"luxon-2903020625\" class=\"luxon-7-parrafo luxon-entity-placement\" style=\"margin-top: 20px;margin-bottom: 20px;margin-left: auto;margin-right: auto;text-align: center;\"><a href=\"https:\/\/theintelligence.institute\/course\/inteligencia-artificial-para-directivos\" target=\"_blank\" aria-label=\"CSIAD_empresas_THEI_horizontal_4x3_v5\"><img loading=\"lazy\" decoding=\"async\" src=\"https:\/\/i0.wp.com\/luxonomy.net\/wp-content\/uploads\/2025\/08\/CSIAD_empresas_THEI_horizontal_4x3_v5.png?fit=2000%2C1500&#038;ssl=1\" alt=\"\"  srcset=\"https:\/\/i0.wp.com\/luxonomy.net\/wp-content\/uploads\/2025\/08\/CSIAD_empresas_THEI_horizontal_4x3_v5.png?w=2000&ssl=1 2000w, https:\/\/i0.wp.com\/luxonomy.net\/wp-content\/uploads\/2025\/08\/CSIAD_empresas_THEI_horizontal_4x3_v5.png?resize=300%2C225&ssl=1 300w, https:\/\/i0.wp.com\/luxonomy.net\/wp-content\/uploads\/2025\/08\/CSIAD_empresas_THEI_horizontal_4x3_v5.png?resize=1024%2C768&ssl=1 1024w, https:\/\/i0.wp.com\/luxonomy.net\/wp-content\/uploads\/2025\/08\/CSIAD_empresas_THEI_horizontal_4x3_v5.png?resize=768%2C576&ssl=1 768w, https:\/\/i0.wp.com\/luxonomy.net\/wp-content\/uploads\/2025\/08\/CSIAD_empresas_THEI_horizontal_4x3_v5.png?resize=1536%2C1152&ssl=1 1536w, https:\/\/i0.wp.com\/luxonomy.net\/wp-content\/uploads\/2025\/08\/CSIAD_empresas_THEI_horizontal_4x3_v5.png?resize=370%2C278&ssl=1 370w, https:\/\/i0.wp.com\/luxonomy.net\/wp-content\/uploads\/2025\/08\/CSIAD_empresas_THEI_horizontal_4x3_v5.png?resize=800%2C600&ssl=1 800w, https:\/\/i0.wp.com\/luxonomy.net\/wp-content\/uploads\/2025\/08\/CSIAD_empresas_THEI_horizontal_4x3_v5.png?resize=20%2C15&ssl=1 20w, https:\/\/i0.wp.com\/luxonomy.net\/wp-content\/uploads\/2025\/08\/CSIAD_empresas_THEI_horizontal_4x3_v5.png?resize=740%2C555&ssl=1 740w, https:\/\/i0.wp.com\/luxonomy.net\/wp-content\/uploads\/2025\/08\/CSIAD_empresas_THEI_horizontal_4x3_v5.png?resize=1600%2C1200&ssl=1 1600w, https:\/\/i0.wp.com\/luxonomy.net\/wp-content\/uploads\/2025\/08\/CSIAD_empresas_THEI_horizontal_4x3_v5.png?resize=1200%2C900&ssl=1 1200w, https:\/\/i0.wp.com\/luxonomy.net\/wp-content\/uploads\/2025\/08\/CSIAD_empresas_THEI_horizontal_4x3_v5.png?resize=64%2C48&ssl=1 64w\" sizes=\"(max-width: 1170px) 100vw, 1170px\" class=\"no-lazyload\" width=\"2000\" height=\"1500\"   \/><\/a><\/div>\n<p>Si bien cada a\u00f1o hemos tenido alguna que otra noticia con respecto a ello, <strong>nunca ha habido informaci\u00f3n tan seguida como la que estamos teniendo en este \u00faltimo mes<\/strong>.<\/p>\n<p>De hecho hay quien atrevi\u00f3 a vaticinar el lanzamiento para este <strong>2021<\/strong>, lo cual finalmente qued\u00f3 descartado por analistas como Ming-Chi Kuo que predijo que tendremos que esperar, como poco, hasta <strong>2023-2025<\/strong>.<\/p>\n<p><strong>Seguiremos atentos<\/strong> a nuevas informaciones que arrojen algo m\u00e1s de luz acerca de este proyecto y si finalmente Apple y Hyundai llevan a buen puerto las negociaciones.<\/p>\n","protected":false},"excerpt":{"rendered":"<p>Tras publicar el 5 de enero la noticia en relaci\u00f3n al coche de Apple, hoy hemos sabido que Hyundai podr\u00eda fabricar el ansiado iCar. En las \u00faltimas horas ha saltado un bombazo y es que la conocida marca automovil\u00edstica Hyundai Motor podr\u00eda encargarse finalmente de la fabricaci\u00f3n del futuro coche el\u00e9ctrico de la marca californiana.&hellip;<\/p>\n","protected":false},"author":14,"featured_media":12732,"comment_status":"open","ping_status":"open","sticky":false,"template":"","format":"standard","meta":{"_jetpack_newsletter_access":"","_jetpack_dont_email_post_to_subs":false,"_jetpack_newsletter_tier_id":0,"_jetpack_memberships_contains_paywalled_content":false,"_jetpack_feature_clip_id":0,"_jetpack_memberships_contains_paid_content":false,"footnotes":"","jetpack_publicize_message":"ULTIMA HORA: Una conocida marca de coches podr\u00eda fabricar el Apple Car.\n-En las \u00faltimas horas ha saltado un bombazo.\n-Y es que la conocida marca automovil\u00edstica Hyundai Motor podr\u00eda encargarse finalmente de la fabricaci\u00f3n del futuro coche el\u00e9ctrico de la marca californiana.\n#luxonomy #Apple #Hyundai #motor #ultimahora","jetpack_publicize_feature_enabled":true,"jetpack_social_post_already_shared":true,"jetpack_social_options":{"image_generator_settings":{"template":"edge","default_image_id":0,"font":"","enabled":false},"version":2},"jetpack_post_was_ever_published":false},"categories":[296,505],"tags":[842,421,841,222],"thb-sponsors":[],"class_list":["post-12728","post","type-post","status-publish","format-standard","has-post-thumbnail","hentry","category-motor","category-sin-categorizar","tag-apple","tag-hyundai","tag-icar","tag-motor"],"yoast_head":"<!-- This site is optimized with the Yoast SEO plugin v28.4 - https:\/\/yoast.com\/product\/yoast-seo-wordpress\/ -->\n<title>Una conocida marca de coches podr\u00eda fabricar el Apple Car | LUXONOMY<\/title>\n<meta name=\"robots\" content=\"index, follow, max-snippet:-1, max-image-preview:large, max-video-preview:-1\" \/>\n<link rel=\"canonical\" href=\"https:\/\/luxonomy.net\/es\/una-conocida-marca-de-coches-podria-fabricar-el-apple-car\/\" \/>\n<meta property=\"og:locale\" content=\"es_ES\" \/>\n<meta property=\"og:type\" content=\"article\" \/>\n<meta property=\"og:title\" content=\"Una conocida marca de coches podr\u00eda fabricar el Apple Car | LUXONOMY\" \/>\n<meta property=\"og:description\" content=\"Tras publicar el 5 de enero la noticia en relaci\u00f3n al coche de Apple, hoy hemos sabido que Hyundai podr\u00eda fabricar el ansiado iCar. En las \u00faltimas horas ha saltado un bombazo y es que la conocida marca automovil\u00edstica Hyundai Motor podr\u00eda encargarse finalmente de la fabricaci\u00f3n del futuro coche el\u00e9ctrico de la marca californiana.&hellip;\" \/>\n<meta property=\"og:url\" content=\"https:\/\/luxonomy.net\/es\/una-conocida-marca-de-coches-podria-fabricar-el-apple-car\/\" \/>\n<meta property=\"og:site_name\" content=\"LUXONOMY\" \/>\n<meta property=\"article:publisher\" content=\"https:\/\/www.facebook.com\/luxonomy\" \/>\n<meta property=\"article:published_time\" content=\"2021-01-08T21:26:25+00:00\" \/>\n<meta property=\"article:modified_time\" content=\"2021-01-08T21:34:28+00:00\" \/>\n<meta property=\"og:image\" content=\"https:\/\/i0.wp.com\/luxonomy.net\/wp-content\/uploads\/2021\/01\/img_4005-1.jpg?fit=2500%2C1406&quality=89&ssl=1\" \/>\n\t<meta property=\"og:image:width\" content=\"2500\" \/>\n\t<meta property=\"og:image:height\" content=\"1406\" \/>\n\t<meta property=\"og:image:type\" content=\"image\/jpeg\" \/>\n<meta name=\"author\" content=\"Pablo Rodriguez de Aguilar\" \/>\n<meta name=\"twitter:card\" content=\"summary_large_image\" \/>\n<meta name=\"twitter:label1\" content=\"Escrito por\" \/>\n\t<meta name=\"twitter:data1\" content=\"Pablo Rodriguez de Aguilar\" \/>\n\t<meta name=\"twitter:label2\" content=\"Tiempo de lectura\" \/>\n\t<meta name=\"twitter:data2\" content=\"2 minutos\" \/>\n<script type=\"application\/ld+json\" class=\"yoast-schema-graph\">{\"@context\":\"https:\\\/\\\/schema.org\",\"@graph\":[{\"@type\":\"Article\",\"@id\":\"https:\\\/\\\/luxonomy.net\\\/es\\\/una-conocida-marca-de-coches-podria-fabricar-el-apple-car\\\/#article\",\"isPartOf\":{\"@id\":\"https:\\\/\\\/luxonomy.net\\\/es\\\/una-conocida-marca-de-coches-podria-fabricar-el-apple-car\\\/\"},\"author\":{\"name\":\"Pablo Rodriguez de Aguilar\",\"@id\":\"https:\\\/\\\/luxonomy.net\\\/es\\\/#\\\/schema\\\/person\\\/fc021969ca4a106d7ea9a64800b05fa7\"},\"headline\":\"Una conocida marca de coches podr\u00eda fabricar el Apple Car\",\"datePublished\":\"2021-01-08T21:26:25+00:00\",\"dateModified\":\"2021-01-08T21:34:28+00:00\",\"mainEntityOfPage\":{\"@id\":\"https:\\\/\\\/luxonomy.net\\\/es\\\/una-conocida-marca-de-coches-podria-fabricar-el-apple-car\\\/\"},\"wordCount\":348,\"commentCount\":0,\"publisher\":{\"@id\":\"https:\\\/\\\/luxonomy.net\\\/es\\\/#organization\"},\"image\":{\"@id\":\"https:\\\/\\\/luxonomy.net\\\/es\\\/una-conocida-marca-de-coches-podria-fabricar-el-apple-car\\\/#primaryimage\"},\"thumbnailUrl\":\"https:\\\/\\\/i0.wp.com\\\/luxonomy.net\\\/wp-content\\\/uploads\\\/2021\\\/01\\\/img_4005-1.jpg?fit=2500%2C1406&ssl=1\",\"keywords\":[\"Apple\",\"Hyundai\",\"iCar\",\"motor\"],\"articleSection\":[\"Motor\",\"Sin categorizar\"],\"inLanguage\":\"es\",\"potentialAction\":[{\"@type\":\"CommentAction\",\"name\":\"Comment\",\"target\":[\"https:\\\/\\\/luxonomy.net\\\/es\\\/una-conocida-marca-de-coches-podria-fabricar-el-apple-car\\\/#respond\"]}]},{\"@type\":\"WebPage\",\"@id\":\"https:\\\/\\\/luxonomy.net\\\/es\\\/una-conocida-marca-de-coches-podria-fabricar-el-apple-car\\\/\",\"url\":\"https:\\\/\\\/luxonomy.net\\\/es\\\/una-conocida-marca-de-coches-podria-fabricar-el-apple-car\\\/\",\"name\":\"Una conocida marca de coches podr\u00eda fabricar el Apple Car | LUXONOMY\",\"isPartOf\":{\"@id\":\"https:\\\/\\\/luxonomy.net\\\/es\\\/#website\"},\"primaryImageOfPage\":{\"@id\":\"https:\\\/\\\/luxonomy.net\\\/es\\\/una-conocida-marca-de-coches-podria-fabricar-el-apple-car\\\/#primaryimage\"},\"image\":{\"@id\":\"https:\\\/\\\/luxonomy.net\\\/es\\\/una-conocida-marca-de-coches-podria-fabricar-el-apple-car\\\/#primaryimage\"},\"thumbnailUrl\":\"https:\\\/\\\/i0.wp.com\\\/luxonomy.net\\\/wp-content\\\/uploads\\\/2021\\\/01\\\/img_4005-1.jpg?fit=2500%2C1406&ssl=1\",\"datePublished\":\"2021-01-08T21:26:25+00:00\",\"dateModified\":\"2021-01-08T21:34:28+00:00\",\"breadcrumb\":{\"@id\":\"https:\\\/\\\/luxonomy.net\\\/es\\\/una-conocida-marca-de-coches-podria-fabricar-el-apple-car\\\/#breadcrumb\"},\"inLanguage\":\"es\",\"potentialAction\":[{\"@type\":\"ReadAction\",\"target\":[\"https:\\\/\\\/luxonomy.net\\\/es\\\/una-conocida-marca-de-coches-podria-fabricar-el-apple-car\\\/\"]}]},{\"@type\":\"ImageObject\",\"inLanguage\":\"es\",\"@id\":\"https:\\\/\\\/luxonomy.net\\\/es\\\/una-conocida-marca-de-coches-podria-fabricar-el-apple-car\\\/#primaryimage\",\"url\":\"https:\\\/\\\/i0.wp.com\\\/luxonomy.net\\\/wp-content\\\/uploads\\\/2021\\\/01\\\/img_4005-1.jpg?fit=2500%2C1406&ssl=1\",\"contentUrl\":\"https:\\\/\\\/i0.wp.com\\\/luxonomy.net\\\/wp-content\\\/uploads\\\/2021\\\/01\\\/img_4005-1.jpg?fit=2500%2C1406&ssl=1\",\"width\":2500,\"height\":1406},{\"@type\":\"BreadcrumbList\",\"@id\":\"https:\\\/\\\/luxonomy.net\\\/es\\\/una-conocida-marca-de-coches-podria-fabricar-el-apple-car\\\/#breadcrumb\",\"itemListElement\":[{\"@type\":\"ListItem\",\"position\":1,\"name\":\"Portada\",\"item\":\"https:\\\/\\\/luxonomy.net\\\/es\\\/\"},{\"@type\":\"ListItem\",\"position\":2,\"name\":\"Una conocida marca de coches podr\u00eda fabricar el Apple Car\"}]},{\"@type\":\"WebSite\",\"@id\":\"https:\\\/\\\/luxonomy.net\\\/es\\\/#website\",\"url\":\"https:\\\/\\\/luxonomy.net\\\/es\\\/\",\"name\":\"LUXONOMY\",\"description\":\"The Economy of Fashion &amp; Luxury\",\"publisher\":{\"@id\":\"https:\\\/\\\/luxonomy.net\\\/es\\\/#organization\"},\"potentialAction\":[{\"@type\":\"SearchAction\",\"target\":{\"@type\":\"EntryPoint\",\"urlTemplate\":\"https:\\\/\\\/luxonomy.net\\\/es\\\/?s={search_term_string}\"},\"query-input\":{\"@type\":\"PropertyValueSpecification\",\"valueRequired\":true,\"valueName\":\"search_term_string\"}}],\"inLanguage\":\"es\"},{\"@type\":\"Organization\",\"@id\":\"https:\\\/\\\/luxonomy.net\\\/es\\\/#organization\",\"name\":\"LUXONOMY\",\"url\":\"https:\\\/\\\/luxonomy.net\\\/es\\\/\",\"logo\":{\"@type\":\"ImageObject\",\"inLanguage\":\"es\",\"@id\":\"https:\\\/\\\/luxonomy.net\\\/es\\\/#\\\/schema\\\/logo\\\/image\\\/\",\"url\":\"https:\\\/\\\/i2.wp.com\\\/luxonomy.net\\\/wp-content\\\/uploads\\\/2021\\\/09\\\/MOCKUP-TODOS-LUXONOMY.jpg?fit=1000%2C515&ssl=1\",\"contentUrl\":\"https:\\\/\\\/i2.wp.com\\\/luxonomy.net\\\/wp-content\\\/uploads\\\/2021\\\/09\\\/MOCKUP-TODOS-LUXONOMY.jpg?fit=1000%2C515&ssl=1\",\"width\":1000,\"height\":515,\"caption\":\"LUXONOMY\"},\"image\":{\"@id\":\"https:\\\/\\\/luxonomy.net\\\/es\\\/#\\\/schema\\\/logo\\\/image\\\/\"},\"sameAs\":[\"https:\\\/\\\/www.facebook.com\\\/luxonomy\",\"https:\\\/\\\/www.instagram.com\\\/luxonomy\\\/\",\"https:\\\/\\\/www.linkedin.com\\\/company\\\/luxonomy\\\/\"]},{\"@type\":\"Person\",\"@id\":\"https:\\\/\\\/luxonomy.net\\\/es\\\/#\\\/schema\\\/person\\\/fc021969ca4a106d7ea9a64800b05fa7\",\"name\":\"Pablo Rodriguez de Aguilar\",\"image\":{\"@type\":\"ImageObject\",\"inLanguage\":\"es\",\"@id\":\"https:\\\/\\\/luxonomy.net\\\/wp-content\\\/litespeed\\\/avatar\\\/d4cf5f3956bcabe0ce8ae95e4c6604f9.jpg?ver=1788140676\",\"url\":\"https:\\\/\\\/luxonomy.net\\\/wp-content\\\/litespeed\\\/avatar\\\/d4cf5f3956bcabe0ce8ae95e4c6604f9.jpg?ver=1788140676\",\"contentUrl\":\"https:\\\/\\\/luxonomy.net\\\/wp-content\\\/litespeed\\\/avatar\\\/d4cf5f3956bcabe0ce8ae95e4c6604f9.jpg?ver=1788140676\",\"caption\":\"Pablo Rodriguez de Aguilar\"},\"description\":\"Regional Sales Manager at LUXONOMY\u2122 Group America\",\"sameAs\":[\"mailto:info@salondellujo.com\"],\"url\":\"https:\\\/\\\/luxonomy.net\\\/es\\\/author\\\/pablo-rodriguez-de-aguilar\\\/\"}]}<\/script>\n<!-- \/ Yoast SEO plugin. -->","yoast_head_json":{"title":"Una conocida marca de coches podr\u00eda fabricar el Apple Car | LUXONOMY","robots":{"index":"index","follow":"follow","max-snippet":"max-snippet:-1","max-image-preview":"max-image-preview:large","max-video-preview":"max-video-preview:-1"},"canonical":"https:\/\/luxonomy.net\/es\/una-conocida-marca-de-coches-podria-fabricar-el-apple-car\/","og_locale":"es_ES","og_type":"article","og_title":"Una conocida marca de coches podr\u00eda fabricar el Apple Car | LUXONOMY","og_description":"Tras publicar el 5 de enero la noticia en relaci\u00f3n al coche de Apple, hoy hemos sabido que Hyundai podr\u00eda fabricar el ansiado iCar. En las \u00faltimas horas ha saltado un bombazo y es que la conocida marca automovil\u00edstica Hyundai Motor podr\u00eda encargarse finalmente de la fabricaci\u00f3n del futuro coche el\u00e9ctrico de la marca californiana.&hellip;","og_url":"https:\/\/luxonomy.net\/es\/una-conocida-marca-de-coches-podria-fabricar-el-apple-car\/","og_site_name":"LUXONOMY","article_publisher":"https:\/\/www.facebook.com\/luxonomy","article_published_time":"2021-01-08T21:26:25+00:00","article_modified_time":"2021-01-08T21:34:28+00:00","og_image":[{"width":2500,"height":1406,"url":"https:\/\/i0.wp.com\/luxonomy.net\/wp-content\/uploads\/2021\/01\/img_4005-1.jpg?fit=2500%2C1406&quality=89&ssl=1","type":"image\/jpeg"}],"author":"Pablo Rodriguez de Aguilar","twitter_card":"summary_large_image","twitter_misc":{"Escrito por":"Pablo Rodriguez de Aguilar","Tiempo de lectura":"2 minutos"},"schema":{"@context":"https:\/\/schema.org","@graph":[{"@type":"Article","@id":"https:\/\/luxonomy.net\/es\/una-conocida-marca-de-coches-podria-fabricar-el-apple-car\/#article","isPartOf":{"@id":"https:\/\/luxonomy.net\/es\/una-conocida-marca-de-coches-podria-fabricar-el-apple-car\/"},"author":{"name":"Pablo Rodriguez de Aguilar","@id":"https:\/\/luxonomy.net\/es\/#\/schema\/person\/fc021969ca4a106d7ea9a64800b05fa7"},"headline":"Una conocida marca de coches podr\u00eda fabricar el Apple Car","datePublished":"2021-01-08T21:26:25+00:00","dateModified":"2021-01-08T21:34:28+00:00","mainEntityOfPage":{"@id":"https:\/\/luxonomy.net\/es\/una-conocida-marca-de-coches-podria-fabricar-el-apple-car\/"},"wordCount":348,"commentCount":0,"publisher":{"@id":"https:\/\/luxonomy.net\/es\/#organization"},"image":{"@id":"https:\/\/luxonomy.net\/es\/una-conocida-marca-de-coches-podria-fabricar-el-apple-car\/#primaryimage"},"thumbnailUrl":"https:\/\/i0.wp.com\/luxonomy.net\/wp-content\/uploads\/2021\/01\/img_4005-1.jpg?fit=2500%2C1406&ssl=1","keywords":["Apple","Hyundai","iCar","motor"],"articleSection":["Motor","Sin categorizar"],"inLanguage":"es","potentialAction":[{"@type":"CommentAction","name":"Comment","target":["https:\/\/luxonomy.net\/es\/una-conocida-marca-de-coches-podria-fabricar-el-apple-car\/#respond"]}]},{"@type":"WebPage","@id":"https:\/\/luxonomy.net\/es\/una-conocida-marca-de-coches-podria-fabricar-el-apple-car\/","url":"https:\/\/luxonomy.net\/es\/una-conocida-marca-de-coches-podria-fabricar-el-apple-car\/","name":"Una conocida marca de coches podr\u00eda fabricar el Apple Car | LUXONOMY","isPartOf":{"@id":"https:\/\/luxonomy.net\/es\/#website"},"primaryImageOfPage":{"@id":"https:\/\/luxonomy.net\/es\/una-conocida-marca-de-coches-podria-fabricar-el-apple-car\/#primaryimage"},"image":{"@id":"https:\/\/luxonomy.net\/es\/una-conocida-marca-de-coches-podria-fabricar-el-apple-car\/#primaryimage"},"thumbnailUrl":"https:\/\/i0.wp.com\/luxonomy.net\/wp-content\/uploads\/2021\/01\/img_4005-1.jpg?fit=2500%2C1406&ssl=1","datePublished":"2021-01-08T21:26:25+00:00","dateModified":"2021-01-08T21:34:28+00:00","breadcrumb":{"@id":"https:\/\/luxonomy.net\/es\/una-conocida-marca-de-coches-podria-fabricar-el-apple-car\/#breadcrumb"},"inLanguage":"es","potentialAction":[{"@type":"ReadAction","target":["https:\/\/luxonomy.net\/es\/una-conocida-marca-de-coches-podria-fabricar-el-apple-car\/"]}]},{"@type":"ImageObject","inLanguage":"es","@id":"https:\/\/luxonomy.net\/es\/una-conocida-marca-de-coches-podria-fabricar-el-apple-car\/#primaryimage","url":"https:\/\/i0.wp.com\/luxonomy.net\/wp-content\/uploads\/2021\/01\/img_4005-1.jpg?fit=2500%2C1406&ssl=1","contentUrl":"https:\/\/i0.wp.com\/luxonomy.net\/wp-content\/uploads\/2021\/01\/img_4005-1.jpg?fit=2500%2C1406&ssl=1","width":2500,"height":1406},{"@type":"BreadcrumbList","@id":"https:\/\/luxonomy.net\/es\/una-conocida-marca-de-coches-podria-fabricar-el-apple-car\/#breadcrumb","itemListElement":[{"@type":"ListItem","position":1,"name":"Portada","item":"https:\/\/luxonomy.net\/es\/"},{"@type":"ListItem","position":2,"name":"Una conocida marca de coches podr\u00eda fabricar el Apple Car"}]},{"@type":"WebSite","@id":"https:\/\/luxonomy.net\/es\/#website","url":"https:\/\/luxonomy.net\/es\/","name":"LUXONOMY","description":"The Economy of Fashion &amp; Luxury","publisher":{"@id":"https:\/\/luxonomy.net\/es\/#organization"},"potentialAction":[{"@type":"SearchAction","target":{"@type":"EntryPoint","urlTemplate":"https:\/\/luxonomy.net\/es\/?s={search_term_string}"},"query-input":{"@type":"PropertyValueSpecification","valueRequired":true,"valueName":"search_term_string"}}],"inLanguage":"es"},{"@type":"Organization","@id":"https:\/\/luxonomy.net\/es\/#organization","name":"LUXONOMY","url":"https:\/\/luxonomy.net\/es\/","logo":{"@type":"ImageObject","inLanguage":"es","@id":"https:\/\/luxonomy.net\/es\/#\/schema\/logo\/image\/","url":"https:\/\/i2.wp.com\/luxonomy.net\/wp-content\/uploads\/2021\/09\/MOCKUP-TODOS-LUXONOMY.jpg?fit=1000%2C515&ssl=1","contentUrl":"https:\/\/i2.wp.com\/luxonomy.net\/wp-content\/uploads\/2021\/09\/MOCKUP-TODOS-LUXONOMY.jpg?fit=1000%2C515&ssl=1","width":1000,"height":515,"caption":"LUXONOMY"},"image":{"@id":"https:\/\/luxonomy.net\/es\/#\/schema\/logo\/image\/"},"sameAs":["https:\/\/www.facebook.com\/luxonomy","https:\/\/www.instagram.com\/luxonomy\/","https:\/\/www.linkedin.com\/company\/luxonomy\/"]},{"@type":"Person","@id":"https:\/\/luxonomy.net\/es\/#\/schema\/person\/fc021969ca4a106d7ea9a64800b05fa7","name":"Pablo Rodriguez de Aguilar","image":{"@type":"ImageObject","inLanguage":"es","@id":"https:\/\/luxonomy.net\/wp-content\/litespeed\/avatar\/d4cf5f3956bcabe0ce8ae95e4c6604f9.jpg?ver=1788140676","url":"https:\/\/luxonomy.net\/wp-content\/litespeed\/avatar\/d4cf5f3956bcabe0ce8ae95e4c6604f9.jpg?ver=1788140676","contentUrl":"https:\/\/luxonomy.net\/wp-content\/litespeed\/avatar\/d4cf5f3956bcabe0ce8ae95e4c6604f9.jpg?ver=1788140676","caption":"Pablo Rodriguez de Aguilar"},"description":"Regional Sales Manager at LUXONOMY\u2122 Group America","sameAs":["mailto:info@salondellujo.com"],"url":"https:\/\/luxonomy.net\/es\/author\/pablo-rodriguez-de-aguilar\/"}]}},"jetpack_publicize_connections":[],"jetpack_shortlink":"https:\/\/wp.me\/paPhBa-3ji","jetpack_sharing_enabled":true,"jetpack_featured_media_url":"https:\/\/i0.wp.com\/luxonomy.net\/wp-content\/uploads\/2021\/01\/img_4005-1.jpg?fit=2500%2C1406&ssl=1","_links":{"self":[{"href":"https:\/\/luxonomy.net\/es\/wp-json\/wp\/v2\/posts\/12728","targetHints":{"allow":["GET"]}}],"collection":[{"href":"https:\/\/luxonomy.net\/es\/wp-json\/wp\/v2\/posts"}],"about":[{"href":"https:\/\/luxonomy.net\/es\/wp-json\/wp\/v2\/types\/post"}],"author":[{"embeddable":true,"href":"https:\/\/luxonomy.net\/es\/wp-json\/wp\/v2\/users\/14"}],"replies":[{"embeddable":true,"href":"https:\/\/luxonomy.net\/es\/wp-json\/wp\/v2\/comments?post=12728"}],"version-history":[{"count":3,"href":"https:\/\/luxonomy.net\/es\/wp-json\/wp\/v2\/posts\/12728\/revisions"}],"predecessor-version":[{"id":12733,"href":"https:\/\/luxonomy.net\/es\/wp-json\/wp\/v2\/posts\/12728\/revisions\/12733"}],"wp:featuredmedia":[{"embeddable":true,"href":"https:\/\/luxonomy.net\/es\/wp-json\/wp\/v2\/media\/12732"}],"wp:attachment":[{"href":"https:\/\/luxonomy.net\/es\/wp-json\/wp\/v2\/media?parent=12728"}],"wp:term":[{"taxonomy":"category","embeddable":true,"href":"https:\/\/luxonomy.net\/es\/wp-json\/wp\/v2\/categories?post=12728"},{"taxonomy":"post_tag","embeddable":true,"href":"https:\/\/luxonomy.net\/es\/wp-json\/wp\/v2\/tags?post=12728"},{"taxonomy":"thb-sponsors","embeddable":true,"href":"https:\/\/luxonomy.net\/es\/wp-json\/wp\/v2\/thb-sponsors?post=12728"}],"curies":[{"name":"wp","href":"https:\/\/api.w.org\/{rel}","templated":true}]}}